{"id":775,"date":"2017-10-13T06:42:52","date_gmt":"2017-10-13T06:42:52","guid":{"rendered":"https:\/\/szukampracy.pl\/blog\/?p=775"},"modified":"2017-10-13T06:42:52","modified_gmt":"2017-10-13T06:42:52","slug":"milion-osob-bez-pracy-polsce","status":"publish","type":"post","link":"https:\/\/szukampracy.pl\/blog\/milion-osob-bez-pracy-polsce\/","title":{"rendered":"Tylko milion os\u00f3b bez pracy w Polsce!"},"content":{"rendered":"<p style=\"text-align: justify;\"><strong>Min\u0105\u0142 kolejny miesi\u0105c, a my odnotowali\u015bmy nie tylko kolejny spadek stopy bezrobocia, ale po raz pierwszy uzyskali\u015bmy stan poni\u017cej siedmiu procent. Obecnie jest to 6,9%. To bezwzgl\u0119dnie najni\u017cszy wynik od 1991 roku.<\/strong><\/p>\n<p style=\"text-align: justify;\">Skal\u0119 post\u0119pu najlepiej uzmys\u0142owi\u0107 sobie por\u00f3wnuj\u0105c wyniki poszczeg\u00f3lnych miesi\u0119cy do tych z analogicznego okresu rok temu. Tym samym, we wrze\u015bniu 2016 roku stopa bezrobocia by\u0142a na poziomie 8,3%.<\/p>\n<p style=\"text-align: justify;\">Wed\u0142ug informacji Ministerstwa Rodziny, Pracy i Polityki Spo\u0142ecznej ju\u017c tylko 1,12 miliona Polak\u00f3w pozostaje bez pracy. W por\u00f3wnaniu do miesi\u0105ca ubieg\u0142ego to mniej o 18,8 tysi\u0105ca os\u00f3b. Jednocze\u015bnie liczba bezrobotnych pod koniec wrze\u015bnia w stosunku do tego samego miesi\u0105ca rok temu zmniejszy\u0142a si\u0119 a\u017c o 206,7 tysi\u0105ca os\u00f3b, czyli a\u017c o 15,6%!<\/p>\n<p style=\"text-align: justify;\">A\u017c w 15. wojew\u00f3dztwach zg\u0142oszono spadek bezrobocia we wrze\u015bniu. Najbardziej widoczne by\u0142o to w lubelskim, 2,5%, lubuskim, 2,4%, a tak\u017ce ma\u0142opolskim i \u015bwi\u0119tokrzyskim \u2013 2,3%. Jedyny wzrost mia\u0142 miejsce w wojew\u00f3dztwie pomorskim, jednak\u017ce minimalny \u2013 0,7%.<\/p>\n<p style=\"text-align: justify;\">Liczba wolnych miejsc pracy, kt\u00f3re zosta\u0142y zg\u0142oszone do pracodawc\u00f3w, wynosi 154,1 tysi\u0105ca. Nale\u017cy jednak wzi\u0105\u0107 pod uwag\u0119 fakt, i\u017c wi\u0119kszo\u015b\u0107 os\u00f3b szuka pracobiorc\u00f3w na w\u0142asn\u0105 r\u0119k\u0119, z pomini\u0119ciem urz\u0119d\u00f3w pracy. Rynek pracy zmuszony jest coraz mocniej otworzy\u0107 si\u0119 na osoby ucz\u0105ce si\u0119, kt\u00f3re mog\u0105 pracowa\u0107 tylko w niepe\u0142nym wymiarze godzin.<\/p>\n<p style=\"text-align: justify;\">W kolejnym miesi\u0105cu spodziewany jest kolejny spadek. Przede wszystkim dlatego, i\u017c wtedy zostan\u0105 wyrejestrowane z urz\u0119d\u00f3w pracy osoby, kt\u00f3re skorzystaj\u0105 z ustawy o przywr\u00f3ceniu wcze\u015bniejszego wieku emerytalnego.<\/p>\n","protected":false},"excerpt":{"rendered":"<p>Min\u0105\u0142 kolejny miesi\u0105c, a my odnotowali\u015bmy nie tylko kolejny spadek stopy bezrobocia, ale po raz pierwszy uzyskali\u015bmy stan poni\u017cej siedmiu<\/p>\n","protected":false},"author":2,"featured_media":776,"comment_status":"open","ping_status":"open","sticky":false,"template":"","format":"standard","meta":{"footnotes":""},"categories":[3],"tags":[],"yoast_head":"<!-- This site is optimized with the Yoast SEO plugin v16.7 - https:\/\/yoast.com\/wordpress\/plugins\/seo\/ -->\n<title>Tylko milion os\u00f3b bez pracy w Polsce! - Artyku\u0142y dla Szukaj\u0105cych pracy<\/title>\n<meta name=\"description\" content=\"Liczba bezrobotnych os\u00f3b wci\u0105\u017c spada. Ju\u017c tylko ledwie ponad milion Polak\u00f3w pozostaje ze statusem osoby bezrobotnej. Stopa bezrobocia to 6,9%.\" \/>\n<meta name=\"robots\" content=\"index, follow, max-snippet:-1, max-image-preview:large, max-video-preview:-1\" \/>\n<link rel=\"canonical\" href=\"https:\/\/szukampracy.pl\/blog\/milion-osob-bez-pracy-polsce\/\" \/>\n<meta property=\"og:locale\" content=\"pl_PL\" \/>\n<meta property=\"og:type\" content=\"article\" \/>\n<meta property=\"og:title\" content=\"Tylko milion os\u00f3b bez pracy w Polsce! - Artyku\u0142y dla Szukaj\u0105cych pracy\" \/>\n<meta property=\"og:description\" content=\"Liczba bezrobotnych os\u00f3b wci\u0105\u017c spada. Ju\u017c tylko ledwie ponad milion Polak\u00f3w pozostaje ze statusem osoby bezrobotnej. Stopa bezrobocia to 6,9%.\" \/>\n<meta property=\"og:url\" content=\"https:\/\/szukampracy.pl\/blog\/milion-osob-bez-pracy-polsce\/\" \/>\n<meta property=\"og:site_name\" content=\"Blog Szukampracy.pl - Artyku\u0142y o rynku pracy i HR dla pracodawcy\" \/>\n<meta property=\"article:publisher\" content=\"https:\/\/www.facebook.com\/portalszukampracy\/\" \/>\n<meta property=\"article:published_time\" content=\"2017-10-13T06:42:52+00:00\" \/>\n<meta property=\"og:image\" content=\"https:\/\/szukampracy.pl\/blog\/wp-content\/uploads\/2017\/10\/6-stopa-wrz.jpg\" \/>\n\t<meta property=\"og:image:width\" content=\"1024\" \/>\n\t<meta property=\"og:image:height\" content=\"680\" \/>\n<meta name=\"twitter:card\" content=\"summary\" \/>\n<meta name=\"twitter:creator\" content=\"@SzukamPracyPl\" \/>\n<meta name=\"twitter:site\" content=\"@SzukamPracyPl\" \/>\n<meta name=\"twitter:label1\" content=\"Written by\" \/>\n\t<meta name=\"twitter:data1\" content=\"Pawe\u0142\" \/>\n\t<meta name=\"twitter:label2\" content=\"Est. reading time\" \/>\n\t<meta name=\"twitter:data2\" content=\"1 minuta\" \/>\n<script type=\"application\/ld+json\" class=\"yoast-schema-graph\">{\"@context\":\"https:\/\/schema.org\",\"@graph\":[{\"@type\":\"Organization\",\"@id\":\"https:\/\/szukampracy.pl\/blog\/#organization\",\"name\":\"Szukampracy.pl\",\"url\":\"https:\/\/szukampracy.pl\/blog\/\",\"sameAs\":[\"https:\/\/www.facebook.com\/portalszukampracy\/\",\"https:\/\/www.linkedin.com\/company\/szukampracy-pl\",\"https:\/\/www.youtube.com\/channel\/UCmY56pXKURtawvJjwIvU2YQ\",\"https:\/\/twitter.com\/SzukamPracyPl\"],\"logo\":{\"@type\":\"ImageObject\",\"@id\":\"https:\/\/szukampracy.pl\/blog\/#logo\",\"inLanguage\":\"pl-PL\",\"url\":\"https:\/\/szukampracy.pl\/blog\/wp-content\/uploads\/2017\/08\/logo-1.png\",\"contentUrl\":\"https:\/\/szukampracy.pl\/blog\/wp-content\/uploads\/2017\/08\/logo-1.png\",\"width\":240,\"height\":33,\"caption\":\"Szukampracy.pl\"},\"image\":{\"@id\":\"https:\/\/szukampracy.pl\/blog\/#logo\"}},{\"@type\":\"WebSite\",\"@id\":\"https:\/\/szukampracy.pl\/blog\/#website\",\"url\":\"https:\/\/szukampracy.pl\/blog\/\",\"name\":\"Blog Szukampracy.pl - Artyku\\u0142y o rynku pracy i HR dla pracodawcy\",\"description\":\"Nasz blog powsta\\u0142 z my\\u015bl\\u0105 o Pracodawcach, Pracownikach i Kandydatach b\\u0119d\\u0105cych na etapie zapoznawania si\\u0119 z og\\u0142oszeniami o prac\\u0119. Mo\\u017cna u nas znale\\u017a\\u0107 artyku\\u0142y o rynku pracy, z dziedziny HR, zarz\\u0105dzania, ofert pracy za granic\\u0105 oraz inne ciekawostki. Nie wahaj si\\u0119 nas odwiedzi\\u0107\",\"publisher\":{\"@id\":\"https:\/\/szukampracy.pl\/blog\/#organization\"},\"potentialAction\":[{\"@type\":\"SearchAction\",\"target\":{\"@type\":\"EntryPoint\",\"urlTemplate\":\"https:\/\/szukampracy.pl\/blog\/?s={search_term_string}\"},\"query-input\":\"required name=search_term_string\"}],\"inLanguage\":\"pl-PL\"},{\"@type\":\"ImageObject\",\"@id\":\"https:\/\/szukampracy.pl\/blog\/milion-osob-bez-pracy-polsce\/#primaryimage\",\"inLanguage\":\"pl-PL\",\"url\":\"https:\/\/szukampracy.pl\/blog\/wp-content\/uploads\/2017\/10\/6-stopa-wrz.jpg\",\"contentUrl\":\"https:\/\/szukampracy.pl\/blog\/wp-content\/uploads\/2017\/10\/6-stopa-wrz.jpg\",\"width\":1024,\"height\":680},{\"@type\":\"WebPage\",\"@id\":\"https:\/\/szukampracy.pl\/blog\/milion-osob-bez-pracy-polsce\/#webpage\",\"url\":\"https:\/\/szukampracy.pl\/blog\/milion-osob-bez-pracy-polsce\/\",\"name\":\"Tylko milion os\\u00f3b bez pracy w Polsce! - Artyku\\u0142y dla Szukaj\\u0105cych pracy\",\"isPartOf\":{\"@id\":\"https:\/\/szukampracy.pl\/blog\/#website\"},\"primaryImageOfPage\":{\"@id\":\"https:\/\/szukampracy.pl\/blog\/milion-osob-bez-pracy-polsce\/#primaryimage\"},\"datePublished\":\"2017-10-13T06:42:52+00:00\",\"dateModified\":\"2017-10-13T06:42:52+00:00\",\"description\":\"Liczba bezrobotnych os\\u00f3b wci\\u0105\\u017c spada. Ju\\u017c tylko ledwie ponad milion Polak\\u00f3w pozostaje ze statusem osoby bezrobotnej. Stopa bezrobocia to 6,9%.\",\"breadcrumb\":{\"@id\":\"https:\/\/szukampracy.pl\/blog\/milion-osob-bez-pracy-polsce\/#breadcrumb\"},\"inLanguage\":\"pl-PL\",\"potentialAction\":[{\"@type\":\"ReadAction\",\"target\":[\"https:\/\/szukampracy.pl\/blog\/milion-osob-bez-pracy-polsce\/\"]}]},{\"@type\":\"BreadcrumbList\",\"@id\":\"https:\/\/szukampracy.pl\/blog\/milion-osob-bez-pracy-polsce\/#breadcrumb\",\"itemListElement\":[{\"@type\":\"ListItem\",\"position\":1,\"name\":\"Blog\",\"item\":\"https:\/\/szukampracy.pl\/blog\/\"},{\"@type\":\"ListItem\",\"position\":2,\"name\":\"Najnowsze Artyku\\u0142y\",\"item\":\"https:\/\/szukampracy.pl\/blog\/najnowsze\/\"},{\"@type\":\"ListItem\",\"position\":3,\"name\":\"Tylko milion os\\u00f3b bez pracy w Polsce!\"}]},{\"@type\":\"Article\",\"@id\":\"https:\/\/szukampracy.pl\/blog\/milion-osob-bez-pracy-polsce\/#article\",\"isPartOf\":{\"@id\":\"https:\/\/szukampracy.pl\/blog\/milion-osob-bez-pracy-polsce\/#webpage\"},\"author\":{\"@id\":\"https:\/\/szukampracy.pl\/blog\/#\/schema\/person\/95cacdc4d7c69a6adbd698a1635d58d6\"},\"headline\":\"Tylko milion os\\u00f3b bez pracy w Polsce!\",\"datePublished\":\"2017-10-13T06:42:52+00:00\",\"dateModified\":\"2017-10-13T06:42:52+00:00\",\"mainEntityOfPage\":{\"@id\":\"https:\/\/szukampracy.pl\/blog\/milion-osob-bez-pracy-polsce\/#webpage\"},\"wordCount\":277,\"commentCount\":0,\"publisher\":{\"@id\":\"https:\/\/szukampracy.pl\/blog\/#organization\"},\"image\":{\"@id\":\"https:\/\/szukampracy.pl\/blog\/milion-osob-bez-pracy-polsce\/#primaryimage\"},\"thumbnailUrl\":\"https:\/\/szukampracy.pl\/blog\/wp-content\/uploads\/2017\/10\/6-stopa-wrz.jpg\",\"articleSection\":[\"Najnowsze Artyku\\u0142y\"],\"inLanguage\":\"pl-PL\",\"potentialAction\":[{\"@type\":\"CommentAction\",\"name\":\"Comment\",\"target\":[\"https:\/\/szukampracy.pl\/blog\/milion-osob-bez-pracy-polsce\/#respond\"]}]},{\"@type\":\"Person\",\"@id\":\"https:\/\/szukampracy.pl\/blog\/#\/schema\/person\/95cacdc4d7c69a6adbd698a1635d58d6\",\"name\":\"Pawe\\u0142\",\"image\":{\"@type\":\"ImageObject\",\"@id\":\"https:\/\/szukampracy.pl\/blog\/#personlogo\",\"inLanguage\":\"pl-PL\",\"url\":\"https:\/\/secure.gravatar.com\/avatar\/3c2e19a4d128a9ca1bd655a3bf1f9d52?s=96&d=mm&r=g\",\"contentUrl\":\"https:\/\/secure.gravatar.com\/avatar\/3c2e19a4d128a9ca1bd655a3bf1f9d52?s=96&d=mm&r=g\",\"caption\":\"Pawe\\u0142\"},\"description\":\"Pawe\\u0142, s\\u0142u\\u017cy pomoc\\u0105 w dziale poradnik\\u00f3w dotycz\\u0105cych rozwoju kariery. Jego artyku\\u0142y znajdziecie r\\u00f3wnie\\u017c w innych dzia\\u0142ach. Dzi\\u0119ki niemu poznacie ciekawe przepisy na posi\\u0142ki do pracy a tak\\u017ce dowiecie si\\u0119 jak motywowa\\u0107 si\\u0119 do pracy.\"}]}<\/script>\n<!-- \/ Yoast SEO plugin. -->","yoast_head_json":{"title":"Tylko milion os\u00f3b bez pracy w Polsce! - Artyku\u0142y dla Szukaj\u0105cych pracy","description":"Liczba bezrobotnych os\u00f3b wci\u0105\u017c spada. Ju\u017c tylko ledwie ponad milion Polak\u00f3w pozostaje ze statusem osoby bezrobotnej. Stopa bezrobocia to 6,9%.","robots":{"index":"index","follow":"follow","max-snippet":"max-snippet:-1","max-image-preview":"max-image-preview:large","max-video-preview":"max-video-preview:-1"},"canonical":"https:\/\/szukampracy.pl\/blog\/milion-osob-bez-pracy-polsce\/","og_locale":"pl_PL","og_type":"article","og_title":"Tylko milion os\u00f3b bez pracy w Polsce! - Artyku\u0142y dla Szukaj\u0105cych pracy","og_description":"Liczba bezrobotnych os\u00f3b wci\u0105\u017c spada. Ju\u017c tylko ledwie ponad milion Polak\u00f3w pozostaje ze statusem osoby bezrobotnej. Stopa bezrobocia to 6,9%.","og_url":"https:\/\/szukampracy.pl\/blog\/milion-osob-bez-pracy-polsce\/","og_site_name":"Blog Szukampracy.pl - Artyku\u0142y o rynku pracy i HR dla pracodawcy","article_publisher":"https:\/\/www.facebook.com\/portalszukampracy\/","article_published_time":"2017-10-13T06:42:52+00:00","og_image":[{"width":1024,"height":680,"url":"https:\/\/szukampracy.pl\/blog\/wp-content\/uploads\/2017\/10\/6-stopa-wrz.jpg","path":"\/home\/szukamprac\/domains\/szukampracy.pl\/public_html\/blog\/wp-content\/uploads\/2017\/10\/6-stopa-wrz.jpg","size":"full","id":776,"alt":"","pixels":696320,"type":"image\/jpeg"}],"twitter_card":"summary","twitter_creator":"@SzukamPracyPl","twitter_site":"@SzukamPracyPl","twitter_misc":{"Written by":"Pawe\u0142","Est. reading time":"1 minuta"},"schema":{"@context":"https:\/\/schema.org","@graph":[{"@type":"Organization","@id":"https:\/\/szukampracy.pl\/blog\/#organization","name":"Szukampracy.pl","url":"https:\/\/szukampracy.pl\/blog\/","sameAs":["https:\/\/www.facebook.com\/portalszukampracy\/","https:\/\/www.linkedin.com\/company\/szukampracy-pl","https:\/\/www.youtube.com\/channel\/UCmY56pXKURtawvJjwIvU2YQ","https:\/\/twitter.com\/SzukamPracyPl"],"logo":{"@type":"ImageObject","@id":"https:\/\/szukampracy.pl\/blog\/#logo","inLanguage":"pl-PL","url":"https:\/\/szukampracy.pl\/blog\/wp-content\/uploads\/2017\/08\/logo-1.png","contentUrl":"https:\/\/szukampracy.pl\/blog\/wp-content\/uploads\/2017\/08\/logo-1.png","width":240,"height":33,"caption":"Szukampracy.pl"},"image":{"@id":"https:\/\/szukampracy.pl\/blog\/#logo"}},{"@type":"WebSite","@id":"https:\/\/szukampracy.pl\/blog\/#website","url":"https:\/\/szukampracy.pl\/blog\/","name":"Blog Szukampracy.pl - Artyku\u0142y o rynku pracy i HR dla pracodawcy","description":"Nasz blog powsta\u0142 z my\u015bl\u0105 o Pracodawcach, Pracownikach i Kandydatach b\u0119d\u0105cych na etapie zapoznawania si\u0119 z og\u0142oszeniami o prac\u0119. Mo\u017cna u nas znale\u017a\u0107 artyku\u0142y o rynku pracy, z dziedziny HR, zarz\u0105dzania, ofert pracy za granic\u0105 oraz inne ciekawostki. Nie wahaj si\u0119 nas odwiedzi\u0107","publisher":{"@id":"https:\/\/szukampracy.pl\/blog\/#organization"},"potentialAction":[{"@type":"SearchAction","target":{"@type":"EntryPoint","urlTemplate":"https:\/\/szukampracy.pl\/blog\/?s={search_term_string}"},"query-input":"required name=search_term_string"}],"inLanguage":"pl-PL"},{"@type":"ImageObject","@id":"https:\/\/szukampracy.pl\/blog\/milion-osob-bez-pracy-polsce\/#primaryimage","inLanguage":"pl-PL","url":"https:\/\/szukampracy.pl\/blog\/wp-content\/uploads\/2017\/10\/6-stopa-wrz.jpg","contentUrl":"https:\/\/szukampracy.pl\/blog\/wp-content\/uploads\/2017\/10\/6-stopa-wrz.jpg","width":1024,"height":680},{"@type":"WebPage","@id":"https:\/\/szukampracy.pl\/blog\/milion-osob-bez-pracy-polsce\/#webpage","url":"https:\/\/szukampracy.pl\/blog\/milion-osob-bez-pracy-polsce\/","name":"Tylko milion os\u00f3b bez pracy w Polsce! - Artyku\u0142y dla Szukaj\u0105cych pracy","isPartOf":{"@id":"https:\/\/szukampracy.pl\/blog\/#website"},"primaryImageOfPage":{"@id":"https:\/\/szukampracy.pl\/blog\/milion-osob-bez-pracy-polsce\/#primaryimage"},"datePublished":"2017-10-13T06:42:52+00:00","dateModified":"2017-10-13T06:42:52+00:00","description":"Liczba bezrobotnych os\u00f3b wci\u0105\u017c spada. Ju\u017c tylko ledwie ponad milion Polak\u00f3w pozostaje ze statusem osoby bezrobotnej. Stopa bezrobocia to 6,9%.","breadcrumb":{"@id":"https:\/\/szukampracy.pl\/blog\/milion-osob-bez-pracy-polsce\/#breadcrumb"},"inLanguage":"pl-PL","potentialAction":[{"@type":"ReadAction","target":["https:\/\/szukampracy.pl\/blog\/milion-osob-bez-pracy-polsce\/"]}]},{"@type":"BreadcrumbList","@id":"https:\/\/szukampracy.pl\/blog\/milion-osob-bez-pracy-polsce\/#breadcrumb","itemListElement":[{"@type":"ListItem","position":1,"name":"Blog","item":"https:\/\/szukampracy.pl\/blog\/"},{"@type":"ListItem","position":2,"name":"Najnowsze Artyku\u0142y","item":"https:\/\/szukampracy.pl\/blog\/najnowsze\/"},{"@type":"ListItem","position":3,"name":"Tylko milion os\u00f3b bez pracy w Polsce!"}]},{"@type":"Article","@id":"https:\/\/szukampracy.pl\/blog\/milion-osob-bez-pracy-polsce\/#article","isPartOf":{"@id":"https:\/\/szukampracy.pl\/blog\/milion-osob-bez-pracy-polsce\/#webpage"},"author":{"@id":"https:\/\/szukampracy.pl\/blog\/#\/schema\/person\/95cacdc4d7c69a6adbd698a1635d58d6"},"headline":"Tylko milion os\u00f3b bez pracy w Polsce!","datePublished":"2017-10-13T06:42:52+00:00","dateModified":"2017-10-13T06:42:52+00:00","mainEntityOfPage":{"@id":"https:\/\/szukampracy.pl\/blog\/milion-osob-bez-pracy-polsce\/#webpage"},"wordCount":277,"commentCount":0,"publisher":{"@id":"https:\/\/szukampracy.pl\/blog\/#organization"},"image":{"@id":"https:\/\/szukampracy.pl\/blog\/milion-osob-bez-pracy-polsce\/#primaryimage"},"thumbnailUrl":"https:\/\/szukampracy.pl\/blog\/wp-content\/uploads\/2017\/10\/6-stopa-wrz.jpg","articleSection":["Najnowsze Artyku\u0142y"],"inLanguage":"pl-PL","potentialAction":[{"@type":"CommentAction","name":"Comment","target":["https:\/\/szukampracy.pl\/blog\/milion-osob-bez-pracy-polsce\/#respond"]}]},{"@type":"Person","@id":"https:\/\/szukampracy.pl\/blog\/#\/schema\/person\/95cacdc4d7c69a6adbd698a1635d58d6","name":"Pawe\u0142","image":{"@type":"ImageObject","@id":"https:\/\/szukampracy.pl\/blog\/#personlogo","inLanguage":"pl-PL","url":"https:\/\/secure.gravatar.com\/avatar\/3c2e19a4d128a9ca1bd655a3bf1f9d52?s=96&d=mm&r=g","contentUrl":"https:\/\/secure.gravatar.com\/avatar\/3c2e19a4d128a9ca1bd655a3bf1f9d52?s=96&d=mm&r=g","caption":"Pawe\u0142"},"description":"Pawe\u0142, s\u0142u\u017cy pomoc\u0105 w dziale poradnik\u00f3w dotycz\u0105cych rozwoju kariery. Jego artyku\u0142y znajdziecie r\u00f3wnie\u017c w innych dzia\u0142ach. Dzi\u0119ki niemu poznacie ciekawe przepisy na posi\u0142ki do pracy a tak\u017ce dowiecie si\u0119 jak motywowa\u0107 si\u0119 do pracy."}]}},"fimg_url":"https:\/\/szukampracy.pl\/blog\/wp-content\/uploads\/2017\/10\/6-stopa-wrz.jpg","amp_enabled":true,"_links":{"self":[{"href":"https:\/\/szukampracy.pl\/blog\/wp-json\/wp\/v2\/posts\/775"}],"collection":[{"href":"https:\/\/szukampracy.pl\/blog\/wp-json\/wp\/v2\/posts"}],"about":[{"href":"https:\/\/szukampracy.pl\/blog\/wp-json\/wp\/v2\/types\/post"}],"author":[{"embeddable":true,"href":"https:\/\/szukampracy.pl\/blog\/wp-json\/wp\/v2\/users\/2"}],"replies":[{"embeddable":true,"href":"https:\/\/szukampracy.pl\/blog\/wp-json\/wp\/v2\/comments?post=775"}],"version-history":[{"count":0,"href":"https:\/\/szukampracy.pl\/blog\/wp-json\/wp\/v2\/posts\/775\/revisions"}],"wp:featuredmedia":[{"embeddable":true,"href":"https:\/\/szukampracy.pl\/blog\/wp-json\/wp\/v2\/media\/776"}],"wp:attachment":[{"href":"https:\/\/szukampracy.pl\/blog\/wp-json\/wp\/v2\/media?parent=775"}],"wp:term":[{"taxonomy":"category","embeddable":true,"href":"https:\/\/szukampracy.pl\/blog\/wp-json\/wp\/v2\/categories?post=775"},{"taxonomy":"post_tag","embeddable":true,"href":"https:\/\/szukampracy.pl\/blog\/wp-json\/wp\/v2\/tags?post=775"}],"curies":[{"name":"wp","href":"https:\/\/api.w.org\/{rel}","templated":true}]}}