{"id":6498,"date":"2025-03-21T17:28:45","date_gmt":"2025-03-21T17:28:45","guid":{"rendered":"https:\/\/szukampracy.pl\/blog\/?p=6498"},"modified":"2025-03-21T17:28:46","modified_gmt":"2025-03-21T17:28:46","slug":"problematyczny-obowiazek-przywracania-do-pracy","status":"publish","type":"post","link":"https:\/\/szukampracy.pl\/blog\/problematyczny-obowiazek-przywracania-do-pracy\/","title":{"rendered":"Problematyczny obowi\u0105zek przywracania do pracy"},"content":{"rendered":"\n<p>Funkcjonuj\u0105cy od niespe\u0142na 2 lat obowi\u0105zek przywracania do pracy budzi powa\u017cne w\u0105tpliwo\u015bci pracodawc\u00f3w. Z praktyki wynika bowiem, i\u017c pracownicy robi\u0105 coraz wi\u0119kszy u\u017cytek z nowej ochrony przed zwolnieniem, co sprawia rosn\u0105ce problemy pracodawcom, bowiem przepis ten jest niestety niedookre\u015blony. St\u0105d te\u017c pracodawcy oczekuj\u0105, i\u017c zagadnieniem tym zainteresuj\u0105 si\u0119 przedstawiciele Ministerstwa Sprawiedliwo\u015bci oraz zesp\u00f3\u0142 deregulacyjny Rafa\u0142a Brzoski.<\/p>\n\n\n\n<p><strong>Co zatem jest najistotniejsze w kontek\u015bcie obowi\u0105zku przywracania do pracy zwalnianych pracownik\u00f3w?<\/strong><\/p>\n\n\n\n<p>Od 23 wrze\u015bnia 2023 roku obowi\u0105zuje art. 755.5 kodeksu post\u0119powania cywilnego, kt\u00f3ry zmieni\u0142 zasady zabezpieczania roszcze\u0144 pracownik\u00f3w szczeg\u00f3lnie chronionych na czas trwania post\u0119powania s\u0105dowego o uznanie wypowiedzenia umowy o prac\u0119 za bezskuteczne lub o przywr\u00f3cenie do pracy. Obecnie zatem, na wniosek pracownika, s\u0105d ma obowi\u0105zek nakaza\u0107 pracodawcy dalsze jego zatrudnianie do czasu prawomocnego zako\u0144czenia sprawy s\u0105dowej.<\/p>\n\n\n\n<p>W my\u015bl brzmienia tego nowego przepisu pracownicy, w przypadku kt\u00f3rych s\u0105d pracy mo\u017ce nakaza\u0107 pracodawcy dalsze zatrudnienie do czasu prawomocnego zako\u0144czenia post\u0119powania s\u0105dowego, to:<\/p>\n\n\n\n<ul>\n<li>podlegaj\u0105cy ochronie zwi\u0105zkowej, w my\u015bl art. 38 kodeksu pracy<\/li>\n\n\n\n<li>w wieku przedemerytalnym, w my\u015bl art. 39 kodeksu pracy<\/li>\n\n\n\n<li>b\u0119d\u0105cy na urlopie czy w trakcie innej usprawiedliwionej nieobecno\u015bci, w my\u015bl art. 41 kodeksu pracy<\/li>\n\n\n\n<li>podlegaj\u0105cy ochronie w zwi\u0105zku z macierzy\u0144stwem, a zatem w powi\u0105zaniu z ci\u0105\u017c\u0105, urlopem macierzy\u0144skim i urlopem ojcowskim, w my\u015bl art. 177 kodeksu pracy<\/li>\n\n\n\n<li>b\u0119d\u0105cy dzia\u0142aczami zwi\u0105zkowymi, w my\u015bl art. 32 ustawy o zwi\u0105zkach zawodowych<\/li>\n<\/ul>\n\n\n\n<p>Jak zauwa\u017ca Agata Majewska, radca prawny z Kancelarii Kope\u0107 Zaborowski Adwokaci i Radcowie Prawni, ju\u017c od ko\u0144ca ubieg\u0142ego roku wida\u0107, \u017ce coraz wi\u0119cej przedsi\u0119biorstw szuka pomocy w zwi\u0105zku z zastosowaniem owego nowego przepisu przez s\u0105d. Podobne spostrze\u017cenia ma r\u00f3wnie\u017c Izabela Zawacka z Kancelarii Prawo Przedsi\u0119biorstw i HR, obs\u0142uguj\u0105ca ju\u017c kilku klient\u00f3w w tym zakresie.<\/p>\n\n\n\n<p>Jak z kolei dostrzega Joanna Torbe-Jacko, ekspertka Business Centre Club do spraw prawa pracy i ubezpiecze\u0144 spo\u0142ecznych, z powodu niejasnych przepis\u00f3w s\u0105dy pracy orzekaj\u0105 obecnie r\u00f3\u017cnie w tych samych stanach faktycznych. Ma to miejsce chocia\u017cby w przypadku pracownika b\u0119d\u0105cego w szczeg\u00f3lnej ochronie, a zwolnionego dyscyplinarnie. Tutaj zdarzaj\u0105 si\u0119 przypadki, gdy s\u0105d nie kaza\u0142 przywraca\u0107 takiej osoby do pracy, ale te\u017c i by\u0142y sytuacje odwrotne. Agata Majewska podkre\u015bla, i\u017c spotka\u0142a si\u0119 z sytuacj\u0105, gdzie pracownica w okresie ochrony przedemerytalnej zosta\u0142a zwolniona dyscyplinarnie i pracodawca musia\u0142 j\u0105 ponownie przyj\u0105\u0107 do pracy na czas tocz\u0105cego si\u0119 post\u0119powania s\u0105dowego, i to pomimo tego, \u017ce przepisy nie uprawniaj\u0105 owej pracownicy do korzystania z zabezpieczenia na mocy tej\u017ce regulacji.<\/p>\n\n\n\n<p>Eksperci podkre\u015blaj\u0105, i\u017c problem tkwi w tym, \u017ce przepis jest niestety lakoniczny, a przedsi\u0119biorcy wskazuj\u0105 na problematyczn\u0105 podstaw\u0119 dopuszczenia pracownika do pracy po wydaniu zabezpieczenia przez s\u0105d, nie wiedz\u0105c, czy jest to nawi\u0105zanie nowej umowy o prac\u0119 o tre\u015bci to\u017csamej z tre\u015bci\u0105 tej rozwi\u0105zanej.<\/p>\n\n\n\n<p>Jak dostrzega Izabela Zawacka, postanowienie s\u0105du o przywr\u00f3ceniu do pracy powoduje tymczasowe nawi\u0105zanie stosunku pracy, a zatem wydaje si\u0119, \u017ce jest to odr\u0119bna, szczeg\u00f3lna podstawa, poza tymi, kt\u00f3re wymienione s\u0105 w art. 2 kodeksu pracy. Postanowienie zabezpieczaj\u0105ce uregulowane jest jednak w przepisach kodeksu post\u0119powania cywilnego, a nie w przepisach prawa materialnego. W przypadku, gdy prawomocny wyrok s\u0105du oddala roszczenia pracownika, odpada z mocy prawa podstawa jego dalszego zatrudnienia. Powstaje zatem pytanie, czy w takiej sytuacji nale\u017cy wystawia\u0107 \u015bwiadectwo pracy, a je\u015bli tak, to co wpisa\u0107 jako podstaw\u0119 zatrudnienia i jak okre\u015bli\u0107 tryb rozwi\u0105zania tego stosunku pracy. Niestety mamy tutaj do czynienia z ewidentn\u0105 luk\u0105 w prawie.<\/p>\n\n\n\n<p>Generalnie podobny problem pojawi si\u0119 r\u00f3wnie\u017c w sytuacji, gdzie s\u0105d II instancji uchyli postanowienie zabezpieczaj\u0105ce na skutek jego zaskar\u017cenia przez pracodawc\u0119. Eksperci radz\u0105 w\u00f3wczas pracodawcom, by w\u00f3wczas napisa\u0107, \u017ce stosunek pracy usta\u0142 w wyniku rozwi\u0105zania na skutek up\u0142ywu czasu, na jaki zosta\u0142 on nawi\u0105zany.<\/p>\n\n\n\n<p><strong>Co jeszcze wzbudza w\u0105tpliwo\u015bci pracodawc\u00f3w odno\u015bnie do nowego przepisu nakazuj\u0105cego przywr\u00f3cenie do pracy?<\/strong><\/p>\n\n\n\n<p>W praktyce okazuje si\u0119, \u017ce w\u0105tpliwo\u015bci pracodawc\u00f3w nie ko\u0144cz\u0105 si\u0119 jedynie na wy\u017cej opisanych, bowiem chocia\u017cby zastanawiaj\u0105 si\u0119 oni cz\u0119sto co zrobi\u0107, gdy w mi\u0119dzyczasie stanowisko pracy zosta\u0142o zlikwidowane i nie ma mo\u017cliwo\u015bci dopuszczenia pracownika do pracy na tych samych warunkach, jakie obowi\u0105zywa\u0142y przed jego zwolnieniem.<\/p>\n\n\n\n<p>Jak podkre\u015bla Agata Majewska w takiej sytuacji rozwi\u0105zaniem wydaje si\u0119 by\u0107 zastosowanie art. 42 par. 4 kodeksu pracy, czyli polecenie pracownikowi wykonywania innej pracy na okres nieprzekraczaj\u0105cy 3 miesi\u0119cy w roku. A gdy nie jest to mo\u017cliwe, pozostanie zwolnienie pracownika ze \u015bwiadczenia pracy z zachowaniem prawa do wynagrodzenia, co niestety oznacza istotne dodatkowe koszty dla pracodawcy.<\/p>\n\n\n\n<p>Ponadto Izabela Zawadzka dostrzega, \u017ce w przypadku oddelegowania, gdy pracownik nie wykona polecenia, nara\u017ca si\u0119 na odpowiedzialno\u015b\u0107 s\u0142u\u017cbow\u0105, a to z kolei kwalifikuje si\u0119 na kar\u0119 dyscyplinarn\u0105, lecz wype\u0142nia r\u00f3wnie\u017c znamiona ci\u0119\u017ckiego naruszenia podstawowych obowi\u0105zk\u00f3w pracowniczych, a tym samym stanowi\u0107 mo\u017ce podstaw\u0119 do dyscyplinarnego rozwi\u0105zania umowy o prac\u0119. W takiej sytuacji pracodawca powinien wyst\u0105pi\u0107 do s\u0105du z wnioskiem o uchylenie zabezpieczenia i powo\u0142a\u0107 si\u0119 na brzmienie art. 52 par.1 kodeksu pracy, gdzie wskazano przes\u0142anki do rozwi\u0105zania umowy o prac\u0119 bez wypowiedzenia z winy pracownika.<\/p>\n\n\n\n<p>Kolejny problem, kt\u00f3ry dostrzegaj\u0105 pracodawcy w kontek\u015bcie konieczno\u015bci przywr\u00f3cenia do pracy, to kwestia ci\u0105g\u0142o\u015bci zatrudnienia oraz sta\u017cu pracy, gdy dojdzie do przerwy w zatrudnieniu. W tym aspekcie prawnicy podpowiadaj\u0105, i\u017c nale\u017cy odwo\u0142a\u0107 si\u0119 przez analogi\u0119 do sytuacji uzyskania prawomocnego wyroku przywracaj\u0105cego pracownika do pracy, kt\u00f3ry dzia\u0142a z moc\u0105 wsteczn\u0105. Wyrok taki powoduje zatem taki stan, jakby umowa o prac\u0119 nigdy nie zosta\u0142a wypowiedziana, a wi\u0119c jakby w og\u00f3le nie usta\u0142 stosunek pracy, a tym samym nie ma przerwy w zatrudnieniu.<\/p>\n\n\n\n<p>Inaczej jednak kwestia wygl\u0105da odno\u015bnie do sta\u017cu pracy, bowiem w kodeksie pracy brak jest przepisu, kt\u00f3ry regulowa\u0142by sytuacj\u0119 takiego pracownika, analogicznie jak art. 51 kodeksu pracy okre\u015bla sytuacj\u0119 osoby powracaj\u0105cej do pracy, st\u0105d te\u017c od dnia rozwi\u0105zania umowy o prac\u0119 do dnia tymczasowego dopuszczenia pracownika do pracy, okres ten jest przerw\u0105 w zatrudnieniu i nie zalicza si\u0119 go do okresu sta\u017cu pracy, od kt\u00f3rego uzale\u017cnione s\u0105 chocia\u017cby uprawnienia pracownicze.<\/p>\n\n\n\n<p>Tym samym pracownik taki nie ma r\u00f3wnie\u017c prawa do premii za czas po rozwi\u0105zaniu umowy o prac\u0119, a dniem dopuszczenia go do pracy, na mocy postanowienia s\u0105du. Pracownik nie nabywa r\u00f3wnie\u017c prawa do urlopu, natomiast urlop od dnia dopuszczenia pracownika do pracy powinno si\u0119 liczy\u0107 proporcjonalnie, uwzgl\u0119dniaj\u0105c fakt wykorzystania cz\u0119\u015bci urlopu za ten rok na pocz\u0105tku roku w naturze lub ekwiwalencie.<\/p>\n\n\n\n<p>W odniesieniu natomiast do ekwiwalentu za wyp\u0142acony urlop, pracodawcy s\u0105 raczej na przegranej pozycji, bowiem mog\u0105 oni jedynie wyst\u0105pi\u0107 o jego zwrot do przywr\u00f3conego do pracy pracownika. Innym potencjalnym rozwi\u0105zaniem jest wyst\u0105pienie, na podstawie przepis\u00f3w kodeksu pracy czy te\u017c kodeksu cywilnego, do s\u0105du o bezpodstawne wzbogacenie. Jednak w tym przypadku nale\u017cy si\u0119 liczy\u0107 z oczekiwaniem na wyrok w sprawie przez wiele lat.<\/p>\n\n\n\n<p>Kolejna kwestia dotyczy \u015bwiadectwa pracy, bowiem do czasu wydania prawomocnego wyroku s\u0105du, obowi\u0105zuje tutaj to \u015bwiadectwo, wydane po rozwi\u0105zaniu umowy o prac\u0119 z pracownikiem. Nast\u0119pnie nale\u017ca\u0142oby zamie\u015bci\u0107 w nim dodatkow\u0105 adnotacj\u0119 o czasowym przywr\u00f3ceniu do pracy, w jakim okresie dany pracownik pozostawa\u0142 zatrudnionym u danego pracodawcy. Podkre\u015bli\u0107 nale\u017cy tutaj jednoznacznie, i\u017c nie ma w przepisach \u017cadnej podstawy prawnej do wydania nowego dokumentu, bowiem nie zosta\u0142a przecie\u017c zawarta nowa umowa o prac\u0119.<\/p>\n\n\n\n<p>Tym samym eksperci i pracodawcy widz\u0105 piln\u0105 potrzeb\u0119 rozwi\u0105zania wszelakich w\u0105tpliwo\u015bci w zwi\u0105zku z tym nowym przepisem i na pewno potrzebne s\u0105 tutaj obja\u015bnienia, dotycz\u0105ce cho\u0107by tego jak stosowa\u0107 \u00f3w przepis w praktyce, w szerokim uj\u0119ciu prawa pracy.<\/p>\n\n\n\n<p>Jak z kolei dostrzega Robert Lisicki, dyrektor departamentu pracy w Konfederacji Lewiatan, pracodawcy od samego pocz\u0105tku byli przeciwni temu przepisowi, kt\u00f3ry zosta\u0142 niestety uchwalony w formie budz\u0105cej w\u0105tpliwo\u015bci. Tak naprawd\u0119 obecnie powinien by\u0107 on przedmiotem dzia\u0142a\u0144 naprawczych zespo\u0142u deregulacyjnego biznesmena Rafa\u0142a Brzoski, bowiem wydanie interpretacji niewiele tutaj pomo\u017ce. St\u0105d te\u017c nale\u017cy wyst\u0105pi\u0107 o zmian\u0119 tej regulacji do resortu sprawiedliwo\u015bci, by w toku dyskusji wypracowa\u0107 zdecydowanie lepsze rozwi\u0105zanie.<\/p>\n\n\n\n<p>Podsumowuj\u0105c, pracodawcy maj\u0105 coraz wi\u0119kszy problem ze stosowaniem obowi\u0105zuj\u0105cego od niespe\u0142na 2 lat nowego przepisu, m\u00f3wi\u0105cego o konieczno\u015bci przywr\u00f3cenia do pracy zwalnianego pracownika, na skutek s\u0105dowego nakazu. Z dotychczasowej praktyki wynika bowiem, i\u017c pracownicy robi\u0105 coraz wi\u0119kszy u\u017cytek z nowej ochrony przed zwolnieniem, a u pracodawc\u00f3w powoduje on niestety rosn\u0105ce problemy wskutek jego niedookre\u015blenia oraz powsta\u0142ych dzi\u0119ki temu powa\u017cnych luk prawnych. Tym samym zapewne dobrze by\u0142oby jeszcze raz pochyli\u0107 si\u0119 nad brzmieniem owego rozwi\u0105zania i pozbawi\u0107 go istniej\u0105cych obecnie barier oraz wad prawnych.<\/p>\n","protected":false},"excerpt":{"rendered":"<p>Funkcjonuj\u0105cy od niespe\u0142na 2 lat obowi\u0105zek przywracania do pracy budzi powa\u017cne w\u0105tpliwo\u015bci pracodawc\u00f3w. Z praktyki wynika bowiem, i\u017c pracownicy robi\u0105<\/p>\n","protected":false},"author":3,"featured_media":6499,"comment_status":"open","ping_status":"open","sticky":false,"template":"","format":"standard","meta":{"footnotes":""},"categories":[8],"tags":[],"yoast_head":"<!-- This site is optimized with the Yoast SEO plugin v16.7 - https:\/\/yoast.com\/wordpress\/plugins\/seo\/ -->\n<title>Problematyczny obowi\u0105zek przywracania do pracy - Artyku\u0142y dla Szukaj\u0105cych pracy<\/title>\n<meta name=\"description\" content=\"Nowy artyku\u0142 Problematyczny obowi\u0105zek przywracania do pracy na Blog Szukampracy.pl - Artyku\u0142y o rynku pracy i HR dla pracodawcy . Czytaj wi\u0119cej na blogu Szukampracy.pl!\" \/>\n<meta name=\"robots\" content=\"index, follow, max-snippet:-1, max-image-preview:large, max-video-preview:-1\" \/>\n<link rel=\"canonical\" href=\"https:\/\/szukampracy.pl\/blog\/problematyczny-obowiazek-przywracania-do-pracy\/\" \/>\n<meta property=\"og:locale\" content=\"pl_PL\" \/>\n<meta property=\"og:type\" content=\"article\" \/>\n<meta property=\"og:title\" content=\"Problematyczny obowi\u0105zek przywracania do pracy - Artyku\u0142y dla Szukaj\u0105cych pracy\" \/>\n<meta property=\"og:description\" content=\"Nowy artyku\u0142 Problematyczny obowi\u0105zek przywracania do pracy na Blog Szukampracy.pl - Artyku\u0142y o rynku pracy i HR dla pracodawcy . Czytaj wi\u0119cej na blogu Szukampracy.pl!\" \/>\n<meta property=\"og:url\" content=\"https:\/\/szukampracy.pl\/blog\/problematyczny-obowiazek-przywracania-do-pracy\/\" \/>\n<meta property=\"og:site_name\" content=\"Blog Szukampracy.pl - Artyku\u0142y o rynku pracy i HR dla pracodawcy\" \/>\n<meta property=\"article:publisher\" content=\"https:\/\/www.facebook.com\/portalszukampracy\/\" \/>\n<meta property=\"article:published_time\" content=\"2025-03-21T17:28:45+00:00\" \/>\n<meta property=\"article:modified_time\" content=\"2025-03-21T17:28:46+00:00\" \/>\n<meta property=\"og:image\" content=\"https:\/\/szukampracy.pl\/blog\/wp-content\/uploads\/2025\/03\/medium-shot-women-business-meeting-scaled.jpg\" \/>\n\t<meta property=\"og:image:width\" content=\"1024\" \/>\n\t<meta property=\"og:image:height\" content=\"731\" \/>\n<meta name=\"twitter:card\" content=\"summary\" \/>\n<meta name=\"twitter:creator\" content=\"@SzukamPracyPl\" \/>\n<meta name=\"twitter:site\" content=\"@SzukamPracyPl\" \/>\n<meta name=\"twitter:label1\" content=\"Written by\" \/>\n\t<meta name=\"twitter:data1\" content=\"Ekspert \u0141ukasz\" \/>\n\t<meta name=\"twitter:label2\" content=\"Est. reading time\" \/>\n\t<meta name=\"twitter:data2\" content=\"8 minut\" \/>\n<script type=\"application\/ld+json\" class=\"yoast-schema-graph\">{\"@context\":\"https:\/\/schema.org\",\"@graph\":[{\"@type\":\"Organization\",\"@id\":\"https:\/\/szukampracy.pl\/blog\/#organization\",\"name\":\"Szukampracy.pl\",\"url\":\"https:\/\/szukampracy.pl\/blog\/\",\"sameAs\":[\"https:\/\/www.facebook.com\/portalszukampracy\/\",\"https:\/\/www.linkedin.com\/company\/szukampracy-pl\",\"https:\/\/www.youtube.com\/channel\/UCmY56pXKURtawvJjwIvU2YQ\",\"https:\/\/twitter.com\/SzukamPracyPl\"],\"logo\":{\"@type\":\"ImageObject\",\"@id\":\"https:\/\/szukampracy.pl\/blog\/#logo\",\"inLanguage\":\"pl-PL\",\"url\":\"https:\/\/szukampracy.pl\/blog\/wp-content\/uploads\/2017\/08\/logo-1.png\",\"contentUrl\":\"https:\/\/szukampracy.pl\/blog\/wp-content\/uploads\/2017\/08\/logo-1.png\",\"width\":240,\"height\":33,\"caption\":\"Szukampracy.pl\"},\"image\":{\"@id\":\"https:\/\/szukampracy.pl\/blog\/#logo\"}},{\"@type\":\"WebSite\",\"@id\":\"https:\/\/szukampracy.pl\/blog\/#website\",\"url\":\"https:\/\/szukampracy.pl\/blog\/\",\"name\":\"Blog Szukampracy.pl - Artyku\\u0142y o rynku pracy i HR dla pracodawcy\",\"description\":\"Nasz blog powsta\\u0142 z my\\u015bl\\u0105 o Pracodawcach, Pracownikach i Kandydatach b\\u0119d\\u0105cych na etapie zapoznawania si\\u0119 z og\\u0142oszeniami o prac\\u0119. Mo\\u017cna u nas znale\\u017a\\u0107 artyku\\u0142y o rynku pracy, z dziedziny HR, zarz\\u0105dzania, ofert pracy za granic\\u0105 oraz inne ciekawostki. Nie wahaj si\\u0119 nas odwiedzi\\u0107\",\"publisher\":{\"@id\":\"https:\/\/szukampracy.pl\/blog\/#organization\"},\"potentialAction\":[{\"@type\":\"SearchAction\",\"target\":{\"@type\":\"EntryPoint\",\"urlTemplate\":\"https:\/\/szukampracy.pl\/blog\/?s={search_term_string}\"},\"query-input\":\"required name=search_term_string\"}],\"inLanguage\":\"pl-PL\"},{\"@type\":\"ImageObject\",\"@id\":\"https:\/\/szukampracy.pl\/blog\/problematyczny-obowiazek-przywracania-do-pracy\/#primaryimage\",\"inLanguage\":\"pl-PL\",\"url\":\"https:\/\/szukampracy.pl\/blog\/wp-content\/uploads\/2025\/03\/medium-shot-women-business-meeting-scaled.jpg\",\"contentUrl\":\"https:\/\/szukampracy.pl\/blog\/wp-content\/uploads\/2025\/03\/medium-shot-women-business-meeting-scaled.jpg\",\"width\":1024,\"height\":731},{\"@type\":\"WebPage\",\"@id\":\"https:\/\/szukampracy.pl\/blog\/problematyczny-obowiazek-przywracania-do-pracy\/#webpage\",\"url\":\"https:\/\/szukampracy.pl\/blog\/problematyczny-obowiazek-przywracania-do-pracy\/\",\"name\":\"Problematyczny obowi\\u0105zek przywracania do pracy - Artyku\\u0142y dla Szukaj\\u0105cych pracy\",\"isPartOf\":{\"@id\":\"https:\/\/szukampracy.pl\/blog\/#website\"},\"primaryImageOfPage\":{\"@id\":\"https:\/\/szukampracy.pl\/blog\/problematyczny-obowiazek-przywracania-do-pracy\/#primaryimage\"},\"datePublished\":\"2025-03-21T17:28:45+00:00\",\"dateModified\":\"2025-03-21T17:28:46+00:00\",\"description\":\"Nowy artyku\\u0142 Problematyczny obowi\\u0105zek przywracania do pracy na Blog Szukampracy.pl - Artyku\\u0142y o rynku pracy i HR dla pracodawcy . Czytaj wi\\u0119cej na blogu Szukampracy.pl!\",\"breadcrumb\":{\"@id\":\"https:\/\/szukampracy.pl\/blog\/problematyczny-obowiazek-przywracania-do-pracy\/#breadcrumb\"},\"inLanguage\":\"pl-PL\",\"potentialAction\":[{\"@type\":\"ReadAction\",\"target\":[\"https:\/\/szukampracy.pl\/blog\/problematyczny-obowiazek-przywracania-do-pracy\/\"]}]},{\"@type\":\"BreadcrumbList\",\"@id\":\"https:\/\/szukampracy.pl\/blog\/problematyczny-obowiazek-przywracania-do-pracy\/#breadcrumb\",\"itemListElement\":[{\"@type\":\"ListItem\",\"position\":1,\"name\":\"Blog\",\"item\":\"https:\/\/szukampracy.pl\/blog\/\"},{\"@type\":\"ListItem\",\"position\":2,\"name\":\"Z rynku pracy\",\"item\":\"https:\/\/szukampracy.pl\/blog\/z-rynku-pracy\/\"},{\"@type\":\"ListItem\",\"position\":3,\"name\":\"Problematyczny obowi\\u0105zek przywracania do pracy\"}]},{\"@type\":\"Article\",\"@id\":\"https:\/\/szukampracy.pl\/blog\/problematyczny-obowiazek-przywracania-do-pracy\/#article\",\"isPartOf\":{\"@id\":\"https:\/\/szukampracy.pl\/blog\/problematyczny-obowiazek-przywracania-do-pracy\/#webpage\"},\"author\":{\"@id\":\"https:\/\/szukampracy.pl\/blog\/#\/schema\/person\/3952d4bf69b606b39399e9e649ef2394\"},\"headline\":\"Problematyczny obowi\\u0105zek przywracania do pracy\",\"datePublished\":\"2025-03-21T17:28:45+00:00\",\"dateModified\":\"2025-03-21T17:28:46+00:00\",\"mainEntityOfPage\":{\"@id\":\"https:\/\/szukampracy.pl\/blog\/problematyczny-obowiazek-przywracania-do-pracy\/#webpage\"},\"wordCount\":1552,\"commentCount\":0,\"publisher\":{\"@id\":\"https:\/\/szukampracy.pl\/blog\/#organization\"},\"image\":{\"@id\":\"https:\/\/szukampracy.pl\/blog\/problematyczny-obowiazek-przywracania-do-pracy\/#primaryimage\"},\"thumbnailUrl\":\"https:\/\/szukampracy.pl\/blog\/wp-content\/uploads\/2025\/03\/medium-shot-women-business-meeting-scaled.jpg\",\"articleSection\":[\"Z rynku pracy\"],\"inLanguage\":\"pl-PL\",\"potentialAction\":[{\"@type\":\"CommentAction\",\"name\":\"Comment\",\"target\":[\"https:\/\/szukampracy.pl\/blog\/problematyczny-obowiazek-przywracania-do-pracy\/#respond\"]}]},{\"@type\":\"Person\",\"@id\":\"https:\/\/szukampracy.pl\/blog\/#\/schema\/person\/3952d4bf69b606b39399e9e649ef2394\",\"name\":\"Ekspert \\u0141ukasz\",\"image\":{\"@type\":\"ImageObject\",\"@id\":\"https:\/\/szukampracy.pl\/blog\/#personlogo\",\"inLanguage\":\"pl-PL\",\"url\":\"https:\/\/secure.gravatar.com\/avatar\/7733c11b2e55f533f1cae76b6c86129d?s=96&d=mm&r=g\",\"contentUrl\":\"https:\/\/secure.gravatar.com\/avatar\/7733c11b2e55f533f1cae76b6c86129d?s=96&d=mm&r=g\",\"caption\":\"Ekspert \\u0141ukasz\"},\"description\":\"Ekspert \\u0141ukasz swoje wieloletnie do\\u015bwiadczenie na rynku pracy postanowi\\u0142 przekaza\\u0107 tak\\u017ce na naszym blogu. Jego artyku\\u0142y dotycz\\u0105 aktualnych zmian gospodarczych a tak\\u017ce tych na rynku pracy. Z ch\\u0119cia udzieli porad pracodawc\\u0105, kt\\u00f3rzy pr\\u0119\\u017cnie rozwijaj\\u0105 swoje firmy.\"}]}<\/script>\n<!-- \/ Yoast SEO plugin. -->","yoast_head_json":{"title":"Problematyczny obowi\u0105zek przywracania do pracy - Artyku\u0142y dla Szukaj\u0105cych pracy","description":"Nowy artyku\u0142 Problematyczny obowi\u0105zek przywracania do pracy na Blog Szukampracy.pl - Artyku\u0142y o rynku pracy i HR dla pracodawcy . Czytaj wi\u0119cej na blogu Szukampracy.pl!","robots":{"index":"index","follow":"follow","max-snippet":"max-snippet:-1","max-image-preview":"max-image-preview:large","max-video-preview":"max-video-preview:-1"},"canonical":"https:\/\/szukampracy.pl\/blog\/problematyczny-obowiazek-przywracania-do-pracy\/","og_locale":"pl_PL","og_type":"article","og_title":"Problematyczny obowi\u0105zek przywracania do pracy - Artyku\u0142y dla Szukaj\u0105cych pracy","og_description":"Nowy artyku\u0142 Problematyczny obowi\u0105zek przywracania do pracy na Blog Szukampracy.pl - Artyku\u0142y o rynku pracy i HR dla pracodawcy . Czytaj wi\u0119cej na blogu Szukampracy.pl!","og_url":"https:\/\/szukampracy.pl\/blog\/problematyczny-obowiazek-przywracania-do-pracy\/","og_site_name":"Blog Szukampracy.pl - Artyku\u0142y o rynku pracy i HR dla pracodawcy","article_publisher":"https:\/\/www.facebook.com\/portalszukampracy\/","article_published_time":"2025-03-21T17:28:45+00:00","article_modified_time":"2025-03-21T17:28:46+00:00","og_image":[{"width":1024,"height":731,"filesize":"95330","url":"https:\/\/szukampracy.pl\/blog\/wp-content\/uploads\/2025\/03\/medium-shot-women-business-meeting-scaled.jpg","path":"\/home\/szukamprac\/domains\/szukampracy.pl\/public_html\/blog\/wp-content\/uploads\/2025\/03\/medium-shot-women-business-meeting-scaled.jpg","size":"full","id":6499,"alt":"","pixels":748544,"type":"image\/jpeg"}],"twitter_card":"summary","twitter_creator":"@SzukamPracyPl","twitter_site":"@SzukamPracyPl","twitter_misc":{"Written by":"Ekspert \u0141ukasz","Est. reading time":"8 minut"},"schema":{"@context":"https:\/\/schema.org","@graph":[{"@type":"Organization","@id":"https:\/\/szukampracy.pl\/blog\/#organization","name":"Szukampracy.pl","url":"https:\/\/szukampracy.pl\/blog\/","sameAs":["https:\/\/www.facebook.com\/portalszukampracy\/","https:\/\/www.linkedin.com\/company\/szukampracy-pl","https:\/\/www.youtube.com\/channel\/UCmY56pXKURtawvJjwIvU2YQ","https:\/\/twitter.com\/SzukamPracyPl"],"logo":{"@type":"ImageObject","@id":"https:\/\/szukampracy.pl\/blog\/#logo","inLanguage":"pl-PL","url":"https:\/\/szukampracy.pl\/blog\/wp-content\/uploads\/2017\/08\/logo-1.png","contentUrl":"https:\/\/szukampracy.pl\/blog\/wp-content\/uploads\/2017\/08\/logo-1.png","width":240,"height":33,"caption":"Szukampracy.pl"},"image":{"@id":"https:\/\/szukampracy.pl\/blog\/#logo"}},{"@type":"WebSite","@id":"https:\/\/szukampracy.pl\/blog\/#website","url":"https:\/\/szukampracy.pl\/blog\/","name":"Blog Szukampracy.pl - Artyku\u0142y o rynku pracy i HR dla pracodawcy","description":"Nasz blog powsta\u0142 z my\u015bl\u0105 o Pracodawcach, Pracownikach i Kandydatach b\u0119d\u0105cych na etapie zapoznawania si\u0119 z og\u0142oszeniami o prac\u0119. Mo\u017cna u nas znale\u017a\u0107 artyku\u0142y o rynku pracy, z dziedziny HR, zarz\u0105dzania, ofert pracy za granic\u0105 oraz inne ciekawostki. Nie wahaj si\u0119 nas odwiedzi\u0107","publisher":{"@id":"https:\/\/szukampracy.pl\/blog\/#organization"},"potentialAction":[{"@type":"SearchAction","target":{"@type":"EntryPoint","urlTemplate":"https:\/\/szukampracy.pl\/blog\/?s={search_term_string}"},"query-input":"required name=search_term_string"}],"inLanguage":"pl-PL"},{"@type":"ImageObject","@id":"https:\/\/szukampracy.pl\/blog\/problematyczny-obowiazek-przywracania-do-pracy\/#primaryimage","inLanguage":"pl-PL","url":"https:\/\/szukampracy.pl\/blog\/wp-content\/uploads\/2025\/03\/medium-shot-women-business-meeting-scaled.jpg","contentUrl":"https:\/\/szukampracy.pl\/blog\/wp-content\/uploads\/2025\/03\/medium-shot-women-business-meeting-scaled.jpg","width":1024,"height":731},{"@type":"WebPage","@id":"https:\/\/szukampracy.pl\/blog\/problematyczny-obowiazek-przywracania-do-pracy\/#webpage","url":"https:\/\/szukampracy.pl\/blog\/problematyczny-obowiazek-przywracania-do-pracy\/","name":"Problematyczny obowi\u0105zek przywracania do pracy - Artyku\u0142y dla Szukaj\u0105cych pracy","isPartOf":{"@id":"https:\/\/szukampracy.pl\/blog\/#website"},"primaryImageOfPage":{"@id":"https:\/\/szukampracy.pl\/blog\/problematyczny-obowiazek-przywracania-do-pracy\/#primaryimage"},"datePublished":"2025-03-21T17:28:45+00:00","dateModified":"2025-03-21T17:28:46+00:00","description":"Nowy artyku\u0142 Problematyczny obowi\u0105zek przywracania do pracy na Blog Szukampracy.pl - Artyku\u0142y o rynku pracy i HR dla pracodawcy . Czytaj wi\u0119cej na blogu Szukampracy.pl!","breadcrumb":{"@id":"https:\/\/szukampracy.pl\/blog\/problematyczny-obowiazek-przywracania-do-pracy\/#breadcrumb"},"inLanguage":"pl-PL","potentialAction":[{"@type":"ReadAction","target":["https:\/\/szukampracy.pl\/blog\/problematyczny-obowiazek-przywracania-do-pracy\/"]}]},{"@type":"BreadcrumbList","@id":"https:\/\/szukampracy.pl\/blog\/problematyczny-obowiazek-przywracania-do-pracy\/#breadcrumb","itemListElement":[{"@type":"ListItem","position":1,"name":"Blog","item":"https:\/\/szukampracy.pl\/blog\/"},{"@type":"ListItem","position":2,"name":"Z rynku pracy","item":"https:\/\/szukampracy.pl\/blog\/z-rynku-pracy\/"},{"@type":"ListItem","position":3,"name":"Problematyczny obowi\u0105zek przywracania do pracy"}]},{"@type":"Article","@id":"https:\/\/szukampracy.pl\/blog\/problematyczny-obowiazek-przywracania-do-pracy\/#article","isPartOf":{"@id":"https:\/\/szukampracy.pl\/blog\/problematyczny-obowiazek-przywracania-do-pracy\/#webpage"},"author":{"@id":"https:\/\/szukampracy.pl\/blog\/#\/schema\/person\/3952d4bf69b606b39399e9e649ef2394"},"headline":"Problematyczny obowi\u0105zek przywracania do pracy","datePublished":"2025-03-21T17:28:45+00:00","dateModified":"2025-03-21T17:28:46+00:00","mainEntityOfPage":{"@id":"https:\/\/szukampracy.pl\/blog\/problematyczny-obowiazek-przywracania-do-pracy\/#webpage"},"wordCount":1552,"commentCount":0,"publisher":{"@id":"https:\/\/szukampracy.pl\/blog\/#organization"},"image":{"@id":"https:\/\/szukampracy.pl\/blog\/problematyczny-obowiazek-przywracania-do-pracy\/#primaryimage"},"thumbnailUrl":"https:\/\/szukampracy.pl\/blog\/wp-content\/uploads\/2025\/03\/medium-shot-women-business-meeting-scaled.jpg","articleSection":["Z rynku pracy"],"inLanguage":"pl-PL","potentialAction":[{"@type":"CommentAction","name":"Comment","target":["https:\/\/szukampracy.pl\/blog\/problematyczny-obowiazek-przywracania-do-pracy\/#respond"]}]},{"@type":"Person","@id":"https:\/\/szukampracy.pl\/blog\/#\/schema\/person\/3952d4bf69b606b39399e9e649ef2394","name":"Ekspert \u0141ukasz","image":{"@type":"ImageObject","@id":"https:\/\/szukampracy.pl\/blog\/#personlogo","inLanguage":"pl-PL","url":"https:\/\/secure.gravatar.com\/avatar\/7733c11b2e55f533f1cae76b6c86129d?s=96&d=mm&r=g","contentUrl":"https:\/\/secure.gravatar.com\/avatar\/7733c11b2e55f533f1cae76b6c86129d?s=96&d=mm&r=g","caption":"Ekspert \u0141ukasz"},"description":"Ekspert \u0141ukasz swoje wieloletnie do\u015bwiadczenie na rynku pracy postanowi\u0142 przekaza\u0107 tak\u017ce na naszym blogu. Jego artyku\u0142y dotycz\u0105 aktualnych zmian gospodarczych a tak\u017ce tych na rynku pracy. Z ch\u0119cia udzieli porad pracodawc\u0105, kt\u00f3rzy pr\u0119\u017cnie rozwijaj\u0105 swoje firmy."}]}},"fimg_url":"https:\/\/szukampracy.pl\/blog\/wp-content\/uploads\/2025\/03\/medium-shot-women-business-meeting-scaled.jpg","amp_enabled":true,"_links":{"self":[{"href":"https:\/\/szukampracy.pl\/blog\/wp-json\/wp\/v2\/posts\/6498"}],"collection":[{"href":"https:\/\/szukampracy.pl\/blog\/wp-json\/wp\/v2\/posts"}],"about":[{"href":"https:\/\/szukampracy.pl\/blog\/wp-json\/wp\/v2\/types\/post"}],"author":[{"embeddable":true,"href":"https:\/\/szukampracy.pl\/blog\/wp-json\/wp\/v2\/users\/3"}],"replies":[{"embeddable":true,"href":"https:\/\/szukampracy.pl\/blog\/wp-json\/wp\/v2\/comments?post=6498"}],"version-history":[{"count":1,"href":"https:\/\/szukampracy.pl\/blog\/wp-json\/wp\/v2\/posts\/6498\/revisions"}],"predecessor-version":[{"id":6500,"href":"https:\/\/szukampracy.pl\/blog\/wp-json\/wp\/v2\/posts\/6498\/revisions\/6500"}],"wp:featuredmedia":[{"embeddable":true,"href":"https:\/\/szukampracy.pl\/blog\/wp-json\/wp\/v2\/media\/6499"}],"wp:attachment":[{"href":"https:\/\/szukampracy.pl\/blog\/wp-json\/wp\/v2\/media?parent=6498"}],"wp:term":[{"taxonomy":"category","embeddable":true,"href":"https:\/\/szukampracy.pl\/blog\/wp-json\/wp\/v2\/categories?post=6498"},{"taxonomy":"post_tag","embeddable":true,"href":"https:\/\/szukampracy.pl\/blog\/wp-json\/wp\/v2\/tags?post=6498"}],"curies":[{"name":"wp","href":"https:\/\/api.w.org\/{rel}","templated":true}]}}