{"id":6495,"date":"2025-03-19T18:21:37","date_gmt":"2025-03-19T18:21:37","guid":{"rendered":"https:\/\/szukampracy.pl\/blog\/?p=6495"},"modified":"2025-03-19T18:21:38","modified_gmt":"2025-03-19T18:21:38","slug":"o-czym-warto-pamietac-skladajac-roczne-rozliczenie-podatkowe","status":"publish","type":"post","link":"https:\/\/szukampracy.pl\/blog\/o-czym-warto-pamietac-skladajac-roczne-rozliczenie-podatkowe\/","title":{"rendered":"O czym warto pami\u0119ta\u0107 sk\u0142adaj\u0105c roczne rozliczenie podatkowe"},"content":{"rendered":"\n<p>Zasadniczo ju\u017c od 15 lutego bie\u017c\u0105cego roku mo\u017cna sk\u0142ada\u0107 rozliczenia z tytu\u0142u podatku PIT za rok 2024. Od tego dnia bowiem przedstawiciele skarb\u00f3wki udost\u0119pnili na portalu Tw\u00f3j e-PIT wst\u0119pnie wype\u0142nione podatkowe zeznania roczne, kt\u00f3re mo\u017cna zweryfikowa\u0107 i wys\u0142a\u0107. W tym kontek\u015bcie istotnym jest, by ka\u017cda osoba, kt\u00f3ra w ubieg\u0142ym roku poinformowa\u0142a swojego p\u0142atnika o tym, \u017ce chce skorzysta\u0107 z ulgi, zweryfikowa\u0142a czy na pewno mia\u0142a do niej prawo.<\/p>\n\n\n\n<p><strong>Co jest zatem istotne w kontek\u015bcie weryfikacji uprawnie\u0144 do ulg z tytu\u0142u podatku dochodowego?<\/strong><\/p>\n\n\n\n<p>Tak naprawd\u0119 ka\u017cda osoba, kt\u00f3ra w roku ubieg\u0142ym poinformowa\u0142a swojego p\u0142atnika o tym, i\u017c chce korzysta\u0107 z ulgi, powinna obecnie sprawdzi\u0107 czy na pewno mia\u0142a do niej prawo. Z tego obowi\u0105zku nie wyr\u0119czy podatnika pracodawca, bowiem nawet je\u015bli w trakcie 2024 roku p\u0142atnik oblicza\u0142 zaliczki na podatek dochodowy z uwzgl\u0119dnieniem kt\u00f3rego\u015b ze zwolnie\u0144 wymienionych w art. 21 ust. 1 pkt 152-154 ustawy o PIT, to nie mia\u0142 on obowi\u0105zku sprawdzi\u0107, czy zatrudniony z\u0142o\u017cy\u0142 prawdziwe o\u015bwiadczenie i spe\u0142nia\u0142 warunki do skorzystania z owych preferencji.<\/p>\n\n\n\n<p>Takie stanowisko znajduje swoje potwierdzenie r\u00f3wnie\u017c w interpretacji dyrektora Krajowej Informacji Skarbowej z 21 stycznia 2025 roku (sygn. 0112-KDIL2-1.4011.860.2024.1.KP) dotycz\u0105cej ulgi na powr\u00f3t, a tak\u017ce z brzmienia samego przepisu ustawy o PIT. Przepis ten ma r\u00f3wnie\u017c zastosowanie do zwolnie\u0144 z PIT dla pracuj\u0105cych senior\u00f3w oraz rodzic\u00f3w co najmniej czw\u00f3rki dzieci. Tym samym za\u015b za \u017ale wyliczony podatek tak naprawd\u0119 odpowiada sam pracownik, a grozi mu w\u00f3wczas nie tylko dop\u0142ata podatku z odsetkami za zw\u0142ok\u0119, lecz r\u00f3wnie\u017c odpowiedzialno\u015b\u0107 karna i to na podstawie dw\u00f3ch kodeks\u00f3w, mianowicie kodeksu karnego skarbowego i karnego.<\/p>\n\n\n\n<p>W tym miejscu warto wiedzie\u0107, i\u017c zgodnie z art. 31 pkt 9 ustawy o PIT o\u015bwiadczenie jest sk\u0142adane pod rygorem odpowiedzialno\u015bci karnej za z\u0142o\u017cenie fa\u0142szywego o\u015bwiadczenia i zawiera klauzul\u0119 o nast\u0119puj\u0105cej tre\u015bci: \u201eJestem \u015bwiadomy odpowiedzialno\u015bci karnej za z\u0142o\u017cenie fa\u0142szywego o\u015bwiadczenia\u201d. Klauzula powy\u017csza jest zamieszczona bezpo\u015brednio w formularzu PIT-2, za pomoc\u0105 kt\u00f3rego podatnik sk\u0142ada o\u015bwiadczenie, \u017ce spe\u0142nia warunki do zastosowania zwolnienia, o kt\u00f3rym mowa w:<\/p>\n\n\n\n<ul>\n<li>art. 21 ust. 1 pkt 152 ustawy o PIT &#8211; ulga na powr\u00f3t<\/li>\n\n\n\n<li>art. 21 ust. 1 pkt 153 ustawy o PIT &#8211; ulga dla rodzin 4 plus<\/li>\n\n\n\n<li>art. 21 ust. 1 pkt 154 ustawy o PIT &#8211; ulga dla pracuj\u0105cych senior\u00f3w<\/li>\n<\/ul>\n\n\n\n<p>Jak zatem podkre\u015bla Joanna Narkiewicz-Tar\u0142owska, dyrektor zarz\u0105dzaj\u0105ca i doradczyni podatkowa w Vialto Partners, niew\u0105tpliwie warto, aby osoby, kt\u00f3re w 2024 roku korzysta\u0142y z wy\u017cej wymienionych ulg podatkowych, jak najszybciej zweryfikowa\u0142y czy mia\u0142y do tego prawo, bowiem konsekwencje pomy\u0142ki w tym zakresie mog\u0105 by\u0107 dla nich bardzo dotkliwe.<\/p>\n\n\n\n<p>Pami\u0119ta\u0107 nale\u017cy r\u00f3wnie\u017c o tym, i\u017c gdy w trakcie minionego ju\u017c roku zmieni\u0142a si\u0119 sytuacja podatkowa, to w\u0142a\u015bnie na podatniku ci\u0105\u017cy obowi\u0105zek zaktualizowania z\u0142o\u017conych wniosk\u00f3w lub o\u015bwiadcze\u0144. Tutaj bowiem urz\u0105d skarbowy mo\u017ce zakwestionowa\u0107 dan\u0105 ulg\u0119 na podstawie dost\u0119pnych danych, jak chocia\u017cby w przypadku ulgi na powr\u00f3t &#8211; na podstawie miejsca rezydencji podatkowej czy okresu pobytu za granic\u0105.<\/p>\n\n\n\n<p><strong>Co jest jeszcze istotne w kontek\u015bcie wspomnianych ulg podatkowych?<\/strong><\/p>\n\n\n\n<p>Ka\u017cda z powy\u017cej wymienionych ulg podatkowych oznacza brak podatku od przychod\u00f3w do kwoty 85.528,00 z\u0142 rocznie, przy czym limit ten dotyczy wszystkich preferencji \u0142\u0105cznie. Po jego przekroczeniu podatnikowi przys\u0142uguje jeszcze kwota wolna w wysoko\u015bci 30.000,00 z\u0142.<\/p>\n\n\n\n<p>O\u015bwiadczenie o prawie do ulgi sk\u0142ada si\u0119 p\u0142atnikowi wyp\u0142acaj\u0105cemu przychody ze:<\/p>\n\n\n\n<ul>\n<li>stosunku s\u0142u\u017cbowego<\/li>\n\n\n\n<li>stosunku pracy<\/li>\n\n\n\n<li>pracy nak\u0142adczej<\/li>\n\n\n\n<li>sp\u00f3\u0142dzielczego stosunku pracy<\/li>\n\n\n\n<li>z um\u00f3w zlecenia, o kt\u00f3rych mowa w art. 13 pkt 8 ustawy<\/li>\n\n\n\n<li>zasi\u0142ku macierzy\u0144skiego<\/li>\n<\/ul>\n\n\n\n<p>Tym samym ulgi te nie dotycz\u0105 przychod\u00f3w z innych tytu\u0142\u00f3w zatrudnienia, jak chocia\u017cby z um\u00f3w o dzie\u0142o, um\u00f3w o zarz\u0105dzanie czy te\u017c kontrakt\u00f3w mened\u017cerskich.<\/p>\n\n\n\n<p>Generalnie ulga na powr\u00f3t przys\u0142uguje podatnikom, kt\u00f3rzy przez 3 poprzednie lata nie mieli miejsca zamieszkania w Polsce, a przenios\u0105 si\u0119 tutaj na sta\u0142e. Mog\u0105 oni w\u00f3wczas przez nast\u0119pne 4 lata, liczone od pocz\u0105tku roku powrotu b\u0105d\u017a od pocz\u0105tku nast\u0119pnego roku, nie p\u0142aci\u0107 podatku PIT od przychod\u00f3w do kwoty 85.528,00 z\u0142 rocznie.<\/p>\n\n\n\n<p>Aby z takiej ulgi skorzysta\u0107 nale\u017cy spe\u0142ni\u0107 warunki wymienione w art. 21 ust. 43 ustawy o PIT, z kt\u00f3rych wynika, i\u017c powracaj\u0105cy do Polski emigrant czy te\u017c cudzoziemiec powinien mi\u0119dzy innymi mie\u0107:<\/p>\n\n\n\n<ul>\n<li>obywatelstwo polskie b\u0105d\u017a Kart\u0119 Polaka, obywatelstwo innego kraju Unii Europejskiej, Europejskiego Obszaru Gospodarczego lub Szwajcarii, lub<\/li>\n\n\n\n<li>nieprzerwanie przez 3 lata poprzedzaj\u0105ce powr\u00f3t lub przyjazd do Polski miejsce zamieszkania w pa\u0144stwie cz\u0142onkowskim Unii Europejskiej lub pa\u0144stwie nale\u017c\u0105cym do Europejskiego Obszaru Gospodarczego, w Konfederacji Szwajcarskiej, Australii Republice Chile, Izraelu, Japonii, Kanadzie, Meksyka\u0144skich Stanach Zjednoczonych, Nowej Zelandii, Republice Korei, Zjednoczonym Kr\u00f3lestwie Wielkiej Brytanii i Irlandii P\u00f3\u0142nocnej lub w Stanach Zjednoczonych Ameryki.<\/li>\n<\/ul>\n\n\n\n<p>Kolejna ulga przeznaczona jest dla rodzic\u00f3w maj\u0105cych co najmniej czw\u00f3rk\u0119 dzieci, kt\u00f3re s\u0105:<\/p>\n\n\n\n<ul>\n<li>ma\u0142oletnie<\/li>\n\n\n\n<li>pe\u0142noletnie i otrzymuj\u0105 zasi\u0142ek piel\u0119gnacyjny lub rent\u0119 socjaln\u0105, niezale\u017cnie od wieku<\/li>\n\n\n\n<li>pe\u0142noletnie i ucz\u0105 si\u0119 lub studiuj\u0105 do uko\u0144czenia 25-go roku \u017cycia<\/li>\n<\/ul>\n\n\n\n<p>Ulga dla rodzic\u00f3w posiadaj\u0105cych czw\u00f3rk\u0119 dzieci przys\u0142uguje, je\u017celi wobec co najmniej tej czw\u00f3rki dzieci podatnik:<\/p>\n\n\n\n<ul>\n<li>posiada\u0142 w\u0142adz\u0119 rodzicielsk\u0105 lub<\/li>\n\n\n\n<li>pe\u0142ni\u0142 funkcj\u0119 opiekuna prawnego, a dzieci z nim zamieszkiwa\u0142y lub<\/li>\n\n\n\n<li>sprawowa\u0142 funkcj\u0119 rodziny zast\u0119pczej na podstawie s\u0105dowego orzeczenia lub umowy zawartej ze starost\u0105<\/li>\n<\/ul>\n\n\n\n<p>W odniesieniu do pe\u0142noletnich, ucz\u0105cych si\u0119 dzieci podatnik powinien wykonywa\u0107 ci\u0105\u017c\u0105cy na nim obowi\u0105zek alimentacyjny lub sprawowa\u0107 funkcj\u0119 rodziny zast\u0119pczej. W sytuacji tej ulgi limit zwolnienia, czyli 85.528,00 z\u0142 rocznie, dotyczy ka\u017cdego z rodzic\u00f3w lub opiekun\u00f3w prawnych.<\/p>\n\n\n\n<p>Kolejna ulga podatkowa dotyczy os\u00f3b, kt\u00f3re osi\u0105gn\u0105 wiek emerytalny, a mianowicie 60 lat dla kobiet i 65 lat dla m\u0119\u017cczyzn i nie pobieraj\u0105 emerytury lub renty, pomimo nabycia prawa do tych \u015bwiadcze\u0144. Przychody seniora zwolnione z podatku PIT, na podstawie art. 21 ust. 1 pkt 154 ustawy o PIT musz\u0105 podlega\u0107 ubezpieczeniom spo\u0142ecznym w rozumieniu ustawy o systemie ubezpiecze\u0144 spo\u0142ecznych.<\/p>\n\n\n\n<p>&nbsp;A zatem senior, kt\u00f3ry chce skorzysta\u0107 ze zwolnienia z PIT, nie mo\u017ce otrzymywa\u0107:<\/p>\n\n\n\n<ul>\n<li>emerytury ani renty rodzinnej wyp\u0142acanej przez KRUS, ZUS lub z mundurowych system\u00f3w ubezpiecze\u0144<\/li>\n\n\n\n<li>uposa\u017cenia przys\u0142uguj\u0105cego s\u0119dziemu w stanie spoczynku lub uposa\u017cenia rodzinnego<\/li>\n\n\n\n<li>\u015bwiadcze\u0144 pieni\u0119\u017cnych w zwi\u0105zku ze zwolnieniem ze s\u0142u\u017cby sta\u0142ej funkcjonariusza s\u0142u\u017cby mundurowej lub \u017co\u0142nierza<\/li>\n\n\n\n<li>\u015bwiadczenia, o kt\u00f3rym mowa w ustawie o \u015bwiadczeniu pieni\u0119\u017cnym przys\u0142uguj\u0105cym cz\u0142onkom rodziny funkcjonariuszy lub \u017co\u0142nierzy zawodowych kt\u00f3rych \u015bmier\u0107 nast\u0105pi\u0142a w zwi\u0105zku ze s\u0142u\u017cb\u0105 albo podj\u0119ciem poza s\u0142u\u017cb\u0105 czynno\u015bci ratowania \u017cycia lub zdrowia ludzkiego albo mienia<\/li>\n<\/ul>\n\n\n\n<p><strong>O czym zatem jeszcze warto pami\u0119ta\u0107 w kontek\u015bcie weryfikowania swoich uprawnie\u0144 do ulg podatkowych?<\/strong><\/p>\n\n\n\n<p>Co do zasady obawy odno\u015bnie do w\u0142a\u015bciwego stosowania ulg podatkowych dotycz\u0105 r\u00f3wnie\u017c p\u0142atnik\u00f3w i powi\u0105zane s\u0105 one z zastosowaniem tych ulg przy wyliczaniu zaliczki na podatek dochodowy PIT. Obawy te swoje \u017ar\u00f3d\u0142o maj\u0105 w brzmieniu art. 30 par. 1 ustawy o PIT, zgodnie z kt\u00f3rym p\u0142atnik, kt\u00f3ry nie wykona\u0142 swoich obowi\u0105zk\u00f3w, odpowiada za nie pobrany podatek lub pobrany, ale nie wp\u0142acony. Co do zasady wi\u0119c w tym zakresie odpowiedzialno\u015bci nie ponosi podatnik.<\/p>\n\n\n\n<p>Warto jednak pami\u0119ta\u0107, i\u017c w tym konkretnym wypadku jest inaczej, co wynika wprost ze wspomnianego art. 31a ust. 10 ustawy o PIT. Jednak\u017ce pomimo tego, p\u0142atnicy nadal wol\u0105 si\u0119 upewni\u0107, czy powinni weryfikowa\u0107 sk\u0142adane im o\u015bwiadczenia przez podatnik\u00f3w o przys\u0142uguj\u0105cych im ulgach podatkowych. W tym zakresie dyrektor Krajowej Informacji Skarbowej odpowiada, \u017ce takiego obowi\u0105zku nie maj\u0105 i mowa jest o tym chocia\u017cby w jego interpretacji z 21 stycznia 2025 roku, o kt\u00f3rej mowa by\u0142a na pocz\u0105tku artyku\u0142u.<\/p>\n\n\n\n<p>O w\u0142a\u015bciw\u0105 interpretacj\u0119 wyst\u0105pi\u0142a tutaj sp\u00f3\u0142ka, kt\u00f3ra zatrudnia zagranicznych specjalist\u00f3w, gdzie jeden z nich o\u015bwiadczy\u0142, \u017ce spe\u0142nia warunki do skorzystania z ulgi na powr\u00f3t. Sp\u00f3\u0142ka uwa\u017ca\u0142a, \u017ce nie ma podstaw, aby bada\u0107 prawdziwo\u015b\u0107 takiego o\u015bwiadczenia, tylko powinna zacz\u0105\u0107 potr\u0105ca\u0107 mniejsze zaliczki na podatek dochodowy PIT. Na poparcie swego stanowiska przywo\u0142ano tutaj interpretacje dyrektora Krajowej Informacji Skarbowej z 7 lipca 2023 roku i dyrektor potwierdzi\u0142, \u017ce sp\u00f3\u0142ka ma w tym wzgl\u0119dzie racj\u0119.<\/p>\n\n\n\n<p>Jednocze\u015bnie istotnym jest, i\u017c p\u0142atnik musi pomin\u0105\u0107, a zatem odrzuci\u0107 o\u015bwiadczenie o prawie do ulgi podatkowej, je\u017celi podatnik otrzymuje wynagrodzenie nieobj\u0119te zwolnieniem, jak chocia\u017cby z umowy o \u015bwiadczenie us\u0142ug zarz\u0105dzania. Gdyby bowiem w\u00f3wczas p\u0142atnik zastosowa\u0142 zwolnienie przy obliczaniu zaliczki na podatek dochodowy PIT, w\u00f3wczas odpowie on za nie pobrany w prawid\u0142owej wysoko\u015bci podatek dochodowy. Tutaj bowiem kluczowym jest to, i\u017c zwolnienie od opodatkowania dotyczy wy\u0142\u0105cznie enumeratywnie wymienionych w przepisie ustawy o PIT kategorii \u017ar\u00f3de\u0142 przychod\u00f3w, a w\u015br\u00f3d nich nie ma przychod\u00f3w z umowy o \u015bwiadczenie us\u0142ug zarz\u0105dzania.<\/p>\n\n\n\n<p><strong>O czym jeszcze warto pami\u0119ta\u0107 w kontek\u015bcie zastosowania ulgi podatkowej?<\/strong><\/p>\n\n\n\n<p>Jak podkre\u015bla Agnieszka Fija\u0142kowska-Wocial, doradca podatkowy w LTCA, podatnik, kt\u00f3ry z\u0142o\u017cy\u0142 o\u015bwiadczenie o zamiarze skorzystania z ulgi wskazanej w art. 21 ust. 1 pkt 152-154 ustawy o PIT powinien pami\u0119ta\u0107, i\u017c odpowiedzialno\u015b\u0107 za zani\u017cenie lub niepobranie podatku ci\u0105\u017cy w ca\u0142o\u015bci na nim. W sytuacji bowiem, gdy w z\u0142o\u017conym o\u015bwiadczeniu by\u0142y b\u0142\u0119dy, a zatem by\u0142o ono niezgodne ze stanem rzeczywistym, a w konsekwencji p\u0142atnik b\u0142\u0119dnie wylicza\u0142 zaliczki na podatek PIT w trakcie roku, to podatnik musi w swym zeznaniu rocznym prawid\u0142owo wykaza\u0107 nale\u017cny podatek i dop\u0142aci\u0107 brakuj\u0105c\u0105 kwot\u0119.<\/p>\n\n\n\n<p>Owe b\u0142\u0119dy w zeznaniu mog\u0105 wi\u0105za\u0107 si\u0119 nie tylko z konieczno\u015bci\u0105 zap\u0142aty dodatkowej kwoty, lecz r\u00f3wnie\u017c nara\u017caj\u0105 podatnika na odpowiedzialno\u015b\u0107 karno-skarbow\u0105. Ponadto zawiniony przez podatnika b\u0142\u0105d mo\u017ce te\u017c prowadzi\u0107 w skrajnych wypadkach do odpowiedzialno\u015bci na gruncie kodeksu karnego. A zatem sk\u0142adaj\u0105c zeznanie roczne za rok 2024 podatnik powinien niebywale skrupulatnie zweryfikowa\u0107, czy i w jakiej wysoko\u015bci przys\u0142uguje mu prawo do ulg podatkowych. Podkre\u015bli\u0107 nale\u017cy r\u00f3wnie\u017c, i\u017c jego odpowiedzialno\u015b\u0107 nie b\u0119dzie wy\u0142\u0105czona tak\u017ce w\u00f3wczas, gdy zeznanie podatkowe wst\u0119pnie przygotowa\u0142a Krajowa Administracja Skarbowa w ramach us\u0142ugi Tw\u00f3j e-PIT, albowiem r\u00f3wnie\u017c w tym przypadku niezb\u0119dna jest szczeg\u00f3\u0142owa weryfikacja zeznania przed jego zaakceptowaniem i z\u0142o\u017ceniem.<\/p>\n\n\n\n<p>Jednocze\u015bnie nale\u017ca\u0142oby r\u00f3wnie\u017c przypomnie\u0107 p\u0142atnikom, aby nie uciekali ca\u0142kowicie od weryfikowania sk\u0142adanych im o\u015bwiadcze\u0144 o ch\u0119ci skorzystania z ulgi podatkowej, niezale\u017cnie od interpretacji dyrektora Krajowej Informacji Skarbowej, kt\u00f3re potwierdzaj\u0105, \u017ce tego czyni\u0107 nie musz\u0105. W tym aspekcie bowiem niew\u0105tpliwie warto by\u0142oby zweryfikowa\u0107 chocia\u017cby prawo do ulgi w zakresie informacji dost\u0119pnych p\u0142atnikowi, jak chocia\u017cby w sytuacji z\u0142o\u017cenia o\u015bwiadczenia o zamiarze skorzystania ze zwolnienia przez osob\u0119 zatrudnion\u0105 na podstawie umowy o dzie\u0142o czy kontraktu mened\u017cerskiego. W takich bowiem sytuacjach ulga przecie\u017c w og\u00f3le nie przys\u0142uguje, a p\u0142atnik powinien mie\u0107 tego pe\u0142n\u0105 \u015bwiadomo\u015b\u0107. Podobnie jest w sytuacji, gdy zarobki pracownika w danym zak\u0142adzie pracy przekrocz\u0105 limity kwot uprawniaj\u0105cych do ulgi podatkowej.<\/p>\n\n\n\n<p>Podsumowuj\u0105c przedstawiciele urz\u0119du skarbowego udost\u0119pnili ju\u017c za po\u015brednictwem portalu Tw\u00f3j e-PIT dane podatkowe, na podstawie kt\u00f3rych podatnicy sk\u0142ada\u0107 mog\u0105 roczne rozliczenia podatkowe za rok 2024. W tym zakresie niebywale istotnym jest, aby szczeg\u00f3lnie podatnicy, kt\u00f3rzy w roku ubieg\u0142ym poinformowali swego p\u0142atnika, i\u017c chc\u0105 oni skorzysta\u0107 z ulgi podatkowej, dokonali weryfikacji, czy na pewno mieli do niej prawo. Tutaj bowiem to w\u0142a\u015bnie podatnik odpowiada za to, czy jego o\u015bwiadczenie o posiadanym prawie do ulgi podatkowej jest prawdziwe i sk\u0142adaj\u0105c je podlega on odpowiedzialno\u015bci karnej za z\u0142o\u017cenie fa\u0142szywego o\u015bwiadczenia. W\u00f3wczas poza potencjaln\u0105 dop\u0142at\u0105 podatku dochodowego z odsetkami za zw\u0142ok\u0119, grozi mu r\u00f3wnie\u017c odpowiedzialno\u015b\u0107 karna i to na podstawie dw\u00f3ch kodeks\u00f3w, mianowicie kodeksu karnego skarbowego oraz kodeksu karnego.<\/p>\n","protected":false},"excerpt":{"rendered":"<p>Zasadniczo ju\u017c od 15 lutego bie\u017c\u0105cego roku mo\u017cna sk\u0142ada\u0107 rozliczenia z tytu\u0142u podatku PIT za rok 2024. Od tego dnia<\/p>\n","protected":false},"author":3,"featured_media":6496,"comment_status":"open","ping_status":"open","sticky":false,"template":"","format":"standard","meta":{"footnotes":""},"categories":[3],"tags":[],"yoast_head":"<!-- This site is optimized with the Yoast SEO plugin v16.7 - https:\/\/yoast.com\/wordpress\/plugins\/seo\/ -->\n<title>O czym warto pami\u0119ta\u0107 sk\u0142adaj\u0105c roczne rozliczenie podatkowe - Artyku\u0142y dla Szukaj\u0105cych pracy<\/title>\n<meta name=\"description\" content=\"Zasadniczo ju\u017c od 15 lutego bie\u017c\u0105cego roku mo\u017cna sk\u0142ada\u0107 rozliczenia z tytu\u0142u podatku PIT za rok 2024. Od tego dnia bowiem przedstawiciele skarb\u00f3wki udost\u0119pnili na portalu Tw\u00f3j e-PIT wst\u0119pnie wype\u0142nione podatkowe zeznania roczne, kt\u00f3re mo\u017cna zweryfikowa\u0107 i wys\u0142a\u0107. W tym kontek\u015bcie istotnym jest, by ka\u017cda osoba, kt\u00f3ra w ubieg\u0142ym roku poinformowa\u0142a swojego p\u0142atnika o tym, \u017ce chce skorzysta\u0107 z ulgi, zweryfikowa\u0142a czy na pewno mia\u0142a do niej prawo.\" \/>\n<meta name=\"robots\" content=\"index, follow, max-snippet:-1, max-image-preview:large, max-video-preview:-1\" \/>\n<link rel=\"canonical\" href=\"https:\/\/szukampracy.pl\/blog\/o-czym-warto-pamietac-skladajac-roczne-rozliczenie-podatkowe\/\" \/>\n<meta property=\"og:locale\" content=\"pl_PL\" \/>\n<meta property=\"og:type\" content=\"article\" \/>\n<meta property=\"og:title\" content=\"O czym warto pami\u0119ta\u0107 sk\u0142adaj\u0105c roczne rozliczenie podatkowe - Artyku\u0142y dla Szukaj\u0105cych pracy\" \/>\n<meta property=\"og:description\" content=\"Zasadniczo ju\u017c od 15 lutego bie\u017c\u0105cego roku mo\u017cna sk\u0142ada\u0107 rozliczenia z tytu\u0142u podatku PIT za rok 2024. Od tego dnia bowiem przedstawiciele skarb\u00f3wki udost\u0119pnili na portalu Tw\u00f3j e-PIT wst\u0119pnie wype\u0142nione podatkowe zeznania roczne, kt\u00f3re mo\u017cna zweryfikowa\u0107 i wys\u0142a\u0107. W tym kontek\u015bcie istotnym jest, by ka\u017cda osoba, kt\u00f3ra w ubieg\u0142ym roku poinformowa\u0142a swojego p\u0142atnika o tym, \u017ce chce skorzysta\u0107 z ulgi, zweryfikowa\u0142a czy na pewno mia\u0142a do niej prawo.\" \/>\n<meta property=\"og:url\" content=\"https:\/\/szukampracy.pl\/blog\/o-czym-warto-pamietac-skladajac-roczne-rozliczenie-podatkowe\/\" \/>\n<meta property=\"og:site_name\" content=\"Blog Szukampracy.pl - Artyku\u0142y o rynku pracy i HR dla pracodawcy\" \/>\n<meta property=\"article:publisher\" content=\"https:\/\/www.facebook.com\/portalszukampracy\/\" \/>\n<meta property=\"article:published_time\" content=\"2025-03-19T18:21:37+00:00\" \/>\n<meta property=\"article:modified_time\" content=\"2025-03-19T18:21:38+00:00\" \/>\n<meta property=\"og:image\" content=\"https:\/\/szukampracy.pl\/blog\/wp-content\/uploads\/2025\/03\/money-with-smartphone-jar-scaled.jpg\" \/>\n\t<meta property=\"og:image:width\" content=\"1024\" \/>\n\t<meta property=\"og:image:height\" content=\"683\" \/>\n<meta name=\"twitter:card\" content=\"summary\" \/>\n<meta name=\"twitter:creator\" content=\"@SzukamPracyPl\" \/>\n<meta name=\"twitter:site\" content=\"@SzukamPracyPl\" \/>\n<meta name=\"twitter:label1\" content=\"Written by\" \/>\n\t<meta name=\"twitter:data1\" content=\"Ekspert \u0141ukasz\" \/>\n\t<meta name=\"twitter:label2\" content=\"Est. reading time\" \/>\n\t<meta name=\"twitter:data2\" content=\"10 minut\" \/>\n<script type=\"application\/ld+json\" class=\"yoast-schema-graph\">{\"@context\":\"https:\/\/schema.org\",\"@graph\":[{\"@type\":\"Organization\",\"@id\":\"https:\/\/szukampracy.pl\/blog\/#organization\",\"name\":\"Szukampracy.pl\",\"url\":\"https:\/\/szukampracy.pl\/blog\/\",\"sameAs\":[\"https:\/\/www.facebook.com\/portalszukampracy\/\",\"https:\/\/www.linkedin.com\/company\/szukampracy-pl\",\"https:\/\/www.youtube.com\/channel\/UCmY56pXKURtawvJjwIvU2YQ\",\"https:\/\/twitter.com\/SzukamPracyPl\"],\"logo\":{\"@type\":\"ImageObject\",\"@id\":\"https:\/\/szukampracy.pl\/blog\/#logo\",\"inLanguage\":\"pl-PL\",\"url\":\"https:\/\/szukampracy.pl\/blog\/wp-content\/uploads\/2017\/08\/logo-1.png\",\"contentUrl\":\"https:\/\/szukampracy.pl\/blog\/wp-content\/uploads\/2017\/08\/logo-1.png\",\"width\":240,\"height\":33,\"caption\":\"Szukampracy.pl\"},\"image\":{\"@id\":\"https:\/\/szukampracy.pl\/blog\/#logo\"}},{\"@type\":\"WebSite\",\"@id\":\"https:\/\/szukampracy.pl\/blog\/#website\",\"url\":\"https:\/\/szukampracy.pl\/blog\/\",\"name\":\"Blog Szukampracy.pl - Artyku\\u0142y o rynku pracy i HR dla pracodawcy\",\"description\":\"Nasz blog powsta\\u0142 z my\\u015bl\\u0105 o Pracodawcach, Pracownikach i Kandydatach b\\u0119d\\u0105cych na etapie zapoznawania si\\u0119 z og\\u0142oszeniami o prac\\u0119. Mo\\u017cna u nas znale\\u017a\\u0107 artyku\\u0142y o rynku pracy, z dziedziny HR, zarz\\u0105dzania, ofert pracy za granic\\u0105 oraz inne ciekawostki. Nie wahaj si\\u0119 nas odwiedzi\\u0107\",\"publisher\":{\"@id\":\"https:\/\/szukampracy.pl\/blog\/#organization\"},\"potentialAction\":[{\"@type\":\"SearchAction\",\"target\":{\"@type\":\"EntryPoint\",\"urlTemplate\":\"https:\/\/szukampracy.pl\/blog\/?s={search_term_string}\"},\"query-input\":\"required name=search_term_string\"}],\"inLanguage\":\"pl-PL\"},{\"@type\":\"ImageObject\",\"@id\":\"https:\/\/szukampracy.pl\/blog\/o-czym-warto-pamietac-skladajac-roczne-rozliczenie-podatkowe\/#primaryimage\",\"inLanguage\":\"pl-PL\",\"url\":\"https:\/\/szukampracy.pl\/blog\/wp-content\/uploads\/2025\/03\/money-with-smartphone-jar-scaled.jpg\",\"contentUrl\":\"https:\/\/szukampracy.pl\/blog\/wp-content\/uploads\/2025\/03\/money-with-smartphone-jar-scaled.jpg\",\"width\":1024,\"height\":683},{\"@type\":\"WebPage\",\"@id\":\"https:\/\/szukampracy.pl\/blog\/o-czym-warto-pamietac-skladajac-roczne-rozliczenie-podatkowe\/#webpage\",\"url\":\"https:\/\/szukampracy.pl\/blog\/o-czym-warto-pamietac-skladajac-roczne-rozliczenie-podatkowe\/\",\"name\":\"O czym warto pami\\u0119ta\\u0107 sk\\u0142adaj\\u0105c roczne rozliczenie podatkowe - Artyku\\u0142y dla Szukaj\\u0105cych pracy\",\"isPartOf\":{\"@id\":\"https:\/\/szukampracy.pl\/blog\/#website\"},\"primaryImageOfPage\":{\"@id\":\"https:\/\/szukampracy.pl\/blog\/o-czym-warto-pamietac-skladajac-roczne-rozliczenie-podatkowe\/#primaryimage\"},\"datePublished\":\"2025-03-19T18:21:37+00:00\",\"dateModified\":\"2025-03-19T18:21:38+00:00\",\"description\":\"Zasadniczo ju\\u017c od 15 lutego bie\\u017c\\u0105cego roku mo\\u017cna sk\\u0142ada\\u0107 rozliczenia z tytu\\u0142u podatku PIT za rok 2024. Od tego dnia bowiem przedstawiciele skarb\\u00f3wki udost\\u0119pnili na portalu Tw\\u00f3j e-PIT wst\\u0119pnie wype\\u0142nione podatkowe zeznania roczne, kt\\u00f3re mo\\u017cna zweryfikowa\\u0107 i wys\\u0142a\\u0107. W tym kontek\\u015bcie istotnym jest, by ka\\u017cda osoba, kt\\u00f3ra w ubieg\\u0142ym roku poinformowa\\u0142a swojego p\\u0142atnika o tym, \\u017ce chce skorzysta\\u0107 z ulgi, zweryfikowa\\u0142a czy na pewno mia\\u0142a do niej prawo.\",\"breadcrumb\":{\"@id\":\"https:\/\/szukampracy.pl\/blog\/o-czym-warto-pamietac-skladajac-roczne-rozliczenie-podatkowe\/#breadcrumb\"},\"inLanguage\":\"pl-PL\",\"potentialAction\":[{\"@type\":\"ReadAction\",\"target\":[\"https:\/\/szukampracy.pl\/blog\/o-czym-warto-pamietac-skladajac-roczne-rozliczenie-podatkowe\/\"]}]},{\"@type\":\"BreadcrumbList\",\"@id\":\"https:\/\/szukampracy.pl\/blog\/o-czym-warto-pamietac-skladajac-roczne-rozliczenie-podatkowe\/#breadcrumb\",\"itemListElement\":[{\"@type\":\"ListItem\",\"position\":1,\"name\":\"Blog\",\"item\":\"https:\/\/szukampracy.pl\/blog\/\"},{\"@type\":\"ListItem\",\"position\":2,\"name\":\"Najnowsze Artyku\\u0142y\",\"item\":\"https:\/\/szukampracy.pl\/blog\/najnowsze\/\"},{\"@type\":\"ListItem\",\"position\":3,\"name\":\"O czym warto pami\\u0119ta\\u0107 sk\\u0142adaj\\u0105c roczne rozliczenie podatkowe\"}]},{\"@type\":\"Article\",\"@id\":\"https:\/\/szukampracy.pl\/blog\/o-czym-warto-pamietac-skladajac-roczne-rozliczenie-podatkowe\/#article\",\"isPartOf\":{\"@id\":\"https:\/\/szukampracy.pl\/blog\/o-czym-warto-pamietac-skladajac-roczne-rozliczenie-podatkowe\/#webpage\"},\"author\":{\"@id\":\"https:\/\/szukampracy.pl\/blog\/#\/schema\/person\/3952d4bf69b606b39399e9e649ef2394\"},\"headline\":\"O czym warto pami\\u0119ta\\u0107 sk\\u0142adaj\\u0105c roczne rozliczenie podatkowe\",\"datePublished\":\"2025-03-19T18:21:37+00:00\",\"dateModified\":\"2025-03-19T18:21:38+00:00\",\"mainEntityOfPage\":{\"@id\":\"https:\/\/szukampracy.pl\/blog\/o-czym-warto-pamietac-skladajac-roczne-rozliczenie-podatkowe\/#webpage\"},\"wordCount\":2099,\"commentCount\":0,\"publisher\":{\"@id\":\"https:\/\/szukampracy.pl\/blog\/#organization\"},\"image\":{\"@id\":\"https:\/\/szukampracy.pl\/blog\/o-czym-warto-pamietac-skladajac-roczne-rozliczenie-podatkowe\/#primaryimage\"},\"thumbnailUrl\":\"https:\/\/szukampracy.pl\/blog\/wp-content\/uploads\/2025\/03\/money-with-smartphone-jar-scaled.jpg\",\"articleSection\":[\"Najnowsze Artyku\\u0142y\"],\"inLanguage\":\"pl-PL\",\"potentialAction\":[{\"@type\":\"CommentAction\",\"name\":\"Comment\",\"target\":[\"https:\/\/szukampracy.pl\/blog\/o-czym-warto-pamietac-skladajac-roczne-rozliczenie-podatkowe\/#respond\"]}]},{\"@type\":\"Person\",\"@id\":\"https:\/\/szukampracy.pl\/blog\/#\/schema\/person\/3952d4bf69b606b39399e9e649ef2394\",\"name\":\"Ekspert \\u0141ukasz\",\"image\":{\"@type\":\"ImageObject\",\"@id\":\"https:\/\/szukampracy.pl\/blog\/#personlogo\",\"inLanguage\":\"pl-PL\",\"url\":\"https:\/\/secure.gravatar.com\/avatar\/7733c11b2e55f533f1cae76b6c86129d?s=96&d=mm&r=g\",\"contentUrl\":\"https:\/\/secure.gravatar.com\/avatar\/7733c11b2e55f533f1cae76b6c86129d?s=96&d=mm&r=g\",\"caption\":\"Ekspert \\u0141ukasz\"},\"description\":\"Ekspert \\u0141ukasz swoje wieloletnie do\\u015bwiadczenie na rynku pracy postanowi\\u0142 przekaza\\u0107 tak\\u017ce na naszym blogu. Jego artyku\\u0142y dotycz\\u0105 aktualnych zmian gospodarczych a tak\\u017ce tych na rynku pracy. Z ch\\u0119cia udzieli porad pracodawc\\u0105, kt\\u00f3rzy pr\\u0119\\u017cnie rozwijaj\\u0105 swoje firmy.\"}]}<\/script>\n<!-- \/ Yoast SEO plugin. -->","yoast_head_json":{"title":"O czym warto pami\u0119ta\u0107 sk\u0142adaj\u0105c roczne rozliczenie podatkowe - Artyku\u0142y dla Szukaj\u0105cych pracy","description":"Zasadniczo ju\u017c od 15 lutego bie\u017c\u0105cego roku mo\u017cna sk\u0142ada\u0107 rozliczenia z tytu\u0142u podatku PIT za rok 2024. Od tego dnia bowiem przedstawiciele skarb\u00f3wki udost\u0119pnili na portalu Tw\u00f3j e-PIT wst\u0119pnie wype\u0142nione podatkowe zeznania roczne, kt\u00f3re mo\u017cna zweryfikowa\u0107 i wys\u0142a\u0107. W tym kontek\u015bcie istotnym jest, by ka\u017cda osoba, kt\u00f3ra w ubieg\u0142ym roku poinformowa\u0142a swojego p\u0142atnika o tym, \u017ce chce skorzysta\u0107 z ulgi, zweryfikowa\u0142a czy na pewno mia\u0142a do niej prawo.","robots":{"index":"index","follow":"follow","max-snippet":"max-snippet:-1","max-image-preview":"max-image-preview:large","max-video-preview":"max-video-preview:-1"},"canonical":"https:\/\/szukampracy.pl\/blog\/o-czym-warto-pamietac-skladajac-roczne-rozliczenie-podatkowe\/","og_locale":"pl_PL","og_type":"article","og_title":"O czym warto pami\u0119ta\u0107 sk\u0142adaj\u0105c roczne rozliczenie podatkowe - Artyku\u0142y dla Szukaj\u0105cych pracy","og_description":"Zasadniczo ju\u017c od 15 lutego bie\u017c\u0105cego roku mo\u017cna sk\u0142ada\u0107 rozliczenia z tytu\u0142u podatku PIT za rok 2024. Od tego dnia bowiem przedstawiciele skarb\u00f3wki udost\u0119pnili na portalu Tw\u00f3j e-PIT wst\u0119pnie wype\u0142nione podatkowe zeznania roczne, kt\u00f3re mo\u017cna zweryfikowa\u0107 i wys\u0142a\u0107. W tym kontek\u015bcie istotnym jest, by ka\u017cda osoba, kt\u00f3ra w ubieg\u0142ym roku poinformowa\u0142a swojego p\u0142atnika o tym, \u017ce chce skorzysta\u0107 z ulgi, zweryfikowa\u0142a czy na pewno mia\u0142a do niej prawo.","og_url":"https:\/\/szukampracy.pl\/blog\/o-czym-warto-pamietac-skladajac-roczne-rozliczenie-podatkowe\/","og_site_name":"Blog Szukampracy.pl - Artyku\u0142y o rynku pracy i HR dla pracodawcy","article_publisher":"https:\/\/www.facebook.com\/portalszukampracy\/","article_published_time":"2025-03-19T18:21:37+00:00","article_modified_time":"2025-03-19T18:21:38+00:00","og_image":[{"width":1024,"height":683,"filesize":153128,"url":"https:\/\/szukampracy.pl\/blog\/wp-content\/uploads\/2025\/03\/money-with-smartphone-jar-scaled.jpg","path":"\/home\/szukamprac\/domains\/szukampracy.pl\/public_html\/blog\/wp-content\/uploads\/2025\/03\/money-with-smartphone-jar-scaled.jpg","size":"full","id":6496,"alt":"","pixels":699392,"type":"image\/jpeg"}],"twitter_card":"summary","twitter_creator":"@SzukamPracyPl","twitter_site":"@SzukamPracyPl","twitter_misc":{"Written by":"Ekspert \u0141ukasz","Est. reading time":"10 minut"},"schema":{"@context":"https:\/\/schema.org","@graph":[{"@type":"Organization","@id":"https:\/\/szukampracy.pl\/blog\/#organization","name":"Szukampracy.pl","url":"https:\/\/szukampracy.pl\/blog\/","sameAs":["https:\/\/www.facebook.com\/portalszukampracy\/","https:\/\/www.linkedin.com\/company\/szukampracy-pl","https:\/\/www.youtube.com\/channel\/UCmY56pXKURtawvJjwIvU2YQ","https:\/\/twitter.com\/SzukamPracyPl"],"logo":{"@type":"ImageObject","@id":"https:\/\/szukampracy.pl\/blog\/#logo","inLanguage":"pl-PL","url":"https:\/\/szukampracy.pl\/blog\/wp-content\/uploads\/2017\/08\/logo-1.png","contentUrl":"https:\/\/szukampracy.pl\/blog\/wp-content\/uploads\/2017\/08\/logo-1.png","width":240,"height":33,"caption":"Szukampracy.pl"},"image":{"@id":"https:\/\/szukampracy.pl\/blog\/#logo"}},{"@type":"WebSite","@id":"https:\/\/szukampracy.pl\/blog\/#website","url":"https:\/\/szukampracy.pl\/blog\/","name":"Blog Szukampracy.pl - Artyku\u0142y o rynku pracy i HR dla pracodawcy","description":"Nasz blog powsta\u0142 z my\u015bl\u0105 o Pracodawcach, Pracownikach i Kandydatach b\u0119d\u0105cych na etapie zapoznawania si\u0119 z og\u0142oszeniami o prac\u0119. Mo\u017cna u nas znale\u017a\u0107 artyku\u0142y o rynku pracy, z dziedziny HR, zarz\u0105dzania, ofert pracy za granic\u0105 oraz inne ciekawostki. Nie wahaj si\u0119 nas odwiedzi\u0107","publisher":{"@id":"https:\/\/szukampracy.pl\/blog\/#organization"},"potentialAction":[{"@type":"SearchAction","target":{"@type":"EntryPoint","urlTemplate":"https:\/\/szukampracy.pl\/blog\/?s={search_term_string}"},"query-input":"required name=search_term_string"}],"inLanguage":"pl-PL"},{"@type":"ImageObject","@id":"https:\/\/szukampracy.pl\/blog\/o-czym-warto-pamietac-skladajac-roczne-rozliczenie-podatkowe\/#primaryimage","inLanguage":"pl-PL","url":"https:\/\/szukampracy.pl\/blog\/wp-content\/uploads\/2025\/03\/money-with-smartphone-jar-scaled.jpg","contentUrl":"https:\/\/szukampracy.pl\/blog\/wp-content\/uploads\/2025\/03\/money-with-smartphone-jar-scaled.jpg","width":1024,"height":683},{"@type":"WebPage","@id":"https:\/\/szukampracy.pl\/blog\/o-czym-warto-pamietac-skladajac-roczne-rozliczenie-podatkowe\/#webpage","url":"https:\/\/szukampracy.pl\/blog\/o-czym-warto-pamietac-skladajac-roczne-rozliczenie-podatkowe\/","name":"O czym warto pami\u0119ta\u0107 sk\u0142adaj\u0105c roczne rozliczenie podatkowe - Artyku\u0142y dla Szukaj\u0105cych pracy","isPartOf":{"@id":"https:\/\/szukampracy.pl\/blog\/#website"},"primaryImageOfPage":{"@id":"https:\/\/szukampracy.pl\/blog\/o-czym-warto-pamietac-skladajac-roczne-rozliczenie-podatkowe\/#primaryimage"},"datePublished":"2025-03-19T18:21:37+00:00","dateModified":"2025-03-19T18:21:38+00:00","description":"Zasadniczo ju\u017c od 15 lutego bie\u017c\u0105cego roku mo\u017cna sk\u0142ada\u0107 rozliczenia z tytu\u0142u podatku PIT za rok 2024. Od tego dnia bowiem przedstawiciele skarb\u00f3wki udost\u0119pnili na portalu Tw\u00f3j e-PIT wst\u0119pnie wype\u0142nione podatkowe zeznania roczne, kt\u00f3re mo\u017cna zweryfikowa\u0107 i wys\u0142a\u0107. W tym kontek\u015bcie istotnym jest, by ka\u017cda osoba, kt\u00f3ra w ubieg\u0142ym roku poinformowa\u0142a swojego p\u0142atnika o tym, \u017ce chce skorzysta\u0107 z ulgi, zweryfikowa\u0142a czy na pewno mia\u0142a do niej prawo.","breadcrumb":{"@id":"https:\/\/szukampracy.pl\/blog\/o-czym-warto-pamietac-skladajac-roczne-rozliczenie-podatkowe\/#breadcrumb"},"inLanguage":"pl-PL","potentialAction":[{"@type":"ReadAction","target":["https:\/\/szukampracy.pl\/blog\/o-czym-warto-pamietac-skladajac-roczne-rozliczenie-podatkowe\/"]}]},{"@type":"BreadcrumbList","@id":"https:\/\/szukampracy.pl\/blog\/o-czym-warto-pamietac-skladajac-roczne-rozliczenie-podatkowe\/#breadcrumb","itemListElement":[{"@type":"ListItem","position":1,"name":"Blog","item":"https:\/\/szukampracy.pl\/blog\/"},{"@type":"ListItem","position":2,"name":"Najnowsze Artyku\u0142y","item":"https:\/\/szukampracy.pl\/blog\/najnowsze\/"},{"@type":"ListItem","position":3,"name":"O czym warto pami\u0119ta\u0107 sk\u0142adaj\u0105c roczne rozliczenie podatkowe"}]},{"@type":"Article","@id":"https:\/\/szukampracy.pl\/blog\/o-czym-warto-pamietac-skladajac-roczne-rozliczenie-podatkowe\/#article","isPartOf":{"@id":"https:\/\/szukampracy.pl\/blog\/o-czym-warto-pamietac-skladajac-roczne-rozliczenie-podatkowe\/#webpage"},"author":{"@id":"https:\/\/szukampracy.pl\/blog\/#\/schema\/person\/3952d4bf69b606b39399e9e649ef2394"},"headline":"O czym warto pami\u0119ta\u0107 sk\u0142adaj\u0105c roczne rozliczenie podatkowe","datePublished":"2025-03-19T18:21:37+00:00","dateModified":"2025-03-19T18:21:38+00:00","mainEntityOfPage":{"@id":"https:\/\/szukampracy.pl\/blog\/o-czym-warto-pamietac-skladajac-roczne-rozliczenie-podatkowe\/#webpage"},"wordCount":2099,"commentCount":0,"publisher":{"@id":"https:\/\/szukampracy.pl\/blog\/#organization"},"image":{"@id":"https:\/\/szukampracy.pl\/blog\/o-czym-warto-pamietac-skladajac-roczne-rozliczenie-podatkowe\/#primaryimage"},"thumbnailUrl":"https:\/\/szukampracy.pl\/blog\/wp-content\/uploads\/2025\/03\/money-with-smartphone-jar-scaled.jpg","articleSection":["Najnowsze Artyku\u0142y"],"inLanguage":"pl-PL","potentialAction":[{"@type":"CommentAction","name":"Comment","target":["https:\/\/szukampracy.pl\/blog\/o-czym-warto-pamietac-skladajac-roczne-rozliczenie-podatkowe\/#respond"]}]},{"@type":"Person","@id":"https:\/\/szukampracy.pl\/blog\/#\/schema\/person\/3952d4bf69b606b39399e9e649ef2394","name":"Ekspert \u0141ukasz","image":{"@type":"ImageObject","@id":"https:\/\/szukampracy.pl\/blog\/#personlogo","inLanguage":"pl-PL","url":"https:\/\/secure.gravatar.com\/avatar\/7733c11b2e55f533f1cae76b6c86129d?s=96&d=mm&r=g","contentUrl":"https:\/\/secure.gravatar.com\/avatar\/7733c11b2e55f533f1cae76b6c86129d?s=96&d=mm&r=g","caption":"Ekspert \u0141ukasz"},"description":"Ekspert \u0141ukasz swoje wieloletnie do\u015bwiadczenie na rynku pracy postanowi\u0142 przekaza\u0107 tak\u017ce na naszym blogu. Jego artyku\u0142y dotycz\u0105 aktualnych zmian gospodarczych a tak\u017ce tych na rynku pracy. Z ch\u0119cia udzieli porad pracodawc\u0105, kt\u00f3rzy pr\u0119\u017cnie rozwijaj\u0105 swoje firmy."}]}},"fimg_url":"https:\/\/szukampracy.pl\/blog\/wp-content\/uploads\/2025\/03\/money-with-smartphone-jar-scaled.jpg","amp_enabled":true,"_links":{"self":[{"href":"https:\/\/szukampracy.pl\/blog\/wp-json\/wp\/v2\/posts\/6495"}],"collection":[{"href":"https:\/\/szukampracy.pl\/blog\/wp-json\/wp\/v2\/posts"}],"about":[{"href":"https:\/\/szukampracy.pl\/blog\/wp-json\/wp\/v2\/types\/post"}],"author":[{"embeddable":true,"href":"https:\/\/szukampracy.pl\/blog\/wp-json\/wp\/v2\/users\/3"}],"replies":[{"embeddable":true,"href":"https:\/\/szukampracy.pl\/blog\/wp-json\/wp\/v2\/comments?post=6495"}],"version-history":[{"count":1,"href":"https:\/\/szukampracy.pl\/blog\/wp-json\/wp\/v2\/posts\/6495\/revisions"}],"predecessor-version":[{"id":6497,"href":"https:\/\/szukampracy.pl\/blog\/wp-json\/wp\/v2\/posts\/6495\/revisions\/6497"}],"wp:featuredmedia":[{"embeddable":true,"href":"https:\/\/szukampracy.pl\/blog\/wp-json\/wp\/v2\/media\/6496"}],"wp:attachment":[{"href":"https:\/\/szukampracy.pl\/blog\/wp-json\/wp\/v2\/media?parent=6495"}],"wp:term":[{"taxonomy":"category","embeddable":true,"href":"https:\/\/szukampracy.pl\/blog\/wp-json\/wp\/v2\/categories?post=6495"},{"taxonomy":"post_tag","embeddable":true,"href":"https:\/\/szukampracy.pl\/blog\/wp-json\/wp\/v2\/tags?post=6495"}],"curies":[{"name":"wp","href":"https:\/\/api.w.org\/{rel}","templated":true}]}}