{"id":6307,"date":"2024-09-16T20:04:00","date_gmt":"2024-09-16T20:04:00","guid":{"rendered":"https:\/\/szukampracy.pl\/blog\/?p=6307"},"modified":"2024-09-15T12:06:27","modified_gmt":"2024-09-15T12:06:27","slug":"coraz-blizej-prawa-do-bycia-offline","status":"publish","type":"post","link":"https:\/\/szukampracy.pl\/blog\/coraz-blizej-prawa-do-bycia-offline\/","title":{"rendered":"Coraz bli\u017cej prawa do bycia offline"},"content":{"rendered":"\n<p>Wszystko wskazuje na to, i\u017c mamy ju\u017c coraz bli\u017cej do prawa do bycia offline pracownik\u00f3w. W tym kontek\u015bcie przedstawiciele Komisji Europejskiej nie rezygnuj\u0105 z regulacji kwestii telepracy i prawa do od\u0142\u0105czenia i niebawem rusza kolejny etap prac w tym zakresie. Pracownicy nie mog\u0105 tutaj ju\u017c wr\u0119cz doczeka\u0107 si\u0119 owych nowych regulacji, natomiast pracodawcy powa\u017cnie si\u0119 ich obawiaj\u0105.<\/p>\n\n\n\n<p><strong>Co jest zatem istotne w kontek\u015bcie prac nad uregulowaniem prawa do bycia offline pracownik\u00f3w?<\/strong><\/p>\n\n\n\n<p>Generalnie w Komisji Europejskiej ruszy\u0142y przygotowania do drugiego etapu formalnych konsultacji z europejskimi partnerami spo\u0142ecznymi, bowiem pierwszy etap zako\u0144czy\u0142 si\u0119 25 czerwca bie\u017c\u0105cego roku. Jak podkre\u015bla Veerle Nuyts, rzeczniczka komisji do spraw gospodarczych, finansowych, pracy i spraw socjalnych, po uzgodnieniach z partnerami spo\u0142ecznymi b\u0119d\u0105 mie\u0107 miejsce jeszcze otwarte konsultacje spo\u0142eczne i dopiero potem powstanie projekt dyrektywy, reguluj\u0105cej prawo do bycia offline.<\/p>\n\n\n\n<p>Przygotowuj\u0105c sam wniosek dotycz\u0105cy uchwa\u0142y Parlamentu Europejskiego Komisja Europejska uwzgl\u0119dni wyniki konsultacji, ale r\u00f3wnie\u017c dowody zebrane w ramach bada\u0144. Termin przedstawienia gotowego aktu prawnego zale\u017ce\u0107 b\u0119dzie od wyniku procedur.<\/p>\n\n\n\n<p>W powy\u017cszym aspekcie stanowisko Polski przedstawione zostanie po opublikowaniu projektu dyrektywy, kt\u00f3rej celem b\u0119dzie zaj\u0119cie si\u0119 problematyk\u0105 minimalnych norm i warunk\u00f3w dotycz\u0105cych prawa do od\u0142\u0105czenia si\u0119 oraz minimalnych wymog\u00f3w dotycz\u0105cych telepracy w ca\u0142ej Unii Europejskiej. Poprzez prawo do od\u0142\u0105czenia si\u0119 nale\u017cy rozumie\u0107 nieodbieranie e-maili czy telefon\u00f3w od pracodawcy po godzinach pracy.<\/p>\n\n\n\n<p>W tym zakresie pracodawcy s\u0105 do\u015b\u0107 sceptycznie nastawieni do kolejnej regulacji w prawie, tym bardziej, i\u017c wed\u0142ug nich z obowi\u0105zuj\u0105cych przepis\u00f3w wynika ju\u017c prawo pracownika do czasu wolnego od pracy. Jak bowiem zauwa\u017ca Robert Lisicki, dyrektor departamentu pracy w Konfederacji Lewiatan, tak naprawd\u0119 w szczeg\u00f3lno\u015bci z regulacji dotycz\u0105cych czasu pracy i urlopu wypoczynkowego wynika ju\u017c prawo pracownika do czasu wolnego. Chyba, \u017ce pracodawca, zgodnie z przepisami, zaplanowa\u0142 dy\u017cur b\u0105d\u017a poleci\u0142 prac\u0119 w godzinach nadliczbowych. Jednocze\u015bnie zagwarantowane jest r\u00f3wnie\u017c prawo do odpoczynku dobowego i tygodniowego oraz urlopu wypoczynkowego. W tym aspekcie zobowi\u0105zanie pracownika przez pracodawc\u0119 do pozostawania w gotowo\u015bci do pracy czy wymuszanie na nim \u015bwiadczenia pracy w czasie urlopu wypoczynkowego, stanowi zaprzeczenie jego istoty.<\/p>\n\n\n\n<p>Jednocze\u015bnie Paulina Zawadzka-Filipczyk, starszy prawnik w Kancelarii Raczkowski, podkre\u015bla, i\u017c uprawnienie pracownika do od\u0142\u0105czenia si\u0119 zosta\u0142o r\u00f3wnie\u017c zauwa\u017cone w wyroku z 8 marca 2017 roku (sygn. akt II PK 26\/16), gdzie s\u0119dziowie S\u0105du Najwy\u017cszego stwierdzili wprost, i\u017c pracownik przebywaj\u0105cy na urlopie wypoczynkowym nie ma obowi\u0105zku kontrolowania poczty elektronicznej. Tak naprawd\u0119 pozostawanie przez pracownika w kontakcie z pracodawc\u0105 by\u0142oby sprzeczne z celem urlopu. Jednocze\u015bnie w sytuacji, gdyby pracodawca wymaga\u0142 od pracownika pozostawania w sta\u0142ym kontakcie w celach s\u0142u\u017cbowych, w\u00f3wczas pracownik m\u00f3g\u0142by uzna\u0107 to za \u015bwiadczenie pracy i \u017c\u0105da\u0107 zap\u0142aty pe\u0142nego wynagrodzenia i w konsekwencji udzielenia mu urlopu wypoczynkowego w innym terminie.<\/p>\n\n\n\n<p><strong>Jak jeszcze spojrze\u0107 mo\u017cna na prawo pracownika do bycia offline?<\/strong><\/p>\n\n\n\n<p>Zdaniem Joanny Torbe-Jacko, eksperta Business Centre Club do spraw prawa pracy i ubezpiecze\u0144 spo\u0142ecznych, pracodawcy powa\u017cnie obawiaj\u0105 si\u0119 kolejnego przeregulowania i przyznania dodatkowych praw tylko jednej stronie stosunku pracy. Tutaj niew\u0105tpliwie regulacje prawne powinny chroni\u0107 r\u00f3wnie\u017c pracodawc\u0119 przed nadu\u017cyciami ze strony pracownik\u00f3w, a dyrektywa powinna pozostawia\u0107 pracodawcy i pracownikowi jak najwi\u0119ksze pole do w\u0142asnych ustale\u0144, gdy\u017c rynek pracy potrzebuje obecnie bardzo du\u017cej elastyczno\u015bci.<\/p>\n\n\n\n<p>Niestety pracownicy nadu\u017cywaj\u0105 chocia\u017cby obecnie formy zdalnej do niewykonywania pracy, st\u0105d te\u017c coraz cz\u0119\u015bciej m\u00f3wi si\u0119 o nowym zjawisku jakim jest \u201epraca zdalna pozorowana\u201d. Pracodawcy, poza tym maj\u0105 r\u00f3wnie\u017c problem z sytuacjami, gdy pracownicy po godzinach odpowiadaj\u0105 chocia\u017cby na s\u0142u\u017cbow\u0105 korespondencj\u0119 e-mailow\u0105.<\/p>\n\n\n\n<p>Niew\u0105tpliwie znacznie lepiej by\u0142oby, gdyby g\u0142\u00f3wne dzia\u0142ania podejmowane by\u0142y na szczeblu zak\u0142ad\u00f3w pracy, gdy\u017c konieczno\u015b\u0107 wdro\u017cenia regulacji i rodzaj narz\u0119dzi zale\u017c\u0105 od bardzo wielu kryteri\u00f3w, zale\u017cnych od charakteru pracy, specyfiki bran\u017cy w jakiej dzia\u0142a pracodawca czy te\u017c oczekiwa\u0144 pracownika. Niekt\u00f3re przedsi\u0119biorstwa ju\u017c obecnie wprowadzaj\u0105 og\u00f3lne zasady zwi\u0105zane z byciem offline dla w\u0142asnego bezpiecze\u0144stwa, cho\u0107by po to, by pracownik nie wyst\u0105pi\u0142 z roszczeniami, wskazuj\u0105c, \u017ce pracowa\u0142 w nielimitowanym wymiarze czasu pracy.<\/p>\n\n\n\n<p>Rozwa\u017caj\u0105c wprowadzenie nowego prawa powinni\u015bmy w swej dyskusji skoncentrowa\u0107 si\u0119 nie tylko na prawie do od\u0142\u0105czenia jako prawie pracownik\u00f3w. Kluczowym bowiem powinno by\u0107 tutaj pytanie, czy ma to by\u0107 prawo pracownika czy obowi\u0105zek pracodawcy, w zakresie zapewnienia technicznych rozwi\u0105za\u0144 uniemo\u017cliwiaj\u0105cych pracownikowi kontakt ze \u015brodowiskiem pracy. St\u0105d te\u017c pracodawcy przewiduj\u0105, i\u017c prawo pracownika do bycia offline skomplikuje ich funkcjonowanie i ponownie zwi\u0119kszy koszty dzia\u0142alno\u015bci.<\/p>\n\n\n\n<p><strong>Co jeszcze ma znaczenie w kontek\u015bcie prawa pracownika do bycia offline?<\/strong><\/p>\n\n\n\n<p>Jak dostrzega z kolei Iwona Smolarek, radca prawny oraz partner w Gardocki i Partnerzy, Adwokaci i Radcowie Prawni, warto w powy\u017cszym aspekcie odnie\u015b\u0107 si\u0119 do wynik\u00f3w bada\u0144 przeprowadzonych w spo\u0142ecze\u0144stwie, kt\u00f3re dowodz\u0105, \u017ce polscy pracownicy maj\u0105 problem z byciem offline. W tym zakresie Polska w 2021 roku otwiera\u0142a wr\u0119cz list\u0119 kraj\u00f3w z najwi\u0119kszym odsetkiem pracownik\u00f3w, kt\u00f3rzy skar\u017c\u0105 si\u0119 na wypalenie zawodowe (by\u0142o to a\u017c 67,0% respondent\u00f3w, podczas gdy rok p\u00f3\u017aniej ju\u017c 70,0%). Z kolei wed\u0142ug bada\u0144 przeprowadzonych przez Europejsk\u0105 Fundacj\u0119 na rzecz Poprawy Wynik\u00f3w \u017bycia i Pracy, ponad 80,0% ankietowanych pracownik\u00f3w zg\u0142asza, i\u017c otrzymuje po godzinach pracy wiadomo\u015bci zwi\u0105zane z prac\u0105.<\/p>\n\n\n\n<p>Tutaj warto zatem zauwa\u017cy\u0107, i\u017c w umowach o prac\u0119 nie ma zapis\u00f3w m\u00f3wi\u0105cych o tym, \u017ce pracodawca nie mo\u017ce kontaktowa\u0107 si\u0119 z pracownikiem po godzinach pracy, czy te\u017c sankcjonowa\u0107 pracownika za brak dyspozycyjno\u015bci. St\u0105d te\u017c, pomimo obecnego brzmienia przepis\u00f3w kodeksu pracy oraz wynikaj\u0105cych z tego zasad dost\u0119pno\u015bci pracownik\u00f3w poza godzinami pracy, s\u0105 one niewystarczaj\u0105ce, by zagwarantowa\u0107 pracownikom ograniczenie czasu pracy i r\u00f3wnowag\u0119 mi\u0119dzy \u017cyciem zawodowym i prywatnym, jak i fizyczne oraz psychiczne bezpiecze\u0144stwo i higien\u0119 pracy.<\/p>\n\n\n\n<p>W powy\u017cszym aspekcie przedstawiciele zwi\u0105zk\u00f3w zawodowych nie maj\u0105 \u017cadnych w\u0105tpliwo\u015bci co do tego, i\u017c ca\u0142o\u015bciowa unijna regulacja, dotycz\u0105ca zagwarantowania prawa do od\u0142\u0105czenia dla pracownik\u00f3w, jest niezb\u0119dna. Tutaj bowiem, jak zauwa\u017ca Barbara Micha\u0142owska z biura komunikacji NSZZ \u201eSolidarno\u015b\u0107\u201d, dotychczasowe regulacje odnosz\u0105ce si\u0119 do czasu pracy nie stanowi\u0105 gwarancji r\u00f3wnowagi pomi\u0119dzy prac\u0105, a \u017cyciem prywatnym, a ju\u017c szczeg\u00f3lnie w obliczu rozwoju nowych technologii komunikacji. Tutaj w \u015blad za tym powinny pod\u0105\u017cy\u0107 dzia\u0142ania, maj\u0105ce na celu popraw\u0119 wewn\u0119trznej kultury przedsi\u0119biorstw, w kierunku wzajemnego poszanowania czasu wolnego.<\/p>\n\n\n\n<p>Jak z kolei zauwa\u017ca dr Magdalena Zwoli\u0144ska, partner HR Legal Solutions, ju\u017c w styczniu 2021 roku Parlament Europejski uchwali\u0142 rezolucj\u0119, wzywaj\u0105c\u0105 Komisj\u0119 Europejsk\u0105 do pilnego przyj\u0119cia dyrektywy o prawie do od\u0142\u0105czenia dla pracownik\u00f3w u\u017cywaj\u0105cych narz\u0119dzi cyfrowych w pracy. Przewidziano tam mi\u0119dzy innymi:<\/p>\n\n\n\n<ul>\n<li>konieczno\u015b\u0107 uzasadnienia pracownikowi na pi\u015bmie odst\u0119pstwa od prawa do od\u0142\u0105czenia<\/li>\n\n\n\n<li>zakaz dyskryminacji ze wzgl\u0119du na stosowanie prawa do od\u0142\u0105czenia<\/li>\n\n\n\n<li>przeniesienie na pracodawc\u0119 ci\u0119\u017caru udowodnienia, \u017ce podstaw\u0105 odmiennego traktowania by\u0142y inne przyczyny ni\u017c dost\u0119pno\u015b\u0107 pracownika<\/li>\n<\/ul>\n\n\n\n<p>Podj\u0119cie tak zdecydowanych dzia\u0142a\u0144 w kontek\u015bcie prawa do od\u0142\u0105czenia przez Uni\u0119 Europejsk\u0105 nie jest \u017cadnym novum. Dla przyk\u0142adu regulacje prawne w tym zakresie przyj\u0119te zosta\u0142y ju\u017c chocia\u017cby we Francji, Belgii, W\u0142oszech, Hiszpanii czy te\u017c Portugalii. St\u0105d te\u017c nic dziwnego, \u017ce r\u00f3wnie\u017c i w Polsce prawo do bycia offline powinno znale\u017a\u0107 si\u0119 w naszym systemie prawnym.<\/p>\n\n\n\n<p>Podsumowuj\u0105c, ju\u017c nied\u0142ugo spodziewa\u0107 si\u0119 nale\u017cy unijnej dyrektywy zajmuj\u0105cej si\u0119 prawem do bycia offline zatrudnionych pracownik\u00f3w. Dotyczy\u0107 b\u0119dzie ona zar\u00f3wno prawa do od\u0142\u0105czenia, jak i regulacji odnosz\u0105cych si\u0119 do pracy wykonywanej na odleg\u0142o\u015b\u0107. Jeszcze w tym roku oczekiwa\u0107 mo\u017cna kolejnego etapu konsultacji w tym zakresie i by\u0107 mo\u017ce powstanie ju\u017c odpowiedni projekt dyrektywy. Przedstawiciele pracownik\u00f3w uwa\u017caj\u0105, \u017ce jest to niezb\u0119dne i nie mog\u0105 si\u0119 ju\u017c doczeka\u0107 nowych regulacji, natomiast pracodawcy obawiaj\u0105 si\u0119 ich, podkre\u015blaj\u0105c, i\u017c w ich mniemaniu dotychczasowe regulacje, zawarte chocia\u017cby w kodeksie pracy, s\u0105 ju\u017c tutaj wystarczaj\u0105ce.<\/p>\n","protected":false},"excerpt":{"rendered":"<p>Wszystko wskazuje na to, i\u017c mamy ju\u017c coraz bli\u017cej do prawa do bycia offline pracownik\u00f3w. W tym kontek\u015bcie przedstawiciele Komisji<\/p>\n","protected":false},"author":3,"featured_media":6308,"comment_status":"open","ping_status":"open","sticky":false,"template":"","format":"standard","meta":{"footnotes":""},"categories":[3],"tags":[],"yoast_head":"<!-- This site is optimized with the Yoast SEO plugin v16.7 - https:\/\/yoast.com\/wordpress\/plugins\/seo\/ -->\n<title>Coraz bli\u017cej prawa do bycia offline - Artyku\u0142y dla Szukaj\u0105cych pracy<\/title>\n<meta name=\"description\" content=\"Wszystko wskazuje na to, i\u017c mamy ju\u017c coraz bli\u017cej do prawa do bycia offline pracownik\u00f3w. W tym kontek\u015bcie przedstawiciele Komisji Europejskiej nie rezygnuj\u0105 z regulacji kwestii telepracy i prawa do od\u0142\u0105czenia i niebawem rusza kolejny etap prac w tym zakresie. Pracownicy nie mog\u0105 tutaj ju\u017c wr\u0119cz doczeka\u0107 si\u0119 owych nowych regulacji, natomiast pracodawcy powa\u017cnie si\u0119 ich obawiaj\u0105.\" \/>\n<meta name=\"robots\" content=\"index, follow, max-snippet:-1, max-image-preview:large, max-video-preview:-1\" \/>\n<link rel=\"canonical\" href=\"https:\/\/szukampracy.pl\/blog\/coraz-blizej-prawa-do-bycia-offline\/\" \/>\n<meta property=\"og:locale\" content=\"pl_PL\" \/>\n<meta property=\"og:type\" content=\"article\" \/>\n<meta property=\"og:title\" content=\"Coraz bli\u017cej prawa do bycia offline - Artyku\u0142y dla Szukaj\u0105cych pracy\" \/>\n<meta property=\"og:description\" content=\"Wszystko wskazuje na to, i\u017c mamy ju\u017c coraz bli\u017cej do prawa do bycia offline pracownik\u00f3w. W tym kontek\u015bcie przedstawiciele Komisji Europejskiej nie rezygnuj\u0105 z regulacji kwestii telepracy i prawa do od\u0142\u0105czenia i niebawem rusza kolejny etap prac w tym zakresie. Pracownicy nie mog\u0105 tutaj ju\u017c wr\u0119cz doczeka\u0107 si\u0119 owych nowych regulacji, natomiast pracodawcy powa\u017cnie si\u0119 ich obawiaj\u0105.\" \/>\n<meta property=\"og:url\" content=\"https:\/\/szukampracy.pl\/blog\/coraz-blizej-prawa-do-bycia-offline\/\" \/>\n<meta property=\"og:site_name\" content=\"Blog Szukampracy.pl - Artyku\u0142y o rynku pracy i HR dla pracodawcy\" \/>\n<meta property=\"article:publisher\" content=\"https:\/\/www.facebook.com\/portalszukampracy\/\" \/>\n<meta property=\"article:published_time\" content=\"2024-09-16T20:04:00+00:00\" \/>\n<meta property=\"article:modified_time\" content=\"2024-09-15T12:06:27+00:00\" \/>\n<meta property=\"og:image\" content=\"https:\/\/szukampracy.pl\/blog\/wp-content\/uploads\/2024\/09\/working-from-home-time-management-concept-scaled.jpg\" \/>\n\t<meta property=\"og:image:width\" content=\"1024\" \/>\n\t<meta property=\"og:image:height\" content=\"681\" \/>\n<meta name=\"twitter:card\" content=\"summary\" \/>\n<meta name=\"twitter:creator\" content=\"@SzukamPracyPl\" \/>\n<meta name=\"twitter:site\" content=\"@SzukamPracyPl\" \/>\n<meta name=\"twitter:label1\" content=\"Written by\" \/>\n\t<meta name=\"twitter:data1\" content=\"Ekspert \u0141ukasz\" \/>\n\t<meta name=\"twitter:label2\" content=\"Est. reading time\" \/>\n\t<meta name=\"twitter:data2\" content=\"7 minut\" \/>\n<script type=\"application\/ld+json\" class=\"yoast-schema-graph\">{\"@context\":\"https:\/\/schema.org\",\"@graph\":[{\"@type\":\"Organization\",\"@id\":\"https:\/\/szukampracy.pl\/blog\/#organization\",\"name\":\"Szukampracy.pl\",\"url\":\"https:\/\/szukampracy.pl\/blog\/\",\"sameAs\":[\"https:\/\/www.facebook.com\/portalszukampracy\/\",\"https:\/\/www.linkedin.com\/company\/szukampracy-pl\",\"https:\/\/www.youtube.com\/channel\/UCmY56pXKURtawvJjwIvU2YQ\",\"https:\/\/twitter.com\/SzukamPracyPl\"],\"logo\":{\"@type\":\"ImageObject\",\"@id\":\"https:\/\/szukampracy.pl\/blog\/#logo\",\"inLanguage\":\"pl-PL\",\"url\":\"https:\/\/szukampracy.pl\/blog\/wp-content\/uploads\/2017\/08\/logo-1.png\",\"contentUrl\":\"https:\/\/szukampracy.pl\/blog\/wp-content\/uploads\/2017\/08\/logo-1.png\",\"width\":240,\"height\":33,\"caption\":\"Szukampracy.pl\"},\"image\":{\"@id\":\"https:\/\/szukampracy.pl\/blog\/#logo\"}},{\"@type\":\"WebSite\",\"@id\":\"https:\/\/szukampracy.pl\/blog\/#website\",\"url\":\"https:\/\/szukampracy.pl\/blog\/\",\"name\":\"Blog Szukampracy.pl - Artyku\\u0142y o rynku pracy i HR dla pracodawcy\",\"description\":\"Nasz blog powsta\\u0142 z my\\u015bl\\u0105 o Pracodawcach, Pracownikach i Kandydatach b\\u0119d\\u0105cych na etapie zapoznawania si\\u0119 z og\\u0142oszeniami o prac\\u0119. Mo\\u017cna u nas znale\\u017a\\u0107 artyku\\u0142y o rynku pracy, z dziedziny HR, zarz\\u0105dzania, ofert pracy za granic\\u0105 oraz inne ciekawostki. Nie wahaj si\\u0119 nas odwiedzi\\u0107\",\"publisher\":{\"@id\":\"https:\/\/szukampracy.pl\/blog\/#organization\"},\"potentialAction\":[{\"@type\":\"SearchAction\",\"target\":{\"@type\":\"EntryPoint\",\"urlTemplate\":\"https:\/\/szukampracy.pl\/blog\/?s={search_term_string}\"},\"query-input\":\"required name=search_term_string\"}],\"inLanguage\":\"pl-PL\"},{\"@type\":\"ImageObject\",\"@id\":\"https:\/\/szukampracy.pl\/blog\/coraz-blizej-prawa-do-bycia-offline\/#primaryimage\",\"inLanguage\":\"pl-PL\",\"url\":\"https:\/\/szukampracy.pl\/blog\/wp-content\/uploads\/2024\/09\/working-from-home-time-management-concept-scaled.jpg\",\"contentUrl\":\"https:\/\/szukampracy.pl\/blog\/wp-content\/uploads\/2024\/09\/working-from-home-time-management-concept-scaled.jpg\",\"width\":1024,\"height\":681},{\"@type\":\"WebPage\",\"@id\":\"https:\/\/szukampracy.pl\/blog\/coraz-blizej-prawa-do-bycia-offline\/#webpage\",\"url\":\"https:\/\/szukampracy.pl\/blog\/coraz-blizej-prawa-do-bycia-offline\/\",\"name\":\"Coraz bli\\u017cej prawa do bycia offline - Artyku\\u0142y dla Szukaj\\u0105cych pracy\",\"isPartOf\":{\"@id\":\"https:\/\/szukampracy.pl\/blog\/#website\"},\"primaryImageOfPage\":{\"@id\":\"https:\/\/szukampracy.pl\/blog\/coraz-blizej-prawa-do-bycia-offline\/#primaryimage\"},\"datePublished\":\"2024-09-16T20:04:00+00:00\",\"dateModified\":\"2024-09-15T12:06:27+00:00\",\"description\":\"Wszystko wskazuje na to, i\\u017c mamy ju\\u017c coraz bli\\u017cej do prawa do bycia offline pracownik\\u00f3w. W tym kontek\\u015bcie przedstawiciele Komisji Europejskiej nie rezygnuj\\u0105 z regulacji kwestii telepracy i prawa do od\\u0142\\u0105czenia i niebawem rusza kolejny etap prac w tym zakresie. Pracownicy nie mog\\u0105 tutaj ju\\u017c wr\\u0119cz doczeka\\u0107 si\\u0119 owych nowych regulacji, natomiast pracodawcy powa\\u017cnie si\\u0119 ich obawiaj\\u0105.\",\"breadcrumb\":{\"@id\":\"https:\/\/szukampracy.pl\/blog\/coraz-blizej-prawa-do-bycia-offline\/#breadcrumb\"},\"inLanguage\":\"pl-PL\",\"potentialAction\":[{\"@type\":\"ReadAction\",\"target\":[\"https:\/\/szukampracy.pl\/blog\/coraz-blizej-prawa-do-bycia-offline\/\"]}]},{\"@type\":\"BreadcrumbList\",\"@id\":\"https:\/\/szukampracy.pl\/blog\/coraz-blizej-prawa-do-bycia-offline\/#breadcrumb\",\"itemListElement\":[{\"@type\":\"ListItem\",\"position\":1,\"name\":\"Blog\",\"item\":\"https:\/\/szukampracy.pl\/blog\/\"},{\"@type\":\"ListItem\",\"position\":2,\"name\":\"Najnowsze Artyku\\u0142y\",\"item\":\"https:\/\/szukampracy.pl\/blog\/najnowsze\/\"},{\"@type\":\"ListItem\",\"position\":3,\"name\":\"Coraz bli\\u017cej prawa do bycia offline\"}]},{\"@type\":\"Article\",\"@id\":\"https:\/\/szukampracy.pl\/blog\/coraz-blizej-prawa-do-bycia-offline\/#article\",\"isPartOf\":{\"@id\":\"https:\/\/szukampracy.pl\/blog\/coraz-blizej-prawa-do-bycia-offline\/#webpage\"},\"author\":{\"@id\":\"https:\/\/szukampracy.pl\/blog\/#\/schema\/person\/3952d4bf69b606b39399e9e649ef2394\"},\"headline\":\"Coraz bli\\u017cej prawa do bycia offline\",\"datePublished\":\"2024-09-16T20:04:00+00:00\",\"dateModified\":\"2024-09-15T12:06:27+00:00\",\"mainEntityOfPage\":{\"@id\":\"https:\/\/szukampracy.pl\/blog\/coraz-blizej-prawa-do-bycia-offline\/#webpage\"},\"wordCount\":1397,\"commentCount\":0,\"publisher\":{\"@id\":\"https:\/\/szukampracy.pl\/blog\/#organization\"},\"image\":{\"@id\":\"https:\/\/szukampracy.pl\/blog\/coraz-blizej-prawa-do-bycia-offline\/#primaryimage\"},\"thumbnailUrl\":\"https:\/\/szukampracy.pl\/blog\/wp-content\/uploads\/2024\/09\/working-from-home-time-management-concept-scaled.jpg\",\"articleSection\":[\"Najnowsze Artyku\\u0142y\"],\"inLanguage\":\"pl-PL\",\"potentialAction\":[{\"@type\":\"CommentAction\",\"name\":\"Comment\",\"target\":[\"https:\/\/szukampracy.pl\/blog\/coraz-blizej-prawa-do-bycia-offline\/#respond\"]}]},{\"@type\":\"Person\",\"@id\":\"https:\/\/szukampracy.pl\/blog\/#\/schema\/person\/3952d4bf69b606b39399e9e649ef2394\",\"name\":\"Ekspert \\u0141ukasz\",\"image\":{\"@type\":\"ImageObject\",\"@id\":\"https:\/\/szukampracy.pl\/blog\/#personlogo\",\"inLanguage\":\"pl-PL\",\"url\":\"https:\/\/secure.gravatar.com\/avatar\/7733c11b2e55f533f1cae76b6c86129d?s=96&d=mm&r=g\",\"contentUrl\":\"https:\/\/secure.gravatar.com\/avatar\/7733c11b2e55f533f1cae76b6c86129d?s=96&d=mm&r=g\",\"caption\":\"Ekspert \\u0141ukasz\"},\"description\":\"Ekspert \\u0141ukasz swoje wieloletnie do\\u015bwiadczenie na rynku pracy postanowi\\u0142 przekaza\\u0107 tak\\u017ce na naszym blogu. Jego artyku\\u0142y dotycz\\u0105 aktualnych zmian gospodarczych a tak\\u017ce tych na rynku pracy. Z ch\\u0119cia udzieli porad pracodawc\\u0105, kt\\u00f3rzy pr\\u0119\\u017cnie rozwijaj\\u0105 swoje firmy.\"}]}<\/script>\n<!-- \/ Yoast SEO plugin. -->","yoast_head_json":{"title":"Coraz bli\u017cej prawa do bycia offline - Artyku\u0142y dla Szukaj\u0105cych pracy","description":"Wszystko wskazuje na to, i\u017c mamy ju\u017c coraz bli\u017cej do prawa do bycia offline pracownik\u00f3w. W tym kontek\u015bcie przedstawiciele Komisji Europejskiej nie rezygnuj\u0105 z regulacji kwestii telepracy i prawa do od\u0142\u0105czenia i niebawem rusza kolejny etap prac w tym zakresie. Pracownicy nie mog\u0105 tutaj ju\u017c wr\u0119cz doczeka\u0107 si\u0119 owych nowych regulacji, natomiast pracodawcy powa\u017cnie si\u0119 ich obawiaj\u0105.","robots":{"index":"index","follow":"follow","max-snippet":"max-snippet:-1","max-image-preview":"max-image-preview:large","max-video-preview":"max-video-preview:-1"},"canonical":"https:\/\/szukampracy.pl\/blog\/coraz-blizej-prawa-do-bycia-offline\/","og_locale":"pl_PL","og_type":"article","og_title":"Coraz bli\u017cej prawa do bycia offline - Artyku\u0142y dla Szukaj\u0105cych pracy","og_description":"Wszystko wskazuje na to, i\u017c mamy ju\u017c coraz bli\u017cej do prawa do bycia offline pracownik\u00f3w. W tym kontek\u015bcie przedstawiciele Komisji Europejskiej nie rezygnuj\u0105 z regulacji kwestii telepracy i prawa do od\u0142\u0105czenia i niebawem rusza kolejny etap prac w tym zakresie. Pracownicy nie mog\u0105 tutaj ju\u017c wr\u0119cz doczeka\u0107 si\u0119 owych nowych regulacji, natomiast pracodawcy powa\u017cnie si\u0119 ich obawiaj\u0105.","og_url":"https:\/\/szukampracy.pl\/blog\/coraz-blizej-prawa-do-bycia-offline\/","og_site_name":"Blog Szukampracy.pl - Artyku\u0142y o rynku pracy i HR dla pracodawcy","article_publisher":"https:\/\/www.facebook.com\/portalszukampracy\/","article_published_time":"2024-09-16T20:04:00+00:00","article_modified_time":"2024-09-15T12:06:27+00:00","og_image":[{"width":1024,"height":681,"filesize":"86407","url":"https:\/\/szukampracy.pl\/blog\/wp-content\/uploads\/2024\/09\/working-from-home-time-management-concept-scaled.jpg","path":"\/home\/szukamprac\/domains\/szukampracy.pl\/public_html\/blog\/wp-content\/uploads\/2024\/09\/working-from-home-time-management-concept-scaled.jpg","size":"full","id":6308,"alt":"","pixels":697344,"type":"image\/jpeg"}],"twitter_card":"summary","twitter_creator":"@SzukamPracyPl","twitter_site":"@SzukamPracyPl","twitter_misc":{"Written by":"Ekspert \u0141ukasz","Est. reading time":"7 minut"},"schema":{"@context":"https:\/\/schema.org","@graph":[{"@type":"Organization","@id":"https:\/\/szukampracy.pl\/blog\/#organization","name":"Szukampracy.pl","url":"https:\/\/szukampracy.pl\/blog\/","sameAs":["https:\/\/www.facebook.com\/portalszukampracy\/","https:\/\/www.linkedin.com\/company\/szukampracy-pl","https:\/\/www.youtube.com\/channel\/UCmY56pXKURtawvJjwIvU2YQ","https:\/\/twitter.com\/SzukamPracyPl"],"logo":{"@type":"ImageObject","@id":"https:\/\/szukampracy.pl\/blog\/#logo","inLanguage":"pl-PL","url":"https:\/\/szukampracy.pl\/blog\/wp-content\/uploads\/2017\/08\/logo-1.png","contentUrl":"https:\/\/szukampracy.pl\/blog\/wp-content\/uploads\/2017\/08\/logo-1.png","width":240,"height":33,"caption":"Szukampracy.pl"},"image":{"@id":"https:\/\/szukampracy.pl\/blog\/#logo"}},{"@type":"WebSite","@id":"https:\/\/szukampracy.pl\/blog\/#website","url":"https:\/\/szukampracy.pl\/blog\/","name":"Blog Szukampracy.pl - Artyku\u0142y o rynku pracy i HR dla pracodawcy","description":"Nasz blog powsta\u0142 z my\u015bl\u0105 o Pracodawcach, Pracownikach i Kandydatach b\u0119d\u0105cych na etapie zapoznawania si\u0119 z og\u0142oszeniami o prac\u0119. Mo\u017cna u nas znale\u017a\u0107 artyku\u0142y o rynku pracy, z dziedziny HR, zarz\u0105dzania, ofert pracy za granic\u0105 oraz inne ciekawostki. Nie wahaj si\u0119 nas odwiedzi\u0107","publisher":{"@id":"https:\/\/szukampracy.pl\/blog\/#organization"},"potentialAction":[{"@type":"SearchAction","target":{"@type":"EntryPoint","urlTemplate":"https:\/\/szukampracy.pl\/blog\/?s={search_term_string}"},"query-input":"required name=search_term_string"}],"inLanguage":"pl-PL"},{"@type":"ImageObject","@id":"https:\/\/szukampracy.pl\/blog\/coraz-blizej-prawa-do-bycia-offline\/#primaryimage","inLanguage":"pl-PL","url":"https:\/\/szukampracy.pl\/blog\/wp-content\/uploads\/2024\/09\/working-from-home-time-management-concept-scaled.jpg","contentUrl":"https:\/\/szukampracy.pl\/blog\/wp-content\/uploads\/2024\/09\/working-from-home-time-management-concept-scaled.jpg","width":1024,"height":681},{"@type":"WebPage","@id":"https:\/\/szukampracy.pl\/blog\/coraz-blizej-prawa-do-bycia-offline\/#webpage","url":"https:\/\/szukampracy.pl\/blog\/coraz-blizej-prawa-do-bycia-offline\/","name":"Coraz bli\u017cej prawa do bycia offline - Artyku\u0142y dla Szukaj\u0105cych pracy","isPartOf":{"@id":"https:\/\/szukampracy.pl\/blog\/#website"},"primaryImageOfPage":{"@id":"https:\/\/szukampracy.pl\/blog\/coraz-blizej-prawa-do-bycia-offline\/#primaryimage"},"datePublished":"2024-09-16T20:04:00+00:00","dateModified":"2024-09-15T12:06:27+00:00","description":"Wszystko wskazuje na to, i\u017c mamy ju\u017c coraz bli\u017cej do prawa do bycia offline pracownik\u00f3w. W tym kontek\u015bcie przedstawiciele Komisji Europejskiej nie rezygnuj\u0105 z regulacji kwestii telepracy i prawa do od\u0142\u0105czenia i niebawem rusza kolejny etap prac w tym zakresie. Pracownicy nie mog\u0105 tutaj ju\u017c wr\u0119cz doczeka\u0107 si\u0119 owych nowych regulacji, natomiast pracodawcy powa\u017cnie si\u0119 ich obawiaj\u0105.","breadcrumb":{"@id":"https:\/\/szukampracy.pl\/blog\/coraz-blizej-prawa-do-bycia-offline\/#breadcrumb"},"inLanguage":"pl-PL","potentialAction":[{"@type":"ReadAction","target":["https:\/\/szukampracy.pl\/blog\/coraz-blizej-prawa-do-bycia-offline\/"]}]},{"@type":"BreadcrumbList","@id":"https:\/\/szukampracy.pl\/blog\/coraz-blizej-prawa-do-bycia-offline\/#breadcrumb","itemListElement":[{"@type":"ListItem","position":1,"name":"Blog","item":"https:\/\/szukampracy.pl\/blog\/"},{"@type":"ListItem","position":2,"name":"Najnowsze Artyku\u0142y","item":"https:\/\/szukampracy.pl\/blog\/najnowsze\/"},{"@type":"ListItem","position":3,"name":"Coraz bli\u017cej prawa do bycia offline"}]},{"@type":"Article","@id":"https:\/\/szukampracy.pl\/blog\/coraz-blizej-prawa-do-bycia-offline\/#article","isPartOf":{"@id":"https:\/\/szukampracy.pl\/blog\/coraz-blizej-prawa-do-bycia-offline\/#webpage"},"author":{"@id":"https:\/\/szukampracy.pl\/blog\/#\/schema\/person\/3952d4bf69b606b39399e9e649ef2394"},"headline":"Coraz bli\u017cej prawa do bycia offline","datePublished":"2024-09-16T20:04:00+00:00","dateModified":"2024-09-15T12:06:27+00:00","mainEntityOfPage":{"@id":"https:\/\/szukampracy.pl\/blog\/coraz-blizej-prawa-do-bycia-offline\/#webpage"},"wordCount":1397,"commentCount":0,"publisher":{"@id":"https:\/\/szukampracy.pl\/blog\/#organization"},"image":{"@id":"https:\/\/szukampracy.pl\/blog\/coraz-blizej-prawa-do-bycia-offline\/#primaryimage"},"thumbnailUrl":"https:\/\/szukampracy.pl\/blog\/wp-content\/uploads\/2024\/09\/working-from-home-time-management-concept-scaled.jpg","articleSection":["Najnowsze Artyku\u0142y"],"inLanguage":"pl-PL","potentialAction":[{"@type":"CommentAction","name":"Comment","target":["https:\/\/szukampracy.pl\/blog\/coraz-blizej-prawa-do-bycia-offline\/#respond"]}]},{"@type":"Person","@id":"https:\/\/szukampracy.pl\/blog\/#\/schema\/person\/3952d4bf69b606b39399e9e649ef2394","name":"Ekspert \u0141ukasz","image":{"@type":"ImageObject","@id":"https:\/\/szukampracy.pl\/blog\/#personlogo","inLanguage":"pl-PL","url":"https:\/\/secure.gravatar.com\/avatar\/7733c11b2e55f533f1cae76b6c86129d?s=96&d=mm&r=g","contentUrl":"https:\/\/secure.gravatar.com\/avatar\/7733c11b2e55f533f1cae76b6c86129d?s=96&d=mm&r=g","caption":"Ekspert \u0141ukasz"},"description":"Ekspert \u0141ukasz swoje wieloletnie do\u015bwiadczenie na rynku pracy postanowi\u0142 przekaza\u0107 tak\u017ce na naszym blogu. Jego artyku\u0142y dotycz\u0105 aktualnych zmian gospodarczych a tak\u017ce tych na rynku pracy. Z ch\u0119cia udzieli porad pracodawc\u0105, kt\u00f3rzy pr\u0119\u017cnie rozwijaj\u0105 swoje firmy."}]}},"fimg_url":"https:\/\/szukampracy.pl\/blog\/wp-content\/uploads\/2024\/09\/working-from-home-time-management-concept-scaled.jpg","amp_enabled":true,"_links":{"self":[{"href":"https:\/\/szukampracy.pl\/blog\/wp-json\/wp\/v2\/posts\/6307"}],"collection":[{"href":"https:\/\/szukampracy.pl\/blog\/wp-json\/wp\/v2\/posts"}],"about":[{"href":"https:\/\/szukampracy.pl\/blog\/wp-json\/wp\/v2\/types\/post"}],"author":[{"embeddable":true,"href":"https:\/\/szukampracy.pl\/blog\/wp-json\/wp\/v2\/users\/3"}],"replies":[{"embeddable":true,"href":"https:\/\/szukampracy.pl\/blog\/wp-json\/wp\/v2\/comments?post=6307"}],"version-history":[{"count":1,"href":"https:\/\/szukampracy.pl\/blog\/wp-json\/wp\/v2\/posts\/6307\/revisions"}],"predecessor-version":[{"id":6309,"href":"https:\/\/szukampracy.pl\/blog\/wp-json\/wp\/v2\/posts\/6307\/revisions\/6309"}],"wp:featuredmedia":[{"embeddable":true,"href":"https:\/\/szukampracy.pl\/blog\/wp-json\/wp\/v2\/media\/6308"}],"wp:attachment":[{"href":"https:\/\/szukampracy.pl\/blog\/wp-json\/wp\/v2\/media?parent=6307"}],"wp:term":[{"taxonomy":"category","embeddable":true,"href":"https:\/\/szukampracy.pl\/blog\/wp-json\/wp\/v2\/categories?post=6307"},{"taxonomy":"post_tag","embeddable":true,"href":"https:\/\/szukampracy.pl\/blog\/wp-json\/wp\/v2\/tags?post=6307"}],"curies":[{"name":"wp","href":"https:\/\/api.w.org\/{rel}","templated":true}]}}