{"id":5873,"date":"2023-08-11T08:57:00","date_gmt":"2023-08-11T08:57:00","guid":{"rendered":"https:\/\/szukampracy.pl\/blog\/?p=5873"},"modified":"2023-08-09T18:00:25","modified_gmt":"2023-08-09T18:00:25","slug":"reforma-rynku-pracy-pod-znakiem-zapytania","status":"publish","type":"post","link":"https:\/\/szukampracy.pl\/blog\/reforma-rynku-pracy-pod-znakiem-zapytania\/","title":{"rendered":"Reforma rynku pracy pod znakiem zapytania"},"content":{"rendered":"\n<p>Bardzo oczekiwana przez wszystkich reforma rynku pracy utkn\u0119\u0142a na etapie uzgodnie\u0144 w Radzie Ministr\u00f3w. Tym samym malej\u0105 szanse na to, i\u017c projekt ustawy o aktywno\u015bci zawodowej uchwalony zostanie jeszcze podczas obecnej kadencji Parlamentu RP.<\/p>\n\n\n\n<p><strong>Co zatem wiadomo obecnie o nowym projekcie ustawy o aktywno\u015bci zawodowej?<\/strong><\/p>\n\n\n\n<p>Zasadniczo od 1 stycznia 2024 roku mia\u0142y wej\u015b\u0107 w \u017cycie zmiany w funkcjonowaniu Powiatowych Urz\u0119d\u00f3w Pracy (PIP) i prowadzonych przez nich dzia\u0142a\u0144 wobec os\u00f3b bezrobotnych. Termin taki przewiduje projekt ustawy o aktywno\u015bci zawodowej, jednak problem w tym, \u017ce mo\u017ce on nie zosta\u0107 dotrzymany, a reforma nie ruszy, bo do tej pory projekt ten nie zosta\u0142 przyj\u0119ty przez rz\u0105d i nie skierowano go do Sejmu RP. Tymczasem wkr\u00f3tce ko\u0144czy si\u0119 kadencja Parlamentu RP i je\u015bli ustawa nie zostanie przyj\u0119ta, prace nad nowymi przepisami trzeba b\u0119dzie zaczyna\u0107 od nowa.<\/p>\n\n\n\n<p>Co do zasady opracowany przez urz\u0119dnik\u00f3w Ministerstwa Rodziny i Polityki Spo\u0142ecznej projekt ustawy o aktywno\u015bci zawodowej zak\u0142ada kompleksow\u0105 modernizacj\u0119 publicznych s\u0142u\u017cb zatrudnienia i wprowadza regulacje, kt\u00f3re maj\u0105 znacznie lepiej odpowiada\u0107 na potrzeby gospodarki i rynku pracy. Jedn\u0105 z najwa\u017cniejszych zmian, jakie znalaz\u0142y si\u0119 w tym projekcie, jest oddzielenie statusu osoby bezrobotnej od ubezpieczenia zdrowotnego. Obecnie bowiem jest tak, \u017ce znaczna cz\u0119\u015b\u0107 os\u00f3b, kt\u00f3re rejestruj\u0105 si\u0119 w PUP robi to jedynie po to, by mie\u0107 uprawnienie do bezp\u0142atnego leczenia.<\/p>\n\n\n\n<p>Czasami taki stan rzeczy skutkuje zniekszta\u0142ceniem statystyk dotycz\u0105cych faktycznej liczby os\u00f3b bezrobotnych i sprawia, \u017ce pracownicy urz\u0119d\u00f3w pracy nie mog\u0105 skoncentrowa\u0107 si\u0119 na podstawowym zadaniu, czyli pomaganiu pracodawcom i osobom, kt\u00f3re rzeczywi\u015bcie szukaj\u0105 zatrudnienia. St\u0105d te\u017c autorzy projektu proponowali, by przyznawaniem ubezpieczenia zdrowotnego zajmowa\u0142 si\u0119 Zak\u0142ad Ubezpiecze\u0144 Spo\u0142ecznych.<\/p>\n\n\n\n<p><strong>Jakie jeszcze by\u0142y za\u0142o\u017cenia nowego projektu ustawy o aktywno\u015bci zawodowej?<\/strong><\/p>\n\n\n\n<p>Generalnie projekt przewidywa\u0142 rezygnacj\u0119 z niekt\u00f3rych form aktywizacji zawartych w obecnej obowi\u0105zuj\u0105cej ustawie z 20 kwietnia 2004 roku o promocji zatrudnienia i instytucjach rynku pracy (Dz.U. z 2023 r. poz. 735), kt\u00f3re nie cieszy\u0142y si\u0119 zainteresowaniem zar\u00f3wno os\u00f3b bezrobotnych, jak i pracodawc\u00f3w. W to miejsce planowano wprowadzenie nowych form aktywizacji.<\/p>\n\n\n\n<p>W my\u015bl za\u0142o\u017ce\u0144 projektu mia\u0142o nast\u0105pi\u0107 zniesienie powi\u0105zania osoby bezrobotnej z urz\u0119dem pracy w\u0142a\u015bciwym ze wzgl\u0119du na miejsce zameldowania, mia\u0142o doj\u015b\u0107 do uproszczenia systemu zasi\u0142k\u00f3w dla os\u00f3b, kt\u00f3re straci\u0142y zatrudnienie oraz przewidywane by\u0142o rozszerzenie dost\u0119pu do finansowania r\u00f3\u017cnych form kszta\u0142cenia ustawicznego oraz Krajowego Funduszu Szkoleniowego, jak i rozwijanie centralnej bazy ofert pracy.<\/p>\n\n\n\n<p>Zgodnie z zapowiedziami wiceministra rodziny i polityki spo\u0142ecznej Stanis\u0142awa Szweda, przyj\u0119cie projektu przez rz\u0105d mia\u0142o nast\u0105pi\u0107 w marcu b\u0105d\u017a kwietniu bie\u017c\u0105cego roku, jednak wiadomo ju\u017c, i\u017c tak si\u0119 nie sta\u0142o. Obecnie zatem projektem tym zajmuje si\u0119 Sta\u0142y Komitet Rady Ministr\u00f3w i tak naprawd\u0119 nie wiadomo, kiedy potencjalnie projekt ten m\u00f3g\u0142by trafi\u0107 pod obrady Sejmu RP. W harmonogramie prac sejmowych zaplanowane s\u0105 jeszcze jedynie dwa lipcowe posiedzenia przed jesiennymi wyborami. Je\u015bli zatem nawet projekt zosta\u0142by teraz zatwierdzony przez rz\u0105d i trafi\u0142 do pos\u0142\u00f3w, to pozostaje jeszcze Senat RP, kt\u00f3ry r\u00f3wnie\u017c mo\u017ce do ustawy zg\u0142osi\u0107 poprawki. Tym samym przed ko\u0144cem obecnej kadencji Parlamentu RP mo\u017ce nie starczy\u0107 czasu na przeprowadzenie pe\u0142nego procesu legislacyjnego i zgodnie z zasad\u0105 dyskontynuacji, reforma ta trafi do kosza.<\/p>\n\n\n\n<p><strong>Jak zatem ocenia\u0107 nale\u017ca\u0142oby obecny etap prac nad reform\u0105 s\u0142u\u017cb zatrudnienia?<\/strong><\/p>\n\n\n\n<p>Ot\u00f3\u017c jak podkre\u015bla Ma\u0142gorzata Stafijowska, dyrektor PUP w Ostrowcu \u015awi\u0119tokrzyskim oraz przewodnicz\u0105ca Og\u00f3lnopolskiego Forum Dyrektor\u00f3w PUP, niestety scenariusz taki wydaje si\u0119 realny i zapewne b\u0119dzie on niekorzystny dla publicznych s\u0142u\u017cb zatrudnienia.<\/p>\n\n\n\n<p>Obecnie obowi\u0105zuj\u0105ca ustawa o promocji zatrudnienia ma ju\u017c prawie dwadzie\u015bcia lat i zawarte w niej rozwi\u0105zania nie s\u0105 ju\u017c adekwatne do obecnej sytuacji na rynku pracy. Poza tym, ustawa ta by\u0142a ju\u017c w tym czasie ponad sto razy nowelizowana przez co sta\u0142a si\u0119 niezwykle ma\u0142o przejrzysta i skomplikowana w bie\u017c\u0105cym stosowaniu. St\u0105d te\u017c nowa ustawa jest niebywale potrzebna i wszyscy na ni\u0105 czekaj\u0105.<\/p>\n\n\n\n<p>Jednocze\u015bnie podkre\u015bli\u0107 nale\u017cy, i\u017c sami przedstawiciele urz\u0119d\u00f3w pracy bardzo mocno zaanga\u017cowali si\u0119 w proces konsultacji nad projektem nowych rozwi\u0105za\u0144 i przekazywali urz\u0119dnikom resortu rodziny swoje propozycje zmian, oparte na ich praktycznych do\u015bwiadczeniach.<\/p>\n\n\n\n<p>Gdyby jednak ustawy nie uda\u0142o si\u0119 obecnie uchwali\u0107, to szczeg\u00f3lnie szkoda b\u0119dzie zapewne wspomnianych przepis\u00f3w o przeniesieniu ubezpieczenia zdrowotnego do ZUS, bowiem oznacza to, \u017ce przez najbli\u017csze lata pracownicy nadal boryka\u0107 si\u0119 b\u0119d\u0105 z problemem os\u00f3b notorycznie odmawiaj\u0105cych podj\u0119cia jakiejkolwiek propozycji pracy z tego powodu, \u017ce zale\u017cy im wy\u0142\u0105cznie na obj\u0119ciu bezp\u0142atnym leczeniem, na co zwraca uwag\u0119 Grzegorz Wolff, zast\u0119pca dyrektora urz\u0119du pracy w Warszawie.<\/p>\n\n\n\n<p>Generalnie wielkie rozczarowanie dotychczasowym tempem prac nad projektem panuje r\u00f3wnie\u017c po\u015br\u00f3d pracodawc\u00f3w. Jak podkre\u015bla Nadia Kurtieva, ekspert Konfederacji Lewiatan, niew\u0105tpliwie zar\u00f3wno ustawa o aktywno\u015bci zawodowej, jak i r\u00f3wnie\u017c druga opracowywana przez urz\u0119dnik\u00f3w Ministerstwa Rodziny i Polityki Spo\u0142ecznej ustawa dotycz\u0105ca zatrudniania cudzoziemc\u00f3w, s\u0105 kluczowe dla rynku pracy i wyzwa\u0144 stoj\u0105cych przed pracodawcami. Niestety wygl\u0105da jednak na to, \u017ce ani jedna, ani druga nie doczeka si\u0119 uchwalenia przed ko\u0144cem obecnej kadencji Parlamentu RP.<\/p>\n\n\n\n<p>W powy\u017cszym aspekcie r\u00f3wnie\u017c Wioletta \u017bukowska z Federacji Przedsi\u0119biorc\u00f3w Polskich zauwa\u017ca, i\u017c ustawa, kt\u00f3ra mia\u0142aby zreformowa\u0107 instytucj\u0119 rynku pracy zawiera zmiany id\u0105ce w dobrym kierunku, a wiele uwag zg\u0142aszanych do niej przez partner\u00f3w spo\u0142ecznych zosta\u0142o przez urz\u0119dnik\u00f3w resortu rodziny uwzgl\u0119dnionych. Nale\u017cy te\u017c r\u00f3wnie\u017c podkre\u015bli\u0107, \u017ce jest to tak naprawd\u0119 drugie podej\u015bcie do uchwalenia nowej ustawy, a pierwsze mia\u0142o miejsce jeszcze w poprzedniej kadencji rz\u0105d\u00f3w sprawowanych przez pos\u0142\u00f3w z partii Prawo i Sprawiedliwo\u015b\u0107. W\u00f3wczas bowiem powsta\u0142 projekt ustawy o rynku pracy, lecz utkn\u0105\u0142 na etapie konsultacji i ostatecznie nie zosta\u0142 on uchwalony. Niestety wszystko wskazuje na to, i\u017c obecnie sytuacja ta mo\u017ce ulec powt\u00f3rzeniu.<\/p>\n\n\n\n<p>Zatem gdyby faktycznie tak si\u0119 sta\u0142o, i\u017c projektu ustawy o aktywno\u015bci zawodowej nie uda si\u0119 przyj\u0105\u0107 podczas obecnej kadencji, to naprawd\u0119 by\u0142oby dobrze, gdyby kolejny rz\u0105d nie zaczyna\u0142 pracy nad nowym projektem od zera, lecz wykorzysta\u0142 przynajmniej cz\u0119\u015bciowo wypracowane ju\u017c i pozytywnie oceniane rozwi\u0105zania.<\/p>\n\n\n\n<p>Jednocze\u015bnie podkre\u015bli\u0107 nale\u017cy, i\u017c generalnie najwi\u0119kszymi wyzwaniami oraz problemami w funkcjonowaniu urz\u0119d\u00f3w pracy oraz aktywizacji os\u00f3b bezrobotnych, w kt\u00f3rych przezwyci\u0119\u017ceniu mia\u0142a pom\u00f3c owa ustawa, s\u0105 nast\u0119puj\u0105ce zagadnienia:<\/p>\n\n\n\n<ul><li>obowi\u0105zek wykonywania zada\u0144, kt\u00f3re nie s\u0105 bezpo\u015brednio zwi\u0105zane z aktywizacj\u0105 zawodow\u0105, w tym obs\u0142uga os\u00f3b rejestruj\u0105cych si\u0119 wy\u0142\u0105cznie celem uzyskania ubezpieczenia zdrowotnego<\/li><li>trudno\u015bci w doprowadzeniu osoby bezrobotnej do takiego zatrudnienia, kt\u00f3rego efektem by\u0142oby utrzymanie pracy przez d\u0142u\u017cszy czas<\/li><li>niedob\u00f3r pracownik\u00f3w na rynku pracy przy rosn\u0105cej liczbie zg\u0142aszanych ofert pracy<\/li><li>niski poziom uczestnictwa doros\u0142ych os\u00f3b w kszta\u0142ceniu ustawicznym w por\u00f3wnaniu ze \u015bredni\u0105 dla kraj\u00f3w Unii Europejskiej<\/li><li>brak aktywno\u015bci m\u0142odych os\u00f3b b\u0119d\u0105cych poza rynkiem pracy i systemem zatrudnienia<\/li><li>niewystarczaj\u0105ce przygotowanie na wyzwania zwi\u0105zane w digitalizacj\u0105 us\u0142ug, nowymi technologiami, \u201ezielonymi\u201d miejscami pracy oraz trudn\u0105 sytuacj\u0105 demograficzn\u0105 Polski<\/li><\/ul>\n\n\n\n<p>Podsumowuj\u0105c, ju\u017c przygotowany oraz opracowany przez urz\u0119dnik\u00f3w Ministerstwa Rodziny i Polityki Spo\u0142ecznej projekt ustawy o aktywno\u015bci zawodowej utkn\u0105\u0142 niestety na Sta\u0142ym Komitecie Rady Ministr\u00f3w i nie wiadomo, czy zd\u0105\u017cy on zosta\u0107 przyj\u0119ty, by trafi\u0107 pod obrady Sejmu RP przed ko\u0144cem kadencji. Projekt ten jest niebywale potrzebny i oczekiwany na rynku pracy, bowiem zak\u0142ada on kompleksow\u0105 modernizacj\u0119 s\u0142u\u017cb zatrudnienia i wprowadza regulacje, kt\u00f3re maj\u0105 lepiej odpowiada\u0107 na potrzeby gospodarki i rynku. Niestety wiele wskazuje na to, i\u017c projekt ten nie zostanie uchwalony przez Sejm RP, a zatem powt\u00f3rzy si\u0119 sytuacja z ko\u0144ca poprzedniej kadencji Parlamentu RP, gdy prace nad projektem nowych przepis\u00f3w reformuj\u0105cych rynek pracy r\u00f3wnie\u017c utkn\u0119\u0142y na tym etapie.<\/p>\n","protected":false},"excerpt":{"rendered":"<p>Bardzo oczekiwana przez wszystkich reforma rynku pracy utkn\u0119\u0142a na etapie uzgodnie\u0144 w Radzie Ministr\u00f3w. Tym samym malej\u0105 szanse na to,<\/p>\n","protected":false},"author":3,"featured_media":5875,"comment_status":"open","ping_status":"open","sticky":false,"template":"","format":"standard","meta":{"footnotes":""},"categories":[3],"tags":[],"yoast_head":"<!-- This site is optimized with the Yoast SEO plugin v16.7 - https:\/\/yoast.com\/wordpress\/plugins\/seo\/ -->\n<title>Reforma rynku pracy pod znakiem zapytania - Artyku\u0142y dla Szukaj\u0105cych pracy<\/title>\n<meta name=\"description\" content=\"Bardzo oczekiwana przez wszystkich reforma rynku pracy utkn\u0119\u0142a na etapie uzgodnie\u0144 w Radzie Ministr\u00f3w. Tym samym malej\u0105 szanse na to, i\u017c projekt ustawy o aktywno\u015bci zawodowej uchwalony zostanie jeszcze podczas obecnej kadencji Parlamentu RP.\" \/>\n<meta name=\"robots\" content=\"index, follow, max-snippet:-1, max-image-preview:large, max-video-preview:-1\" \/>\n<link rel=\"canonical\" href=\"https:\/\/szukampracy.pl\/blog\/reforma-rynku-pracy-pod-znakiem-zapytania\/\" \/>\n<meta property=\"og:locale\" content=\"pl_PL\" \/>\n<meta property=\"og:type\" content=\"article\" \/>\n<meta property=\"og:title\" content=\"Reforma rynku pracy pod znakiem zapytania - Artyku\u0142y dla Szukaj\u0105cych pracy\" \/>\n<meta property=\"og:description\" content=\"Bardzo oczekiwana przez wszystkich reforma rynku pracy utkn\u0119\u0142a na etapie uzgodnie\u0144 w Radzie Ministr\u00f3w. Tym samym malej\u0105 szanse na to, i\u017c projekt ustawy o aktywno\u015bci zawodowej uchwalony zostanie jeszcze podczas obecnej kadencji Parlamentu RP.\" \/>\n<meta property=\"og:url\" content=\"https:\/\/szukampracy.pl\/blog\/reforma-rynku-pracy-pod-znakiem-zapytania\/\" \/>\n<meta property=\"og:site_name\" content=\"Blog Szukampracy.pl - Artyku\u0142y o rynku pracy i HR dla pracodawcy\" \/>\n<meta property=\"article:publisher\" content=\"https:\/\/www.facebook.com\/portalszukampracy\/\" \/>\n<meta property=\"article:published_time\" content=\"2023-08-11T08:57:00+00:00\" \/>\n<meta property=\"article:modified_time\" content=\"2023-08-09T18:00:25+00:00\" \/>\n<meta property=\"og:image\" content=\"https:\/\/szukampracy.pl\/blog\/wp-content\/uploads\/2023\/08\/pexels-ono-kosuki-5999876-1-scaled.jpg\" \/>\n\t<meta property=\"og:image:width\" content=\"1024\" \/>\n\t<meta property=\"og:image:height\" content=\"683\" \/>\n<meta name=\"twitter:card\" content=\"summary\" \/>\n<meta name=\"twitter:creator\" content=\"@SzukamPracyPl\" \/>\n<meta name=\"twitter:site\" content=\"@SzukamPracyPl\" \/>\n<meta name=\"twitter:label1\" content=\"Written by\" \/>\n\t<meta name=\"twitter:data1\" content=\"Ekspert \u0141ukasz\" \/>\n\t<meta name=\"twitter:label2\" content=\"Est. reading time\" \/>\n\t<meta name=\"twitter:data2\" content=\"6 minut\" \/>\n<script type=\"application\/ld+json\" class=\"yoast-schema-graph\">{\"@context\":\"https:\/\/schema.org\",\"@graph\":[{\"@type\":\"Organization\",\"@id\":\"https:\/\/szukampracy.pl\/blog\/#organization\",\"name\":\"Szukampracy.pl\",\"url\":\"https:\/\/szukampracy.pl\/blog\/\",\"sameAs\":[\"https:\/\/www.facebook.com\/portalszukampracy\/\",\"https:\/\/www.linkedin.com\/company\/szukampracy-pl\",\"https:\/\/www.youtube.com\/channel\/UCmY56pXKURtawvJjwIvU2YQ\",\"https:\/\/twitter.com\/SzukamPracyPl\"],\"logo\":{\"@type\":\"ImageObject\",\"@id\":\"https:\/\/szukampracy.pl\/blog\/#logo\",\"inLanguage\":\"pl-PL\",\"url\":\"https:\/\/szukampracy.pl\/blog\/wp-content\/uploads\/2017\/08\/logo-1.png\",\"contentUrl\":\"https:\/\/szukampracy.pl\/blog\/wp-content\/uploads\/2017\/08\/logo-1.png\",\"width\":240,\"height\":33,\"caption\":\"Szukampracy.pl\"},\"image\":{\"@id\":\"https:\/\/szukampracy.pl\/blog\/#logo\"}},{\"@type\":\"WebSite\",\"@id\":\"https:\/\/szukampracy.pl\/blog\/#website\",\"url\":\"https:\/\/szukampracy.pl\/blog\/\",\"name\":\"Blog Szukampracy.pl - Artyku\\u0142y o rynku pracy i HR dla pracodawcy\",\"description\":\"Nasz blog powsta\\u0142 z my\\u015bl\\u0105 o Pracodawcach, Pracownikach i Kandydatach b\\u0119d\\u0105cych na etapie zapoznawania si\\u0119 z og\\u0142oszeniami o prac\\u0119. Mo\\u017cna u nas znale\\u017a\\u0107 artyku\\u0142y o rynku pracy, z dziedziny HR, zarz\\u0105dzania, ofert pracy za granic\\u0105 oraz inne ciekawostki. Nie wahaj si\\u0119 nas odwiedzi\\u0107\",\"publisher\":{\"@id\":\"https:\/\/szukampracy.pl\/blog\/#organization\"},\"potentialAction\":[{\"@type\":\"SearchAction\",\"target\":{\"@type\":\"EntryPoint\",\"urlTemplate\":\"https:\/\/szukampracy.pl\/blog\/?s={search_term_string}\"},\"query-input\":\"required name=search_term_string\"}],\"inLanguage\":\"pl-PL\"},{\"@type\":\"ImageObject\",\"@id\":\"https:\/\/szukampracy.pl\/blog\/reforma-rynku-pracy-pod-znakiem-zapytania\/#primaryimage\",\"inLanguage\":\"pl-PL\",\"url\":\"https:\/\/szukampracy.pl\/blog\/wp-content\/uploads\/2023\/08\/pexels-ono-kosuki-5999876-1-scaled.jpg\",\"contentUrl\":\"https:\/\/szukampracy.pl\/blog\/wp-content\/uploads\/2023\/08\/pexels-ono-kosuki-5999876-1-scaled.jpg\",\"width\":1024,\"height\":683},{\"@type\":\"WebPage\",\"@id\":\"https:\/\/szukampracy.pl\/blog\/reforma-rynku-pracy-pod-znakiem-zapytania\/#webpage\",\"url\":\"https:\/\/szukampracy.pl\/blog\/reforma-rynku-pracy-pod-znakiem-zapytania\/\",\"name\":\"Reforma rynku pracy pod znakiem zapytania - Artyku\\u0142y dla Szukaj\\u0105cych pracy\",\"isPartOf\":{\"@id\":\"https:\/\/szukampracy.pl\/blog\/#website\"},\"primaryImageOfPage\":{\"@id\":\"https:\/\/szukampracy.pl\/blog\/reforma-rynku-pracy-pod-znakiem-zapytania\/#primaryimage\"},\"datePublished\":\"2023-08-11T08:57:00+00:00\",\"dateModified\":\"2023-08-09T18:00:25+00:00\",\"description\":\"Bardzo oczekiwana przez wszystkich reforma rynku pracy utkn\\u0119\\u0142a na etapie uzgodnie\\u0144 w Radzie Ministr\\u00f3w. Tym samym malej\\u0105 szanse na to, i\\u017c projekt ustawy o aktywno\\u015bci zawodowej uchwalony zostanie jeszcze podczas obecnej kadencji Parlamentu RP.\",\"breadcrumb\":{\"@id\":\"https:\/\/szukampracy.pl\/blog\/reforma-rynku-pracy-pod-znakiem-zapytania\/#breadcrumb\"},\"inLanguage\":\"pl-PL\",\"potentialAction\":[{\"@type\":\"ReadAction\",\"target\":[\"https:\/\/szukampracy.pl\/blog\/reforma-rynku-pracy-pod-znakiem-zapytania\/\"]}]},{\"@type\":\"BreadcrumbList\",\"@id\":\"https:\/\/szukampracy.pl\/blog\/reforma-rynku-pracy-pod-znakiem-zapytania\/#breadcrumb\",\"itemListElement\":[{\"@type\":\"ListItem\",\"position\":1,\"name\":\"Blog\",\"item\":\"https:\/\/szukampracy.pl\/blog\/\"},{\"@type\":\"ListItem\",\"position\":2,\"name\":\"Najnowsze Artyku\\u0142y\",\"item\":\"https:\/\/szukampracy.pl\/blog\/najnowsze\/\"},{\"@type\":\"ListItem\",\"position\":3,\"name\":\"Reforma rynku pracy pod znakiem zapytania\"}]},{\"@type\":\"Article\",\"@id\":\"https:\/\/szukampracy.pl\/blog\/reforma-rynku-pracy-pod-znakiem-zapytania\/#article\",\"isPartOf\":{\"@id\":\"https:\/\/szukampracy.pl\/blog\/reforma-rynku-pracy-pod-znakiem-zapytania\/#webpage\"},\"author\":{\"@id\":\"https:\/\/szukampracy.pl\/blog\/#\/schema\/person\/3952d4bf69b606b39399e9e649ef2394\"},\"headline\":\"Reforma rynku pracy pod znakiem zapytania\",\"datePublished\":\"2023-08-11T08:57:00+00:00\",\"dateModified\":\"2023-08-09T18:00:25+00:00\",\"mainEntityOfPage\":{\"@id\":\"https:\/\/szukampracy.pl\/blog\/reforma-rynku-pracy-pod-znakiem-zapytania\/#webpage\"},\"wordCount\":1392,\"commentCount\":2,\"publisher\":{\"@id\":\"https:\/\/szukampracy.pl\/blog\/#organization\"},\"image\":{\"@id\":\"https:\/\/szukampracy.pl\/blog\/reforma-rynku-pracy-pod-znakiem-zapytania\/#primaryimage\"},\"thumbnailUrl\":\"https:\/\/szukampracy.pl\/blog\/wp-content\/uploads\/2023\/08\/pexels-ono-kosuki-5999876-1-scaled.jpg\",\"articleSection\":[\"Najnowsze Artyku\\u0142y\"],\"inLanguage\":\"pl-PL\",\"potentialAction\":[{\"@type\":\"CommentAction\",\"name\":\"Comment\",\"target\":[\"https:\/\/szukampracy.pl\/blog\/reforma-rynku-pracy-pod-znakiem-zapytania\/#respond\"]}]},{\"@type\":\"Person\",\"@id\":\"https:\/\/szukampracy.pl\/blog\/#\/schema\/person\/3952d4bf69b606b39399e9e649ef2394\",\"name\":\"Ekspert \\u0141ukasz\",\"image\":{\"@type\":\"ImageObject\",\"@id\":\"https:\/\/szukampracy.pl\/blog\/#personlogo\",\"inLanguage\":\"pl-PL\",\"url\":\"https:\/\/secure.gravatar.com\/avatar\/7733c11b2e55f533f1cae76b6c86129d?s=96&d=mm&r=g\",\"contentUrl\":\"https:\/\/secure.gravatar.com\/avatar\/7733c11b2e55f533f1cae76b6c86129d?s=96&d=mm&r=g\",\"caption\":\"Ekspert \\u0141ukasz\"},\"description\":\"Ekspert \\u0141ukasz swoje wieloletnie do\\u015bwiadczenie na rynku pracy postanowi\\u0142 przekaza\\u0107 tak\\u017ce na naszym blogu. Jego artyku\\u0142y dotycz\\u0105 aktualnych zmian gospodarczych a tak\\u017ce tych na rynku pracy. Z ch\\u0119cia udzieli porad pracodawc\\u0105, kt\\u00f3rzy pr\\u0119\\u017cnie rozwijaj\\u0105 swoje firmy.\"}]}<\/script>\n<!-- \/ Yoast SEO plugin. -->","yoast_head_json":{"title":"Reforma rynku pracy pod znakiem zapytania - Artyku\u0142y dla Szukaj\u0105cych pracy","description":"Bardzo oczekiwana przez wszystkich reforma rynku pracy utkn\u0119\u0142a na etapie uzgodnie\u0144 w Radzie Ministr\u00f3w. Tym samym malej\u0105 szanse na to, i\u017c projekt ustawy o aktywno\u015bci zawodowej uchwalony zostanie jeszcze podczas obecnej kadencji Parlamentu RP.","robots":{"index":"index","follow":"follow","max-snippet":"max-snippet:-1","max-image-preview":"max-image-preview:large","max-video-preview":"max-video-preview:-1"},"canonical":"https:\/\/szukampracy.pl\/blog\/reforma-rynku-pracy-pod-znakiem-zapytania\/","og_locale":"pl_PL","og_type":"article","og_title":"Reforma rynku pracy pod znakiem zapytania - Artyku\u0142y dla Szukaj\u0105cych pracy","og_description":"Bardzo oczekiwana przez wszystkich reforma rynku pracy utkn\u0119\u0142a na etapie uzgodnie\u0144 w Radzie Ministr\u00f3w. Tym samym malej\u0105 szanse na to, i\u017c projekt ustawy o aktywno\u015bci zawodowej uchwalony zostanie jeszcze podczas obecnej kadencji Parlamentu RP.","og_url":"https:\/\/szukampracy.pl\/blog\/reforma-rynku-pracy-pod-znakiem-zapytania\/","og_site_name":"Blog Szukampracy.pl - Artyku\u0142y o rynku pracy i HR dla pracodawcy","article_publisher":"https:\/\/www.facebook.com\/portalszukampracy\/","article_published_time":"2023-08-11T08:57:00+00:00","article_modified_time":"2023-08-09T18:00:25+00:00","og_image":[{"width":1024,"height":683,"url":"https:\/\/szukampracy.pl\/blog\/wp-content\/uploads\/2023\/08\/pexels-ono-kosuki-5999876-1-scaled.jpg","path":"\/home\/szukamprac\/domains\/szukampracy.pl\/public_html\/blog\/wp-content\/uploads\/2023\/08\/pexels-ono-kosuki-5999876-1-scaled.jpg","size":"full","id":5875,"alt":"","pixels":699392,"type":"image\/jpeg"}],"twitter_card":"summary","twitter_creator":"@SzukamPracyPl","twitter_site":"@SzukamPracyPl","twitter_misc":{"Written by":"Ekspert \u0141ukasz","Est. reading time":"6 minut"},"schema":{"@context":"https:\/\/schema.org","@graph":[{"@type":"Organization","@id":"https:\/\/szukampracy.pl\/blog\/#organization","name":"Szukampracy.pl","url":"https:\/\/szukampracy.pl\/blog\/","sameAs":["https:\/\/www.facebook.com\/portalszukampracy\/","https:\/\/www.linkedin.com\/company\/szukampracy-pl","https:\/\/www.youtube.com\/channel\/UCmY56pXKURtawvJjwIvU2YQ","https:\/\/twitter.com\/SzukamPracyPl"],"logo":{"@type":"ImageObject","@id":"https:\/\/szukampracy.pl\/blog\/#logo","inLanguage":"pl-PL","url":"https:\/\/szukampracy.pl\/blog\/wp-content\/uploads\/2017\/08\/logo-1.png","contentUrl":"https:\/\/szukampracy.pl\/blog\/wp-content\/uploads\/2017\/08\/logo-1.png","width":240,"height":33,"caption":"Szukampracy.pl"},"image":{"@id":"https:\/\/szukampracy.pl\/blog\/#logo"}},{"@type":"WebSite","@id":"https:\/\/szukampracy.pl\/blog\/#website","url":"https:\/\/szukampracy.pl\/blog\/","name":"Blog Szukampracy.pl - Artyku\u0142y o rynku pracy i HR dla pracodawcy","description":"Nasz blog powsta\u0142 z my\u015bl\u0105 o Pracodawcach, Pracownikach i Kandydatach b\u0119d\u0105cych na etapie zapoznawania si\u0119 z og\u0142oszeniami o prac\u0119. Mo\u017cna u nas znale\u017a\u0107 artyku\u0142y o rynku pracy, z dziedziny HR, zarz\u0105dzania, ofert pracy za granic\u0105 oraz inne ciekawostki. Nie wahaj si\u0119 nas odwiedzi\u0107","publisher":{"@id":"https:\/\/szukampracy.pl\/blog\/#organization"},"potentialAction":[{"@type":"SearchAction","target":{"@type":"EntryPoint","urlTemplate":"https:\/\/szukampracy.pl\/blog\/?s={search_term_string}"},"query-input":"required name=search_term_string"}],"inLanguage":"pl-PL"},{"@type":"ImageObject","@id":"https:\/\/szukampracy.pl\/blog\/reforma-rynku-pracy-pod-znakiem-zapytania\/#primaryimage","inLanguage":"pl-PL","url":"https:\/\/szukampracy.pl\/blog\/wp-content\/uploads\/2023\/08\/pexels-ono-kosuki-5999876-1-scaled.jpg","contentUrl":"https:\/\/szukampracy.pl\/blog\/wp-content\/uploads\/2023\/08\/pexels-ono-kosuki-5999876-1-scaled.jpg","width":1024,"height":683},{"@type":"WebPage","@id":"https:\/\/szukampracy.pl\/blog\/reforma-rynku-pracy-pod-znakiem-zapytania\/#webpage","url":"https:\/\/szukampracy.pl\/blog\/reforma-rynku-pracy-pod-znakiem-zapytania\/","name":"Reforma rynku pracy pod znakiem zapytania - Artyku\u0142y dla Szukaj\u0105cych pracy","isPartOf":{"@id":"https:\/\/szukampracy.pl\/blog\/#website"},"primaryImageOfPage":{"@id":"https:\/\/szukampracy.pl\/blog\/reforma-rynku-pracy-pod-znakiem-zapytania\/#primaryimage"},"datePublished":"2023-08-11T08:57:00+00:00","dateModified":"2023-08-09T18:00:25+00:00","description":"Bardzo oczekiwana przez wszystkich reforma rynku pracy utkn\u0119\u0142a na etapie uzgodnie\u0144 w Radzie Ministr\u00f3w. Tym samym malej\u0105 szanse na to, i\u017c projekt ustawy o aktywno\u015bci zawodowej uchwalony zostanie jeszcze podczas obecnej kadencji Parlamentu RP.","breadcrumb":{"@id":"https:\/\/szukampracy.pl\/blog\/reforma-rynku-pracy-pod-znakiem-zapytania\/#breadcrumb"},"inLanguage":"pl-PL","potentialAction":[{"@type":"ReadAction","target":["https:\/\/szukampracy.pl\/blog\/reforma-rynku-pracy-pod-znakiem-zapytania\/"]}]},{"@type":"BreadcrumbList","@id":"https:\/\/szukampracy.pl\/blog\/reforma-rynku-pracy-pod-znakiem-zapytania\/#breadcrumb","itemListElement":[{"@type":"ListItem","position":1,"name":"Blog","item":"https:\/\/szukampracy.pl\/blog\/"},{"@type":"ListItem","position":2,"name":"Najnowsze Artyku\u0142y","item":"https:\/\/szukampracy.pl\/blog\/najnowsze\/"},{"@type":"ListItem","position":3,"name":"Reforma rynku pracy pod znakiem zapytania"}]},{"@type":"Article","@id":"https:\/\/szukampracy.pl\/blog\/reforma-rynku-pracy-pod-znakiem-zapytania\/#article","isPartOf":{"@id":"https:\/\/szukampracy.pl\/blog\/reforma-rynku-pracy-pod-znakiem-zapytania\/#webpage"},"author":{"@id":"https:\/\/szukampracy.pl\/blog\/#\/schema\/person\/3952d4bf69b606b39399e9e649ef2394"},"headline":"Reforma rynku pracy pod znakiem zapytania","datePublished":"2023-08-11T08:57:00+00:00","dateModified":"2023-08-09T18:00:25+00:00","mainEntityOfPage":{"@id":"https:\/\/szukampracy.pl\/blog\/reforma-rynku-pracy-pod-znakiem-zapytania\/#webpage"},"wordCount":1392,"commentCount":2,"publisher":{"@id":"https:\/\/szukampracy.pl\/blog\/#organization"},"image":{"@id":"https:\/\/szukampracy.pl\/blog\/reforma-rynku-pracy-pod-znakiem-zapytania\/#primaryimage"},"thumbnailUrl":"https:\/\/szukampracy.pl\/blog\/wp-content\/uploads\/2023\/08\/pexels-ono-kosuki-5999876-1-scaled.jpg","articleSection":["Najnowsze Artyku\u0142y"],"inLanguage":"pl-PL","potentialAction":[{"@type":"CommentAction","name":"Comment","target":["https:\/\/szukampracy.pl\/blog\/reforma-rynku-pracy-pod-znakiem-zapytania\/#respond"]}]},{"@type":"Person","@id":"https:\/\/szukampracy.pl\/blog\/#\/schema\/person\/3952d4bf69b606b39399e9e649ef2394","name":"Ekspert \u0141ukasz","image":{"@type":"ImageObject","@id":"https:\/\/szukampracy.pl\/blog\/#personlogo","inLanguage":"pl-PL","url":"https:\/\/secure.gravatar.com\/avatar\/7733c11b2e55f533f1cae76b6c86129d?s=96&d=mm&r=g","contentUrl":"https:\/\/secure.gravatar.com\/avatar\/7733c11b2e55f533f1cae76b6c86129d?s=96&d=mm&r=g","caption":"Ekspert \u0141ukasz"},"description":"Ekspert \u0141ukasz swoje wieloletnie do\u015bwiadczenie na rynku pracy postanowi\u0142 przekaza\u0107 tak\u017ce na naszym blogu. Jego artyku\u0142y dotycz\u0105 aktualnych zmian gospodarczych a tak\u017ce tych na rynku pracy. Z ch\u0119cia udzieli porad pracodawc\u0105, kt\u00f3rzy pr\u0119\u017cnie rozwijaj\u0105 swoje firmy."}]}},"fimg_url":"https:\/\/szukampracy.pl\/blog\/wp-content\/uploads\/2023\/08\/pexels-ono-kosuki-5999876-1-scaled.jpg","amp_enabled":true,"_links":{"self":[{"href":"https:\/\/szukampracy.pl\/blog\/wp-json\/wp\/v2\/posts\/5873"}],"collection":[{"href":"https:\/\/szukampracy.pl\/blog\/wp-json\/wp\/v2\/posts"}],"about":[{"href":"https:\/\/szukampracy.pl\/blog\/wp-json\/wp\/v2\/types\/post"}],"author":[{"embeddable":true,"href":"https:\/\/szukampracy.pl\/blog\/wp-json\/wp\/v2\/users\/3"}],"replies":[{"embeddable":true,"href":"https:\/\/szukampracy.pl\/blog\/wp-json\/wp\/v2\/comments?post=5873"}],"version-history":[{"count":0,"href":"https:\/\/szukampracy.pl\/blog\/wp-json\/wp\/v2\/posts\/5873\/revisions"}],"wp:featuredmedia":[{"embeddable":true,"href":"https:\/\/szukampracy.pl\/blog\/wp-json\/wp\/v2\/media\/5875"}],"wp:attachment":[{"href":"https:\/\/szukampracy.pl\/blog\/wp-json\/wp\/v2\/media?parent=5873"}],"wp:term":[{"taxonomy":"category","embeddable":true,"href":"https:\/\/szukampracy.pl\/blog\/wp-json\/wp\/v2\/categories?post=5873"},{"taxonomy":"post_tag","embeddable":true,"href":"https:\/\/szukampracy.pl\/blog\/wp-json\/wp\/v2\/tags?post=5873"}],"curies":[{"name":"wp","href":"https:\/\/api.w.org\/{rel}","templated":true}]}}