{"id":5751,"date":"2023-06-14T18:37:03","date_gmt":"2023-06-14T18:37:03","guid":{"rendered":"https:\/\/szukampracy.pl\/blog\/?p=5751"},"modified":"2023-06-14T18:37:04","modified_gmt":"2023-06-14T18:37:04","slug":"pracodawcy-beda-zmuszeni-do-inwestycji-w-sprzet-dla-pracownikow-zdalnych","status":"publish","type":"post","link":"https:\/\/szukampracy.pl\/blog\/pracodawcy-beda-zmuszeni-do-inwestycji-w-sprzet-dla-pracownikow-zdalnych\/","title":{"rendered":"Pracodawcy b\u0119d\u0105 zmuszeni do inwestycji w sprz\u0119t dla pracownik\u00f3w zdalnych"},"content":{"rendered":"\n<p>Okazuje si\u0119, i\u017c ju\u017c nied\u0142ugo pracodawcy b\u0119d\u0105 musieli dokona\u0107 inwestycji w podstawki, klawiatury i myszki do pracy dla pracownik\u00f3w korzystaj\u0105cych z laptop\u00f3w. W przeciwnym wypadku b\u0119d\u0105 musieli oni chocia\u017cby podnie\u015b\u0107 rycza\u0142ty za prac\u0119 zdaln\u0105, w sytuacji, gdy takowych inwestycji nie poczyni\u0105. Wynika tak z potencjalnej zmiany rozporz\u0105dzenia w sprawie bezpiecze\u0144stwa i higieny pracy na stanowiskach wyposa\u017conych w monitory ekranowe.<\/p>\n\n\n\n<p><strong>Jakich zmian przepis\u00f3w zatem nale\u017cy spodziewa\u0107 si\u0119 w najbli\u017cszym czasie odno\u015bnie do pracownik\u00f3w korzystaj\u0105cych z laptop\u00f3w?<\/strong><\/p>\n\n\n\n<p>Obecnie przedstawiciele Ministerstwa Rodziny i Polityki Spo\u0142ecznej przygotowali projekt zmiany rozporz\u0105dzenia z 1 grudnia 1998 roku w sprawie bezpiecze\u0144stwa i higieny pracy na stanowiskach wyposa\u017conych w monitory ekranowe. Zosta\u0142 on skierowany do konsultacji spo\u0142ecznych i mo\u017ce ju\u017c nied\u0142ugo spowodowa\u0107 ca\u0142kiem spore zamieszanie w przedsi\u0119biorstwach, gdzie pracownicy pracuj\u0105 przy laptopach i nie ma przy tym znaczenia czy praca ta odbywa si\u0119 w biurze czy te\u017c w formie zdalnej.<\/p>\n\n\n\n<p>Okazuje si\u0119, i\u017c owa nowelizacja, kt\u00f3ra mia\u0142a zapewni\u0107 pracuj\u0105cym zdalnie prawo do refundacji okular\u00f3w, wprowadzi r\u00f3wnie\u017c powszechny obowi\u0105zek doposa\u017cenia pracownik\u00f3w pracuj\u0105cych przy laptopach. Pracodawcy zatem b\u0119d\u0105 musieli zapewni\u0107 im monitory stacjonarne b\u0105d\u017a podstawki zapewniaj\u0105ce ustawienie ekranu tak, aby jego g\u00f3rna kraw\u0119d\u017a znajdowa\u0142a si\u0119 na wysoko\u015bci oczu oraz dodatkowo klawiatury i myszy.<\/p>\n\n\n\n<p>Jak podkre\u015bla Piotr Wojciechowski, adwokat i ekspert prawa pracy, pracodawcy musz\u0105 pami\u0119ta\u0107, i\u017c prawo pracy nak\u0142ada na nich odpowiedzialno\u015b\u0107 za zapewnienie bezpiecznych i higienicznych warunk\u00f3w pracy bez wzgl\u0119du na to, gdzie owa praca si\u0119 odbywa. Jednak\u017ce w zale\u017cno\u015bci od tego, gdzie faktycznie praca b\u0119dzie mia\u0142a miejsce, zmiany b\u0119d\u0105 inaczej wdra\u017cane.<\/p>\n\n\n\n<p>W odniesieniu do pracownik\u00f3w zdalnych pracodawcy powinni zadba\u0107 o aktualizacj\u0119 informacji o warunkach pracy przy laptopach, by uwzgl\u0119dnia\u0142a ona nowe elementy takiego stanowiska pracy. Z kolei zatrudnieni zdalnie powinni z\u0142o\u017cy\u0107 na nowo o\u015bwiadczenie, i\u017c ich stanowisko spe\u0142nia zmienione wymogi. W tej sytuacji zasadnicze pytanie dotyczy tego, kto ponosi koszty doposa\u017cenia stanowiska pracy w domu, w tym wymagane przez nowe przepisy monitory b\u0105d\u017a te\u017c podstawki, klawiatury i myszy. Je\u017celi bowiem pracownik, to winno to znale\u017a\u0107 odzwierciedlenie w wysoko\u015bci nale\u017cnego mu zrycza\u0142towanego zwrotu dodatkowych koszt\u00f3w pracy zdalnej. W innym przypadku natomiast przedstawiciele urz\u0119du skarbowego kt\u00f3rzy dokonaj\u0105 kontroli po wej\u015bciu w \u017cycie nowelizacji rozporz\u0105dzenia, uzna\u0107 mog\u0105, i\u017c wcze\u015bniej stawka rycza\u0142tu czy ekwiwalentu by\u0142a zawy\u017cona, na co zwraca uwag\u0119 Bartosz Tomanek, adwokat i partner zarz\u0105dzaj\u0105cy zespo\u0142em PCS\/Littler w Gda\u0144sku.<\/p>\n\n\n\n<p>Dla pracodawc\u00f3w zatem lepszym rozwi\u0105zaniem by\u0142oby sfinansowanie i dostarczenie takiego dodatkowego wyposa\u017cenia pracuj\u0105cym zdalnie, bowiem bez niego mog\u0105 oni odm\u00f3wi\u0107 pracy przy laptopie, jako urz\u0105dzeniu niezgodnym z nowymi regulacjami. To jednak\u017ce nie oznacza automatycznego powrotu do pracy stacjonarnej.<\/p>\n\n\n\n<p>Z kolei w odniesieniu do pracownik\u00f3w pracuj\u0105cych w biurze nie ma w\u0105tpliwo\u015bci, \u017ce zmiany oznaczaj\u0105 obowi\u0105zek dostosowania stanowisk pracy przy laptopach do nowych wymaga\u0144. Zdaniem Bartosza Tomanka, paradoksem nowych przepis\u00f3w mo\u017ce by\u0107 to, i\u017c nowelizacja rozporz\u0105dzenia, kt\u00f3ra mia\u0142a doprecyzowa\u0107 obowi\u0105zki w zakresie bezpiecze\u0144stwa i higieny pracy w przypadku pracy zdalnej, mo\u017ce najmocniej odbi\u0107 si\u0119 na pracy w biurach. Okaza\u0107 si\u0119 bowiem mo\u017ce, i\u017c po zmianach pracuj\u0105cy zdalnie dokupi\u0105 sobie podstawki pod laptopy na w\u0142asny koszt i o\u015bwiadcz\u0105 pracodawcom, \u017ce ich stanowiska pracy spe\u0142niaj\u0105 wymogi ergonomii, a w przypadku stanowisk urz\u0105dzonych w biurach, obowi\u0105zek sfinansowania wyposa\u017cenia wymaganego w nowych przepisach b\u0119d\u0105 mie\u0107 pracodawcy. Oczywi\u015bcie mog\u0105 oni zamiast inwestowania w dostosowanie stanowisk biurowych zdecydowa\u0107 si\u0119 na wys\u0142anie os\u00f3b pracuj\u0105cych przy laptopach do domu. Wystarczy w\u00f3wczas podniesienie o kilka z\u0142otych rycza\u0142tu przys\u0142uguj\u0105cego za prac\u0119 z domu.<\/p>\n\n\n\n<p><strong>Jakie zatem zmiany przewiduje projekt rozporz\u0105dzenia w sprawie bezpiecze\u0144stwa i higieny pracy na stanowiskach wyposa\u017conych w monitory ekranowe?<\/strong><\/p>\n\n\n\n<p>Ot\u00f3\u017c projekt rozporz\u0105dzenia w sprawie bezpiecze\u0144stwa i higieny pracy na stanowiskach wyposa\u017conych w monitory ekranowe, przygotowany przez urz\u0119dnik\u00f3w resortu rodziny, przewiduje nast\u0119puj\u0105ce elementy:<\/p>\n\n\n\n<ul><li>nie b\u0119dzie ju\u017c wymogu regulacji ustawienia monitora, pokrycia ekranu warstw\u0105 antyodbiciow\u0105 b\u0105d\u017a odpowiednim filtrem oraz u\u017cycia oddzielnej podstawy monitora b\u0105d\u017a regulowanego sto\u0142u, w razie potrzeby wynikaj\u0105cej z indywidualnych cech antropometrycznych pracownika; b\u0119dzie natomiast wym\u00f3g ustawienia monitora umo\u017cliwiaj\u0105cego pochylenie ekranu oraz ustawienie monitora, a tak\u017ce innych element\u00f3w wyposa\u017cenia w taki spos\u00f3b, by nie wymusza\u0107 niewygodnych ruch\u00f3w g\u0142owy i szyi<\/li><li>nie b\u0119dzie okre\u015blonych wymog\u00f3w odno\u015bnie do klawiatury w zakresie mo\u017cliwo\u015bci regulacji k\u0105ta nachylenia klawiatury, jak i odpowiedniej wysoko\u015bci klawiatury<\/li><li>nie b\u0119dzie wymogu zachowania wilgotno\u015bci nie wi\u0119kszej ni\u017c 40,0%, natomiast w przepisach znajdzie si\u0119 odes\u0142anie do okre\u015blonych w odr\u0119bnych przepisach og\u00f3lnych wymaga\u0144 dotycz\u0105cych czynnik\u00f3w szkodliwych i uci\u0105\u017cliwych dla zdrowia w \u015brodowisku pracy, w tym mikroklimatu, ha\u0142asu oraz promieniowania<\/li><li>w sytuacji, gdy pracownik u\u017cywa\u0107 b\u0119dzie system\u00f3w przeno\u015bnych, w szczeg\u00f3lno\u015bci laptop\u00f3w, co najmniej przez po\u0142ow\u0119 dobowego wymiaru czasu pracy, w\u00f3wczas stanowisko pracy powinno by\u0107 wyposa\u017cone w monitor stacjonarny b\u0105d\u017a podstawk\u0119 zapewniaj\u0105c\u0105 ustawienie ekranu tak, aby jego g\u00f3rna kraw\u0119d\u017a znajdowa\u0142a si\u0119 na wysoko\u015bci oczu oraz dodatkow\u0105 klawiatur\u0119 i mysz<\/li><li>pojawi si\u0119 nowe poj\u0119cie powierzchni roboczej i st\u00f3\u0142 razem z ow\u0105 powierzchni\u0105 robocz\u0105 powinny umo\u017cliwia\u0107 ergonomiczne ustawienie element\u00f3w wyposa\u017cenia stanowiska pracy, w tym zr\u00f3\u017cnicowan\u0105 wysoko\u015b\u0107 ustawienia monitora ekranowego i klawiatury.; nie b\u0119dzie natomiast wymogu zachowania odleg\u0142o\u015bci co najmniej 100 mm mi\u0119dzy klawiatur\u0105, a przedni\u0105 kraw\u0119dzi\u0105 sto\u0142u, a z kolei w projekcie pojawi si\u0119 sformu\u0142owanie, i\u017c miejsce pracy powinno dawa\u0107 mo\u017cliwo\u015b\u0107 ustawienia klawiatury z zachowaniem takiej odleg\u0142o\u015bci od przedniej kraw\u0119dzi sto\u0142u, kt\u00f3ra umo\u017cliwia podparcie dla r\u0105k i przedramion z zachowaniem co najmniej k\u0105ta prostego mi\u0119dzy ramieniem i przedramieniem<\/li><li>nie b\u0119dzie szczeg\u00f3\u0142owych regulacji odleg\u0142o\u015bci pomi\u0119dzy stanowiskami wyposa\u017conymi w monitory, jak i wymog\u00f3w odno\u015bnie do minimalnej oraz maksymalnej odleg\u0142o\u015bci mi\u0119dzy monitorem, a oczami pracownika, a z kolei pojawi si\u0119 stwierdzenie, i\u017c stanowisko pracy wyposa\u017cone w monitor ekranowy powinno by\u0107 tak usytuowane w pomieszczeniu, by zapewnia\u0142o pracownikowi swobodny dost\u0119p do tego stanowiska<\/li><li>nie b\u0119dzie uregulowa\u0144 dotycz\u0105cych podn\u00f3\u017cka w zakresie wymog\u00f3w odno\u015bnie do jego konstrukcji, w kt\u00f3ry nale\u017ca\u0142o uprzednio wyposa\u017cy\u0107 stanowisko pracy na \u017cyczenie pracownika<\/li><\/ul>\n\n\n\n<p><strong>Jak zatem w praktyce ocenia\u0107 zaproponowane przez urz\u0119dnik\u00f3w zmiany?<\/strong><\/p>\n\n\n\n<p>Jak podkre\u015bla Marek Maszewski, dyrektor dzia\u0142u nadzoru SEKA SA, na pewno pozytywn\u0105 zmian\u0105 jest ograniczenie nadmiernej szczeg\u00f3\u0142owo\u015bci oraz anachroniczno\u015bci przepis\u00f3w reguluj\u0105cych chocia\u017cby stopnie nachylenia monitora, czy charakterystyk\u0119 powierzchni podn\u00f3\u017cka, kt\u00f3ry ma by\u0107 zapewniony przez pracodawc\u0119 na wniosek zatrudnionego. Pozytywnym jest r\u00f3wnie\u017c usuni\u0119cie w\u0105tpliwo\u015bci w kwestii obowi\u0105zywania tych przepis\u00f3w w odniesieniu do laptop\u00f3w, w nowelizacji bowiem wskazano, i\u017c je\u015bli laptopy s\u0105 stosowane co najmniej przez po\u0142ow\u0119 dobowego wymiaru czasu pracy, to nale\u017cy je w zakresie bezpiecze\u0144stwa i higieny pracy traktowa\u0107 tak, jak ekrany stacjonarne.<\/p>\n\n\n\n<p>Zmiana przepis\u00f3w ma jednak r\u00f3wnie\u017c i minusy, bowiem sformu\u0142owanie \u201epo\u0142owa dobowego wymiaru czasu pracy\u201d oznacza problemy dla pracodawc\u00f3w zatrudniaj\u0105cych pracownik\u00f3w na nieznaczn\u0105 cz\u0119\u015b\u0107 etatu. Do nich bowiem przepisy te r\u00f3wnie\u017c b\u0119d\u0105 mia\u0142y zastosowanie, co b\u0119dzie mia\u0142o taki efekt, \u017ce pracodawcy b\u0119d\u0105 musieli ponie\u015b\u0107 nieproporcjonalnie du\u017ce koszty z tym zwi\u0105zane. Zdecydowanie lepszym rozwi\u0105zaniem by\u0142oby zast\u0105pienie tego fragmentu zapisem o pracuj\u0105cych z wykorzystaniem monitor\u00f3w ekranowych przez ponad 4 godziny dziennie.<\/p>\n\n\n\n<p>Projekt rozporz\u0105dzenia odno\u015bnie do bezpiecze\u0144stwa i higieny pracy na stanowiskach wyposa\u017conych w monitory i przewidziany w nim obowi\u0105zek refundacji zakupu okular\u00f3w do takiej pracy nie ma r\u00f3wnie\u017c pe\u0142nego odzwierciedlenia w rozporz\u0105dzeniu o badaniach profilaktycznych pracownika. W tym kontek\u015bcie warto by\u0142oby, by projektodawca u\u0142atwi\u0142 pracodawcom realizacj\u0119 zalece\u0144 lekarzy medycyny pracy i przyk\u0142adowo we wzorze za\u015bwiadczenia o braku przeciwwskaza\u0144 do pracy przy monitorze przewidzia\u0142 dodatkowe pole, gdzie lekarz zaznacza\u0142by konieczno\u015b\u0107 stosowania okular\u00f3w do takiej pracy. Obecnie bowiem za\u015bwiadczenie to jest wystawiane w spos\u00f3b niesformalizowany, przyk\u0142adowo na dodatkowym dokumencie, kt\u00f3rym dysponuje pracownik, co cz\u0119sto powoduje komplikacje przy refundacji zakupu okular\u00f3w do pracy przy monitorze.<\/p>\n\n\n\n<p>Podsumowuj\u0105c, projektowana nowelizacja rozporz\u0105dzenia w sprawie bezpiecze\u0144stwa i higieny pracy na stanowiskach wyposa\u017conych w monitory ekranowe sprawia, i\u017c wkr\u00f3tce pracodawcy b\u0119d\u0105 musieli zmierzy\u0107 si\u0119 z nowymi wydatkami. Czeka ich bowiem doposa\u017cenie stanowisk pracy dla pracownik\u00f3w wykonuj\u0105cych sw\u0105 prac\u0119 z wykorzystaniem laptop\u00f3w. B\u0119d\u0105 oni bowiem musieli zainwestowa\u0107 w podstawki, klawiatury i myszki do pracy dla tych pracownik\u00f3w b\u0105d\u017a te\u017c podnie\u015b\u0107 ewentualnie rycza\u0142t za prac\u0119 zdaln\u0105. W tym kontek\u015bcie istotnym jest, i\u017c zmienione rozporz\u0105dzenie dotyczy\u0107 b\u0119dzie zar\u00f3wno pracownik\u00f3w wykonuj\u0105cych prac\u0119 w spos\u00f3b zdalny, jak r\u00f3wnie\u017c tych pracuj\u0105cych w biurze. Rozporz\u0105dzenie to usuwa wiele niepotrzebnych i anachronicznych ju\u017c przepis\u00f3w, jednocze\u015bnie jednak wprowadza inne, niekoniecznie w pe\u0142ni zrozumia\u0142e i logiczne. Z uwagi na to, i\u017c jest to na razie projekt, kt\u00f3ry trafi\u0142 do konsultacji spo\u0142ecznych, nale\u017cy mie\u0107 nadziej\u0119, \u017ce jego ostateczna wersja b\u0119dzie pozbawiona wskazywanych przez ekspert\u00f3w minus\u00f3w.<\/p>\n","protected":false},"excerpt":{"rendered":"<p>Okazuje si\u0119, i\u017c ju\u017c nied\u0142ugo pracodawcy b\u0119d\u0105 musieli dokona\u0107 inwestycji w podstawki, klawiatury i myszki do pracy dla pracownik\u00f3w korzystaj\u0105cych<\/p>\n","protected":false},"author":3,"featured_media":5752,"comment_status":"open","ping_status":"open","sticky":false,"template":"","format":"standard","meta":{"footnotes":""},"categories":[3],"tags":[],"yoast_head":"<!-- This site is optimized with the Yoast SEO plugin v16.7 - https:\/\/yoast.com\/wordpress\/plugins\/seo\/ -->\n<title>Pracodawcy b\u0119d\u0105 zmuszeni do inwestycji w sprz\u0119t dla pracownik\u00f3w zdalnych - Artyku\u0142y dla Szukaj\u0105cych pracy<\/title>\n<meta name=\"description\" content=\"Okazuje si\u0119, i\u017c ju\u017c nied\u0142ugo pracodawcy b\u0119d\u0105 musieli dokona\u0107 inwestycji w podstawki, klawiatury i myszki do pracy dla pracownik\u00f3w korzystaj\u0105cych z laptop\u00f3w. W przeciwnym wypadku b\u0119d\u0105 musieli oni chocia\u017cby podnie\u015b\u0107 rycza\u0142ty za prac\u0119 zdaln\u0105, w sytuacji, gdy takowych inwestycji nie poczyni\u0105.\" \/>\n<meta name=\"robots\" content=\"index, follow, max-snippet:-1, max-image-preview:large, max-video-preview:-1\" \/>\n<link rel=\"canonical\" href=\"https:\/\/szukampracy.pl\/blog\/pracodawcy-beda-zmuszeni-do-inwestycji-w-sprzet-dla-pracownikow-zdalnych\/\" \/>\n<meta property=\"og:locale\" content=\"pl_PL\" \/>\n<meta property=\"og:type\" content=\"article\" \/>\n<meta property=\"og:title\" content=\"Pracodawcy b\u0119d\u0105 zmuszeni do inwestycji w sprz\u0119t dla pracownik\u00f3w zdalnych - Artyku\u0142y dla Szukaj\u0105cych pracy\" \/>\n<meta property=\"og:description\" content=\"Okazuje si\u0119, i\u017c ju\u017c nied\u0142ugo pracodawcy b\u0119d\u0105 musieli dokona\u0107 inwestycji w podstawki, klawiatury i myszki do pracy dla pracownik\u00f3w korzystaj\u0105cych z laptop\u00f3w. W przeciwnym wypadku b\u0119d\u0105 musieli oni chocia\u017cby podnie\u015b\u0107 rycza\u0142ty za prac\u0119 zdaln\u0105, w sytuacji, gdy takowych inwestycji nie poczyni\u0105.\" \/>\n<meta property=\"og:url\" content=\"https:\/\/szukampracy.pl\/blog\/pracodawcy-beda-zmuszeni-do-inwestycji-w-sprzet-dla-pracownikow-zdalnych\/\" \/>\n<meta property=\"og:site_name\" content=\"Blog Szukampracy.pl - Artyku\u0142y o rynku pracy i HR dla pracodawcy\" \/>\n<meta property=\"article:publisher\" content=\"https:\/\/www.facebook.com\/portalszukampracy\/\" \/>\n<meta property=\"article:published_time\" content=\"2023-06-14T18:37:03+00:00\" \/>\n<meta property=\"article:modified_time\" content=\"2023-06-14T18:37:04+00:00\" \/>\n<meta property=\"og:image\" content=\"https:\/\/szukampracy.pl\/blog\/wp-content\/uploads\/2023\/06\/pexels-antonio-borriello-1297611-scaled.jpg\" \/>\n\t<meta property=\"og:image:width\" content=\"1024\" \/>\n\t<meta property=\"og:image:height\" content=\"685\" \/>\n<meta name=\"twitter:card\" content=\"summary\" \/>\n<meta name=\"twitter:creator\" content=\"@SzukamPracyPl\" \/>\n<meta name=\"twitter:site\" content=\"@SzukamPracyPl\" \/>\n<meta name=\"twitter:label1\" content=\"Written by\" \/>\n\t<meta name=\"twitter:data1\" content=\"Ekspert \u0141ukasz\" \/>\n\t<meta name=\"twitter:label2\" content=\"Est. reading time\" \/>\n\t<meta name=\"twitter:data2\" content=\"6 minut\" \/>\n<script type=\"application\/ld+json\" class=\"yoast-schema-graph\">{\"@context\":\"https:\/\/schema.org\",\"@graph\":[{\"@type\":\"Organization\",\"@id\":\"https:\/\/szukampracy.pl\/blog\/#organization\",\"name\":\"Szukampracy.pl\",\"url\":\"https:\/\/szukampracy.pl\/blog\/\",\"sameAs\":[\"https:\/\/www.facebook.com\/portalszukampracy\/\",\"https:\/\/www.linkedin.com\/company\/szukampracy-pl\",\"https:\/\/www.youtube.com\/channel\/UCmY56pXKURtawvJjwIvU2YQ\",\"https:\/\/twitter.com\/SzukamPracyPl\"],\"logo\":{\"@type\":\"ImageObject\",\"@id\":\"https:\/\/szukampracy.pl\/blog\/#logo\",\"inLanguage\":\"pl-PL\",\"url\":\"https:\/\/szukampracy.pl\/blog\/wp-content\/uploads\/2017\/08\/logo-1.png\",\"contentUrl\":\"https:\/\/szukampracy.pl\/blog\/wp-content\/uploads\/2017\/08\/logo-1.png\",\"width\":240,\"height\":33,\"caption\":\"Szukampracy.pl\"},\"image\":{\"@id\":\"https:\/\/szukampracy.pl\/blog\/#logo\"}},{\"@type\":\"WebSite\",\"@id\":\"https:\/\/szukampracy.pl\/blog\/#website\",\"url\":\"https:\/\/szukampracy.pl\/blog\/\",\"name\":\"Blog Szukampracy.pl - Artyku\\u0142y o rynku pracy i HR dla pracodawcy\",\"description\":\"Nasz blog powsta\\u0142 z my\\u015bl\\u0105 o Pracodawcach, Pracownikach i Kandydatach b\\u0119d\\u0105cych na etapie zapoznawania si\\u0119 z og\\u0142oszeniami o prac\\u0119. Mo\\u017cna u nas znale\\u017a\\u0107 artyku\\u0142y o rynku pracy, z dziedziny HR, zarz\\u0105dzania, ofert pracy za granic\\u0105 oraz inne ciekawostki. Nie wahaj si\\u0119 nas odwiedzi\\u0107\",\"publisher\":{\"@id\":\"https:\/\/szukampracy.pl\/blog\/#organization\"},\"potentialAction\":[{\"@type\":\"SearchAction\",\"target\":{\"@type\":\"EntryPoint\",\"urlTemplate\":\"https:\/\/szukampracy.pl\/blog\/?s={search_term_string}\"},\"query-input\":\"required name=search_term_string\"}],\"inLanguage\":\"pl-PL\"},{\"@type\":\"ImageObject\",\"@id\":\"https:\/\/szukampracy.pl\/blog\/pracodawcy-beda-zmuszeni-do-inwestycji-w-sprzet-dla-pracownikow-zdalnych\/#primaryimage\",\"inLanguage\":\"pl-PL\",\"url\":\"https:\/\/szukampracy.pl\/blog\/wp-content\/uploads\/2023\/06\/pexels-antonio-borriello-1297611-scaled.jpg\",\"contentUrl\":\"https:\/\/szukampracy.pl\/blog\/wp-content\/uploads\/2023\/06\/pexels-antonio-borriello-1297611-scaled.jpg\",\"width\":1024,\"height\":685},{\"@type\":\"WebPage\",\"@id\":\"https:\/\/szukampracy.pl\/blog\/pracodawcy-beda-zmuszeni-do-inwestycji-w-sprzet-dla-pracownikow-zdalnych\/#webpage\",\"url\":\"https:\/\/szukampracy.pl\/blog\/pracodawcy-beda-zmuszeni-do-inwestycji-w-sprzet-dla-pracownikow-zdalnych\/\",\"name\":\"Pracodawcy b\\u0119d\\u0105 zmuszeni do inwestycji w sprz\\u0119t dla pracownik\\u00f3w zdalnych - Artyku\\u0142y dla Szukaj\\u0105cych pracy\",\"isPartOf\":{\"@id\":\"https:\/\/szukampracy.pl\/blog\/#website\"},\"primaryImageOfPage\":{\"@id\":\"https:\/\/szukampracy.pl\/blog\/pracodawcy-beda-zmuszeni-do-inwestycji-w-sprzet-dla-pracownikow-zdalnych\/#primaryimage\"},\"datePublished\":\"2023-06-14T18:37:03+00:00\",\"dateModified\":\"2023-06-14T18:37:04+00:00\",\"description\":\"Okazuje si\\u0119, i\\u017c ju\\u017c nied\\u0142ugo pracodawcy b\\u0119d\\u0105 musieli dokona\\u0107 inwestycji w podstawki, klawiatury i myszki do pracy dla pracownik\\u00f3w korzystaj\\u0105cych z laptop\\u00f3w. W przeciwnym wypadku b\\u0119d\\u0105 musieli oni chocia\\u017cby podnie\\u015b\\u0107 rycza\\u0142ty za prac\\u0119 zdaln\\u0105, w sytuacji, gdy takowych inwestycji nie poczyni\\u0105.\",\"breadcrumb\":{\"@id\":\"https:\/\/szukampracy.pl\/blog\/pracodawcy-beda-zmuszeni-do-inwestycji-w-sprzet-dla-pracownikow-zdalnych\/#breadcrumb\"},\"inLanguage\":\"pl-PL\",\"potentialAction\":[{\"@type\":\"ReadAction\",\"target\":[\"https:\/\/szukampracy.pl\/blog\/pracodawcy-beda-zmuszeni-do-inwestycji-w-sprzet-dla-pracownikow-zdalnych\/\"]}]},{\"@type\":\"BreadcrumbList\",\"@id\":\"https:\/\/szukampracy.pl\/blog\/pracodawcy-beda-zmuszeni-do-inwestycji-w-sprzet-dla-pracownikow-zdalnych\/#breadcrumb\",\"itemListElement\":[{\"@type\":\"ListItem\",\"position\":1,\"name\":\"Blog\",\"item\":\"https:\/\/szukampracy.pl\/blog\/\"},{\"@type\":\"ListItem\",\"position\":2,\"name\":\"Najnowsze Artyku\\u0142y\",\"item\":\"https:\/\/szukampracy.pl\/blog\/najnowsze\/\"},{\"@type\":\"ListItem\",\"position\":3,\"name\":\"Pracodawcy b\\u0119d\\u0105 zmuszeni do inwestycji w sprz\\u0119t dla pracownik\\u00f3w zdalnych\"}]},{\"@type\":\"Article\",\"@id\":\"https:\/\/szukampracy.pl\/blog\/pracodawcy-beda-zmuszeni-do-inwestycji-w-sprzet-dla-pracownikow-zdalnych\/#article\",\"isPartOf\":{\"@id\":\"https:\/\/szukampracy.pl\/blog\/pracodawcy-beda-zmuszeni-do-inwestycji-w-sprzet-dla-pracownikow-zdalnych\/#webpage\"},\"author\":{\"@id\":\"https:\/\/szukampracy.pl\/blog\/#\/schema\/person\/3952d4bf69b606b39399e9e649ef2394\"},\"headline\":\"Pracodawcy b\\u0119d\\u0105 zmuszeni do inwestycji w sprz\\u0119t dla pracownik\\u00f3w zdalnych\",\"datePublished\":\"2023-06-14T18:37:03+00:00\",\"dateModified\":\"2023-06-14T18:37:04+00:00\",\"mainEntityOfPage\":{\"@id\":\"https:\/\/szukampracy.pl\/blog\/pracodawcy-beda-zmuszeni-do-inwestycji-w-sprzet-dla-pracownikow-zdalnych\/#webpage\"},\"wordCount\":1626,\"commentCount\":0,\"publisher\":{\"@id\":\"https:\/\/szukampracy.pl\/blog\/#organization\"},\"image\":{\"@id\":\"https:\/\/szukampracy.pl\/blog\/pracodawcy-beda-zmuszeni-do-inwestycji-w-sprzet-dla-pracownikow-zdalnych\/#primaryimage\"},\"thumbnailUrl\":\"https:\/\/szukampracy.pl\/blog\/wp-content\/uploads\/2023\/06\/pexels-antonio-borriello-1297611-scaled.jpg\",\"articleSection\":[\"Najnowsze Artyku\\u0142y\"],\"inLanguage\":\"pl-PL\",\"potentialAction\":[{\"@type\":\"CommentAction\",\"name\":\"Comment\",\"target\":[\"https:\/\/szukampracy.pl\/blog\/pracodawcy-beda-zmuszeni-do-inwestycji-w-sprzet-dla-pracownikow-zdalnych\/#respond\"]}]},{\"@type\":\"Person\",\"@id\":\"https:\/\/szukampracy.pl\/blog\/#\/schema\/person\/3952d4bf69b606b39399e9e649ef2394\",\"name\":\"Ekspert \\u0141ukasz\",\"image\":{\"@type\":\"ImageObject\",\"@id\":\"https:\/\/szukampracy.pl\/blog\/#personlogo\",\"inLanguage\":\"pl-PL\",\"url\":\"https:\/\/secure.gravatar.com\/avatar\/7733c11b2e55f533f1cae76b6c86129d?s=96&d=mm&r=g\",\"contentUrl\":\"https:\/\/secure.gravatar.com\/avatar\/7733c11b2e55f533f1cae76b6c86129d?s=96&d=mm&r=g\",\"caption\":\"Ekspert \\u0141ukasz\"},\"description\":\"Ekspert \\u0141ukasz swoje wieloletnie do\\u015bwiadczenie na rynku pracy postanowi\\u0142 przekaza\\u0107 tak\\u017ce na naszym blogu. Jego artyku\\u0142y dotycz\\u0105 aktualnych zmian gospodarczych a tak\\u017ce tych na rynku pracy. Z ch\\u0119cia udzieli porad pracodawc\\u0105, kt\\u00f3rzy pr\\u0119\\u017cnie rozwijaj\\u0105 swoje firmy.\"}]}<\/script>\n<!-- \/ Yoast SEO plugin. -->","yoast_head_json":{"title":"Pracodawcy b\u0119d\u0105 zmuszeni do inwestycji w sprz\u0119t dla pracownik\u00f3w zdalnych - Artyku\u0142y dla Szukaj\u0105cych pracy","description":"Okazuje si\u0119, i\u017c ju\u017c nied\u0142ugo pracodawcy b\u0119d\u0105 musieli dokona\u0107 inwestycji w podstawki, klawiatury i myszki do pracy dla pracownik\u00f3w korzystaj\u0105cych z laptop\u00f3w. W przeciwnym wypadku b\u0119d\u0105 musieli oni chocia\u017cby podnie\u015b\u0107 rycza\u0142ty za prac\u0119 zdaln\u0105, w sytuacji, gdy takowych inwestycji nie poczyni\u0105.","robots":{"index":"index","follow":"follow","max-snippet":"max-snippet:-1","max-image-preview":"max-image-preview:large","max-video-preview":"max-video-preview:-1"},"canonical":"https:\/\/szukampracy.pl\/blog\/pracodawcy-beda-zmuszeni-do-inwestycji-w-sprzet-dla-pracownikow-zdalnych\/","og_locale":"pl_PL","og_type":"article","og_title":"Pracodawcy b\u0119d\u0105 zmuszeni do inwestycji w sprz\u0119t dla pracownik\u00f3w zdalnych - Artyku\u0142y dla Szukaj\u0105cych pracy","og_description":"Okazuje si\u0119, i\u017c ju\u017c nied\u0142ugo pracodawcy b\u0119d\u0105 musieli dokona\u0107 inwestycji w podstawki, klawiatury i myszki do pracy dla pracownik\u00f3w korzystaj\u0105cych z laptop\u00f3w. W przeciwnym wypadku b\u0119d\u0105 musieli oni chocia\u017cby podnie\u015b\u0107 rycza\u0142ty za prac\u0119 zdaln\u0105, w sytuacji, gdy takowych inwestycji nie poczyni\u0105.","og_url":"https:\/\/szukampracy.pl\/blog\/pracodawcy-beda-zmuszeni-do-inwestycji-w-sprzet-dla-pracownikow-zdalnych\/","og_site_name":"Blog Szukampracy.pl - Artyku\u0142y o rynku pracy i HR dla pracodawcy","article_publisher":"https:\/\/www.facebook.com\/portalszukampracy\/","article_published_time":"2023-06-14T18:37:03+00:00","article_modified_time":"2023-06-14T18:37:04+00:00","og_image":[{"width":1024,"height":685,"url":"https:\/\/szukampracy.pl\/blog\/wp-content\/uploads\/2023\/06\/pexels-antonio-borriello-1297611-scaled.jpg","path":"\/home\/szukamprac\/domains\/szukampracy.pl\/public_html\/blog\/wp-content\/uploads\/2023\/06\/pexels-antonio-borriello-1297611-scaled.jpg","size":"full","id":5752,"alt":"","pixels":701440,"type":"image\/jpeg"}],"twitter_card":"summary","twitter_creator":"@SzukamPracyPl","twitter_site":"@SzukamPracyPl","twitter_misc":{"Written by":"Ekspert \u0141ukasz","Est. reading time":"6 minut"},"schema":{"@context":"https:\/\/schema.org","@graph":[{"@type":"Organization","@id":"https:\/\/szukampracy.pl\/blog\/#organization","name":"Szukampracy.pl","url":"https:\/\/szukampracy.pl\/blog\/","sameAs":["https:\/\/www.facebook.com\/portalszukampracy\/","https:\/\/www.linkedin.com\/company\/szukampracy-pl","https:\/\/www.youtube.com\/channel\/UCmY56pXKURtawvJjwIvU2YQ","https:\/\/twitter.com\/SzukamPracyPl"],"logo":{"@type":"ImageObject","@id":"https:\/\/szukampracy.pl\/blog\/#logo","inLanguage":"pl-PL","url":"https:\/\/szukampracy.pl\/blog\/wp-content\/uploads\/2017\/08\/logo-1.png","contentUrl":"https:\/\/szukampracy.pl\/blog\/wp-content\/uploads\/2017\/08\/logo-1.png","width":240,"height":33,"caption":"Szukampracy.pl"},"image":{"@id":"https:\/\/szukampracy.pl\/blog\/#logo"}},{"@type":"WebSite","@id":"https:\/\/szukampracy.pl\/blog\/#website","url":"https:\/\/szukampracy.pl\/blog\/","name":"Blog Szukampracy.pl - Artyku\u0142y o rynku pracy i HR dla pracodawcy","description":"Nasz blog powsta\u0142 z my\u015bl\u0105 o Pracodawcach, Pracownikach i Kandydatach b\u0119d\u0105cych na etapie zapoznawania si\u0119 z og\u0142oszeniami o prac\u0119. Mo\u017cna u nas znale\u017a\u0107 artyku\u0142y o rynku pracy, z dziedziny HR, zarz\u0105dzania, ofert pracy za granic\u0105 oraz inne ciekawostki. Nie wahaj si\u0119 nas odwiedzi\u0107","publisher":{"@id":"https:\/\/szukampracy.pl\/blog\/#organization"},"potentialAction":[{"@type":"SearchAction","target":{"@type":"EntryPoint","urlTemplate":"https:\/\/szukampracy.pl\/blog\/?s={search_term_string}"},"query-input":"required name=search_term_string"}],"inLanguage":"pl-PL"},{"@type":"ImageObject","@id":"https:\/\/szukampracy.pl\/blog\/pracodawcy-beda-zmuszeni-do-inwestycji-w-sprzet-dla-pracownikow-zdalnych\/#primaryimage","inLanguage":"pl-PL","url":"https:\/\/szukampracy.pl\/blog\/wp-content\/uploads\/2023\/06\/pexels-antonio-borriello-1297611-scaled.jpg","contentUrl":"https:\/\/szukampracy.pl\/blog\/wp-content\/uploads\/2023\/06\/pexels-antonio-borriello-1297611-scaled.jpg","width":1024,"height":685},{"@type":"WebPage","@id":"https:\/\/szukampracy.pl\/blog\/pracodawcy-beda-zmuszeni-do-inwestycji-w-sprzet-dla-pracownikow-zdalnych\/#webpage","url":"https:\/\/szukampracy.pl\/blog\/pracodawcy-beda-zmuszeni-do-inwestycji-w-sprzet-dla-pracownikow-zdalnych\/","name":"Pracodawcy b\u0119d\u0105 zmuszeni do inwestycji w sprz\u0119t dla pracownik\u00f3w zdalnych - Artyku\u0142y dla Szukaj\u0105cych pracy","isPartOf":{"@id":"https:\/\/szukampracy.pl\/blog\/#website"},"primaryImageOfPage":{"@id":"https:\/\/szukampracy.pl\/blog\/pracodawcy-beda-zmuszeni-do-inwestycji-w-sprzet-dla-pracownikow-zdalnych\/#primaryimage"},"datePublished":"2023-06-14T18:37:03+00:00","dateModified":"2023-06-14T18:37:04+00:00","description":"Okazuje si\u0119, i\u017c ju\u017c nied\u0142ugo pracodawcy b\u0119d\u0105 musieli dokona\u0107 inwestycji w podstawki, klawiatury i myszki do pracy dla pracownik\u00f3w korzystaj\u0105cych z laptop\u00f3w. W przeciwnym wypadku b\u0119d\u0105 musieli oni chocia\u017cby podnie\u015b\u0107 rycza\u0142ty za prac\u0119 zdaln\u0105, w sytuacji, gdy takowych inwestycji nie poczyni\u0105.","breadcrumb":{"@id":"https:\/\/szukampracy.pl\/blog\/pracodawcy-beda-zmuszeni-do-inwestycji-w-sprzet-dla-pracownikow-zdalnych\/#breadcrumb"},"inLanguage":"pl-PL","potentialAction":[{"@type":"ReadAction","target":["https:\/\/szukampracy.pl\/blog\/pracodawcy-beda-zmuszeni-do-inwestycji-w-sprzet-dla-pracownikow-zdalnych\/"]}]},{"@type":"BreadcrumbList","@id":"https:\/\/szukampracy.pl\/blog\/pracodawcy-beda-zmuszeni-do-inwestycji-w-sprzet-dla-pracownikow-zdalnych\/#breadcrumb","itemListElement":[{"@type":"ListItem","position":1,"name":"Blog","item":"https:\/\/szukampracy.pl\/blog\/"},{"@type":"ListItem","position":2,"name":"Najnowsze Artyku\u0142y","item":"https:\/\/szukampracy.pl\/blog\/najnowsze\/"},{"@type":"ListItem","position":3,"name":"Pracodawcy b\u0119d\u0105 zmuszeni do inwestycji w sprz\u0119t dla pracownik\u00f3w zdalnych"}]},{"@type":"Article","@id":"https:\/\/szukampracy.pl\/blog\/pracodawcy-beda-zmuszeni-do-inwestycji-w-sprzet-dla-pracownikow-zdalnych\/#article","isPartOf":{"@id":"https:\/\/szukampracy.pl\/blog\/pracodawcy-beda-zmuszeni-do-inwestycji-w-sprzet-dla-pracownikow-zdalnych\/#webpage"},"author":{"@id":"https:\/\/szukampracy.pl\/blog\/#\/schema\/person\/3952d4bf69b606b39399e9e649ef2394"},"headline":"Pracodawcy b\u0119d\u0105 zmuszeni do inwestycji w sprz\u0119t dla pracownik\u00f3w zdalnych","datePublished":"2023-06-14T18:37:03+00:00","dateModified":"2023-06-14T18:37:04+00:00","mainEntityOfPage":{"@id":"https:\/\/szukampracy.pl\/blog\/pracodawcy-beda-zmuszeni-do-inwestycji-w-sprzet-dla-pracownikow-zdalnych\/#webpage"},"wordCount":1626,"commentCount":0,"publisher":{"@id":"https:\/\/szukampracy.pl\/blog\/#organization"},"image":{"@id":"https:\/\/szukampracy.pl\/blog\/pracodawcy-beda-zmuszeni-do-inwestycji-w-sprzet-dla-pracownikow-zdalnych\/#primaryimage"},"thumbnailUrl":"https:\/\/szukampracy.pl\/blog\/wp-content\/uploads\/2023\/06\/pexels-antonio-borriello-1297611-scaled.jpg","articleSection":["Najnowsze Artyku\u0142y"],"inLanguage":"pl-PL","potentialAction":[{"@type":"CommentAction","name":"Comment","target":["https:\/\/szukampracy.pl\/blog\/pracodawcy-beda-zmuszeni-do-inwestycji-w-sprzet-dla-pracownikow-zdalnych\/#respond"]}]},{"@type":"Person","@id":"https:\/\/szukampracy.pl\/blog\/#\/schema\/person\/3952d4bf69b606b39399e9e649ef2394","name":"Ekspert \u0141ukasz","image":{"@type":"ImageObject","@id":"https:\/\/szukampracy.pl\/blog\/#personlogo","inLanguage":"pl-PL","url":"https:\/\/secure.gravatar.com\/avatar\/7733c11b2e55f533f1cae76b6c86129d?s=96&d=mm&r=g","contentUrl":"https:\/\/secure.gravatar.com\/avatar\/7733c11b2e55f533f1cae76b6c86129d?s=96&d=mm&r=g","caption":"Ekspert \u0141ukasz"},"description":"Ekspert \u0141ukasz swoje wieloletnie do\u015bwiadczenie na rynku pracy postanowi\u0142 przekaza\u0107 tak\u017ce na naszym blogu. Jego artyku\u0142y dotycz\u0105 aktualnych zmian gospodarczych a tak\u017ce tych na rynku pracy. Z ch\u0119cia udzieli porad pracodawc\u0105, kt\u00f3rzy pr\u0119\u017cnie rozwijaj\u0105 swoje firmy."}]}},"fimg_url":"https:\/\/szukampracy.pl\/blog\/wp-content\/uploads\/2023\/06\/pexels-antonio-borriello-1297611-scaled.jpg","amp_enabled":true,"_links":{"self":[{"href":"https:\/\/szukampracy.pl\/blog\/wp-json\/wp\/v2\/posts\/5751"}],"collection":[{"href":"https:\/\/szukampracy.pl\/blog\/wp-json\/wp\/v2\/posts"}],"about":[{"href":"https:\/\/szukampracy.pl\/blog\/wp-json\/wp\/v2\/types\/post"}],"author":[{"embeddable":true,"href":"https:\/\/szukampracy.pl\/blog\/wp-json\/wp\/v2\/users\/3"}],"replies":[{"embeddable":true,"href":"https:\/\/szukampracy.pl\/blog\/wp-json\/wp\/v2\/comments?post=5751"}],"version-history":[{"count":0,"href":"https:\/\/szukampracy.pl\/blog\/wp-json\/wp\/v2\/posts\/5751\/revisions"}],"wp:featuredmedia":[{"embeddable":true,"href":"https:\/\/szukampracy.pl\/blog\/wp-json\/wp\/v2\/media\/5752"}],"wp:attachment":[{"href":"https:\/\/szukampracy.pl\/blog\/wp-json\/wp\/v2\/media?parent=5751"}],"wp:term":[{"taxonomy":"category","embeddable":true,"href":"https:\/\/szukampracy.pl\/blog\/wp-json\/wp\/v2\/categories?post=5751"},{"taxonomy":"post_tag","embeddable":true,"href":"https:\/\/szukampracy.pl\/blog\/wp-json\/wp\/v2\/tags?post=5751"}],"curies":[{"name":"wp","href":"https:\/\/api.w.org\/{rel}","templated":true}]}}