{"id":5646,"date":"2023-04-08T08:58:00","date_gmt":"2023-04-08T08:58:00","guid":{"rendered":"https:\/\/szukampracy.pl\/blog\/?p=5646"},"modified":"2023-04-06T19:06:12","modified_gmt":"2023-04-06T19:06:12","slug":"nowy-system-informatyczny-do-obslugi-kadrowo-ksiegowej-dla-mikroprzedsiebiorstw","status":"publish","type":"post","link":"https:\/\/szukampracy.pl\/blog\/nowy-system-informatyczny-do-obslugi-kadrowo-ksiegowej-dla-mikroprzedsiebiorstw\/","title":{"rendered":"Nowy system informatyczny do obs\u0142ugi kadrowo-ksi\u0119gowej dla mikroprzedsi\u0119biorstw"},"content":{"rendered":"\n<p>W przeci\u0105gu najbli\u017cszych trzech lat powsta\u0107 ma narz\u0119dzie informatyczne do obs\u0142ugi kadrowo-ksi\u0119gowej dla najmniejszych przedsi\u0119biorc\u00f3w. Pracodawcy generalnie s\u0105 przychylnie nastawieni do tego pomys\u0142u, lecz nie podoba im si\u0119 to, \u017ce wraz z powzi\u0119ciem decyzji o wej\u015bciu do tego systemu, nie b\u0119dzie mo\u017cliwo\u015bci wycofania si\u0119 z niego.<\/p>\n\n\n\n<p><strong>Co zatem wiemy dzi\u015b o nowym narz\u0119dziu informatycznym do obs\u0142ugi kadrowo-ksi\u0119gowej dla najmniejszych przedsi\u0119biorc\u00f3w?<\/strong><\/p>\n\n\n\n<p>Ot\u00f3\u017c 23 stycznia bie\u017c\u0105cego roku wesz\u0142a w \u017cycie zasadnicza cz\u0119\u015b\u0107 ustawy z 16 listopada 2022 roku o systemie teleinformatycznym do obs\u0142ugi niekt\u00f3rych um\u00f3w (Dz.U. z 2022 r. poz. 2754). Przepisy tej ustawy wpisuj\u0105 si\u0119 w realizacj\u0119 kamienia milowego numer A51G z Krajowego Planu Odbudowy i Wzmacniania Odporno\u015bci. Owa nowa regulacja jest podstaw\u0105 do przygotowania systemu teleinformatycznego, kt\u00f3rego zadaniem b\u0119dzie u\u0142atwienie zawierania um\u00f3w o prac\u0119, um\u00f3w zlecenia czy te\u017c um\u00f3w uaktywniaj\u0105cych, dzi\u0119ki wykorzystaniu gotowych formularzy. Narz\u0119dzie przeznaczone b\u0119dzie dla mikroprzedsi\u0119biorstw oraz podmiot\u00f3w zatrudniaj\u0105cych do 9 os\u00f3b, a tak\u017ce dla rolnik\u00f3w i rodzic\u00f3w anga\u017cuj\u0105cych nianie.<\/p>\n\n\n\n<p>Generalnie system pozwoli\u0107 ma na zdalne zawarcie umowy oraz na jej zmian\u0119, rozwi\u0105zanie i obs\u0142ug\u0119 wyga\u015bni\u0119cia. Umo\u017cliwi\u0107 ma on r\u00f3wnie\u017c prowadzenie dokumentacji pracowniczej oraz zg\u0142oszenie do ubezpiecze\u0144 spo\u0142ecznych, jak i obliczenie podatku PIT oraz sk\u0142adek na rzecz ZUS. Nowe rozwi\u0105zanie informatyczne b\u0119dzie zintegrowane z systemem praca.gov.pl oraz biznes.gov.pl.<\/p>\n\n\n\n<p>Zdaniem przedsi\u0119biorc\u00f3w sam pomys\u0142 jest dobry i ma szans\u0119 sk\u0142oni\u0107 do wychodzenia z szarej strefy tych pracodawc\u00f3w, dla kt\u00f3rych formalno\u015bci zwi\u0105zane z powierzeniem pracy s\u0105 zbyt uci\u0105\u017cliwe. Ma on jednak niestety r\u00f3wnie\u017c i mankamenty, jak chocia\u017cby to, i\u017c zgoda stron obs\u0142ugi umowy za po\u015brednictwem systemu nie mo\u017ce zosta\u0107 odwo\u0142ana. W uzasadnieniu autorzy projektu ustawy t\u0142umaczyli, i\u017c dzi\u0119ki temu pracodawca uniknie wzrostu koszt\u00f3w obs\u0142ugi umowy po rezygnacji z systemu, wskutek czego musia\u0142by zatrudni\u0107 ksi\u0119gowego b\u0105d\u017a te\u017c kupi\u0107 program kadrowo-p\u0142acowy. Jak jednak podkre\u015bla Katarzyna Siemienkiewicz, ekspert Pracodawc\u00f3w RP, to dziwne t\u0142umaczenie i rozwi\u0105zanie, bowiem mo\u017ce zniech\u0119ci\u0107 wr\u0119cz do korzystania z tego systemu. Takie rozwi\u0105zanie nie powinno dzia\u0142a\u0107 na zasadzie przymusu, lecz wyboru, bowiem mamy przecie\u017c do czynienia ze swobod\u0105 prowadzenia dzia\u0142alno\u015bci gospodarczej.<\/p>\n\n\n\n<p>Swoje zastrze\u017cenia wobec nieodwo\u0142alno\u015bci zgody, ju\u017c na etapie procedowania projektu, zg\u0142aszali r\u00f3wnie\u017c przedstawiciele mi\u0119dzy innymi S\u0105du Najwy\u017cszego. S\u0119dziowie podkre\u015blali, i\u017c: \u201eJe\u015bli relacja prawna mi\u0119dzy stronami kszta\u0142towana b\u0119dzie w systemie informatycznym to nie b\u0119dzie dopuszczalne kontynuowanie jej w formie tradycyjnej. Nie wydaje si\u0119 to trafne. Po pierwsze zupe\u0142nie niezrozumia\u0142e jest zakazanie tego, gdyby mia\u0142o dokonywa\u0107 si\u0119 za zgod\u0105 obu stron. Po drugie (\u2026) nale\u017ca\u0142oby raczej przyj\u0105\u0107 dopuszczalno\u015b\u0107 cofni\u0119cia tej zgody autonomicznie przez ka\u017cd\u0105 ze stron. Je\u015bli bowiem jedna z nich zorientuje si\u0119, \u017ce korzystanie z systemu nie tylko nie spe\u0142nia pok\u0142adanych w nim nadziei, lecz wr\u0119cz utrudnia funkcjonowanie, cho\u0107by z powodu wadliwo\u015bci technicznej systemu, to w\u00f3wczas niemo\u017cliwe b\u0119dzie zrezygnowanie z niego. Ta regulacja mo\u017ce zatem zniech\u0119ca\u0107 do korzystania z systemu, zw\u0142aszcza na pocz\u0105tku, gdy dopiero jest wprowadzany\u201d<\/p>\n\n\n\n<p>Taka konstrukcja w praktyce sprzyja\u0107 mo\u017ce dokonywaniu zb\u0119dnych i pozornych czynno\u015bci, bowiem \u017ceby wyj\u015b\u0107 z systemu, strony b\u0119d\u0105 rozwi\u0105zywa\u0142y w nim umowy i zawiera\u0142y je od razu takie same w spos\u00f3b tradycyjny. Poza tym w praktyce, z r\u00f3\u017cnych wzgl\u0119d\u00f3w, \u015bwiadczeniobiorca mo\u017ce zorientowa\u0107 si\u0119, i\u017c nie radzi sobie z obs\u0142ug\u0105 systemu, zatem nie powinien on stawa\u0107 si\u0119 wr\u0119cz jego wi\u0119\u017aniem. Regulacja ta sprawia\u0107 b\u0119dzie r\u00f3wnie\u017c wywieranie nacisku na zawieranie um\u00f3w, pod warunkiem zgody na korzystanie z systemu.<\/p>\n\n\n\n<p>Z kolei zastrze\u017ce\u0144 do projektowanych przepis\u00f3w nie maj\u0105 przedstawiciele Urz\u0119du Ochrony Danych Osobowych (UODO) wskazuj\u0105c, i\u017c brak mo\u017cliwo\u015bci odwo\u0142ania zgody nie stanowi problemu w kontek\u015bcie przepis\u00f3w zwi\u0105zanych z RODO, gdzie zasad\u0105 jest, \u017ce zgod\u0119 mo\u017cna odwo\u0142a\u0107 w ka\u017cdym czasie. Przedstawiciele UODO wskazuj\u0105, i\u017c nie mamy tutaj do czynienia ze zgod\u0105 na przetwarzanie danych osobowych, o kt\u00f3rej mowa jest w art. 4 pkt 11 RODO.<\/p>\n\n\n\n<p><strong>Co jeszcze ma znaczenie w kontek\u015bcie nowego systemu informatycznego dla mikroprzedsi\u0119biorstw?<\/strong><\/p>\n\n\n\n<p>Generalnie o powodzeniu przedsi\u0119wzi\u0119cia w postaci wprowadzenia systemu informatycznego dla mikroprzedsi\u0119biorstw zawa\u017cy\u0107 mo\u017ce nie tylko kwestia nieodwo\u0142alno\u015bci zgody. W tym kontek\u015bcie pojawi\u0107 si\u0119 mog\u0105 te\u017c sprawy zwi\u0105zane z zaufaniem spo\u0142ecznym do systemu, bowiem pojawiaj\u0105 si\u0119 pytania, co do wykorzystania informacji z niego pochodz\u0105cych. Wprawdzie projekt ustawowych przepis\u00f3w ogranicza przetwarzanie danych jedynie do cel\u00f3w zapewnienia prawid\u0142owego dzia\u0142ania systemu oraz statystycznych, jednak to nie rozwiewa wszystkich w\u0105tpliwo\u015bci przedsi\u0119biorc\u00f3w. Pojawiaj\u0105 si\u0119 wr\u0119cz obawy, czy nowy system nie b\u0119dzie \u017ar\u00f3d\u0142em informacji dla organ\u00f3w kontrolnych. Jak podkre\u015bla Katarzyna Siemienkiewicz, teoretycznie nie ma si\u0119 w tym wzgl\u0119dzie czego obawia\u0107, lecz z ostateczn\u0105 odpowiedzi\u0105 trzeba b\u0119dzie poczeka\u0107 do praktycznego zastosowania nowego systemu.<\/p>\n\n\n\n<p>W tym kontek\u015bcie r\u00f3wnie\u017c Robert Lisicki, ekspert Konfederacji Lewiatan, podkre\u015bla, i\u017c przedsi\u0119biorcy obawiaj\u0105 si\u0119, \u017ce poprzez umieszczenie dokumentacji w rz\u0105dowym systemie ich dzia\u0142alno\u015b\u0107 b\u0119dzie dok\u0142adnie monitorowana. W tym aspekcie celem zmniejszenia ewentualnych opor\u00f3w przedsi\u0119biorc\u00f3w przed wej\u015bciem w ten system warto by\u0142oby postawi\u0107 na odpowiedni\u0105 promocj\u0119 tego rozwi\u0105zania, co winno by\u0107 rol\u0105 pa\u0144stwa we wsp\u00f3\u0142pracy z organizacjami pracodawc\u00f3w.<\/p>\n\n\n\n<p>Generalnie abstrahuj\u0105c od powy\u017cszych w\u0105tpliwo\u015bci, sam system informatyczny mo\u017ce okaza\u0107 si\u0119 rozwi\u0105zaniem atrakcyjnym, zw\u0142aszcza dla os\u00f3b nieposiadaj\u0105cych du\u017cego rozeznania w przepisach i niemaj\u0105cych wsparcia biura ksi\u0119gowego. Katarzyna Siemienkiewicz podkre\u015bla ponadto, i\u017c rozwi\u0105zaniem tym mog\u0105 by\u0107 r\u00f3wnie\u017c zainteresowani przedsi\u0119biorcy, kt\u00f3rzy po raz pierwszy zatrudniaj\u0105 pracownik\u00f3w b\u0105d\u017a te\u017c zleceniobiorc\u00f3w.<\/p>\n\n\n\n<p>Ciekawostk\u0105 jest r\u00f3wnie\u017c i to, i\u017c ju\u017c na etapie procedowania projektu, zainteresowanie systemem wykazywa\u0142y r\u00f3wnie\u017c niekt\u00f3re wi\u0119ksze przedsi\u0119biorstwa, \u017ca\u0142uj\u0105c, i\u017c ominie je mo\u017cliwo\u015b\u0107 zdalnego zawierania um\u00f3w. Wykorzystanie zreszt\u0105 narz\u0119dzi elektronicznych w tym zakresie jest ju\u017c od lat postulatem ca\u0142ego \u015brodowiska biznesu.<\/p>\n\n\n\n<p><strong>A co jeszcze b\u0119dzie mia\u0142o znaczenie w kontek\u015bcie wprowadzenia owego rozwi\u0105zania informatycznego do praktyki gospodarczej?<\/strong><\/p>\n\n\n\n<p>Generalnie o powodzeniu systemu zadecyduj\u0105 na pewno r\u00f3wnie\u017c rozwi\u0105zania techniczne. Jak podkre\u015blaj\u0105 przedstawiciele Zwi\u0105zku Przedsi\u0119biorc\u00f3w i Pracodawc\u00f3w (ZPP), liczy\u0107 nale\u017cy przede wszystkim na przyjazny interfejs oraz \u0142atwo\u015b\u0107 obs\u0142ugi. Katarzyna Siemienkiewicz podkre\u015bla, i\u017c korzystanie z systemu na pewno powinno by\u0107 intuicyjne i nale\u017cy w nim unika\u0107 takich rozwi\u0105za\u0144, jak chocia\u017cby zamkni\u0119ty katalog wyboru odpowiedzi w formularzu, z kt\u00f3rych ka\u017cda mo\u017ce nie pasowa\u0107 do sytuacji faktycznej przedsi\u0119biorcy. Warto te\u017c, by system zawiera\u0142 informacje na temat cech charakterystycznych poszczeg\u00f3lnych um\u00f3w.<\/p>\n\n\n\n<p>Z kolei Jakub Bi\u0144kowski, ekspert ZPP podkre\u015bla, i\u017c warta wprowadzenia by\u0142aby na pewno prosta ankieta, pomagaj\u0105ca dokona\u0107 wyboru najw\u0142a\u015bciwszego rodzaju umowy. Owa ankieta mog\u0142aby obejmowa\u0107 chocia\u017cby takie elementy, jak:<\/p>\n\n\n\n<ul><li>okres i wymiar godzinowej pracy<\/li><li>korzystanie z narz\u0119dzia zlecaj\u0105cego prac\u0119<\/li><li>nadz\u00f3r nad wykonaniem pracy<\/li><li>okre\u015blenie tego, czy liczy si\u0119 konkretny rezultat czy te\u017c sta\u0142e wykonywanie czynno\u015bci<\/li><\/ul>\n\n\n\n<p>Nale\u017cy r\u00f3wnie\u017c na pewno postawi\u0107 na prostot\u0119 j\u0119zykow\u0105 ca\u0142ego systemu, bior\u0105c szczeg\u00f3lnie pod uwag\u0119 fakt, i\u017c b\u0119dzie on adresowany do os\u00f3b, kt\u00f3re nie orientuj\u0105 si\u0119 zbyt dobrze w meandrach prawa.<\/p>\n\n\n\n<p>Podsumowuj\u0105c, w przeci\u0105gu najbli\u017cszych kilkunastu miesi\u0119cy prawdopodobnie powstanie narz\u0119dzie informatyczne do obs\u0142ugi kadrowo-ksi\u0119gowej, przeznaczone dla najmniejszych przedsi\u0119biorc\u00f3w, rolnik\u00f3w, jak i rodzic\u00f3w zatrudniaj\u0105cych nianie. Narz\u0119dzie to ma u\u0142atwi\u0107 zawieranie um\u00f3w o prac\u0119, um\u00f3w zlecenia czy te\u017c um\u00f3w uaktywniaj\u0105cych, pozwalaj\u0105c na zdalne zawarcie takich um\u00f3w, jak i zmian\u0119, rozwi\u0105zanie oraz obs\u0142ug\u0119 wyga\u015bni\u0119cia. Poza tym narz\u0119dzie ma umo\u017cliwi\u0107 elektroniczne prowadzenie dokumentacji pracowniczej, zg\u0142oszenie do ubezpiecze\u0144 spo\u0142ecznych oraz obliczenie nale\u017cnych danin publicznoprawnych. Eksperci maj\u0105 jednak w\u0105tpliwo\u015bci czy zawarty w projekcie ustawy zapis o tym, i\u017c z narz\u0119dzia nie b\u0119dzie mo\u017cna zrezygnowa\u0107 po jego wyborze, jest odpowiednim w tej sytuacji. W tym kontek\u015bcie dopiero ostateczny projekt przepis\u00f3w, jak i praktyka zapewne poka\u017c\u0105, jak i czy i na ile owe w\u0105tpliwo\u015bci ekspert\u00f3w uda si\u0119 rozwia\u0107.<\/p>\n","protected":false},"excerpt":{"rendered":"<p>W przeci\u0105gu najbli\u017cszych trzech lat powsta\u0107 ma narz\u0119dzie informatyczne do obs\u0142ugi kadrowo-ksi\u0119gowej dla najmniejszych przedsi\u0119biorc\u00f3w. Pracodawcy generalnie s\u0105 przychylnie nastawieni<\/p>\n","protected":false},"author":3,"featured_media":5647,"comment_status":"open","ping_status":"open","sticky":false,"template":"","format":"standard","meta":{"footnotes":""},"categories":[3],"tags":[],"yoast_head":"<!-- This site is optimized with the Yoast SEO plugin v16.7 - https:\/\/yoast.com\/wordpress\/plugins\/seo\/ -->\n<title>Nowy system informatyczny do obs\u0142ugi kadrowo-ksi\u0119gowej dla mikroprzedsi\u0119biorstw - Artyku\u0142y dla Szukaj\u0105cych pracy<\/title>\n<meta name=\"description\" content=\"W przeci\u0105gu najbli\u017cszych trzech lat powsta\u0107 ma narz\u0119dzie informatyczne do obs\u0142ugi kadrowo-ksi\u0119gowej dla najmniejszych przedsi\u0119biorc\u00f3w. Pracodawcy generalnie s\u0105 przychylnie nastawieni do tego pomys\u0142u, lecz nie podoba im si\u0119 to, \u017ce wraz z powzi\u0119ciem decyzji o wej\u015bciu do tego systemu, nie b\u0119dzie mo\u017cliwo\u015bci wycofania si\u0119 z niego.\" \/>\n<meta name=\"robots\" content=\"index, follow, max-snippet:-1, max-image-preview:large, max-video-preview:-1\" \/>\n<link rel=\"canonical\" href=\"https:\/\/szukampracy.pl\/blog\/nowy-system-informatyczny-do-obslugi-kadrowo-ksiegowej-dla-mikroprzedsiebiorstw\/\" \/>\n<meta property=\"og:locale\" content=\"pl_PL\" \/>\n<meta property=\"og:type\" content=\"article\" \/>\n<meta property=\"og:title\" content=\"Nowy system informatyczny do obs\u0142ugi kadrowo-ksi\u0119gowej dla mikroprzedsi\u0119biorstw - Artyku\u0142y dla Szukaj\u0105cych pracy\" \/>\n<meta property=\"og:description\" content=\"W przeci\u0105gu najbli\u017cszych trzech lat powsta\u0107 ma narz\u0119dzie informatyczne do obs\u0142ugi kadrowo-ksi\u0119gowej dla najmniejszych przedsi\u0119biorc\u00f3w. Pracodawcy generalnie s\u0105 przychylnie nastawieni do tego pomys\u0142u, lecz nie podoba im si\u0119 to, \u017ce wraz z powzi\u0119ciem decyzji o wej\u015bciu do tego systemu, nie b\u0119dzie mo\u017cliwo\u015bci wycofania si\u0119 z niego.\" \/>\n<meta property=\"og:url\" content=\"https:\/\/szukampracy.pl\/blog\/nowy-system-informatyczny-do-obslugi-kadrowo-ksiegowej-dla-mikroprzedsiebiorstw\/\" \/>\n<meta property=\"og:site_name\" content=\"Blog Szukampracy.pl - Artyku\u0142y o rynku pracy i HR dla pracodawcy\" \/>\n<meta property=\"article:publisher\" content=\"https:\/\/www.facebook.com\/portalszukampracy\/\" \/>\n<meta property=\"article:published_time\" content=\"2023-04-08T08:58:00+00:00\" \/>\n<meta property=\"article:modified_time\" content=\"2023-04-06T19:06:12+00:00\" \/>\n<meta property=\"og:image\" content=\"https:\/\/szukampracy.pl\/blog\/wp-content\/uploads\/2023\/04\/pexels-obsahovka-obsahovka-4449800-scaled.jpg\" \/>\n\t<meta property=\"og:image:width\" content=\"1024\" \/>\n\t<meta property=\"og:image:height\" content=\"683\" \/>\n<meta name=\"twitter:card\" content=\"summary\" \/>\n<meta name=\"twitter:creator\" content=\"@SzukamPracyPl\" \/>\n<meta name=\"twitter:site\" content=\"@SzukamPracyPl\" \/>\n<meta name=\"twitter:label1\" content=\"Written by\" \/>\n\t<meta name=\"twitter:data1\" content=\"Ekspert \u0141ukasz\" \/>\n\t<meta name=\"twitter:label2\" content=\"Est. reading time\" \/>\n\t<meta name=\"twitter:data2\" content=\"6 minut\" \/>\n<script type=\"application\/ld+json\" class=\"yoast-schema-graph\">{\"@context\":\"https:\/\/schema.org\",\"@graph\":[{\"@type\":\"Organization\",\"@id\":\"https:\/\/szukampracy.pl\/blog\/#organization\",\"name\":\"Szukampracy.pl\",\"url\":\"https:\/\/szukampracy.pl\/blog\/\",\"sameAs\":[\"https:\/\/www.facebook.com\/portalszukampracy\/\",\"https:\/\/www.linkedin.com\/company\/szukampracy-pl\",\"https:\/\/www.youtube.com\/channel\/UCmY56pXKURtawvJjwIvU2YQ\",\"https:\/\/twitter.com\/SzukamPracyPl\"],\"logo\":{\"@type\":\"ImageObject\",\"@id\":\"https:\/\/szukampracy.pl\/blog\/#logo\",\"inLanguage\":\"pl-PL\",\"url\":\"https:\/\/szukampracy.pl\/blog\/wp-content\/uploads\/2017\/08\/logo-1.png\",\"contentUrl\":\"https:\/\/szukampracy.pl\/blog\/wp-content\/uploads\/2017\/08\/logo-1.png\",\"width\":240,\"height\":33,\"caption\":\"Szukampracy.pl\"},\"image\":{\"@id\":\"https:\/\/szukampracy.pl\/blog\/#logo\"}},{\"@type\":\"WebSite\",\"@id\":\"https:\/\/szukampracy.pl\/blog\/#website\",\"url\":\"https:\/\/szukampracy.pl\/blog\/\",\"name\":\"Blog Szukampracy.pl - Artyku\\u0142y o rynku pracy i HR dla pracodawcy\",\"description\":\"Nasz blog powsta\\u0142 z my\\u015bl\\u0105 o Pracodawcach, Pracownikach i Kandydatach b\\u0119d\\u0105cych na etapie zapoznawania si\\u0119 z og\\u0142oszeniami o prac\\u0119. Mo\\u017cna u nas znale\\u017a\\u0107 artyku\\u0142y o rynku pracy, z dziedziny HR, zarz\\u0105dzania, ofert pracy za granic\\u0105 oraz inne ciekawostki. Nie wahaj si\\u0119 nas odwiedzi\\u0107\",\"publisher\":{\"@id\":\"https:\/\/szukampracy.pl\/blog\/#organization\"},\"potentialAction\":[{\"@type\":\"SearchAction\",\"target\":{\"@type\":\"EntryPoint\",\"urlTemplate\":\"https:\/\/szukampracy.pl\/blog\/?s={search_term_string}\"},\"query-input\":\"required name=search_term_string\"}],\"inLanguage\":\"pl-PL\"},{\"@type\":\"ImageObject\",\"@id\":\"https:\/\/szukampracy.pl\/blog\/nowy-system-informatyczny-do-obslugi-kadrowo-ksiegowej-dla-mikroprzedsiebiorstw\/#primaryimage\",\"inLanguage\":\"pl-PL\",\"url\":\"https:\/\/szukampracy.pl\/blog\/wp-content\/uploads\/2023\/04\/pexels-obsahovka-obsahovka-4449800-scaled.jpg\",\"contentUrl\":\"https:\/\/szukampracy.pl\/blog\/wp-content\/uploads\/2023\/04\/pexels-obsahovka-obsahovka-4449800-scaled.jpg\",\"width\":1024,\"height\":683},{\"@type\":\"WebPage\",\"@id\":\"https:\/\/szukampracy.pl\/blog\/nowy-system-informatyczny-do-obslugi-kadrowo-ksiegowej-dla-mikroprzedsiebiorstw\/#webpage\",\"url\":\"https:\/\/szukampracy.pl\/blog\/nowy-system-informatyczny-do-obslugi-kadrowo-ksiegowej-dla-mikroprzedsiebiorstw\/\",\"name\":\"Nowy system informatyczny do obs\\u0142ugi kadrowo-ksi\\u0119gowej dla mikroprzedsi\\u0119biorstw - Artyku\\u0142y dla Szukaj\\u0105cych pracy\",\"isPartOf\":{\"@id\":\"https:\/\/szukampracy.pl\/blog\/#website\"},\"primaryImageOfPage\":{\"@id\":\"https:\/\/szukampracy.pl\/blog\/nowy-system-informatyczny-do-obslugi-kadrowo-ksiegowej-dla-mikroprzedsiebiorstw\/#primaryimage\"},\"datePublished\":\"2023-04-08T08:58:00+00:00\",\"dateModified\":\"2023-04-06T19:06:12+00:00\",\"description\":\"W przeci\\u0105gu najbli\\u017cszych trzech lat powsta\\u0107 ma narz\\u0119dzie informatyczne do obs\\u0142ugi kadrowo-ksi\\u0119gowej dla najmniejszych przedsi\\u0119biorc\\u00f3w. Pracodawcy generalnie s\\u0105 przychylnie nastawieni do tego pomys\\u0142u, lecz nie podoba im si\\u0119 to, \\u017ce wraz z powzi\\u0119ciem decyzji o wej\\u015bciu do tego systemu, nie b\\u0119dzie mo\\u017cliwo\\u015bci wycofania si\\u0119 z niego.\",\"breadcrumb\":{\"@id\":\"https:\/\/szukampracy.pl\/blog\/nowy-system-informatyczny-do-obslugi-kadrowo-ksiegowej-dla-mikroprzedsiebiorstw\/#breadcrumb\"},\"inLanguage\":\"pl-PL\",\"potentialAction\":[{\"@type\":\"ReadAction\",\"target\":[\"https:\/\/szukampracy.pl\/blog\/nowy-system-informatyczny-do-obslugi-kadrowo-ksiegowej-dla-mikroprzedsiebiorstw\/\"]}]},{\"@type\":\"BreadcrumbList\",\"@id\":\"https:\/\/szukampracy.pl\/blog\/nowy-system-informatyczny-do-obslugi-kadrowo-ksiegowej-dla-mikroprzedsiebiorstw\/#breadcrumb\",\"itemListElement\":[{\"@type\":\"ListItem\",\"position\":1,\"name\":\"Blog\",\"item\":\"https:\/\/szukampracy.pl\/blog\/\"},{\"@type\":\"ListItem\",\"position\":2,\"name\":\"Najnowsze Artyku\\u0142y\",\"item\":\"https:\/\/szukampracy.pl\/blog\/najnowsze\/\"},{\"@type\":\"ListItem\",\"position\":3,\"name\":\"Nowy system informatyczny do obs\\u0142ugi kadrowo-ksi\\u0119gowej dla mikroprzedsi\\u0119biorstw\"}]},{\"@type\":\"Article\",\"@id\":\"https:\/\/szukampracy.pl\/blog\/nowy-system-informatyczny-do-obslugi-kadrowo-ksiegowej-dla-mikroprzedsiebiorstw\/#article\",\"isPartOf\":{\"@id\":\"https:\/\/szukampracy.pl\/blog\/nowy-system-informatyczny-do-obslugi-kadrowo-ksiegowej-dla-mikroprzedsiebiorstw\/#webpage\"},\"author\":{\"@id\":\"https:\/\/szukampracy.pl\/blog\/#\/schema\/person\/3952d4bf69b606b39399e9e649ef2394\"},\"headline\":\"Nowy system informatyczny do obs\\u0142ugi kadrowo-ksi\\u0119gowej dla mikroprzedsi\\u0119biorstw\",\"datePublished\":\"2023-04-08T08:58:00+00:00\",\"dateModified\":\"2023-04-06T19:06:12+00:00\",\"mainEntityOfPage\":{\"@id\":\"https:\/\/szukampracy.pl\/blog\/nowy-system-informatyczny-do-obslugi-kadrowo-ksiegowej-dla-mikroprzedsiebiorstw\/#webpage\"},\"wordCount\":1468,\"commentCount\":0,\"publisher\":{\"@id\":\"https:\/\/szukampracy.pl\/blog\/#organization\"},\"image\":{\"@id\":\"https:\/\/szukampracy.pl\/blog\/nowy-system-informatyczny-do-obslugi-kadrowo-ksiegowej-dla-mikroprzedsiebiorstw\/#primaryimage\"},\"thumbnailUrl\":\"https:\/\/szukampracy.pl\/blog\/wp-content\/uploads\/2023\/04\/pexels-obsahovka-obsahovka-4449800-scaled.jpg\",\"articleSection\":[\"Najnowsze Artyku\\u0142y\"],\"inLanguage\":\"pl-PL\",\"potentialAction\":[{\"@type\":\"CommentAction\",\"name\":\"Comment\",\"target\":[\"https:\/\/szukampracy.pl\/blog\/nowy-system-informatyczny-do-obslugi-kadrowo-ksiegowej-dla-mikroprzedsiebiorstw\/#respond\"]}]},{\"@type\":\"Person\",\"@id\":\"https:\/\/szukampracy.pl\/blog\/#\/schema\/person\/3952d4bf69b606b39399e9e649ef2394\",\"name\":\"Ekspert \\u0141ukasz\",\"image\":{\"@type\":\"ImageObject\",\"@id\":\"https:\/\/szukampracy.pl\/blog\/#personlogo\",\"inLanguage\":\"pl-PL\",\"url\":\"https:\/\/secure.gravatar.com\/avatar\/7733c11b2e55f533f1cae76b6c86129d?s=96&d=mm&r=g\",\"contentUrl\":\"https:\/\/secure.gravatar.com\/avatar\/7733c11b2e55f533f1cae76b6c86129d?s=96&d=mm&r=g\",\"caption\":\"Ekspert \\u0141ukasz\"},\"description\":\"Ekspert \\u0141ukasz swoje wieloletnie do\\u015bwiadczenie na rynku pracy postanowi\\u0142 przekaza\\u0107 tak\\u017ce na naszym blogu. Jego artyku\\u0142y dotycz\\u0105 aktualnych zmian gospodarczych a tak\\u017ce tych na rynku pracy. Z ch\\u0119cia udzieli porad pracodawc\\u0105, kt\\u00f3rzy pr\\u0119\\u017cnie rozwijaj\\u0105 swoje firmy.\"}]}<\/script>\n<!-- \/ Yoast SEO plugin. -->","yoast_head_json":{"title":"Nowy system informatyczny do obs\u0142ugi kadrowo-ksi\u0119gowej dla mikroprzedsi\u0119biorstw - Artyku\u0142y dla Szukaj\u0105cych pracy","description":"W przeci\u0105gu najbli\u017cszych trzech lat powsta\u0107 ma narz\u0119dzie informatyczne do obs\u0142ugi kadrowo-ksi\u0119gowej dla najmniejszych przedsi\u0119biorc\u00f3w. Pracodawcy generalnie s\u0105 przychylnie nastawieni do tego pomys\u0142u, lecz nie podoba im si\u0119 to, \u017ce wraz z powzi\u0119ciem decyzji o wej\u015bciu do tego systemu, nie b\u0119dzie mo\u017cliwo\u015bci wycofania si\u0119 z niego.","robots":{"index":"index","follow":"follow","max-snippet":"max-snippet:-1","max-image-preview":"max-image-preview:large","max-video-preview":"max-video-preview:-1"},"canonical":"https:\/\/szukampracy.pl\/blog\/nowy-system-informatyczny-do-obslugi-kadrowo-ksiegowej-dla-mikroprzedsiebiorstw\/","og_locale":"pl_PL","og_type":"article","og_title":"Nowy system informatyczny do obs\u0142ugi kadrowo-ksi\u0119gowej dla mikroprzedsi\u0119biorstw - Artyku\u0142y dla Szukaj\u0105cych pracy","og_description":"W przeci\u0105gu najbli\u017cszych trzech lat powsta\u0107 ma narz\u0119dzie informatyczne do obs\u0142ugi kadrowo-ksi\u0119gowej dla najmniejszych przedsi\u0119biorc\u00f3w. Pracodawcy generalnie s\u0105 przychylnie nastawieni do tego pomys\u0142u, lecz nie podoba im si\u0119 to, \u017ce wraz z powzi\u0119ciem decyzji o wej\u015bciu do tego systemu, nie b\u0119dzie mo\u017cliwo\u015bci wycofania si\u0119 z niego.","og_url":"https:\/\/szukampracy.pl\/blog\/nowy-system-informatyczny-do-obslugi-kadrowo-ksiegowej-dla-mikroprzedsiebiorstw\/","og_site_name":"Blog Szukampracy.pl - Artyku\u0142y o rynku pracy i HR dla pracodawcy","article_publisher":"https:\/\/www.facebook.com\/portalszukampracy\/","article_published_time":"2023-04-08T08:58:00+00:00","article_modified_time":"2023-04-06T19:06:12+00:00","og_image":[{"width":1024,"height":683,"url":"https:\/\/szukampracy.pl\/blog\/wp-content\/uploads\/2023\/04\/pexels-obsahovka-obsahovka-4449800-scaled.jpg","path":"\/home\/szukamprac\/domains\/szukampracy.pl\/public_html\/blog\/wp-content\/uploads\/2023\/04\/pexels-obsahovka-obsahovka-4449800-scaled.jpg","size":"full","id":5647,"alt":"","pixels":699392,"type":"image\/jpeg"}],"twitter_card":"summary","twitter_creator":"@SzukamPracyPl","twitter_site":"@SzukamPracyPl","twitter_misc":{"Written by":"Ekspert \u0141ukasz","Est. reading time":"6 minut"},"schema":{"@context":"https:\/\/schema.org","@graph":[{"@type":"Organization","@id":"https:\/\/szukampracy.pl\/blog\/#organization","name":"Szukampracy.pl","url":"https:\/\/szukampracy.pl\/blog\/","sameAs":["https:\/\/www.facebook.com\/portalszukampracy\/","https:\/\/www.linkedin.com\/company\/szukampracy-pl","https:\/\/www.youtube.com\/channel\/UCmY56pXKURtawvJjwIvU2YQ","https:\/\/twitter.com\/SzukamPracyPl"],"logo":{"@type":"ImageObject","@id":"https:\/\/szukampracy.pl\/blog\/#logo","inLanguage":"pl-PL","url":"https:\/\/szukampracy.pl\/blog\/wp-content\/uploads\/2017\/08\/logo-1.png","contentUrl":"https:\/\/szukampracy.pl\/blog\/wp-content\/uploads\/2017\/08\/logo-1.png","width":240,"height":33,"caption":"Szukampracy.pl"},"image":{"@id":"https:\/\/szukampracy.pl\/blog\/#logo"}},{"@type":"WebSite","@id":"https:\/\/szukampracy.pl\/blog\/#website","url":"https:\/\/szukampracy.pl\/blog\/","name":"Blog Szukampracy.pl - Artyku\u0142y o rynku pracy i HR dla pracodawcy","description":"Nasz blog powsta\u0142 z my\u015bl\u0105 o Pracodawcach, Pracownikach i Kandydatach b\u0119d\u0105cych na etapie zapoznawania si\u0119 z og\u0142oszeniami o prac\u0119. Mo\u017cna u nas znale\u017a\u0107 artyku\u0142y o rynku pracy, z dziedziny HR, zarz\u0105dzania, ofert pracy za granic\u0105 oraz inne ciekawostki. Nie wahaj si\u0119 nas odwiedzi\u0107","publisher":{"@id":"https:\/\/szukampracy.pl\/blog\/#organization"},"potentialAction":[{"@type":"SearchAction","target":{"@type":"EntryPoint","urlTemplate":"https:\/\/szukampracy.pl\/blog\/?s={search_term_string}"},"query-input":"required name=search_term_string"}],"inLanguage":"pl-PL"},{"@type":"ImageObject","@id":"https:\/\/szukampracy.pl\/blog\/nowy-system-informatyczny-do-obslugi-kadrowo-ksiegowej-dla-mikroprzedsiebiorstw\/#primaryimage","inLanguage":"pl-PL","url":"https:\/\/szukampracy.pl\/blog\/wp-content\/uploads\/2023\/04\/pexels-obsahovka-obsahovka-4449800-scaled.jpg","contentUrl":"https:\/\/szukampracy.pl\/blog\/wp-content\/uploads\/2023\/04\/pexels-obsahovka-obsahovka-4449800-scaled.jpg","width":1024,"height":683},{"@type":"WebPage","@id":"https:\/\/szukampracy.pl\/blog\/nowy-system-informatyczny-do-obslugi-kadrowo-ksiegowej-dla-mikroprzedsiebiorstw\/#webpage","url":"https:\/\/szukampracy.pl\/blog\/nowy-system-informatyczny-do-obslugi-kadrowo-ksiegowej-dla-mikroprzedsiebiorstw\/","name":"Nowy system informatyczny do obs\u0142ugi kadrowo-ksi\u0119gowej dla mikroprzedsi\u0119biorstw - Artyku\u0142y dla Szukaj\u0105cych pracy","isPartOf":{"@id":"https:\/\/szukampracy.pl\/blog\/#website"},"primaryImageOfPage":{"@id":"https:\/\/szukampracy.pl\/blog\/nowy-system-informatyczny-do-obslugi-kadrowo-ksiegowej-dla-mikroprzedsiebiorstw\/#primaryimage"},"datePublished":"2023-04-08T08:58:00+00:00","dateModified":"2023-04-06T19:06:12+00:00","description":"W przeci\u0105gu najbli\u017cszych trzech lat powsta\u0107 ma narz\u0119dzie informatyczne do obs\u0142ugi kadrowo-ksi\u0119gowej dla najmniejszych przedsi\u0119biorc\u00f3w. Pracodawcy generalnie s\u0105 przychylnie nastawieni do tego pomys\u0142u, lecz nie podoba im si\u0119 to, \u017ce wraz z powzi\u0119ciem decyzji o wej\u015bciu do tego systemu, nie b\u0119dzie mo\u017cliwo\u015bci wycofania si\u0119 z niego.","breadcrumb":{"@id":"https:\/\/szukampracy.pl\/blog\/nowy-system-informatyczny-do-obslugi-kadrowo-ksiegowej-dla-mikroprzedsiebiorstw\/#breadcrumb"},"inLanguage":"pl-PL","potentialAction":[{"@type":"ReadAction","target":["https:\/\/szukampracy.pl\/blog\/nowy-system-informatyczny-do-obslugi-kadrowo-ksiegowej-dla-mikroprzedsiebiorstw\/"]}]},{"@type":"BreadcrumbList","@id":"https:\/\/szukampracy.pl\/blog\/nowy-system-informatyczny-do-obslugi-kadrowo-ksiegowej-dla-mikroprzedsiebiorstw\/#breadcrumb","itemListElement":[{"@type":"ListItem","position":1,"name":"Blog","item":"https:\/\/szukampracy.pl\/blog\/"},{"@type":"ListItem","position":2,"name":"Najnowsze Artyku\u0142y","item":"https:\/\/szukampracy.pl\/blog\/najnowsze\/"},{"@type":"ListItem","position":3,"name":"Nowy system informatyczny do obs\u0142ugi kadrowo-ksi\u0119gowej dla mikroprzedsi\u0119biorstw"}]},{"@type":"Article","@id":"https:\/\/szukampracy.pl\/blog\/nowy-system-informatyczny-do-obslugi-kadrowo-ksiegowej-dla-mikroprzedsiebiorstw\/#article","isPartOf":{"@id":"https:\/\/szukampracy.pl\/blog\/nowy-system-informatyczny-do-obslugi-kadrowo-ksiegowej-dla-mikroprzedsiebiorstw\/#webpage"},"author":{"@id":"https:\/\/szukampracy.pl\/blog\/#\/schema\/person\/3952d4bf69b606b39399e9e649ef2394"},"headline":"Nowy system informatyczny do obs\u0142ugi kadrowo-ksi\u0119gowej dla mikroprzedsi\u0119biorstw","datePublished":"2023-04-08T08:58:00+00:00","dateModified":"2023-04-06T19:06:12+00:00","mainEntityOfPage":{"@id":"https:\/\/szukampracy.pl\/blog\/nowy-system-informatyczny-do-obslugi-kadrowo-ksiegowej-dla-mikroprzedsiebiorstw\/#webpage"},"wordCount":1468,"commentCount":0,"publisher":{"@id":"https:\/\/szukampracy.pl\/blog\/#organization"},"image":{"@id":"https:\/\/szukampracy.pl\/blog\/nowy-system-informatyczny-do-obslugi-kadrowo-ksiegowej-dla-mikroprzedsiebiorstw\/#primaryimage"},"thumbnailUrl":"https:\/\/szukampracy.pl\/blog\/wp-content\/uploads\/2023\/04\/pexels-obsahovka-obsahovka-4449800-scaled.jpg","articleSection":["Najnowsze Artyku\u0142y"],"inLanguage":"pl-PL","potentialAction":[{"@type":"CommentAction","name":"Comment","target":["https:\/\/szukampracy.pl\/blog\/nowy-system-informatyczny-do-obslugi-kadrowo-ksiegowej-dla-mikroprzedsiebiorstw\/#respond"]}]},{"@type":"Person","@id":"https:\/\/szukampracy.pl\/blog\/#\/schema\/person\/3952d4bf69b606b39399e9e649ef2394","name":"Ekspert \u0141ukasz","image":{"@type":"ImageObject","@id":"https:\/\/szukampracy.pl\/blog\/#personlogo","inLanguage":"pl-PL","url":"https:\/\/secure.gravatar.com\/avatar\/7733c11b2e55f533f1cae76b6c86129d?s=96&d=mm&r=g","contentUrl":"https:\/\/secure.gravatar.com\/avatar\/7733c11b2e55f533f1cae76b6c86129d?s=96&d=mm&r=g","caption":"Ekspert \u0141ukasz"},"description":"Ekspert \u0141ukasz swoje wieloletnie do\u015bwiadczenie na rynku pracy postanowi\u0142 przekaza\u0107 tak\u017ce na naszym blogu. Jego artyku\u0142y dotycz\u0105 aktualnych zmian gospodarczych a tak\u017ce tych na rynku pracy. Z ch\u0119cia udzieli porad pracodawc\u0105, kt\u00f3rzy pr\u0119\u017cnie rozwijaj\u0105 swoje firmy."}]}},"fimg_url":"https:\/\/szukampracy.pl\/blog\/wp-content\/uploads\/2023\/04\/pexels-obsahovka-obsahovka-4449800-scaled.jpg","amp_enabled":true,"_links":{"self":[{"href":"https:\/\/szukampracy.pl\/blog\/wp-json\/wp\/v2\/posts\/5646"}],"collection":[{"href":"https:\/\/szukampracy.pl\/blog\/wp-json\/wp\/v2\/posts"}],"about":[{"href":"https:\/\/szukampracy.pl\/blog\/wp-json\/wp\/v2\/types\/post"}],"author":[{"embeddable":true,"href":"https:\/\/szukampracy.pl\/blog\/wp-json\/wp\/v2\/users\/3"}],"replies":[{"embeddable":true,"href":"https:\/\/szukampracy.pl\/blog\/wp-json\/wp\/v2\/comments?post=5646"}],"version-history":[{"count":0,"href":"https:\/\/szukampracy.pl\/blog\/wp-json\/wp\/v2\/posts\/5646\/revisions"}],"wp:featuredmedia":[{"embeddable":true,"href":"https:\/\/szukampracy.pl\/blog\/wp-json\/wp\/v2\/media\/5647"}],"wp:attachment":[{"href":"https:\/\/szukampracy.pl\/blog\/wp-json\/wp\/v2\/media?parent=5646"}],"wp:term":[{"taxonomy":"category","embeddable":true,"href":"https:\/\/szukampracy.pl\/blog\/wp-json\/wp\/v2\/categories?post=5646"},{"taxonomy":"post_tag","embeddable":true,"href":"https:\/\/szukampracy.pl\/blog\/wp-json\/wp\/v2\/tags?post=5646"}],"curies":[{"name":"wp","href":"https:\/\/api.w.org\/{rel}","templated":true}]}}