{"id":5416,"date":"2022-12-12T08:25:57","date_gmt":"2022-12-12T08:25:57","guid":{"rendered":"https:\/\/szukampracy.pl\/blog\/?p=5416"},"modified":"2022-12-12T08:25:58","modified_gmt":"2022-12-12T08:25:58","slug":"czy-ewidencja-czasu-pracy-jest-obowiazkowa","status":"publish","type":"post","link":"https:\/\/szukampracy.pl\/blog\/czy-ewidencja-czasu-pracy-jest-obowiazkowa\/","title":{"rendered":"Czy ewidencja czasu pracy jest obowi\u0105zkowa?"},"content":{"rendered":"\n<h1 class=\"wp-block-heading\">Czy ewidencja czasu pracy jest obowi\u0105zkowa?<\/h1>\n\n\n\n<p>Ewidencja czasu pracy to obowi\u0105zek, kt\u00f3ry ci\u0105\u017cy na wszystkich pracodawcach. Nie jest on jednak pozbawiony sensu. Dzi\u0119ki tej czynno\u015bci mo\u017cna precyzyjnie naliczy\u0107 wynagrodzenie za przepracowane godziny oraz skontrolowa\u0107, kiedy konkretnie pracownik zajmowa\u0142 si\u0119 obowi\u0105zkami s\u0142u\u017cbowymi.&nbsp;<\/p>\n\n\n\n<h2 class=\"wp-block-heading\"><strong>W jaki spos\u00f3b dzia\u0142a Rejestracja Czasu Pracy?<\/strong><\/h2>\n\n\n\n<p>W miejscu pracy montuje si\u0119 terminale, na kt\u00f3rych pracownicy b\u0119d\u0105 rejestrowa\u0107 swoj\u0105 obecno\u015b\u0107 po pojawieniu si\u0119 w firmie. Mog\u0105 w tym celu u\u017cy\u0107 karty zbli\u017ceniowej lub has\u0142a w postaci kodu PIN. Inn\u0105 opcj\u0105 jest wykorzystanie danych biometrycznych takich jak odcisk palca, czy identyfikacja twarzy.&nbsp;<\/p>\n\n\n\n<p>Osoby pe\u0142ni\u0105ce funkcj\u0119 operator\u00f3w systemu instaluj\u0105 na swoich komputerach aplikacj\u0119, kt\u00f3ra nadaje im okre\u015blone uprawnienia. Dzi\u0119ki niej maj\u0105 dost\u0119p do danych dotycz\u0105cych obecno\u015bci podw\u0142adnych. Dotycz\u0105 one czasu pracy, wyj\u015b\u0107 pracownik\u00f3w, nadgodzin, przerw i sp\u00f3\u017anie\u0144, co umo\u017cliwia dok\u0142adne naliczenie nale\u017cno\u015bci. Je\u015bli zaciekawi\u0142 Ci\u0119 spos\u00f3b dzia\u0142ania <a href=\"https:\/\/biosys.pl\/jak-dziala-system-rcp\/\">RCP &#8211; biosys.pl<\/a> udost\u0119pnia na swojej stronie wiele dodatkowych informacji.&nbsp;<\/p>\n\n\n\n<h2 class=\"wp-block-heading\"><strong>Dlaczego warto wdro\u017cy\u0107 RCP w firmie?<\/strong><\/h2>\n\n\n\n<p>System Rejestracji Czasu Pracy sprawdza si\u0119 przede wszystkim w du\u017cych firmach, kt\u00f3re zatrudniaj\u0105 wiele os\u00f3b. Kontrolowanie ich pracy tradycyjnymi metodami nie jest proste i mo\u017ce powodowa\u0107, \u017ce w rozliczenia godzinowe wkradn\u0105 si\u0119 nie\u015bcis\u0142o\u015bci. Ka\u017cdy, komu zale\u017cy na sprawiedliwym op\u0142acaniu pracownik\u00f3w, ale tak\u017ce oczekuje od nich wydajnej pracy skorzysta na systemie instalacji systemu <strong>RCP<\/strong>.<\/p>\n\n\n\n<p>Rozwi\u0105zanie to umo\u017cliwia sprawne raportowanie i analizowanie danych, a tak\u017ce generowanie zbiorczych plik\u00f3w m.in. w Excelu, kt\u00f3re w przejrzysty spos\u00f3b ukazuj\u0105 obraz sytuacji. Aby system sprawnie dzia\u0142a\u0142 trzeba umie\u015bci\u0107 w grafiku dane pracownik\u00f3w oraz przedzia\u0142 godzinowy ich pracy.&nbsp;<\/p>\n\n\n\n<p>Monta\u017c Rejestracji Czasu Pracy pozwala na prowadzenie kontroli pracownik\u00f3w w spos\u00f3b przejrzysty tak, aby wszystkie informacje na temat ich obecno\u015bci w firmie by\u0142y \u0142atwo dost\u0119pne. Jest to u\u0142atwienie dla pracodawcy, poniewa\u017c wp\u0142ywa na motywacj\u0119 i efektywno\u015b\u0107 os\u00f3b zatrudnionych. Pracownicy z kolei maj\u0105 gwarancj\u0119, \u017ce b\u0119d\u0105 traktowani zgodnie z Kodeksem Pracy, a przepracowane godziny na pewno zostan\u0105 op\u0142acone.&nbsp; <strong>System RCP<\/strong> to nowoczesne rozwi\u0105zanie, kt\u00f3re pozwala na lepsz\u0105 koordynacj\u0119 proces\u00f3w w firmie i zaoszcz\u0119dzenie pieni\u0119dzy, kt\u00f3re zosta\u0142yby wydane na prowadzenie rozbudowanych dzia\u0142\u00f3w kadr i ksi\u0119gowo\u015bci. Je\u015bli chcesz, aby Twoje przedsi\u0119biorstwo dzia\u0142a\u0142o sprawniej, a cz\u0119\u015b\u0107 proces\u00f3w uleg\u0142a automatyzacji, odezwij si\u0119 do nas.<\/p>\n","protected":false},"excerpt":{"rendered":"<p>Czy ewidencja czasu pracy jest obowi\u0105zkowa? Ewidencja czasu pracy to obowi\u0105zek, kt\u00f3ry ci\u0105\u017cy na wszystkich pracodawcach. Nie jest on jednak<\/p>\n","protected":false},"author":1,"featured_media":5417,"comment_status":"open","ping_status":"open","sticky":false,"template":"","format":"standard","meta":{"footnotes":""},"categories":[1364],"tags":[],"yoast_head":"<!-- This site is optimized with the Yoast SEO plugin v16.7 - https:\/\/yoast.com\/wordpress\/plugins\/seo\/ -->\n<title>Czy ewidencja czasu pracy jest obowi\u0105zkowa? - Artyku\u0142y dla Szukaj\u0105cych pracy<\/title>\n<meta name=\"description\" content=\"Nowy artyku\u0142 Czy ewidencja czasu pracy jest obowi\u0105zkowa? na Blog Szukampracy.pl - Artyku\u0142y o rynku pracy i HR dla pracodawcy . Czytaj wi\u0119cej na blogu Szukampracy.pl!\" \/>\n<meta name=\"robots\" content=\"index, follow, max-snippet:-1, max-image-preview:large, max-video-preview:-1\" \/>\n<link rel=\"canonical\" href=\"https:\/\/szukampracy.pl\/blog\/czy-ewidencja-czasu-pracy-jest-obowiazkowa\/\" \/>\n<meta property=\"og:locale\" content=\"pl_PL\" \/>\n<meta property=\"og:type\" content=\"article\" \/>\n<meta property=\"og:title\" content=\"Czy ewidencja czasu pracy jest obowi\u0105zkowa? - Artyku\u0142y dla Szukaj\u0105cych pracy\" \/>\n<meta property=\"og:description\" content=\"Nowy artyku\u0142 Czy ewidencja czasu pracy jest obowi\u0105zkowa? na Blog Szukampracy.pl - Artyku\u0142y o rynku pracy i HR dla pracodawcy . Czytaj wi\u0119cej na blogu Szukampracy.pl!\" \/>\n<meta property=\"og:url\" content=\"https:\/\/szukampracy.pl\/blog\/czy-ewidencja-czasu-pracy-jest-obowiazkowa\/\" \/>\n<meta property=\"og:site_name\" content=\"Blog Szukampracy.pl - Artyku\u0142y o rynku pracy i HR dla pracodawcy\" \/>\n<meta property=\"article:publisher\" content=\"https:\/\/www.facebook.com\/portalszukampracy\/\" \/>\n<meta property=\"article:published_time\" content=\"2022-12-12T08:25:57+00:00\" \/>\n<meta property=\"article:modified_time\" content=\"2022-12-12T08:25:58+00:00\" \/>\n<meta property=\"og:image\" content=\"https:\/\/szukampracy.pl\/blog\/wp-content\/uploads\/2022\/12\/20221208135659_pexels-photo-6857207.jpeg.jpg\" \/>\n\t<meta property=\"og:image:width\" content=\"940\" \/>\n\t<meta property=\"og:image:height\" content=\"627\" \/>\n<meta name=\"twitter:card\" content=\"summary\" \/>\n<meta name=\"twitter:creator\" content=\"@SzukamPracyPl\" \/>\n<meta name=\"twitter:site\" content=\"@SzukamPracyPl\" \/>\n<meta name=\"twitter:label1\" content=\"Written by\" \/>\n\t<meta name=\"twitter:data1\" content=\"Szukampracy.pl Ekspert\" \/>\n\t<meta name=\"twitter:label2\" content=\"Est. reading time\" \/>\n\t<meta name=\"twitter:data2\" content=\"2 minuty\" \/>\n<script type=\"application\/ld+json\" class=\"yoast-schema-graph\">{\"@context\":\"https:\/\/schema.org\",\"@graph\":[{\"@type\":\"Organization\",\"@id\":\"https:\/\/szukampracy.pl\/blog\/#organization\",\"name\":\"Szukampracy.pl\",\"url\":\"https:\/\/szukampracy.pl\/blog\/\",\"sameAs\":[\"https:\/\/www.facebook.com\/portalszukampracy\/\",\"https:\/\/www.linkedin.com\/company\/szukampracy-pl\",\"https:\/\/www.youtube.com\/channel\/UCmY56pXKURtawvJjwIvU2YQ\",\"https:\/\/twitter.com\/SzukamPracyPl\"],\"logo\":{\"@type\":\"ImageObject\",\"@id\":\"https:\/\/szukampracy.pl\/blog\/#logo\",\"inLanguage\":\"pl-PL\",\"url\":\"https:\/\/szukampracy.pl\/blog\/wp-content\/uploads\/2017\/08\/logo-1.png\",\"contentUrl\":\"https:\/\/szukampracy.pl\/blog\/wp-content\/uploads\/2017\/08\/logo-1.png\",\"width\":240,\"height\":33,\"caption\":\"Szukampracy.pl\"},\"image\":{\"@id\":\"https:\/\/szukampracy.pl\/blog\/#logo\"}},{\"@type\":\"WebSite\",\"@id\":\"https:\/\/szukampracy.pl\/blog\/#website\",\"url\":\"https:\/\/szukampracy.pl\/blog\/\",\"name\":\"Blog Szukampracy.pl - Artyku\\u0142y o rynku pracy i HR dla pracodawcy\",\"description\":\"Nasz blog powsta\\u0142 z my\\u015bl\\u0105 o Pracodawcach, Pracownikach i Kandydatach b\\u0119d\\u0105cych na etapie zapoznawania si\\u0119 z og\\u0142oszeniami o prac\\u0119. Mo\\u017cna u nas znale\\u017a\\u0107 artyku\\u0142y o rynku pracy, z dziedziny HR, zarz\\u0105dzania, ofert pracy za granic\\u0105 oraz inne ciekawostki. Nie wahaj si\\u0119 nas odwiedzi\\u0107\",\"publisher\":{\"@id\":\"https:\/\/szukampracy.pl\/blog\/#organization\"},\"potentialAction\":[{\"@type\":\"SearchAction\",\"target\":{\"@type\":\"EntryPoint\",\"urlTemplate\":\"https:\/\/szukampracy.pl\/blog\/?s={search_term_string}\"},\"query-input\":\"required name=search_term_string\"}],\"inLanguage\":\"pl-PL\"},{\"@type\":\"ImageObject\",\"@id\":\"https:\/\/szukampracy.pl\/blog\/czy-ewidencja-czasu-pracy-jest-obowiazkowa\/#primaryimage\",\"inLanguage\":\"pl-PL\",\"url\":\"https:\/\/szukampracy.pl\/blog\/wp-content\/uploads\/2022\/12\/20221208135659_pexels-photo-6857207.jpeg.jpg\",\"contentUrl\":\"https:\/\/szukampracy.pl\/blog\/wp-content\/uploads\/2022\/12\/20221208135659_pexels-photo-6857207.jpeg.jpg\",\"width\":940,\"height\":627},{\"@type\":\"WebPage\",\"@id\":\"https:\/\/szukampracy.pl\/blog\/czy-ewidencja-czasu-pracy-jest-obowiazkowa\/#webpage\",\"url\":\"https:\/\/szukampracy.pl\/blog\/czy-ewidencja-czasu-pracy-jest-obowiazkowa\/\",\"name\":\"Czy ewidencja czasu pracy jest obowi\\u0105zkowa? - Artyku\\u0142y dla Szukaj\\u0105cych pracy\",\"isPartOf\":{\"@id\":\"https:\/\/szukampracy.pl\/blog\/#website\"},\"primaryImageOfPage\":{\"@id\":\"https:\/\/szukampracy.pl\/blog\/czy-ewidencja-czasu-pracy-jest-obowiazkowa\/#primaryimage\"},\"datePublished\":\"2022-12-12T08:25:57+00:00\",\"dateModified\":\"2022-12-12T08:25:58+00:00\",\"description\":\"Nowy artyku\\u0142 Czy ewidencja czasu pracy jest obowi\\u0105zkowa? na Blog Szukampracy.pl - Artyku\\u0142y o rynku pracy i HR dla pracodawcy . Czytaj wi\\u0119cej na blogu Szukampracy.pl!\",\"breadcrumb\":{\"@id\":\"https:\/\/szukampracy.pl\/blog\/czy-ewidencja-czasu-pracy-jest-obowiazkowa\/#breadcrumb\"},\"inLanguage\":\"pl-PL\",\"potentialAction\":[{\"@type\":\"ReadAction\",\"target\":[\"https:\/\/szukampracy.pl\/blog\/czy-ewidencja-czasu-pracy-jest-obowiazkowa\/\"]}]},{\"@type\":\"BreadcrumbList\",\"@id\":\"https:\/\/szukampracy.pl\/blog\/czy-ewidencja-czasu-pracy-jest-obowiazkowa\/#breadcrumb\",\"itemListElement\":[{\"@type\":\"ListItem\",\"position\":1,\"name\":\"Blog\",\"item\":\"https:\/\/szukampracy.pl\/blog\/\"},{\"@type\":\"ListItem\",\"position\":2,\"name\":\"Poradniki dla pracodawcy\",\"item\":\"https:\/\/szukampracy.pl\/blog\/poradniki-dla-pracodawcy\/\"},{\"@type\":\"ListItem\",\"position\":3,\"name\":\"Czy ewidencja czasu pracy jest obowi\\u0105zkowa?\"}]},{\"@type\":\"Article\",\"@id\":\"https:\/\/szukampracy.pl\/blog\/czy-ewidencja-czasu-pracy-jest-obowiazkowa\/#article\",\"isPartOf\":{\"@id\":\"https:\/\/szukampracy.pl\/blog\/czy-ewidencja-czasu-pracy-jest-obowiazkowa\/#webpage\"},\"author\":{\"@id\":\"https:\/\/szukampracy.pl\/blog\/#\/schema\/person\/57cdc8fe01df0a785820416f51a31c7c\"},\"headline\":\"Czy ewidencja czasu pracy jest obowi\\u0105zkowa?\",\"datePublished\":\"2022-12-12T08:25:57+00:00\",\"dateModified\":\"2022-12-12T08:25:58+00:00\",\"mainEntityOfPage\":{\"@id\":\"https:\/\/szukampracy.pl\/blog\/czy-ewidencja-czasu-pracy-jest-obowiazkowa\/#webpage\"},\"wordCount\":441,\"commentCount\":0,\"publisher\":{\"@id\":\"https:\/\/szukampracy.pl\/blog\/#organization\"},\"image\":{\"@id\":\"https:\/\/szukampracy.pl\/blog\/czy-ewidencja-czasu-pracy-jest-obowiazkowa\/#primaryimage\"},\"thumbnailUrl\":\"https:\/\/szukampracy.pl\/blog\/wp-content\/uploads\/2022\/12\/20221208135659_pexels-photo-6857207.jpeg.jpg\",\"articleSection\":[\"Poradniki dla pracodawcy\"],\"inLanguage\":\"pl-PL\",\"potentialAction\":[{\"@type\":\"CommentAction\",\"name\":\"Comment\",\"target\":[\"https:\/\/szukampracy.pl\/blog\/czy-ewidencja-czasu-pracy-jest-obowiazkowa\/#respond\"]}]},{\"@type\":\"Person\",\"@id\":\"https:\/\/szukampracy.pl\/blog\/#\/schema\/person\/57cdc8fe01df0a785820416f51a31c7c\",\"name\":\"Szukampracy.pl Ekspert\",\"image\":{\"@type\":\"ImageObject\",\"@id\":\"https:\/\/szukampracy.pl\/blog\/#personlogo\",\"inLanguage\":\"pl-PL\",\"url\":\"https:\/\/secure.gravatar.com\/avatar\/2af4d91def5bf00243347eafbe25c6be?s=96&d=mm&r=g\",\"contentUrl\":\"https:\/\/secure.gravatar.com\/avatar\/2af4d91def5bf00243347eafbe25c6be?s=96&d=mm&r=g\",\"caption\":\"Szukampracy.pl Ekspert\"},\"description\":\"Ekspert w dziedzinie HR oraz rynku pracy z wieloletnim do\\u015bwiadczeniem. Praca w bran\\u017cy HR pozwoli\\u0142a na poznanie wielu ciekawych technik rekrutacyjnych. Na blogu udziela porad a tak\\u017ce opisuje procesy zwi\\u0105zane z prowadzeniem rekrutacji b\\u0105d\\u017a te\\u017c firmy.\"}]}<\/script>\n<!-- \/ Yoast SEO plugin. -->","yoast_head_json":{"title":"Czy ewidencja czasu pracy jest obowi\u0105zkowa? - Artyku\u0142y dla Szukaj\u0105cych pracy","description":"Nowy artyku\u0142 Czy ewidencja czasu pracy jest obowi\u0105zkowa? na Blog Szukampracy.pl - Artyku\u0142y o rynku pracy i HR dla pracodawcy . Czytaj wi\u0119cej na blogu Szukampracy.pl!","robots":{"index":"index","follow":"follow","max-snippet":"max-snippet:-1","max-image-preview":"max-image-preview:large","max-video-preview":"max-video-preview:-1"},"canonical":"https:\/\/szukampracy.pl\/blog\/czy-ewidencja-czasu-pracy-jest-obowiazkowa\/","og_locale":"pl_PL","og_type":"article","og_title":"Czy ewidencja czasu pracy jest obowi\u0105zkowa? - Artyku\u0142y dla Szukaj\u0105cych pracy","og_description":"Nowy artyku\u0142 Czy ewidencja czasu pracy jest obowi\u0105zkowa? na Blog Szukampracy.pl - Artyku\u0142y o rynku pracy i HR dla pracodawcy . Czytaj wi\u0119cej na blogu Szukampracy.pl!","og_url":"https:\/\/szukampracy.pl\/blog\/czy-ewidencja-czasu-pracy-jest-obowiazkowa\/","og_site_name":"Blog Szukampracy.pl - Artyku\u0142y o rynku pracy i HR dla pracodawcy","article_publisher":"https:\/\/www.facebook.com\/portalszukampracy\/","article_published_time":"2022-12-12T08:25:57+00:00","article_modified_time":"2022-12-12T08:25:58+00:00","og_image":[{"width":940,"height":627,"url":"https:\/\/szukampracy.pl\/blog\/wp-content\/uploads\/2022\/12\/20221208135659_pexels-photo-6857207.jpeg.jpg","path":"\/home\/szukamprac\/domains\/szukampracy.pl\/public_html\/blog\/wp-content\/uploads\/2022\/12\/20221208135659_pexels-photo-6857207.jpeg.jpg","size":"full","id":5417,"alt":"","pixels":589380,"type":"image\/jpeg"}],"twitter_card":"summary","twitter_creator":"@SzukamPracyPl","twitter_site":"@SzukamPracyPl","twitter_misc":{"Written by":"Szukampracy.pl Ekspert","Est. reading time":"2 minuty"},"schema":{"@context":"https:\/\/schema.org","@graph":[{"@type":"Organization","@id":"https:\/\/szukampracy.pl\/blog\/#organization","name":"Szukampracy.pl","url":"https:\/\/szukampracy.pl\/blog\/","sameAs":["https:\/\/www.facebook.com\/portalszukampracy\/","https:\/\/www.linkedin.com\/company\/szukampracy-pl","https:\/\/www.youtube.com\/channel\/UCmY56pXKURtawvJjwIvU2YQ","https:\/\/twitter.com\/SzukamPracyPl"],"logo":{"@type":"ImageObject","@id":"https:\/\/szukampracy.pl\/blog\/#logo","inLanguage":"pl-PL","url":"https:\/\/szukampracy.pl\/blog\/wp-content\/uploads\/2017\/08\/logo-1.png","contentUrl":"https:\/\/szukampracy.pl\/blog\/wp-content\/uploads\/2017\/08\/logo-1.png","width":240,"height":33,"caption":"Szukampracy.pl"},"image":{"@id":"https:\/\/szukampracy.pl\/blog\/#logo"}},{"@type":"WebSite","@id":"https:\/\/szukampracy.pl\/blog\/#website","url":"https:\/\/szukampracy.pl\/blog\/","name":"Blog Szukampracy.pl - Artyku\u0142y o rynku pracy i HR dla pracodawcy","description":"Nasz blog powsta\u0142 z my\u015bl\u0105 o Pracodawcach, Pracownikach i Kandydatach b\u0119d\u0105cych na etapie zapoznawania si\u0119 z og\u0142oszeniami o prac\u0119. Mo\u017cna u nas znale\u017a\u0107 artyku\u0142y o rynku pracy, z dziedziny HR, zarz\u0105dzania, ofert pracy za granic\u0105 oraz inne ciekawostki. Nie wahaj si\u0119 nas odwiedzi\u0107","publisher":{"@id":"https:\/\/szukampracy.pl\/blog\/#organization"},"potentialAction":[{"@type":"SearchAction","target":{"@type":"EntryPoint","urlTemplate":"https:\/\/szukampracy.pl\/blog\/?s={search_term_string}"},"query-input":"required name=search_term_string"}],"inLanguage":"pl-PL"},{"@type":"ImageObject","@id":"https:\/\/szukampracy.pl\/blog\/czy-ewidencja-czasu-pracy-jest-obowiazkowa\/#primaryimage","inLanguage":"pl-PL","url":"https:\/\/szukampracy.pl\/blog\/wp-content\/uploads\/2022\/12\/20221208135659_pexels-photo-6857207.jpeg.jpg","contentUrl":"https:\/\/szukampracy.pl\/blog\/wp-content\/uploads\/2022\/12\/20221208135659_pexels-photo-6857207.jpeg.jpg","width":940,"height":627},{"@type":"WebPage","@id":"https:\/\/szukampracy.pl\/blog\/czy-ewidencja-czasu-pracy-jest-obowiazkowa\/#webpage","url":"https:\/\/szukampracy.pl\/blog\/czy-ewidencja-czasu-pracy-jest-obowiazkowa\/","name":"Czy ewidencja czasu pracy jest obowi\u0105zkowa? - Artyku\u0142y dla Szukaj\u0105cych pracy","isPartOf":{"@id":"https:\/\/szukampracy.pl\/blog\/#website"},"primaryImageOfPage":{"@id":"https:\/\/szukampracy.pl\/blog\/czy-ewidencja-czasu-pracy-jest-obowiazkowa\/#primaryimage"},"datePublished":"2022-12-12T08:25:57+00:00","dateModified":"2022-12-12T08:25:58+00:00","description":"Nowy artyku\u0142 Czy ewidencja czasu pracy jest obowi\u0105zkowa? na Blog Szukampracy.pl - Artyku\u0142y o rynku pracy i HR dla pracodawcy . Czytaj wi\u0119cej na blogu Szukampracy.pl!","breadcrumb":{"@id":"https:\/\/szukampracy.pl\/blog\/czy-ewidencja-czasu-pracy-jest-obowiazkowa\/#breadcrumb"},"inLanguage":"pl-PL","potentialAction":[{"@type":"ReadAction","target":["https:\/\/szukampracy.pl\/blog\/czy-ewidencja-czasu-pracy-jest-obowiazkowa\/"]}]},{"@type":"BreadcrumbList","@id":"https:\/\/szukampracy.pl\/blog\/czy-ewidencja-czasu-pracy-jest-obowiazkowa\/#breadcrumb","itemListElement":[{"@type":"ListItem","position":1,"name":"Blog","item":"https:\/\/szukampracy.pl\/blog\/"},{"@type":"ListItem","position":2,"name":"Poradniki dla pracodawcy","item":"https:\/\/szukampracy.pl\/blog\/poradniki-dla-pracodawcy\/"},{"@type":"ListItem","position":3,"name":"Czy ewidencja czasu pracy jest obowi\u0105zkowa?"}]},{"@type":"Article","@id":"https:\/\/szukampracy.pl\/blog\/czy-ewidencja-czasu-pracy-jest-obowiazkowa\/#article","isPartOf":{"@id":"https:\/\/szukampracy.pl\/blog\/czy-ewidencja-czasu-pracy-jest-obowiazkowa\/#webpage"},"author":{"@id":"https:\/\/szukampracy.pl\/blog\/#\/schema\/person\/57cdc8fe01df0a785820416f51a31c7c"},"headline":"Czy ewidencja czasu pracy jest obowi\u0105zkowa?","datePublished":"2022-12-12T08:25:57+00:00","dateModified":"2022-12-12T08:25:58+00:00","mainEntityOfPage":{"@id":"https:\/\/szukampracy.pl\/blog\/czy-ewidencja-czasu-pracy-jest-obowiazkowa\/#webpage"},"wordCount":441,"commentCount":0,"publisher":{"@id":"https:\/\/szukampracy.pl\/blog\/#organization"},"image":{"@id":"https:\/\/szukampracy.pl\/blog\/czy-ewidencja-czasu-pracy-jest-obowiazkowa\/#primaryimage"},"thumbnailUrl":"https:\/\/szukampracy.pl\/blog\/wp-content\/uploads\/2022\/12\/20221208135659_pexels-photo-6857207.jpeg.jpg","articleSection":["Poradniki dla pracodawcy"],"inLanguage":"pl-PL","potentialAction":[{"@type":"CommentAction","name":"Comment","target":["https:\/\/szukampracy.pl\/blog\/czy-ewidencja-czasu-pracy-jest-obowiazkowa\/#respond"]}]},{"@type":"Person","@id":"https:\/\/szukampracy.pl\/blog\/#\/schema\/person\/57cdc8fe01df0a785820416f51a31c7c","name":"Szukampracy.pl Ekspert","image":{"@type":"ImageObject","@id":"https:\/\/szukampracy.pl\/blog\/#personlogo","inLanguage":"pl-PL","url":"https:\/\/secure.gravatar.com\/avatar\/2af4d91def5bf00243347eafbe25c6be?s=96&d=mm&r=g","contentUrl":"https:\/\/secure.gravatar.com\/avatar\/2af4d91def5bf00243347eafbe25c6be?s=96&d=mm&r=g","caption":"Szukampracy.pl Ekspert"},"description":"Ekspert w dziedzinie HR oraz rynku pracy z wieloletnim do\u015bwiadczeniem. Praca w bran\u017cy HR pozwoli\u0142a na poznanie wielu ciekawych technik rekrutacyjnych. Na blogu udziela porad a tak\u017ce opisuje procesy zwi\u0105zane z prowadzeniem rekrutacji b\u0105d\u017a te\u017c firmy."}]}},"fimg_url":"https:\/\/szukampracy.pl\/blog\/wp-content\/uploads\/2022\/12\/20221208135659_pexels-photo-6857207.jpeg.jpg","amp_enabled":true,"_links":{"self":[{"href":"https:\/\/szukampracy.pl\/blog\/wp-json\/wp\/v2\/posts\/5416"}],"collection":[{"href":"https:\/\/szukampracy.pl\/blog\/wp-json\/wp\/v2\/posts"}],"about":[{"href":"https:\/\/szukampracy.pl\/blog\/wp-json\/wp\/v2\/types\/post"}],"author":[{"embeddable":true,"href":"https:\/\/szukampracy.pl\/blog\/wp-json\/wp\/v2\/users\/1"}],"replies":[{"embeddable":true,"href":"https:\/\/szukampracy.pl\/blog\/wp-json\/wp\/v2\/comments?post=5416"}],"version-history":[{"count":0,"href":"https:\/\/szukampracy.pl\/blog\/wp-json\/wp\/v2\/posts\/5416\/revisions"}],"wp:featuredmedia":[{"embeddable":true,"href":"https:\/\/szukampracy.pl\/blog\/wp-json\/wp\/v2\/media\/5417"}],"wp:attachment":[{"href":"https:\/\/szukampracy.pl\/blog\/wp-json\/wp\/v2\/media?parent=5416"}],"wp:term":[{"taxonomy":"category","embeddable":true,"href":"https:\/\/szukampracy.pl\/blog\/wp-json\/wp\/v2\/categories?post=5416"},{"taxonomy":"post_tag","embeddable":true,"href":"https:\/\/szukampracy.pl\/blog\/wp-json\/wp\/v2\/tags?post=5416"}],"curies":[{"name":"wp","href":"https:\/\/api.w.org\/{rel}","templated":true}]}}