{"id":5287,"date":"2022-11-03T09:48:00","date_gmt":"2022-11-03T09:48:00","guid":{"rendered":"https:\/\/szukampracy.pl\/blog\/?p=5287"},"modified":"2022-10-27T18:50:12","modified_gmt":"2022-10-27T18:50:12","slug":"powazne-braki-kadrowe-w-instytucjach-kontrolnych","status":"publish","type":"post","link":"https:\/\/szukampracy.pl\/blog\/powazne-braki-kadrowe-w-instytucjach-kontrolnych\/","title":{"rendered":"Powa\u017cne braki kadrowe w instytucjach kontrolnych"},"content":{"rendered":"\n<p>Brakuje pracownik\u00f3w w instytucjach kontrolnych od Narodowego Funduszu Zdrowia (NFZ), przez urz\u0119dy skarbowe, kuratoria, a\u017c do regionalnych izb obrachunkowych (RIO). Niskie zarobki pracownik\u00f3w tych instytucji s\u0105 g\u0142\u00f3wnym powodem decyzji o zmianie pracodawcy. Eksperci ju\u017c teraz ostrzegaj\u0105, \u017ce efektem tych decyzji b\u0119d\u0105 niewystarczaj\u0105ce kontrole.<\/p>\n\n\n\n<h4 class=\"wp-block-heading\"><span class=\"ez-toc-section\" id=\"W_jakich_regionach_i_w_jakich_instytucjach_sa_najwieksze_braki_kadrowe\"><\/span><strong>W jakich regionach i w jakich instytucjach s\u0105 najwi\u0119ksze braki kadrowe?<\/strong><span class=\"ez-toc-section-end\"><\/span><\/h4>\n\n\n\n<p>Najci\u0119\u017csza sytuacja jest w szesnastu RIO, gdzie w samej Warszawie jest czterdzie\u015bci wakat\u00f3w na stanowiskach inspektor\u00f3w, a specjali\u015bci z tych instytucji nieustannie odchodz\u0105, natomiast na ich miejsca cz\u0119sto nie zg\u0142aszaj\u0105 si\u0119 nowi kandydaci na opublikowane og\u0142oszenia z ofertami pracy. Do pracy w izbach potrzebni s\u0105 pracownicy, kt\u00f3rzy znaj\u0105 si\u0119 m.in. na finansowaniu samorz\u0105d\u00f3w terytorialnych, lecz wiedza ta nie jest powszechna, a co za tym idzie, bardzo trudno pozyska\u0107 odpowiednie osoby na wolne stanowiska w tych instytucjach. Pomimo tego szefowie RIO zapewniaj\u0105, \u017ce planowane kontrole prowadzone s\u0105 na tym samym poziomie, co dotychczas, bowiem w ka\u017cdym zespole kontrolnym zawsze jest przynajmniej jeden do\u015bwiadczony pracownik. Mniej optymistycznie wypowiadaj\u0105 si\u0119 w tym temacie pracownicy RIO i sugeruj\u0105 oni, \u017ce inspektorem w izbie nie mo\u017ce by\u0107 cz\u0142owiek z tzw. \u0142apanki, lecz musi to by\u0107 osoba b\u0119d\u0105ca partnerem do rozmowy dla pracownik\u00f3w kontrolowanej instytucji. Powinna ona tak\u017ce:<\/p>\n\n\n\n<ul><li>posiada\u0107 od nich wi\u0119ksz\u0105 wiedz\u0119<\/li><li>by\u0107 wszechstronna<\/li><li>doskonale zna\u0107 zasady rachunkowo\u015bci<\/li><li>orientowa\u0107 si\u0119 w warunkach udzielania dotacji<\/li><li>wiedzie\u0107 jakie zasady panuj\u0105 przy sk\u0142adaniu zam\u00f3wie\u0144<\/li><li>zna\u0107 wszelakie aspekty zwi\u0105zane z naliczaniem wynagrodze\u0144<\/li><\/ul>\n\n\n\n<p>Do\u015bwiadczeni pracownicy izb, maj\u0105cy \u015bwiadomo\u015b\u0107 w\u0142asnych umiej\u0119tno\u015bci i otrzymuj\u0105cy ra\u017c\u0105co niskie wynagrodzenia zmieniaj\u0105 miejsca pracy na takie, w kt\u00f3rych w obliczu w\u0142asnego do\u015bwiadczenia zawodowego, zarobi\u0107 b\u0119d\u0105 mogli wi\u0119cej.<\/p>\n\n\n\n<p>W\u015br\u00f3d pracownik\u00f3w izb obrachunkowych kr\u0105\u017c\u0105 wr\u0119cz przypuszczenia, \u017ce rz\u0105dz\u0105cym, tym na szczeblu centralnym, jak i na szczeblu samorz\u0105dowym, chodzi w\u0142a\u015bnie o to, aby kontrola funkcjonowa\u0142a tylko teoretycznie. Zadaj\u0105 oni pytania retoryczne, a mi\u0119dzy innymi takie, jaka jest ranga protoko\u0142u, z kt\u00f3rego wynika brak stwierdzenia nieprawid\u0142owo\u015bci podczas kontroli, gdzie inspektor nie zakwestionowa\u0142 oczywistych nieprawid\u0142owo\u015bci, lecz zabrak\u0142o mu kompetencji by je wychwyci\u0107. Dodaj\u0105 oni tak\u017ce, \u017ce je\u015bli ta sytuacja si\u0119 nie zmieni, w\u00f3wczas RIO b\u0119dzie \u201eatrap\u0105\u201d, jak\u0105 obecnie jest s\u0142u\u017cba cywilna. Pracownicy RIO s\u0105 zdania, \u017ce wszystkim powinno zale\u017ce\u0107 na rzetelnej kontroli zako\u0144czonej wydaniem protoko\u0142u z konkretnie okre\u015blonymi zaleceniami, a nie wy\u0142\u0105cznie zwyk\u0142ym odnotowaniem, \u017ce kontrola by\u0142a przeprowadzona. Bowiem nie liczba weryfikacji funkcjonowania okre\u015blonych instytucji jest istotna, lecz przede wszystkim jako\u015b\u0107 czynno\u015bci kontrolnych.<\/p>\n\n\n\n<h4 class=\"wp-block-heading\"><span class=\"ez-toc-section\" id=\"Na_jakie_wynagrodzenia_moga_liczyc_pracownicy_RIO_i_ile_stanowisk_jest_do_obsadzenia\"><\/span><strong>Na jakie wynagrodzenia mog\u0105 liczy\u0107 pracownicy RIO i ile stanowisk jest do obsadzenia?<\/strong><span class=\"ez-toc-section-end\"><\/span><\/h4>\n\n\n\n<p>Obecnie w RIO pracuje 1,1 tys. pracownik\u00f3w, a 100 stanowisk jest nieobsadzonych. Trudno znale\u017a\u0107 pracownik\u00f3w z do\u015bwiadczeniem do tej instytucji, poniewa\u017c \u015brednie wynagrodzenie brutto wynosi tam 5.400 z\u0142, a \u015brednia ta liczona jest wraz z kadr\u0105 kierownicz\u0105. Z pocz\u0105tkiem 2022 roku izby zosta\u0142y zobligowane do podniesienia wynagrodzenia wszystkim pracownikom zarabiaj\u0105cym poni\u017cej p\u0142acy minimalnej do tego minimalnego poziomu. Skorzysta\u0142o na tym 88 pracownik\u00f3w, a w\u015br\u00f3d nich by\u0142o 8 inspektor\u00f3w kontroli. Najcz\u0119stszymi przyczynami odej\u015b\u0107 urz\u0119dnik\u00f3w RIO by\u0142y:<\/p>\n\n\n\n<ul><li>zbyt niskie wynagrodzenie zasadnicze<\/li><li>propozycja pracy u innego pracodawcy<\/li><li>niewystarczaj\u0105ca wysoko\u015b\u0107 zmiennych sk\u0142adnik\u00f3w wynagrodze\u0144<\/li><li>praca pod sta\u0142\u0105 presj\u0105<\/li><li>przeci\u0105\u017cenie prac\u0105<\/li><li>nadmiar obowi\u0105zk\u00f3w<\/li><\/ul>\n\n\n\n<p>Eksperci oceniaj\u0105, \u017ce odej\u015bcia z pracy urz\u0119dnik\u00f3w RIO stanowi\u0105 bardzo wysokie lub wysokie zagro\u017cenie dla realizacji zada\u0144 tej instytucji.<\/p>\n\n\n\n<h4 class=\"wp-block-heading\"><span class=\"ez-toc-section\" id=\"Czy_Najwyzsza_Izba_Kontroli_zwraca_uwage_na_problem_fluktuacji_kadr_w_wydzialach_kontroli_RIO\"><\/span><strong>Czy Najwy\u017csza Izba Kontroli zwraca uwag\u0119 na problem fluktuacji kadr w wydzia\u0142ach kontroli RIO?<\/strong><span class=\"ez-toc-section-end\"><\/span><\/h4>\n\n\n\n<p>W roku obecnym Najwy\u017csza Izba Kontroli (NIK) zwr\u00f3ci\u0142a uwag\u0119 na problem fluktuacji kadr w wydzia\u0142ach kontroli RIO i wskaza\u0142a, \u017ce mo\u017ce mie\u0107 on wp\u0142yw na jako\u015b\u0107 wykonywanych zada\u0144. Z raportu NIK wynika, \u017ce w ci\u0105gu 3 ostatnich lat:<\/p>\n\n\n\n<ul><li>w RIO w Kielcach zwolni\u0142o si\u0119 11 z 22 pracownik\u00f3w wydzia\u0142u kontroli<\/li><li>w RIO w Bydgoszczy zwolni\u0142o si\u0119 13 z 32 pracownik\u00f3w wydzia\u0142u kontroli<\/li><li>w RIO w \u0141odzi zwolni\u0142o si\u0119 11 z 36 pracownik\u00f3w wydzia\u0142u kontroli<\/li><\/ul>\n\n\n\n<p>NIK poinformowa\u0142a, \u017ce ta sytuacja wymusi\u0142a zmniejszenie liczby kontroli gospodarki finansowej samorz\u0105d\u00f3w, kt\u00f3re s\u0105 w zasadzie jedynym pewnym \u017ar\u00f3d\u0142em weryfikacji informacji i sprawozda\u0144 przedk\u0142adanych przez te instytucje i przestrzeg\u0142a, \u017ce nie zatrzymanie tej tendencji zagrozi\u0107 mo\u017ce wykonywaniu dalszych ustawowych zada\u0144 RIO.<\/p>\n\n\n\n<h4 class=\"wp-block-heading\"><span class=\"ez-toc-section\" id=\"Czy_sytuacja_w_RIO_interesuje_sie_Ministerstwo_Spraw_Wewnetrznych_i_Administracji\"><\/span><strong>Czy sytuacj\u0105 w RIO interesuje si\u0119 Ministerstwo Spraw Wewn\u0119trznych i Administracji?<\/strong><span class=\"ez-toc-section-end\"><\/span><\/h4>\n\n\n\n<p>Do Mariusza Kami\u0144skiego, ministra spraw wewn\u0119trznych i administracji, skierowane zosta\u0142o pismo podpisane przez wszystkich 16 naczelnik\u00f3w wydzia\u0142\u00f3w kontroli gospodarki finansowej RIO za po\u015brednictwem Krajowej Rady Regionalnych Izb Obrachunkowych. W pi\u015bmie tym naczelnicy wnioskuj\u0105 o podj\u0119cie zdecydowanych dzia\u0142a\u0144, kt\u00f3rych celem jest podwy\u017cszenie wynagrodze\u0144 inspektor\u00f3w kontroli RIO by w konsekwencji zmieni\u0107 katastrofaln\u0105 sytuacj\u0119, kt\u00f3r\u0105 pot\u0119guje wzrost cen paliw i utrzymanie kilometr\u00f3wki na dotychczasowym poziomie dla inspektor\u00f3w, kt\u00f3rzy korzystaj\u0105 g\u0142\u00f3wnie z w\u0142asnych pojazd\u00f3w w celach s\u0142u\u017cbowych. Przedstawiciele Ministerstwa Spraw Wewn\u0119trznych i Administracji spotka\u0107 si\u0119 maj\u0105 jeszcze w pa\u017adzierniku z przedstawicielami Krajowej Rady RIO, a tematem rozm\u00f3w ma by\u0107 zwi\u0119kszenie nak\u0142ad\u00f3w na wynagrodzenia.<\/p>\n\n\n\n<h4 class=\"wp-block-heading\"><span class=\"ez-toc-section\" id=\"Czy_w_innych_instytucjach_kontrolnych_sa_podobne_problemy_kadrowe\"><\/span><strong>Czy w innych instytucjach kontrolnych s\u0105 podobne problemy kadrowe?<\/strong><span class=\"ez-toc-section-end\"><\/span><\/h4>\n\n\n\n<p>Na s\u0142abe wynagrodzenia, braki kadrowe i system kontroli narzekaj\u0105 te\u017c urz\u0119dnicy innych instytucji kontrolnych. Od 2019 roku, kiedy dokonano zmian na wydzia\u0142ach kontroli w starym systemie Narodowego Funduszu Zdrowia, gdzie scentralizowano wszystkie wydzia\u0142y kontroli i podj\u0119to decyzj\u0119, \u017ce czynno\u015bci sprawdzaj\u0105ce b\u0119d\u0105 przeprowadzane centralnie, a nie przez dyrektor\u00f3w wydzia\u0142\u00f3w, zacz\u0119\u0142y si\u0119 problemy kadrowo-p\u0142acowe. Po zmianach czynno\u015bci sprawdzaj\u0105ce odbywaj\u0105 si\u0119 w trybie administracyjnym i z dwutygodniowym uprzedzeniem, co mia\u0142o zwi\u0119kszy\u0107 efektywno\u015b\u0107, bowiem do zaj\u0119cia tego mia\u0142o by\u0107 oddelegowanych 500 kontroler\u00f3w po zdanym egzaminie. Tymczasem w roku obecnym jest ich raptem 100.<\/p>\n\n\n\n<p>Tak\u017ce w urz\u0119dach skarbowych odnotowuje si\u0119 trudn\u0105 sytuacj\u0119 w wydzia\u0142ach kontrolnych, bowiem jak zg\u0142aszaj\u0105 pracownicy skarb\u00f3wki, podwy\u017cki ich wynagrodze\u0144 s\u0105 wy\u0142\u0105cznie kosmetyczne, a wymagania wobec nich stawiane s\u0105 coraz wy\u017csze przy coraz trudniejszych warunkach pracy. W\u015br\u00f3d problem\u00f3w wymienia si\u0119 odej\u015bcie od zasady zatrudniania w skarb\u00f3wkach przynajmniej dw\u00f3ch radc\u00f3w prawnych, kt\u00f3rzy wspierali stosown\u0105 wiedz\u0105, a dzi\u015b jeden z radc\u00f3w przypada na trzy urz\u0119dy skarbowe. Podczas kontroli urz\u0119dnik skarbowy spotyka si\u0119 z wysokiej klasy specjalistami w zakresie prawa pracuj\u0105cymi na zlecenie kontrolowanych podmiot\u00f3w, a to sprawia, \u017ce wi\u0119kszo\u015b\u0107 os\u00f3b osi\u0105gaj\u0105cych wiek emerytalny wr\u0119cz z przyjemno\u015bci\u0105 odchodzi z pracy, a w ich miejsce nie ma ch\u0119tnych m\u0142odych os\u00f3b.<\/p>\n\n\n\n<p>Podobne problemy odnotowuje si\u0119 w kuratoriach, brakuje w nich wizytator\u00f3w, bowiem do\u015bwiadczeni w tym zakresie pracownicy odchodz\u0105 z pracy z powodu niskich zarobk\u00f3w. Dla przyk\u0142adu, w ostatnim czasie w bydgoskim kuratorium z pracy zrezygnowa\u0142o 10 os\u00f3b, a \u015brednie wynagrodzenie wynosi tam nieco ponad 4.000 z\u0142 brutto. W ostatnich 12 miesi\u0105cach z kuratorium w Bia\u0142ymstoku odesz\u0142o 12 pracownik\u00f3w, a z kuratorium lubelskiego 10 os\u00f3b. Odchodz\u0105cy w pracy urz\u0119dnicy zwracaj\u0105 uwag\u0119 na to, \u017ce je\u015bli szefowie Urz\u0119d\u00f3w nie b\u0119d\u0105 zabiega\u0107 o godne wynagrodzenia dla pracownik\u00f3w kuratori\u00f3w, to wydzia\u0142y kontroli b\u0119d\u0105 funkcjonowa\u0142y tylko w teorii, lecz nie b\u0119d\u0105 wype\u0142nia\u0107 na\u0142o\u017conych na nie zada\u0144.<\/p>\n\n\n\n<p>Podsumowuj\u0105c, w wi\u0119kszo\u015bci instytucji kontrolnych, a w tym w regionalnych izbach obrachunkowych, kuratoriach, urz\u0119dach skarbowych i NFZ, brakuje pracownik\u00f3w, kt\u00f3rzy z powodu niskich zarobk\u00f3w i zbyt wysokich wymaga\u0144 odchodz\u0105 z pracy. Eksperci ostrzegaj\u0105, \u017ce efektem tego stanu rzeczy b\u0119d\u0105 niewystarczaj\u0105ce ilo\u015bci kontroli r\u00f3\u017cnych podmiot\u00f3w, a niekt\u00f3rzy z nich kusz\u0105 si\u0119 wr\u0119cz na stwierdzenie, \u017ce bez dodatkowych pieni\u0119dzy na podwy\u017cki p\u0142ac, kontrole b\u0119d\u0105 wy\u0142\u0105cznie teoretyczne.<\/p>\n","protected":false},"excerpt":{"rendered":"<p>Brakuje pracownik\u00f3w w instytucjach kontrolnych od Narodowego Funduszu Zdrowia (NFZ), przez urz\u0119dy skarbowe, kuratoria, a\u017c do regionalnych izb obrachunkowych (RIO).<\/p>\n","protected":false},"author":3,"featured_media":5288,"comment_status":"open","ping_status":"open","sticky":false,"template":"","format":"standard","meta":{"footnotes":""},"categories":[3],"tags":[],"yoast_head":"<!-- This site is optimized with the Yoast SEO plugin v16.7 - https:\/\/yoast.com\/wordpress\/plugins\/seo\/ -->\n<title>Powa\u017cne braki kadrowe w instytucjach kontrolnych - Artyku\u0142y dla Szukaj\u0105cych pracy<\/title>\n<meta name=\"description\" content=\"Brakuje pracownik\u00f3w w instytucjach kontrolnych od Narodowego Funduszu Zdrowia (NFZ), przez urz\u0119dy skarbowe, kuratoria, a\u017c do regionalnych izb obrachunkowych (RIO). Niskie zarobki pracownik\u00f3w tych instytucji s\u0105 g\u0142\u00f3wnym powodem decyzji o zmianie pracodawcy. Eksperci ju\u017c teraz ostrzegaj\u0105, \u017ce efektem tych decyzji b\u0119d\u0105 niewystarczaj\u0105ce kontrole.\" \/>\n<meta name=\"robots\" content=\"index, follow, max-snippet:-1, max-image-preview:large, max-video-preview:-1\" \/>\n<link rel=\"canonical\" href=\"https:\/\/szukampracy.pl\/blog\/powazne-braki-kadrowe-w-instytucjach-kontrolnych\/\" \/>\n<meta property=\"og:locale\" content=\"pl_PL\" \/>\n<meta property=\"og:type\" content=\"article\" \/>\n<meta property=\"og:title\" content=\"Powa\u017cne braki kadrowe w instytucjach kontrolnych - Artyku\u0142y dla Szukaj\u0105cych pracy\" \/>\n<meta property=\"og:description\" content=\"Brakuje pracownik\u00f3w w instytucjach kontrolnych od Narodowego Funduszu Zdrowia (NFZ), przez urz\u0119dy skarbowe, kuratoria, a\u017c do regionalnych izb obrachunkowych (RIO). Niskie zarobki pracownik\u00f3w tych instytucji s\u0105 g\u0142\u00f3wnym powodem decyzji o zmianie pracodawcy. Eksperci ju\u017c teraz ostrzegaj\u0105, \u017ce efektem tych decyzji b\u0119d\u0105 niewystarczaj\u0105ce kontrole.\" \/>\n<meta property=\"og:url\" content=\"https:\/\/szukampracy.pl\/blog\/powazne-braki-kadrowe-w-instytucjach-kontrolnych\/\" \/>\n<meta property=\"og:site_name\" content=\"Blog Szukampracy.pl - Artyku\u0142y o rynku pracy i HR dla pracodawcy\" \/>\n<meta property=\"article:publisher\" content=\"https:\/\/www.facebook.com\/portalszukampracy\/\" \/>\n<meta property=\"article:published_time\" content=\"2022-11-03T09:48:00+00:00\" \/>\n<meta property=\"article:modified_time\" content=\"2022-10-27T18:50:12+00:00\" \/>\n<meta property=\"og:image\" content=\"https:\/\/szukampracy.pl\/blog\/wp-content\/uploads\/2022\/10\/pexels-anna-tarazevich-4985341-scaled.jpg\" \/>\n\t<meta property=\"og:image:width\" content=\"1024\" \/>\n\t<meta property=\"og:image:height\" content=\"683\" \/>\n<meta name=\"twitter:card\" content=\"summary\" \/>\n<meta name=\"twitter:creator\" content=\"@SzukamPracyPl\" \/>\n<meta name=\"twitter:site\" content=\"@SzukamPracyPl\" \/>\n<meta name=\"twitter:label1\" content=\"Written by\" \/>\n\t<meta name=\"twitter:data1\" content=\"Ekspert \u0141ukasz\" \/>\n\t<meta name=\"twitter:label2\" content=\"Est. reading time\" \/>\n\t<meta name=\"twitter:data2\" content=\"5 minut\" \/>\n<script type=\"application\/ld+json\" class=\"yoast-schema-graph\">{\"@context\":\"https:\/\/schema.org\",\"@graph\":[{\"@type\":\"Organization\",\"@id\":\"https:\/\/szukampracy.pl\/blog\/#organization\",\"name\":\"Szukampracy.pl\",\"url\":\"https:\/\/szukampracy.pl\/blog\/\",\"sameAs\":[\"https:\/\/www.facebook.com\/portalszukampracy\/\",\"https:\/\/www.linkedin.com\/company\/szukampracy-pl\",\"https:\/\/www.youtube.com\/channel\/UCmY56pXKURtawvJjwIvU2YQ\",\"https:\/\/twitter.com\/SzukamPracyPl\"],\"logo\":{\"@type\":\"ImageObject\",\"@id\":\"https:\/\/szukampracy.pl\/blog\/#logo\",\"inLanguage\":\"pl-PL\",\"url\":\"https:\/\/szukampracy.pl\/blog\/wp-content\/uploads\/2017\/08\/logo-1.png\",\"contentUrl\":\"https:\/\/szukampracy.pl\/blog\/wp-content\/uploads\/2017\/08\/logo-1.png\",\"width\":240,\"height\":33,\"caption\":\"Szukampracy.pl\"},\"image\":{\"@id\":\"https:\/\/szukampracy.pl\/blog\/#logo\"}},{\"@type\":\"WebSite\",\"@id\":\"https:\/\/szukampracy.pl\/blog\/#website\",\"url\":\"https:\/\/szukampracy.pl\/blog\/\",\"name\":\"Blog Szukampracy.pl - Artyku\\u0142y o rynku pracy i HR dla pracodawcy\",\"description\":\"Nasz blog powsta\\u0142 z my\\u015bl\\u0105 o Pracodawcach, Pracownikach i Kandydatach b\\u0119d\\u0105cych na etapie zapoznawania si\\u0119 z og\\u0142oszeniami o prac\\u0119. Mo\\u017cna u nas znale\\u017a\\u0107 artyku\\u0142y o rynku pracy, z dziedziny HR, zarz\\u0105dzania, ofert pracy za granic\\u0105 oraz inne ciekawostki. Nie wahaj si\\u0119 nas odwiedzi\\u0107\",\"publisher\":{\"@id\":\"https:\/\/szukampracy.pl\/blog\/#organization\"},\"potentialAction\":[{\"@type\":\"SearchAction\",\"target\":{\"@type\":\"EntryPoint\",\"urlTemplate\":\"https:\/\/szukampracy.pl\/blog\/?s={search_term_string}\"},\"query-input\":\"required name=search_term_string\"}],\"inLanguage\":\"pl-PL\"},{\"@type\":\"ImageObject\",\"@id\":\"https:\/\/szukampracy.pl\/blog\/powazne-braki-kadrowe-w-instytucjach-kontrolnych\/#primaryimage\",\"inLanguage\":\"pl-PL\",\"url\":\"https:\/\/szukampracy.pl\/blog\/wp-content\/uploads\/2022\/10\/pexels-anna-tarazevich-4985341-scaled.jpg\",\"contentUrl\":\"https:\/\/szukampracy.pl\/blog\/wp-content\/uploads\/2022\/10\/pexels-anna-tarazevich-4985341-scaled.jpg\",\"width\":1024,\"height\":683},{\"@type\":\"WebPage\",\"@id\":\"https:\/\/szukampracy.pl\/blog\/powazne-braki-kadrowe-w-instytucjach-kontrolnych\/#webpage\",\"url\":\"https:\/\/szukampracy.pl\/blog\/powazne-braki-kadrowe-w-instytucjach-kontrolnych\/\",\"name\":\"Powa\\u017cne braki kadrowe w instytucjach kontrolnych - Artyku\\u0142y dla Szukaj\\u0105cych pracy\",\"isPartOf\":{\"@id\":\"https:\/\/szukampracy.pl\/blog\/#website\"},\"primaryImageOfPage\":{\"@id\":\"https:\/\/szukampracy.pl\/blog\/powazne-braki-kadrowe-w-instytucjach-kontrolnych\/#primaryimage\"},\"datePublished\":\"2022-11-03T09:48:00+00:00\",\"dateModified\":\"2022-10-27T18:50:12+00:00\",\"description\":\"Brakuje pracownik\\u00f3w w instytucjach kontrolnych od Narodowego Funduszu Zdrowia (NFZ), przez urz\\u0119dy skarbowe, kuratoria, a\\u017c do regionalnych izb obrachunkowych (RIO). Niskie zarobki pracownik\\u00f3w tych instytucji s\\u0105 g\\u0142\\u00f3wnym powodem decyzji o zmianie pracodawcy. Eksperci ju\\u017c teraz ostrzegaj\\u0105, \\u017ce efektem tych decyzji b\\u0119d\\u0105 niewystarczaj\\u0105ce kontrole.\",\"breadcrumb\":{\"@id\":\"https:\/\/szukampracy.pl\/blog\/powazne-braki-kadrowe-w-instytucjach-kontrolnych\/#breadcrumb\"},\"inLanguage\":\"pl-PL\",\"potentialAction\":[{\"@type\":\"ReadAction\",\"target\":[\"https:\/\/szukampracy.pl\/blog\/powazne-braki-kadrowe-w-instytucjach-kontrolnych\/\"]}]},{\"@type\":\"BreadcrumbList\",\"@id\":\"https:\/\/szukampracy.pl\/blog\/powazne-braki-kadrowe-w-instytucjach-kontrolnych\/#breadcrumb\",\"itemListElement\":[{\"@type\":\"ListItem\",\"position\":1,\"name\":\"Blog\",\"item\":\"https:\/\/szukampracy.pl\/blog\/\"},{\"@type\":\"ListItem\",\"position\":2,\"name\":\"Najnowsze Artyku\\u0142y\",\"item\":\"https:\/\/szukampracy.pl\/blog\/najnowsze\/\"},{\"@type\":\"ListItem\",\"position\":3,\"name\":\"Powa\\u017cne braki kadrowe w instytucjach kontrolnych\"}]},{\"@type\":\"Article\",\"@id\":\"https:\/\/szukampracy.pl\/blog\/powazne-braki-kadrowe-w-instytucjach-kontrolnych\/#article\",\"isPartOf\":{\"@id\":\"https:\/\/szukampracy.pl\/blog\/powazne-braki-kadrowe-w-instytucjach-kontrolnych\/#webpage\"},\"author\":{\"@id\":\"https:\/\/szukampracy.pl\/blog\/#\/schema\/person\/3952d4bf69b606b39399e9e649ef2394\"},\"headline\":\"Powa\\u017cne braki kadrowe w instytucjach kontrolnych\",\"datePublished\":\"2022-11-03T09:48:00+00:00\",\"dateModified\":\"2022-10-27T18:50:12+00:00\",\"mainEntityOfPage\":{\"@id\":\"https:\/\/szukampracy.pl\/blog\/powazne-braki-kadrowe-w-instytucjach-kontrolnych\/#webpage\"},\"wordCount\":1346,\"commentCount\":0,\"publisher\":{\"@id\":\"https:\/\/szukampracy.pl\/blog\/#organization\"},\"image\":{\"@id\":\"https:\/\/szukampracy.pl\/blog\/powazne-braki-kadrowe-w-instytucjach-kontrolnych\/#primaryimage\"},\"thumbnailUrl\":\"https:\/\/szukampracy.pl\/blog\/wp-content\/uploads\/2022\/10\/pexels-anna-tarazevich-4985341-scaled.jpg\",\"articleSection\":[\"Najnowsze Artyku\\u0142y\"],\"inLanguage\":\"pl-PL\",\"potentialAction\":[{\"@type\":\"CommentAction\",\"name\":\"Comment\",\"target\":[\"https:\/\/szukampracy.pl\/blog\/powazne-braki-kadrowe-w-instytucjach-kontrolnych\/#respond\"]}]},{\"@type\":\"Person\",\"@id\":\"https:\/\/szukampracy.pl\/blog\/#\/schema\/person\/3952d4bf69b606b39399e9e649ef2394\",\"name\":\"Ekspert \\u0141ukasz\",\"image\":{\"@type\":\"ImageObject\",\"@id\":\"https:\/\/szukampracy.pl\/blog\/#personlogo\",\"inLanguage\":\"pl-PL\",\"url\":\"https:\/\/secure.gravatar.com\/avatar\/7733c11b2e55f533f1cae76b6c86129d?s=96&d=mm&r=g\",\"contentUrl\":\"https:\/\/secure.gravatar.com\/avatar\/7733c11b2e55f533f1cae76b6c86129d?s=96&d=mm&r=g\",\"caption\":\"Ekspert \\u0141ukasz\"},\"description\":\"Ekspert \\u0141ukasz swoje wieloletnie do\\u015bwiadczenie na rynku pracy postanowi\\u0142 przekaza\\u0107 tak\\u017ce na naszym blogu. Jego artyku\\u0142y dotycz\\u0105 aktualnych zmian gospodarczych a tak\\u017ce tych na rynku pracy. Z ch\\u0119cia udzieli porad pracodawc\\u0105, kt\\u00f3rzy pr\\u0119\\u017cnie rozwijaj\\u0105 swoje firmy.\"}]}<\/script>\n<!-- \/ Yoast SEO plugin. -->","yoast_head_json":{"title":"Powa\u017cne braki kadrowe w instytucjach kontrolnych - Artyku\u0142y dla Szukaj\u0105cych pracy","description":"Brakuje pracownik\u00f3w w instytucjach kontrolnych od Narodowego Funduszu Zdrowia (NFZ), przez urz\u0119dy skarbowe, kuratoria, a\u017c do regionalnych izb obrachunkowych (RIO). Niskie zarobki pracownik\u00f3w tych instytucji s\u0105 g\u0142\u00f3wnym powodem decyzji o zmianie pracodawcy. Eksperci ju\u017c teraz ostrzegaj\u0105, \u017ce efektem tych decyzji b\u0119d\u0105 niewystarczaj\u0105ce kontrole.","robots":{"index":"index","follow":"follow","max-snippet":"max-snippet:-1","max-image-preview":"max-image-preview:large","max-video-preview":"max-video-preview:-1"},"canonical":"https:\/\/szukampracy.pl\/blog\/powazne-braki-kadrowe-w-instytucjach-kontrolnych\/","og_locale":"pl_PL","og_type":"article","og_title":"Powa\u017cne braki kadrowe w instytucjach kontrolnych - Artyku\u0142y dla Szukaj\u0105cych pracy","og_description":"Brakuje pracownik\u00f3w w instytucjach kontrolnych od Narodowego Funduszu Zdrowia (NFZ), przez urz\u0119dy skarbowe, kuratoria, a\u017c do regionalnych izb obrachunkowych (RIO). Niskie zarobki pracownik\u00f3w tych instytucji s\u0105 g\u0142\u00f3wnym powodem decyzji o zmianie pracodawcy. Eksperci ju\u017c teraz ostrzegaj\u0105, \u017ce efektem tych decyzji b\u0119d\u0105 niewystarczaj\u0105ce kontrole.","og_url":"https:\/\/szukampracy.pl\/blog\/powazne-braki-kadrowe-w-instytucjach-kontrolnych\/","og_site_name":"Blog Szukampracy.pl - Artyku\u0142y o rynku pracy i HR dla pracodawcy","article_publisher":"https:\/\/www.facebook.com\/portalszukampracy\/","article_published_time":"2022-11-03T09:48:00+00:00","article_modified_time":"2022-10-27T18:50:12+00:00","og_image":[{"width":1024,"height":683,"url":"https:\/\/szukampracy.pl\/blog\/wp-content\/uploads\/2022\/10\/pexels-anna-tarazevich-4985341-scaled.jpg","path":"\/home\/szukamprac\/domains\/szukampracy.pl\/public_html\/blog\/wp-content\/uploads\/2022\/10\/pexels-anna-tarazevich-4985341-scaled.jpg","size":"full","id":5288,"alt":"","pixels":699392,"type":"image\/jpeg"}],"twitter_card":"summary","twitter_creator":"@SzukamPracyPl","twitter_site":"@SzukamPracyPl","twitter_misc":{"Written by":"Ekspert \u0141ukasz","Est. reading time":"5 minut"},"schema":{"@context":"https:\/\/schema.org","@graph":[{"@type":"Organization","@id":"https:\/\/szukampracy.pl\/blog\/#organization","name":"Szukampracy.pl","url":"https:\/\/szukampracy.pl\/blog\/","sameAs":["https:\/\/www.facebook.com\/portalszukampracy\/","https:\/\/www.linkedin.com\/company\/szukampracy-pl","https:\/\/www.youtube.com\/channel\/UCmY56pXKURtawvJjwIvU2YQ","https:\/\/twitter.com\/SzukamPracyPl"],"logo":{"@type":"ImageObject","@id":"https:\/\/szukampracy.pl\/blog\/#logo","inLanguage":"pl-PL","url":"https:\/\/szukampracy.pl\/blog\/wp-content\/uploads\/2017\/08\/logo-1.png","contentUrl":"https:\/\/szukampracy.pl\/blog\/wp-content\/uploads\/2017\/08\/logo-1.png","width":240,"height":33,"caption":"Szukampracy.pl"},"image":{"@id":"https:\/\/szukampracy.pl\/blog\/#logo"}},{"@type":"WebSite","@id":"https:\/\/szukampracy.pl\/blog\/#website","url":"https:\/\/szukampracy.pl\/blog\/","name":"Blog Szukampracy.pl - Artyku\u0142y o rynku pracy i HR dla pracodawcy","description":"Nasz blog powsta\u0142 z my\u015bl\u0105 o Pracodawcach, Pracownikach i Kandydatach b\u0119d\u0105cych na etapie zapoznawania si\u0119 z og\u0142oszeniami o prac\u0119. Mo\u017cna u nas znale\u017a\u0107 artyku\u0142y o rynku pracy, z dziedziny HR, zarz\u0105dzania, ofert pracy za granic\u0105 oraz inne ciekawostki. Nie wahaj si\u0119 nas odwiedzi\u0107","publisher":{"@id":"https:\/\/szukampracy.pl\/blog\/#organization"},"potentialAction":[{"@type":"SearchAction","target":{"@type":"EntryPoint","urlTemplate":"https:\/\/szukampracy.pl\/blog\/?s={search_term_string}"},"query-input":"required name=search_term_string"}],"inLanguage":"pl-PL"},{"@type":"ImageObject","@id":"https:\/\/szukampracy.pl\/blog\/powazne-braki-kadrowe-w-instytucjach-kontrolnych\/#primaryimage","inLanguage":"pl-PL","url":"https:\/\/szukampracy.pl\/blog\/wp-content\/uploads\/2022\/10\/pexels-anna-tarazevich-4985341-scaled.jpg","contentUrl":"https:\/\/szukampracy.pl\/blog\/wp-content\/uploads\/2022\/10\/pexels-anna-tarazevich-4985341-scaled.jpg","width":1024,"height":683},{"@type":"WebPage","@id":"https:\/\/szukampracy.pl\/blog\/powazne-braki-kadrowe-w-instytucjach-kontrolnych\/#webpage","url":"https:\/\/szukampracy.pl\/blog\/powazne-braki-kadrowe-w-instytucjach-kontrolnych\/","name":"Powa\u017cne braki kadrowe w instytucjach kontrolnych - Artyku\u0142y dla Szukaj\u0105cych pracy","isPartOf":{"@id":"https:\/\/szukampracy.pl\/blog\/#website"},"primaryImageOfPage":{"@id":"https:\/\/szukampracy.pl\/blog\/powazne-braki-kadrowe-w-instytucjach-kontrolnych\/#primaryimage"},"datePublished":"2022-11-03T09:48:00+00:00","dateModified":"2022-10-27T18:50:12+00:00","description":"Brakuje pracownik\u00f3w w instytucjach kontrolnych od Narodowego Funduszu Zdrowia (NFZ), przez urz\u0119dy skarbowe, kuratoria, a\u017c do regionalnych izb obrachunkowych (RIO). Niskie zarobki pracownik\u00f3w tych instytucji s\u0105 g\u0142\u00f3wnym powodem decyzji o zmianie pracodawcy. Eksperci ju\u017c teraz ostrzegaj\u0105, \u017ce efektem tych decyzji b\u0119d\u0105 niewystarczaj\u0105ce kontrole.","breadcrumb":{"@id":"https:\/\/szukampracy.pl\/blog\/powazne-braki-kadrowe-w-instytucjach-kontrolnych\/#breadcrumb"},"inLanguage":"pl-PL","potentialAction":[{"@type":"ReadAction","target":["https:\/\/szukampracy.pl\/blog\/powazne-braki-kadrowe-w-instytucjach-kontrolnych\/"]}]},{"@type":"BreadcrumbList","@id":"https:\/\/szukampracy.pl\/blog\/powazne-braki-kadrowe-w-instytucjach-kontrolnych\/#breadcrumb","itemListElement":[{"@type":"ListItem","position":1,"name":"Blog","item":"https:\/\/szukampracy.pl\/blog\/"},{"@type":"ListItem","position":2,"name":"Najnowsze Artyku\u0142y","item":"https:\/\/szukampracy.pl\/blog\/najnowsze\/"},{"@type":"ListItem","position":3,"name":"Powa\u017cne braki kadrowe w instytucjach kontrolnych"}]},{"@type":"Article","@id":"https:\/\/szukampracy.pl\/blog\/powazne-braki-kadrowe-w-instytucjach-kontrolnych\/#article","isPartOf":{"@id":"https:\/\/szukampracy.pl\/blog\/powazne-braki-kadrowe-w-instytucjach-kontrolnych\/#webpage"},"author":{"@id":"https:\/\/szukampracy.pl\/blog\/#\/schema\/person\/3952d4bf69b606b39399e9e649ef2394"},"headline":"Powa\u017cne braki kadrowe w instytucjach kontrolnych","datePublished":"2022-11-03T09:48:00+00:00","dateModified":"2022-10-27T18:50:12+00:00","mainEntityOfPage":{"@id":"https:\/\/szukampracy.pl\/blog\/powazne-braki-kadrowe-w-instytucjach-kontrolnych\/#webpage"},"wordCount":1346,"commentCount":0,"publisher":{"@id":"https:\/\/szukampracy.pl\/blog\/#organization"},"image":{"@id":"https:\/\/szukampracy.pl\/blog\/powazne-braki-kadrowe-w-instytucjach-kontrolnych\/#primaryimage"},"thumbnailUrl":"https:\/\/szukampracy.pl\/blog\/wp-content\/uploads\/2022\/10\/pexels-anna-tarazevich-4985341-scaled.jpg","articleSection":["Najnowsze Artyku\u0142y"],"inLanguage":"pl-PL","potentialAction":[{"@type":"CommentAction","name":"Comment","target":["https:\/\/szukampracy.pl\/blog\/powazne-braki-kadrowe-w-instytucjach-kontrolnych\/#respond"]}]},{"@type":"Person","@id":"https:\/\/szukampracy.pl\/blog\/#\/schema\/person\/3952d4bf69b606b39399e9e649ef2394","name":"Ekspert \u0141ukasz","image":{"@type":"ImageObject","@id":"https:\/\/szukampracy.pl\/blog\/#personlogo","inLanguage":"pl-PL","url":"https:\/\/secure.gravatar.com\/avatar\/7733c11b2e55f533f1cae76b6c86129d?s=96&d=mm&r=g","contentUrl":"https:\/\/secure.gravatar.com\/avatar\/7733c11b2e55f533f1cae76b6c86129d?s=96&d=mm&r=g","caption":"Ekspert \u0141ukasz"},"description":"Ekspert \u0141ukasz swoje wieloletnie do\u015bwiadczenie na rynku pracy postanowi\u0142 przekaza\u0107 tak\u017ce na naszym blogu. Jego artyku\u0142y dotycz\u0105 aktualnych zmian gospodarczych a tak\u017ce tych na rynku pracy. Z ch\u0119cia udzieli porad pracodawc\u0105, kt\u00f3rzy pr\u0119\u017cnie rozwijaj\u0105 swoje firmy."}]}},"fimg_url":"https:\/\/szukampracy.pl\/blog\/wp-content\/uploads\/2022\/10\/pexels-anna-tarazevich-4985341-scaled.jpg","amp_enabled":true,"_links":{"self":[{"href":"https:\/\/szukampracy.pl\/blog\/wp-json\/wp\/v2\/posts\/5287"}],"collection":[{"href":"https:\/\/szukampracy.pl\/blog\/wp-json\/wp\/v2\/posts"}],"about":[{"href":"https:\/\/szukampracy.pl\/blog\/wp-json\/wp\/v2\/types\/post"}],"author":[{"embeddable":true,"href":"https:\/\/szukampracy.pl\/blog\/wp-json\/wp\/v2\/users\/3"}],"replies":[{"embeddable":true,"href":"https:\/\/szukampracy.pl\/blog\/wp-json\/wp\/v2\/comments?post=5287"}],"version-history":[{"count":0,"href":"https:\/\/szukampracy.pl\/blog\/wp-json\/wp\/v2\/posts\/5287\/revisions"}],"wp:featuredmedia":[{"embeddable":true,"href":"https:\/\/szukampracy.pl\/blog\/wp-json\/wp\/v2\/media\/5288"}],"wp:attachment":[{"href":"https:\/\/szukampracy.pl\/blog\/wp-json\/wp\/v2\/media?parent=5287"}],"wp:term":[{"taxonomy":"category","embeddable":true,"href":"https:\/\/szukampracy.pl\/blog\/wp-json\/wp\/v2\/categories?post=5287"},{"taxonomy":"post_tag","embeddable":true,"href":"https:\/\/szukampracy.pl\/blog\/wp-json\/wp\/v2\/tags?post=5287"}],"curies":[{"name":"wp","href":"https:\/\/api.w.org\/{rel}","templated":true}]}}