{"id":5004,"date":"2022-06-13T10:00:00","date_gmt":"2022-06-13T10:00:00","guid":{"rendered":"https:\/\/szukampracy.pl\/blog\/?p=5004"},"modified":"2022-06-05T10:51:32","modified_gmt":"2022-06-05T10:51:32","slug":"zmiany-w-ubezpieczeniu-chorobowym","status":"publish","type":"post","link":"https:\/\/szukampracy.pl\/blog\/zmiany-w-ubezpieczeniu-chorobowym\/","title":{"rendered":"Zmiany w ubezpieczeniu chorobowym"},"content":{"rendered":"\n<p>Od pocz\u0105tku bie\u017c\u0105cego roku wesz\u0142a w \u017cycie zmiana przepis\u00f3w wa\u017cna dla os\u00f3b prowadz\u0105cych dzia\u0142alno\u015b\u0107 gospodarcz\u0105 i op\u0142acaj\u0105cych sk\u0142adki na ubezpieczenie chorobowe. I obecnie ci z nich, kt\u00f3rym usta\u0142o dobrowolne ubezpieczenie chorobowe przed 1 grudnia 2021 roku musz\u0105 z\u0142o\u017cy\u0107 do ko\u0144ca czerwca roku bie\u017c\u0105cego wniosek o wyra\u017cenie zgody na op\u0142acenie sk\u0142adek po tym terminie. Gdy tego nie uczyni\u0105, utrac\u0105 ci\u0105g\u0142o\u015b\u0107 ubezpieczenia.<\/p>\n\n\n\n<h4 class=\"wp-block-heading\"><strong>Co zatem wiadomo o nowych zasadach dotycz\u0105cych ubezpieczenia chorobowego?<\/strong><\/h4>\n\n\n\n<p>Nowe przepisy dotycz\u0105ce ubezpieczenia chorobowego wesz\u0142y w \u017cycie 1 stycznia bie\u017c\u0105cego roku, a wprowadzi\u0142a je nowelizacja ustawy o systemie ubezpiecze\u0144 spo\u0142ecznych oraz niekt\u00f3rych innych ustaw (Dz.U. z 2021 r. poz. 1621).<\/p>\n\n\n\n<p>Przepisy te znios\u0142y zasad\u0119 ustawania z mocy prawa dobrowolnych ubezpiecze\u0144 spo\u0142ecznych, w tym ubezpieczenia chorobowego, na skutek nieop\u0142acenia sk\u0142adek w terminie. Obecnie obj\u0119cie dobrowolnym ubezpieczeniem lub jego ustanie nast\u0119puje nie wcze\u015bniej, ni\u017c gdy p\u0142atnik z\u0142o\u017cy w ZUS zg\u0142oszenie lub wyrejestrowanie. To za\u015b sprawia, i\u017c niemo\u017cliwym jest obj\u0119cie ubezpieczeniami na podstawie tak zwanego wniosku dorozumianego, gdy sk\u0142adki za dany miesi\u0105c by\u0142y rozliczone i op\u0142acone w ustawowym terminie.<\/p>\n\n\n\n<p>Konsekwencj\u0105 takiego stanu rzeczy jest to, i\u017c od dnia przyst\u0105pienia do dobrowolnego ubezpieczenia chorobowego do momentu z\u0142o\u017cenia wniosku o wyrejestrowanie, sk\u0142adki z tego tytu\u0142u s\u0105 nale\u017cne i dochodzone przymusowo. Tym samym nieterminowe op\u0142acenie sk\u0142adek nie jest podstaw\u0105 do ustania ubezpieczenia. I to sprawia, i\u017c, jak podkre\u015bla Pawe\u0142 \u017bebrowski, rzecznik ZUS, nie trzeba sk\u0142ada\u0107 wniosk\u00f3w o wyra\u017cenie zgody na op\u0142acenie sk\u0142adek po terminie.<\/p>\n\n\n\n<p>Wa\u017cnym jest te\u017c, i\u017c zmiany te nale\u017cy stosowa\u0107 ju\u017c od grudnia 2021 roku, co oznacza, \u017ce dobrowolne ubezpieczenie nie usta\u0142o, je\u017celi sk\u0142adka za grudzie\u0144 2021 roku (kt\u00f3rej termin p\u0142atno\u015bci przypada\u0142 w styczniu 2022 roku) by\u0142a op\u0142acona po terminie b\u0105d\u017a nie zosta\u0142a uregulowana.<\/p>\n\n\n\n<h4 class=\"wp-block-heading\"><strong>A co z osobami, kt\u00f3rym ubezpieczenie chorobowe usta\u0142o przed grudniem 2021 roku?<\/strong><\/h4>\n\n\n\n<p>Jak podkre\u015bla doktor Tomasz Lasocki z Wydzia\u0142u Prawa i Administracji Uniwersytetu Warszawskiego, w przypadku os\u00f3b, kt\u00f3rym ubezpieczenie chorobowe usta\u0142o przed grudniem 2021 roku terminowe op\u0142acenie sk\u0142adek nic ju\u017c nie daje. Ubezpieczenie bowiem usta\u0142o i tego nie da si\u0119 zmieni\u0107, bowiem przepisy jednoznacznie zabraniaj\u0105 zr\u00f3wna\u0107 dokonania zap\u0142aty ze zg\u0142oszeniem i w\u00f3wczas dokonane wp\u0142aty staj\u0105 si\u0119 nadp\u0142at\u0105.<\/p>\n\n\n\n<p>Osoby takie co do zasady musz\u0105 ponownie zg\u0142osi\u0107 si\u0119 do ZUS, lecz zostan\u0105 obj\u0119te dobrowolnym ubezpieczeniem chorobowym dopiero od dnia zg\u0142oszenia.<\/p>\n\n\n\n<p>Jest jeszcze w tym przypadku inna mo\u017cliwo\u015b\u0107. Ot\u00f3\u017c w przypadku os\u00f3b prowadz\u0105cych dzia\u0142alno\u015b\u0107 gospodarcz\u0105, kt\u00f3rym przed 1 grudnia 2021 roku (w szczeg\u00f3lno\u015bci w listopadzie 2021 roku) na skutek nieterminowych lub niepe\u0142nych wp\u0142at usta\u0142o dobrowolne ubezpieczenie chorobowe, a w kolejnych miesi\u0105cach op\u0142aca\u0142y one sk\u0142adki na ten cel, ustawodawca da\u0142 czas na z\u0142o\u017cenie wniosku (konkretnie wniosku na druku US-9) o wyra\u017cenie zgody na przywr\u00f3cenie terminu na przelew nale\u017cno\u015bci w nieprzekraczalnym terminie do 30 czerwca 2022 roku. I je\u015bli po z\u0142o\u017ceniu wniosku przedsi\u0119biorca taki otrzyma od ZUS zgod\u0119, w\u00f3wczas zachowa ci\u0105g\u0142o\u015b\u0107 ubezpieczenia. To za\u015b sprawi, i\u017c nie b\u0119dzie musia\u0142 od nowa przyst\u0119powa\u0107 do dobrowolnego ubezpieczenia chorobowego i oczekiwa\u0107 90 dni na mo\u017cliwo\u015b\u0107 skorzystania z zasi\u0142ku chorobowego.<\/p>\n\n\n\n<p>Jak jednak wyja\u015bnia doktor Tomasz Lasocki, niedope\u0142nienie terminu 30 czerwca 2022 roku na z\u0142o\u017cenie wniosku o przywr\u00f3cenie terminu op\u0142acania sk\u0142adek wi\u0105\u017ce si\u0119 z definitywnym ustaniem ubezpieczenia chorobowego oraz brakiem prawa do \u015bwiadcze\u0144. I nawet w\u00f3wczas, gdy taka osoba przez kilka kolejnych lat b\u0119dzie skrupulatnie i terminowo regulowa\u0142a sk\u0142adki na ubezpieczenie chorobowe, a brakowa\u0107 jej b\u0119dzie ponownego zg\u0142oszenia, ubezpieczenia posiada\u0107 nie b\u0119dzie. Je\u017celi natomiast dowiedziawszy si\u0119 o problemie przyk\u0142adowo w lipcu bie\u017c\u0105cego roku z\u0142o\u017cy\u0142aby stosowny formularz o obj\u0119cie ubezpieczeniem chorobowym, to b\u0119dzie j\u0105 obowi\u0105zywa\u0142 90-dniowy okres wyczekiwania na zasi\u0142ek. W tym kontek\u015bcie wa\u017cnym jest r\u00f3wnie\u017c, i\u017c op\u0142acone sk\u0142adki takiej osoby nie przepadaj\u0105, lecz zostaj\u0105 zaliczone jako nadp\u0142ata.<\/p>\n\n\n\n<p>Generalnie powa\u017cny problem mo\u017ce powsta\u0107 w\u00f3wczas, gdy kto\u015b w nie\u015bwiadomo\u015bci b\u0119dzie op\u0142aca\u0142 sk\u0142adki na ubezpieczenie chorobowe, a ubezpieczeniu i tak nie b\u0119dzie podlega\u0142. Przyk\u0142adowo kobieta, kt\u00f3ra w 2023 roku b\u0119dzie ubiega\u0107 si\u0119 o zasi\u0142ek macierzy\u0144ski, mo\u017ce dowiedzie\u0107 si\u0119, i\u017c zasi\u0142ek jej nie przys\u0142uguje, poniewa\u017c w listopadzie 2021 roku mia\u0142a zaleg\u0142o\u015bci sk\u0142adkowe.<\/p>\n\n\n\n<p>Doktor Tomasz Lasocki sugeruje wr\u0119cz, i\u017c na miejscu przedsi\u0119biorcy op\u0142acaj\u0105cego sk\u0142adki na ubezpieczenie chorobowe uczyni\u0142by dzi\u015b tak, \u017ce z przezorno\u015bci wyrejestrowa\u0142by si\u0119 dzi\u015b z ubezpieczenia chorobowego po czym dnia nast\u0119pnego zarejestrowa\u0142by si\u0119 ponownie. To za\u015b sprawia, i\u017c taka osoba niczego nie traci, bowiem nie obejmuje jej 90-dniowy okres wyczekiwania z uwagi na regulacj\u0119 zawart\u0105 w art. 4 usta. 2 ustawy o \u015bwiadczeniach pieni\u0119\u017cnych z ubezpieczenia spo\u0142ecznego w razie choroby i macierzy\u0144stwa, a ewentualne niedop\u0142aty z lat poprzednich nie by\u0142y tak gro\u017ane. Jednocze\u015bnie ekspert ma \u015bwiadomo\u015b\u0107, i\u017c skorzystanie z takiej opcji przezorno\u015bciowej spowodowa\u0142oby lawin\u0119 dodatkowej pracy w ZUS.<\/p>\n\n\n\n<h4 class=\"wp-block-heading\"><strong>Co jeszcze ma znaczenie w kontek\u015bcie ubezpiecze\u0144 chorobowych?<\/strong><\/h4>\n\n\n\n<p>Zdaniem \u0141ukasza Koz\u0142owskiego z Federacji Przedsi\u0119biorc\u00f3w Polskich rezygnacja z zasady ustawania z mocy prawa dobrowolnych ubezpiecze\u0144 spo\u0142ecznych jest krokiem w dobrym kierunku. Od lat bowiem przedsi\u0119biorcy postulowali wprowadzenie takiego rozwi\u0105zania.<\/p>\n\n\n\n<p>Podobnie uwa\u017ca doktor Tomasz Lasocki, chocia\u017c jego zdaniem mo\u017cna to by\u0142o uczyni\u0107 lepiej. Obecnie bowiem wprowadzone rozwi\u0105zania sprawdz\u0105 si\u0119 w odniesieniu do os\u00f3b, kt\u00f3re posiadaj\u0105 drobne d\u0142ugi. Natomiast przedsi\u0119biorcy, kt\u00f3rych biznes upad\u0142 (chocia\u017cby wskutek przerwania \u0142a\u0144cuch\u00f3w dostaw, spowodowanego epidemi\u0105, a obecnie wojn\u0105 na Ukrainie) nie tylko strac\u0105 swe przedsi\u0119biorstwo, ale w wyniku niedop\u0142aty nie otrzymaj\u0105 chocia\u017cby minimalnej pomocy w razie podupadni\u0119cia na zdrowiu.<\/p>\n\n\n\n<p>St\u0105d te\u017c lepszym rozwi\u0105zaniem by\u0142o potr\u0105canie nale\u017cno\u015bci sk\u0142adkowych z wyp\u0142at \u015bwiadcze\u0144 przy zastosowaniu jakiej\u015b minimalnej kwoty.<\/p>\n\n\n\n<p>\u0141ukasz Koz\u0142owski podkre\u015bla z kolei, i\u017c mamy do czynienia z ma\u0142ym zainteresowaniem przedsi\u0119biorc\u00f3w op\u0142acaniem sk\u0142adek na dobrowolne ubezpieczenie chorobowe. Z drugiej jednak strony zmiany w tym aspekcie nie s\u0105 potrzebne, bowiem dop\u00f3ki nie mamy w planach ujednolicania zasad podlegania ubezpieczeniom spo\u0142ecznym ze wszystkich tytu\u0142\u00f3w, ubezpieczenia chorobowe dla os\u00f3b prowadz\u0105cych dzia\u0142alno\u015b\u0107 gospodarcz\u0105 winno pozosta\u0107 dobrowolne.<\/p>\n\n\n\n<p>Podsumowuj\u0105c, z dniem 1 stycznia bie\u017c\u0105cego roku zmieni\u0142y si\u0119 zasady podlegania dobrowolnym ubezpieczeniom chorobowym dla os\u00f3b prowadz\u0105cych dzia\u0142alno\u015b\u0107 gospodarcz\u0105. Obecnie bowiem zar\u00f3wno rozpocz\u0119cie trwania ubezpieczenia, jak i jego ustanie, wynika\u0107 musi ze z\u0142o\u017conego odpowiedniego wniosku. Aby z kolei utrzyma\u0107 ci\u0105g\u0142o\u015b\u0107 trwania ubezpieczenia, do 30 czerwca 2022 roku nale\u017cy z\u0142o\u017cy\u0107 wniosek o wyra\u017cenie zgody na przywr\u00f3cenie terminu na przelew nale\u017cno\u015bci. Dotyczy to tych przedsi\u0119biorc\u00f3w, kt\u00f3rzy w okresie przed grudniem 2021 roku posiadali zaleg\u0142o\u015bci w op\u0142acaniu sk\u0142adek na ubezpieczenie chorobowe. Je\u017celi tego nie uczyni\u0105, ubezpieczenie takie wyga\u015bnie definitywnie i to pomimo op\u0142aty sk\u0142adek w latach kolejnych.<\/p>\n","protected":false},"excerpt":{"rendered":"<p>Od pocz\u0105tku bie\u017c\u0105cego roku wesz\u0142a w \u017cycie zmiana przepis\u00f3w wa\u017cna dla os\u00f3b prowadz\u0105cych dzia\u0142alno\u015b\u0107 gospodarcz\u0105 i op\u0142acaj\u0105cych sk\u0142adki na ubezpieczenie<\/p>\n","protected":false},"author":3,"featured_media":5005,"comment_status":"open","ping_status":"open","sticky":false,"template":"","format":"standard","meta":{"footnotes":""},"categories":[1],"tags":[],"yoast_head":"<!-- This site is optimized with the Yoast SEO plugin v16.7 - https:\/\/yoast.com\/wordpress\/plugins\/seo\/ -->\n<title>Zmiany w ubezpieczeniu chorobowym - Artyku\u0142y dla Szukaj\u0105cych pracy<\/title>\n<meta name=\"description\" content=\"Od pocz\u0105tku bie\u017c\u0105cego roku wesz\u0142a w \u017cycie zmiana przepis\u00f3w wa\u017cna dla os\u00f3b prowadz\u0105cych dzia\u0142alno\u015b\u0107 gospodarcz\u0105 i op\u0142acaj\u0105cych sk\u0142adki na ubezpieczenie chorobowe. I obecnie ci z nich, kt\u00f3rym usta\u0142o dobrowolne ubezpieczenie chorobowe przed 1 grudnia 2021 roku musz\u0105 z\u0142o\u017cy\u0107 do ko\u0144ca czerwca roku bie\u017c\u0105cego wniosek o wyra\u017cenie zgody na op\u0142acenie sk\u0142adek po tym terminie.\" \/>\n<meta name=\"robots\" content=\"index, follow, max-snippet:-1, max-image-preview:large, max-video-preview:-1\" \/>\n<link rel=\"canonical\" href=\"https:\/\/szukampracy.pl\/blog\/zmiany-w-ubezpieczeniu-chorobowym\/\" \/>\n<meta property=\"og:locale\" content=\"pl_PL\" \/>\n<meta property=\"og:type\" content=\"article\" \/>\n<meta property=\"og:title\" content=\"Zmiany w ubezpieczeniu chorobowym - Artyku\u0142y dla Szukaj\u0105cych pracy\" \/>\n<meta property=\"og:description\" content=\"Od pocz\u0105tku bie\u017c\u0105cego roku wesz\u0142a w \u017cycie zmiana przepis\u00f3w wa\u017cna dla os\u00f3b prowadz\u0105cych dzia\u0142alno\u015b\u0107 gospodarcz\u0105 i op\u0142acaj\u0105cych sk\u0142adki na ubezpieczenie chorobowe. I obecnie ci z nich, kt\u00f3rym usta\u0142o dobrowolne ubezpieczenie chorobowe przed 1 grudnia 2021 roku musz\u0105 z\u0142o\u017cy\u0107 do ko\u0144ca czerwca roku bie\u017c\u0105cego wniosek o wyra\u017cenie zgody na op\u0142acenie sk\u0142adek po tym terminie.\" \/>\n<meta property=\"og:url\" content=\"https:\/\/szukampracy.pl\/blog\/zmiany-w-ubezpieczeniu-chorobowym\/\" \/>\n<meta property=\"og:site_name\" content=\"Blog Szukampracy.pl - Artyku\u0142y o rynku pracy i HR dla pracodawcy\" \/>\n<meta property=\"article:publisher\" content=\"https:\/\/www.facebook.com\/portalszukampracy\/\" \/>\n<meta property=\"article:published_time\" content=\"2022-06-13T10:00:00+00:00\" \/>\n<meta property=\"article:modified_time\" content=\"2022-06-05T10:51:32+00:00\" \/>\n<meta property=\"og:image\" content=\"https:\/\/szukampracy.pl\/blog\/wp-content\/uploads\/2022\/06\/ubezpieczenie-scaled.jpeg\" \/>\n\t<meta property=\"og:image:width\" content=\"1024\" \/>\n\t<meta property=\"og:image:height\" content=\"683\" \/>\n<meta name=\"twitter:card\" content=\"summary\" \/>\n<meta name=\"twitter:creator\" content=\"@SzukamPracyPl\" \/>\n<meta name=\"twitter:site\" content=\"@SzukamPracyPl\" \/>\n<meta name=\"twitter:label1\" content=\"Written by\" \/>\n\t<meta name=\"twitter:data1\" content=\"Ekspert \u0141ukasz\" \/>\n\t<meta name=\"twitter:label2\" content=\"Est. reading time\" \/>\n\t<meta name=\"twitter:data2\" content=\"5 minut\" \/>\n<script type=\"application\/ld+json\" class=\"yoast-schema-graph\">{\"@context\":\"https:\/\/schema.org\",\"@graph\":[{\"@type\":\"Organization\",\"@id\":\"https:\/\/szukampracy.pl\/blog\/#organization\",\"name\":\"Szukampracy.pl\",\"url\":\"https:\/\/szukampracy.pl\/blog\/\",\"sameAs\":[\"https:\/\/www.facebook.com\/portalszukampracy\/\",\"https:\/\/www.linkedin.com\/company\/szukampracy-pl\",\"https:\/\/www.youtube.com\/channel\/UCmY56pXKURtawvJjwIvU2YQ\",\"https:\/\/twitter.com\/SzukamPracyPl\"],\"logo\":{\"@type\":\"ImageObject\",\"@id\":\"https:\/\/szukampracy.pl\/blog\/#logo\",\"inLanguage\":\"pl-PL\",\"url\":\"https:\/\/szukampracy.pl\/blog\/wp-content\/uploads\/2017\/08\/logo-1.png\",\"contentUrl\":\"https:\/\/szukampracy.pl\/blog\/wp-content\/uploads\/2017\/08\/logo-1.png\",\"width\":240,\"height\":33,\"caption\":\"Szukampracy.pl\"},\"image\":{\"@id\":\"https:\/\/szukampracy.pl\/blog\/#logo\"}},{\"@type\":\"WebSite\",\"@id\":\"https:\/\/szukampracy.pl\/blog\/#website\",\"url\":\"https:\/\/szukampracy.pl\/blog\/\",\"name\":\"Blog Szukampracy.pl - Artyku\\u0142y o rynku pracy i HR dla pracodawcy\",\"description\":\"Nasz blog powsta\\u0142 z my\\u015bl\\u0105 o Pracodawcach, Pracownikach i Kandydatach b\\u0119d\\u0105cych na etapie zapoznawania si\\u0119 z og\\u0142oszeniami o prac\\u0119. Mo\\u017cna u nas znale\\u017a\\u0107 artyku\\u0142y o rynku pracy, z dziedziny HR, zarz\\u0105dzania, ofert pracy za granic\\u0105 oraz inne ciekawostki. Nie wahaj si\\u0119 nas odwiedzi\\u0107\",\"publisher\":{\"@id\":\"https:\/\/szukampracy.pl\/blog\/#organization\"},\"potentialAction\":[{\"@type\":\"SearchAction\",\"target\":{\"@type\":\"EntryPoint\",\"urlTemplate\":\"https:\/\/szukampracy.pl\/blog\/?s={search_term_string}\"},\"query-input\":\"required name=search_term_string\"}],\"inLanguage\":\"pl-PL\"},{\"@type\":\"ImageObject\",\"@id\":\"https:\/\/szukampracy.pl\/blog\/zmiany-w-ubezpieczeniu-chorobowym\/#primaryimage\",\"inLanguage\":\"pl-PL\",\"url\":\"https:\/\/szukampracy.pl\/blog\/wp-content\/uploads\/2022\/06\/ubezpieczenie-scaled.jpeg\",\"contentUrl\":\"https:\/\/szukampracy.pl\/blog\/wp-content\/uploads\/2022\/06\/ubezpieczenie-scaled.jpeg\",\"width\":1024,\"height\":683,\"caption\":\"Close-up Of A Doctor's Hand Protecting Family Cut Out With Red Heart Shape\"},{\"@type\":\"WebPage\",\"@id\":\"https:\/\/szukampracy.pl\/blog\/zmiany-w-ubezpieczeniu-chorobowym\/#webpage\",\"url\":\"https:\/\/szukampracy.pl\/blog\/zmiany-w-ubezpieczeniu-chorobowym\/\",\"name\":\"Zmiany w ubezpieczeniu chorobowym - Artyku\\u0142y dla Szukaj\\u0105cych pracy\",\"isPartOf\":{\"@id\":\"https:\/\/szukampracy.pl\/blog\/#website\"},\"primaryImageOfPage\":{\"@id\":\"https:\/\/szukampracy.pl\/blog\/zmiany-w-ubezpieczeniu-chorobowym\/#primaryimage\"},\"datePublished\":\"2022-06-13T10:00:00+00:00\",\"dateModified\":\"2022-06-05T10:51:32+00:00\",\"description\":\"Od pocz\\u0105tku bie\\u017c\\u0105cego roku wesz\\u0142a w \\u017cycie zmiana przepis\\u00f3w wa\\u017cna dla os\\u00f3b prowadz\\u0105cych dzia\\u0142alno\\u015b\\u0107 gospodarcz\\u0105 i op\\u0142acaj\\u0105cych sk\\u0142adki na ubezpieczenie chorobowe. I obecnie ci z nich, kt\\u00f3rym usta\\u0142o dobrowolne ubezpieczenie chorobowe przed 1 grudnia 2021 roku musz\\u0105 z\\u0142o\\u017cy\\u0107 do ko\\u0144ca czerwca roku bie\\u017c\\u0105cego wniosek o wyra\\u017cenie zgody na op\\u0142acenie sk\\u0142adek po tym terminie.\",\"breadcrumb\":{\"@id\":\"https:\/\/szukampracy.pl\/blog\/zmiany-w-ubezpieczeniu-chorobowym\/#breadcrumb\"},\"inLanguage\":\"pl-PL\",\"potentialAction\":[{\"@type\":\"ReadAction\",\"target\":[\"https:\/\/szukampracy.pl\/blog\/zmiany-w-ubezpieczeniu-chorobowym\/\"]}]},{\"@type\":\"BreadcrumbList\",\"@id\":\"https:\/\/szukampracy.pl\/blog\/zmiany-w-ubezpieczeniu-chorobowym\/#breadcrumb\",\"itemListElement\":[{\"@type\":\"ListItem\",\"position\":1,\"name\":\"Blog\",\"item\":\"https:\/\/szukampracy.pl\/blog\/\"},{\"@type\":\"ListItem\",\"position\":2,\"name\":\"Kariera i rozw\\u00f3j\",\"item\":\"https:\/\/szukampracy.pl\/blog\/kariera\/\"},{\"@type\":\"ListItem\",\"position\":3,\"name\":\"Zmiany w ubezpieczeniu chorobowym\"}]},{\"@type\":\"Article\",\"@id\":\"https:\/\/szukampracy.pl\/blog\/zmiany-w-ubezpieczeniu-chorobowym\/#article\",\"isPartOf\":{\"@id\":\"https:\/\/szukampracy.pl\/blog\/zmiany-w-ubezpieczeniu-chorobowym\/#webpage\"},\"author\":{\"@id\":\"https:\/\/szukampracy.pl\/blog\/#\/schema\/person\/3952d4bf69b606b39399e9e649ef2394\"},\"headline\":\"Zmiany w ubezpieczeniu chorobowym\",\"datePublished\":\"2022-06-13T10:00:00+00:00\",\"dateModified\":\"2022-06-05T10:51:32+00:00\",\"mainEntityOfPage\":{\"@id\":\"https:\/\/szukampracy.pl\/blog\/zmiany-w-ubezpieczeniu-chorobowym\/#webpage\"},\"wordCount\":1236,\"commentCount\":0,\"publisher\":{\"@id\":\"https:\/\/szukampracy.pl\/blog\/#organization\"},\"image\":{\"@id\":\"https:\/\/szukampracy.pl\/blog\/zmiany-w-ubezpieczeniu-chorobowym\/#primaryimage\"},\"thumbnailUrl\":\"https:\/\/szukampracy.pl\/blog\/wp-content\/uploads\/2022\/06\/ubezpieczenie-scaled.jpeg\",\"articleSection\":[\"Kariera i rozw\\u00f3j\"],\"inLanguage\":\"pl-PL\",\"potentialAction\":[{\"@type\":\"CommentAction\",\"name\":\"Comment\",\"target\":[\"https:\/\/szukampracy.pl\/blog\/zmiany-w-ubezpieczeniu-chorobowym\/#respond\"]}]},{\"@type\":\"Person\",\"@id\":\"https:\/\/szukampracy.pl\/blog\/#\/schema\/person\/3952d4bf69b606b39399e9e649ef2394\",\"name\":\"Ekspert \\u0141ukasz\",\"image\":{\"@type\":\"ImageObject\",\"@id\":\"https:\/\/szukampracy.pl\/blog\/#personlogo\",\"inLanguage\":\"pl-PL\",\"url\":\"https:\/\/secure.gravatar.com\/avatar\/7733c11b2e55f533f1cae76b6c86129d?s=96&d=mm&r=g\",\"contentUrl\":\"https:\/\/secure.gravatar.com\/avatar\/7733c11b2e55f533f1cae76b6c86129d?s=96&d=mm&r=g\",\"caption\":\"Ekspert \\u0141ukasz\"},\"description\":\"Ekspert \\u0141ukasz swoje wieloletnie do\\u015bwiadczenie na rynku pracy postanowi\\u0142 przekaza\\u0107 tak\\u017ce na naszym blogu. Jego artyku\\u0142y dotycz\\u0105 aktualnych zmian gospodarczych a tak\\u017ce tych na rynku pracy. Z ch\\u0119cia udzieli porad pracodawc\\u0105, kt\\u00f3rzy pr\\u0119\\u017cnie rozwijaj\\u0105 swoje firmy.\"}]}<\/script>\n<!-- \/ Yoast SEO plugin. -->","yoast_head_json":{"title":"Zmiany w ubezpieczeniu chorobowym - Artyku\u0142y dla Szukaj\u0105cych pracy","description":"Od pocz\u0105tku bie\u017c\u0105cego roku wesz\u0142a w \u017cycie zmiana przepis\u00f3w wa\u017cna dla os\u00f3b prowadz\u0105cych dzia\u0142alno\u015b\u0107 gospodarcz\u0105 i op\u0142acaj\u0105cych sk\u0142adki na ubezpieczenie chorobowe. I obecnie ci z nich, kt\u00f3rym usta\u0142o dobrowolne ubezpieczenie chorobowe przed 1 grudnia 2021 roku musz\u0105 z\u0142o\u017cy\u0107 do ko\u0144ca czerwca roku bie\u017c\u0105cego wniosek o wyra\u017cenie zgody na op\u0142acenie sk\u0142adek po tym terminie.","robots":{"index":"index","follow":"follow","max-snippet":"max-snippet:-1","max-image-preview":"max-image-preview:large","max-video-preview":"max-video-preview:-1"},"canonical":"https:\/\/szukampracy.pl\/blog\/zmiany-w-ubezpieczeniu-chorobowym\/","og_locale":"pl_PL","og_type":"article","og_title":"Zmiany w ubezpieczeniu chorobowym - Artyku\u0142y dla Szukaj\u0105cych pracy","og_description":"Od pocz\u0105tku bie\u017c\u0105cego roku wesz\u0142a w \u017cycie zmiana przepis\u00f3w wa\u017cna dla os\u00f3b prowadz\u0105cych dzia\u0142alno\u015b\u0107 gospodarcz\u0105 i op\u0142acaj\u0105cych sk\u0142adki na ubezpieczenie chorobowe. I obecnie ci z nich, kt\u00f3rym usta\u0142o dobrowolne ubezpieczenie chorobowe przed 1 grudnia 2021 roku musz\u0105 z\u0142o\u017cy\u0107 do ko\u0144ca czerwca roku bie\u017c\u0105cego wniosek o wyra\u017cenie zgody na op\u0142acenie sk\u0142adek po tym terminie.","og_url":"https:\/\/szukampracy.pl\/blog\/zmiany-w-ubezpieczeniu-chorobowym\/","og_site_name":"Blog Szukampracy.pl - Artyku\u0142y o rynku pracy i HR dla pracodawcy","article_publisher":"https:\/\/www.facebook.com\/portalszukampracy\/","article_published_time":"2022-06-13T10:00:00+00:00","article_modified_time":"2022-06-05T10:51:32+00:00","og_image":[{"width":1024,"height":683,"url":"https:\/\/szukampracy.pl\/blog\/wp-content\/uploads\/2022\/06\/ubezpieczenie-scaled.jpeg","path":"\/home\/szukamprac\/domains\/szukampracy.pl\/public_html\/blog\/wp-content\/uploads\/2022\/06\/ubezpieczenie-scaled.jpeg","size":"full","id":5005,"alt":"","pixels":699392,"type":"image\/jpeg"}],"twitter_card":"summary","twitter_creator":"@SzukamPracyPl","twitter_site":"@SzukamPracyPl","twitter_misc":{"Written by":"Ekspert \u0141ukasz","Est. reading time":"5 minut"},"schema":{"@context":"https:\/\/schema.org","@graph":[{"@type":"Organization","@id":"https:\/\/szukampracy.pl\/blog\/#organization","name":"Szukampracy.pl","url":"https:\/\/szukampracy.pl\/blog\/","sameAs":["https:\/\/www.facebook.com\/portalszukampracy\/","https:\/\/www.linkedin.com\/company\/szukampracy-pl","https:\/\/www.youtube.com\/channel\/UCmY56pXKURtawvJjwIvU2YQ","https:\/\/twitter.com\/SzukamPracyPl"],"logo":{"@type":"ImageObject","@id":"https:\/\/szukampracy.pl\/blog\/#logo","inLanguage":"pl-PL","url":"https:\/\/szukampracy.pl\/blog\/wp-content\/uploads\/2017\/08\/logo-1.png","contentUrl":"https:\/\/szukampracy.pl\/blog\/wp-content\/uploads\/2017\/08\/logo-1.png","width":240,"height":33,"caption":"Szukampracy.pl"},"image":{"@id":"https:\/\/szukampracy.pl\/blog\/#logo"}},{"@type":"WebSite","@id":"https:\/\/szukampracy.pl\/blog\/#website","url":"https:\/\/szukampracy.pl\/blog\/","name":"Blog Szukampracy.pl - Artyku\u0142y o rynku pracy i HR dla pracodawcy","description":"Nasz blog powsta\u0142 z my\u015bl\u0105 o Pracodawcach, Pracownikach i Kandydatach b\u0119d\u0105cych na etapie zapoznawania si\u0119 z og\u0142oszeniami o prac\u0119. Mo\u017cna u nas znale\u017a\u0107 artyku\u0142y o rynku pracy, z dziedziny HR, zarz\u0105dzania, ofert pracy za granic\u0105 oraz inne ciekawostki. Nie wahaj si\u0119 nas odwiedzi\u0107","publisher":{"@id":"https:\/\/szukampracy.pl\/blog\/#organization"},"potentialAction":[{"@type":"SearchAction","target":{"@type":"EntryPoint","urlTemplate":"https:\/\/szukampracy.pl\/blog\/?s={search_term_string}"},"query-input":"required name=search_term_string"}],"inLanguage":"pl-PL"},{"@type":"ImageObject","@id":"https:\/\/szukampracy.pl\/blog\/zmiany-w-ubezpieczeniu-chorobowym\/#primaryimage","inLanguage":"pl-PL","url":"https:\/\/szukampracy.pl\/blog\/wp-content\/uploads\/2022\/06\/ubezpieczenie-scaled.jpeg","contentUrl":"https:\/\/szukampracy.pl\/blog\/wp-content\/uploads\/2022\/06\/ubezpieczenie-scaled.jpeg","width":1024,"height":683,"caption":"Close-up Of A Doctor's Hand Protecting Family Cut Out With Red Heart Shape"},{"@type":"WebPage","@id":"https:\/\/szukampracy.pl\/blog\/zmiany-w-ubezpieczeniu-chorobowym\/#webpage","url":"https:\/\/szukampracy.pl\/blog\/zmiany-w-ubezpieczeniu-chorobowym\/","name":"Zmiany w ubezpieczeniu chorobowym - Artyku\u0142y dla Szukaj\u0105cych pracy","isPartOf":{"@id":"https:\/\/szukampracy.pl\/blog\/#website"},"primaryImageOfPage":{"@id":"https:\/\/szukampracy.pl\/blog\/zmiany-w-ubezpieczeniu-chorobowym\/#primaryimage"},"datePublished":"2022-06-13T10:00:00+00:00","dateModified":"2022-06-05T10:51:32+00:00","description":"Od pocz\u0105tku bie\u017c\u0105cego roku wesz\u0142a w \u017cycie zmiana przepis\u00f3w wa\u017cna dla os\u00f3b prowadz\u0105cych dzia\u0142alno\u015b\u0107 gospodarcz\u0105 i op\u0142acaj\u0105cych sk\u0142adki na ubezpieczenie chorobowe. I obecnie ci z nich, kt\u00f3rym usta\u0142o dobrowolne ubezpieczenie chorobowe przed 1 grudnia 2021 roku musz\u0105 z\u0142o\u017cy\u0107 do ko\u0144ca czerwca roku bie\u017c\u0105cego wniosek o wyra\u017cenie zgody na op\u0142acenie sk\u0142adek po tym terminie.","breadcrumb":{"@id":"https:\/\/szukampracy.pl\/blog\/zmiany-w-ubezpieczeniu-chorobowym\/#breadcrumb"},"inLanguage":"pl-PL","potentialAction":[{"@type":"ReadAction","target":["https:\/\/szukampracy.pl\/blog\/zmiany-w-ubezpieczeniu-chorobowym\/"]}]},{"@type":"BreadcrumbList","@id":"https:\/\/szukampracy.pl\/blog\/zmiany-w-ubezpieczeniu-chorobowym\/#breadcrumb","itemListElement":[{"@type":"ListItem","position":1,"name":"Blog","item":"https:\/\/szukampracy.pl\/blog\/"},{"@type":"ListItem","position":2,"name":"Kariera i rozw\u00f3j","item":"https:\/\/szukampracy.pl\/blog\/kariera\/"},{"@type":"ListItem","position":3,"name":"Zmiany w ubezpieczeniu chorobowym"}]},{"@type":"Article","@id":"https:\/\/szukampracy.pl\/blog\/zmiany-w-ubezpieczeniu-chorobowym\/#article","isPartOf":{"@id":"https:\/\/szukampracy.pl\/blog\/zmiany-w-ubezpieczeniu-chorobowym\/#webpage"},"author":{"@id":"https:\/\/szukampracy.pl\/blog\/#\/schema\/person\/3952d4bf69b606b39399e9e649ef2394"},"headline":"Zmiany w ubezpieczeniu chorobowym","datePublished":"2022-06-13T10:00:00+00:00","dateModified":"2022-06-05T10:51:32+00:00","mainEntityOfPage":{"@id":"https:\/\/szukampracy.pl\/blog\/zmiany-w-ubezpieczeniu-chorobowym\/#webpage"},"wordCount":1236,"commentCount":0,"publisher":{"@id":"https:\/\/szukampracy.pl\/blog\/#organization"},"image":{"@id":"https:\/\/szukampracy.pl\/blog\/zmiany-w-ubezpieczeniu-chorobowym\/#primaryimage"},"thumbnailUrl":"https:\/\/szukampracy.pl\/blog\/wp-content\/uploads\/2022\/06\/ubezpieczenie-scaled.jpeg","articleSection":["Kariera i rozw\u00f3j"],"inLanguage":"pl-PL","potentialAction":[{"@type":"CommentAction","name":"Comment","target":["https:\/\/szukampracy.pl\/blog\/zmiany-w-ubezpieczeniu-chorobowym\/#respond"]}]},{"@type":"Person","@id":"https:\/\/szukampracy.pl\/blog\/#\/schema\/person\/3952d4bf69b606b39399e9e649ef2394","name":"Ekspert \u0141ukasz","image":{"@type":"ImageObject","@id":"https:\/\/szukampracy.pl\/blog\/#personlogo","inLanguage":"pl-PL","url":"https:\/\/secure.gravatar.com\/avatar\/7733c11b2e55f533f1cae76b6c86129d?s=96&d=mm&r=g","contentUrl":"https:\/\/secure.gravatar.com\/avatar\/7733c11b2e55f533f1cae76b6c86129d?s=96&d=mm&r=g","caption":"Ekspert \u0141ukasz"},"description":"Ekspert \u0141ukasz swoje wieloletnie do\u015bwiadczenie na rynku pracy postanowi\u0142 przekaza\u0107 tak\u017ce na naszym blogu. Jego artyku\u0142y dotycz\u0105 aktualnych zmian gospodarczych a tak\u017ce tych na rynku pracy. Z ch\u0119cia udzieli porad pracodawc\u0105, kt\u00f3rzy pr\u0119\u017cnie rozwijaj\u0105 swoje firmy."}]}},"fimg_url":"https:\/\/szukampracy.pl\/blog\/wp-content\/uploads\/2022\/06\/ubezpieczenie-scaled.jpeg","amp_enabled":true,"_links":{"self":[{"href":"https:\/\/szukampracy.pl\/blog\/wp-json\/wp\/v2\/posts\/5004"}],"collection":[{"href":"https:\/\/szukampracy.pl\/blog\/wp-json\/wp\/v2\/posts"}],"about":[{"href":"https:\/\/szukampracy.pl\/blog\/wp-json\/wp\/v2\/types\/post"}],"author":[{"embeddable":true,"href":"https:\/\/szukampracy.pl\/blog\/wp-json\/wp\/v2\/users\/3"}],"replies":[{"embeddable":true,"href":"https:\/\/szukampracy.pl\/blog\/wp-json\/wp\/v2\/comments?post=5004"}],"version-history":[{"count":0,"href":"https:\/\/szukampracy.pl\/blog\/wp-json\/wp\/v2\/posts\/5004\/revisions"}],"wp:featuredmedia":[{"embeddable":true,"href":"https:\/\/szukampracy.pl\/blog\/wp-json\/wp\/v2\/media\/5005"}],"wp:attachment":[{"href":"https:\/\/szukampracy.pl\/blog\/wp-json\/wp\/v2\/media?parent=5004"}],"wp:term":[{"taxonomy":"category","embeddable":true,"href":"https:\/\/szukampracy.pl\/blog\/wp-json\/wp\/v2\/categories?post=5004"},{"taxonomy":"post_tag","embeddable":true,"href":"https:\/\/szukampracy.pl\/blog\/wp-json\/wp\/v2\/tags?post=5004"}],"curies":[{"name":"wp","href":"https:\/\/api.w.org\/{rel}","templated":true}]}}