{"id":4667,"date":"2022-01-14T08:36:00","date_gmt":"2022-01-14T08:36:00","guid":{"rendered":"https:\/\/szukampracy.pl\/blog\/?p=4667"},"modified":"2022-01-13T20:40:13","modified_gmt":"2022-01-13T20:40:13","slug":"dochody-osobiste-opodatkowane-po-nowemu","status":"publish","type":"post","link":"https:\/\/szukampracy.pl\/blog\/dochody-osobiste-opodatkowane-po-nowemu\/","title":{"rendered":"Dochody osobiste opodatkowane po nowemu"},"content":{"rendered":"\n<p>Pocz\u0105wszy od 1 stycznia 2022 roku zmianie uleg\u0142y zasady opodatkowania dochod\u00f3w osobistych. Wszystko to w ramach wej\u015bcia w \u017cycie przepis\u00f3w programu gospodarczego Polski \u0141ad. G\u0142\u00f3wne zmiany w tym aspekcie dotycz\u0105 podwy\u017cszenia kwoty wolnej od podatku i podniesienia progu skali podatkowej.<\/p>\n\n\n\n<h4 class=\"wp-block-heading\"><span class=\"ez-toc-section\" id=\"Co_zatem_jest_waznego_w_kontekscie_opodatkowania_dochodow_osobistych_od_poczatku_2022_roku\"><\/span><strong>Co zatem jest wa\u017cnego w kontek\u015bcie opodatkowania dochod\u00f3w osobistych od pocz\u0105tku 2022 roku?<\/strong><span class=\"ez-toc-section-end\"><\/span><\/h4>\n\n\n\n<p>Generalnie w zakresie opodatkowania dochod\u00f3w osobistych od 1 stycznia 2022 roku podwy\u017cszeniu uleg\u0142a kwota wolna od podatku do kwoty 30.000 z\u0142 oraz wzr\u00f3s\u0142 pr\u00f3g skali podatkowej z kwoty 85.528 z\u0142 do 120.000 z\u0142.<\/p>\n\n\n\n<p>Zmiany jednak nie oznaczaj\u0105, i\u017c pierwszy pr\u00f3g podatkowy w wysoko\u015bci 85.528 z\u0142 ca\u0142kowicie przesta\u0142 obowi\u0105zywa\u0107. Ot\u00f3\u017c nowelizacja z dnia 29 pa\u017adziernika 2021 roku (Dz.U. z 2021 r. poz. 2105, zwana dalej Polski \u0141ad) ca\u0142kowicie nie wyeliminowa\u0142a z ustaw dotycz\u0105cych podatku PIT dotychczasowego limitu progu podatkowego w kwocie 85.528 z\u0142. Nadal bowiem trzeba go b\u0119dzie stosowa\u0107 przy okre\u015blaniu zwolnie\u0144 z PIT dla:<\/p>\n\n\n\n<ul><li>rodzic\u00f3w co najmniej 4 dzieci<\/li><li>aktywnych zawodowo senior\u00f3w, kt\u00f3rzy zrezygnuj\u0105 z pobierania renty b\u0105d\u017a emerytury, renty rodzinnej czy te\u017c uposa\u017cenia mundurowego lub s\u0119dziowskiego<\/li><li>os\u00f3b zmieniaj\u0105cych rezydencj\u0119 podatkow\u0105 na polsk\u0105<\/li><\/ul>\n\n\n\n<p>Nowelizacja Polski \u0141ad wprowadza ponadto ulg\u0119 dla klasy \u015bredniej, kt\u00f3rej zadaniem jest zniwelowanie negatywnych skutk\u00f3w zmian podatkowych zwi\u0105zanych z likwidacj\u0105 prawa odliczenia sk\u0142adki zdrowotnej od podatku, lecz skorzystaj\u0105 z niej wy\u0142\u0105cznie pracownicy oraz przedsi\u0119biorcy rozliczaj\u0105cy si\u0119 w formie skali podatkowej.<\/p>\n\n\n\n<p>Owa ulga dla klasy \u015bredniej b\u0119dzie mia\u0142a zastosowanie, gdy suma przychod\u00f3w podatnika b\u0119dzie mie\u015bci\u0142a si\u0119 w przedziale od 68.412 z\u0142 do 133.692 z\u0142 rocznie (czyli od 5.701 z\u0142 do 11.141 z\u0142 miesi\u0119cznie). Zgodnie z przepisami pracodawca b\u0119dzie mia\u0142 obowi\u0105zek naliczania ulgi dla klasy \u015bredniej w miesi\u0105cach, w kt\u00f3rych pracownik uzyska przychody w danym zak\u0142adzie pracy w wysoko\u015bci od 5.701 z\u0142 do 11.141 z\u0142, chyba, \u017ce pracownik z\u0142o\u017cy wniosek o niepomniejszanie o ni\u0105 dochodu.<\/p>\n\n\n\n<p>Co nie zmienia jednak faktu, i\u017c po zako\u0144czeniu roku podatnik b\u0119dzie musia\u0142 samodzielnie w zeznaniu rocznym rozliczy\u0107 ow\u0105 ulg\u0119. I uwzgl\u0119dni j\u0105, je\u017celi suma jego rocznych przychod\u00f3w ze stosunku pracy, stosunku s\u0142u\u017cbowego, pracy nak\u0142adczej i sp\u00f3\u0142dzielczego stosunku pracy oraz z pozarolniczej dzia\u0142alno\u015bci gospodarczej (pomniejszonych o koszty uzyskania przychod\u00f3w z tej\u017ce dzia\u0142alno\u015bci) b\u0119dzie mie\u015bci\u0142a si\u0119 w przedziale od 68.412 z\u0142 do 133.692 z\u0142.<\/p>\n\n\n\n<h4 class=\"wp-block-heading\"><span class=\"ez-toc-section\" id=\"Czy_taka_konstrukcja_ulgi_dla_klasy_sredniej_nie_bedzie_przysparzac_problemow\"><\/span><strong>Czy taka konstrukcja ulgi dla klasy \u015bredniej nie b\u0119dzie przysparza\u0107 problem\u00f3w?<\/strong><span class=\"ez-toc-section-end\"><\/span><\/h4>\n\n\n\n<p>Niew\u0105tpliwie spodziewa\u0107 si\u0119 nale\u017cy, i\u017c zaproponowana konstrukcja ulgi dla klasy \u015bredniej powodowa\u0107 b\u0119dzie problemy. Przyk\u0142adowo podatnik straci prawo do ulgi naliczanej przez pracodawc\u0119 w poprzednich miesi\u0105cach, gdy dostanie w grudniu nagrod\u0119, kt\u00f3ra sprawi, i\u017c jego roczny przych\u00f3d przekroczy kwot\u0119 133.692 z\u0142.<\/p>\n\n\n\n<p>Podobnie mo\u017ce by\u0107 w sytuacji odwrotnej, gdy pracownik z miesi\u0119cznym przychodem na poziomie 5.000 z\u0142 nie b\u0119dzie mia\u0142 prawa do ulgi, lecz je\u015bli w danym miesi\u0105cu wyj\u0105tkowo otrzyma nagrod\u0119 i jego \u0142\u0105czna kwota przychodu przekroczy 5.701 z\u0142, w\u00f3wczas pracodawca b\u0119dzie musia\u0142 t\u0119 preferencj\u0119 uwzgl\u0119dni\u0107. Jednak\u017ce ju\u017c po zako\u0144czeniu roku mo\u017ce si\u0119 okaza\u0107, i\u017c pracownik b\u0119dzie musia\u0142 uwzgl\u0119dnion\u0105 ulg\u0119 zwr\u00f3ci\u0107, gdy\u017c przez wszystkie pozosta\u0142e miesi\u0105ce w roku nie otrzyma \u017cadnych dodatkowych nagr\u00f3d i w efekcie jego przych\u00f3d roczny nie przekroczy kwoty 68.412 z\u0142, czyli dolnego progu przys\u0142ugiwania ulgi dla klasy \u015bredniej.<\/p>\n\n\n\n<p>Tym samym pracownicy po zako\u0144czeniu roku mog\u0105 by\u0107 zaskoczeni konieczno\u015bci\u0105 dop\u0142acenia podatku. Do tej pory bowiem byli oni przyzwyczajeni do tego, i\u017c pracodawca tak oblicza\u0142 zaliczki na podatek PIT, by pracownik nie musia\u0142 nic dolicza\u0107 w zeznaniu rocznym.<\/p>\n\n\n\n<p>Wa\u017cnym jest r\u00f3wnie\u017c i to, \u017ce ulgi dla klasy \u015bredniej mog\u0105 pozbawi\u0107 podatnika takie sytuacje, jak choroba, urlop macierzy\u0144ski czy te\u017c utrata pracy. Nie s\u0105 to bowiem przychody ze stosunku pracy, a tak zwanych innych \u017ar\u00f3de\u0142. W konsekwencji mo\u017ce by\u0107 tak, i\u017c podatnik uzyskuj\u0105cy dochody na poziomie przyk\u0142adowo 9.000 z\u0142 miesi\u0119cznie, czyli b\u0119d\u0105ce w przedziale przewidzianym dla ulgi dla klasy \u015bredniej, mo\u017ce ow\u0105 ulg\u0119 utraci\u0107, gdy straci prac\u0119, b\u0119dzie d\u0142ugo chorowa\u0142 b\u0105d\u017a uzyska zasi\u0142ek macierzy\u0144ski. W\u00f3wczas musi liczy\u0107 si\u0119 on z konieczno\u015bci\u0105 dop\u0142aty podatku.<\/p>\n\n\n\n<p>Ustawodawca przewidzia\u0142 bowiem, i\u017c dla cel\u00f3w obliczenia ulgi dla klasy \u015bredniej bierzemy pod uwag\u0119 wy\u0142\u0105cznie przychody uzyskane przez pracownika ze:<\/p>\n\n\n\n<ul><li>stosunku pracy<\/li><li>stosunku s\u0142u\u017cbowego<\/li><li>pracy nak\u0142adczej<\/li><li>sp\u00f3\u0142dzielczego stosunku pracy<\/li><\/ul>\n\n\n\n<p>Poza tym do takich przychod\u00f3w wliczane s\u0105 r\u00f3wnie\u017c inne \u015bwiadczenia, taki jak:<\/p>\n\n\n\n<ul><li>wynagrodzenie za godziny nadliczbowe<\/li><li>nagrody<\/li><li>ekwiwalenty za niewykorzystany urlop<\/li><li>warto\u015b\u0107 nieodp\u0142atnych \u015bwiadcze\u0144 lub \u015bwiadcze\u0144 cz\u0119\u015bciowo odp\u0142atnych (jak chocia\u017cby abonamenty medyczne i pakiety sportowe)<\/li><\/ul>\n\n\n\n<h4 class=\"wp-block-heading\"><span class=\"ez-toc-section\" id=\"Co_jeszcze_nowego_ma_miejsce_odnosnie_podatku_dochodowego\"><\/span><strong>Co jeszcze nowego ma miejsce odno\u015bnie podatku dochodowego?<\/strong><span class=\"ez-toc-section-end\"><\/span><\/h4>\n\n\n\n<p>Pocz\u0105wszy od 1 stycznia 2022 roku zacz\u0119\u0142y obowi\u0105zywa\u0107 nowe ulgi o nazwie \u201ezero PIT\u201d (funkcjonuj\u0105ce obok istniej\u0105cego ju\u017c w latach poprzednich zwolnienia podatkowego dla os\u00f3b do 26 roku \u017cycia). Nowi uprawnieni do \u201ezero PIT\u201d to:<\/p>\n\n\n\n<ul><li>rodzice du\u017cych rodzin z co najmniej 4 dzieci<\/li><li>seniorzy, kt\u00f3rzy pomimo nabycia uprawnie\u0144 zdecyduj\u0105 si\u0119 nie pobiera\u0107 emerytury, renty rodzinnej, uposa\u017cenia mundurowego b\u0105d\u017a s\u0119dziowskiego<\/li><li>osoby powracaj\u0105ce z zagranicy i przenosz\u0105ce do Polski sw\u0105 rezydencj\u0119 podatkow\u0105<\/li><\/ul>\n\n\n\n<p>W powy\u017cszych przypadkach roczny limit przychod\u00f3w wolnych od podatku wynosi 85.528 z\u0142. Niezale\u017cnie jednak od tego, owym podatnikom przys\u0142uguje kwota wolna od podatku w wysoko\u015bci 30.000 z\u0142, zatem \u0142\u0105cznie nie zap\u0142ac\u0105 oni podatku od przychodu w wysoko\u015bci 115.528 z\u0142 (limit 85.528 z\u0142 i kwota wolna 30.000 z\u0142).<\/p>\n\n\n\n<p>Istotnym jest r\u00f3wnie\u017c fakt, \u017ce w przypadku preferencji dla du\u017cych rodzin taki limit obowi\u0105zuje ka\u017cdego z rodzic\u00f3w. Zatem w sumie oboje rodzic\u00f3w nie zap\u0142ac\u0105 podatku dochodowego od przychod\u00f3w w kwocie 231.056 z\u0142 (115.528 z\u0142 razy dwa).<\/p>\n\n\n\n<p>Wa\u017cnym jest r\u00f3wnie\u017c, i\u017c podatnicy obj\u0119ci nowymi zwolnieniami zap\u0142ac\u0105 sk\u0142adk\u0119 zdrowotn\u0105 w kwocie nie wy\u017cszej ni\u017c hipotetyczna zaliczka na podatek PIT, przy czym trzeba b\u0119dzie bra\u0107 pod uwag\u0119 zaliczk\u0119 na podatek dochodowy obliczon\u0105 zgodnie z przepisami ustawy o PIT w brzmieniu obowi\u0105zuj\u0105cym na dzie\u0144 31 grudnia 2021 roku.<\/p>\n\n\n\n<h4 class=\"wp-block-heading\"><span class=\"ez-toc-section\" id=\"Co_jeszcze_zmienil_Polski_Lad_w_odniesieniu_do_opodatkowania_dochodow_osobistych\"><\/span><strong>Co jeszcze zmieni\u0142 Polski \u0141ad w odniesieniu do opodatkowania dochod\u00f3w osobistych?<\/strong><span class=\"ez-toc-section-end\"><\/span><\/h4>\n\n\n\n<p>Ot\u00f3\u017c Polski \u0141ad zlikwidowa\u0142 preferencyjne rozliczenia samotnych rodzic\u00f3w. W zamian przys\u0142ugiwa\u0107 im b\u0119dzie nowa ulga w postaci odliczenia od podatku 1.500 z\u0142 rocznie.<\/p>\n\n\n\n<p>W tym aspekcie wa\u017cnym jest, i\u017c nowe przepisy b\u0119d\u0105 mia\u0142y zastosowanie w odniesieniu do rozliczenia dochod\u00f3w za rok 2022. Zatem sk\u0142adaj\u0105c zeznanie podatkowe obecnie, rozliczaj\u0105c si\u0119 z dochod\u00f3w za rok 2021, podatnik b\u0119dzie korzysta\u0107 z zasad obowi\u0105zuj\u0105cych do ko\u0144ca 2021 roku.<\/p>\n\n\n\n<p>Ponadto, z dotychczasowych preferencji w zeznaniu za rok 2021 skorzystaj\u0105 r\u00f3wnie\u017c rodzice, kt\u00f3rzy prowadz\u0105c w tym czasie dzia\u0142alno\u015b\u0107 gospodarcz\u0105, wybrali liniowy PIT lub rycza\u0142t od przychod\u00f3w ewidencjonowanych (co do zasady obie te formy wyklucza\u0142y preferencj\u0119 dla samotnych rodzic\u00f3w). Warunkiem skorzystania z preferencji b\u0119dzie jednak to, by samotny rodzic nie mia\u0142 z takowej dzia\u0142alno\u015bci \u017cadnych przychod\u00f3w ani koszt\u00f3w (czyli z\u0142o\u017cy\u0142 zerowy PIT-36L lub PIT-28).<\/p>\n\n\n\n<p>Podsumowuj\u0105c, przepisy Polskiego \u0141adu wprowadzaj\u0105 ca\u0142kiem sporo zmian w zakresie opodatkowania dochod\u00f3w osobistych. Kluczowe w tym zakresie jest wprowadzenie w \u017cycie nowej wysoko\u015bci kwoty wolnej od podatku w kwocie 30.000 z\u0142, jak i podniesienie pierwszego progu podatkowego do wysoko\u015bci 120.000 z\u0142. Z kolei sporo problem\u00f3w stwarza\u0107 b\u0119dzie zapewne podatnikom ulga dla klasy \u015bredniej i zasady jej funkcjonowania. P\u00f3ki co jednak nied\u0142ugo przed podatnikami z\u0142o\u017cenie zezna\u0144 podatkowych za rok 2021, zatem za czas, gdy obowi\u0105zuj\u0105 jeszcze stare zasady odno\u015bnie opodatkowania dochod\u00f3w osobistych.<\/p>\n","protected":false},"excerpt":{"rendered":"<p>Pocz\u0105wszy od 1 stycznia 2022 roku zmianie uleg\u0142y zasady opodatkowania dochod\u00f3w osobistych. Wszystko to w ramach wej\u015bcia w \u017cycie przepis\u00f3w<\/p>\n","protected":false},"author":3,"featured_media":4668,"comment_status":"open","ping_status":"open","sticky":false,"template":"","format":"standard","meta":{"footnotes":""},"categories":[3],"tags":[],"yoast_head":"<!-- This site is optimized with the Yoast SEO plugin v16.7 - https:\/\/yoast.com\/wordpress\/plugins\/seo\/ -->\n<title>Dochody osobiste opodatkowane po nowemu - Artyku\u0142y dla Szukaj\u0105cych pracy<\/title>\n<meta name=\"description\" content=\"Pocz\u0105wszy od 1 stycznia 2022 roku zmianie uleg\u0142y zasady opodatkowania dochod\u00f3w osobistych. Wszystko to w ramach wej\u015bcia w \u017cycie przepis\u00f3w programu gospodarczego Polski \u0141ad. G\u0142\u00f3wne zmiany w tym aspekcie dotycz\u0105 podwy\u017cszenia kwoty wolnej od podatku i podniesienia progu skali podatkowej.\" \/>\n<meta name=\"robots\" content=\"index, follow, max-snippet:-1, max-image-preview:large, max-video-preview:-1\" \/>\n<link rel=\"canonical\" href=\"https:\/\/szukampracy.pl\/blog\/dochody-osobiste-opodatkowane-po-nowemu\/\" \/>\n<meta property=\"og:locale\" content=\"pl_PL\" \/>\n<meta property=\"og:type\" content=\"article\" \/>\n<meta property=\"og:title\" content=\"Dochody osobiste opodatkowane po nowemu - Artyku\u0142y dla Szukaj\u0105cych pracy\" \/>\n<meta property=\"og:description\" content=\"Pocz\u0105wszy od 1 stycznia 2022 roku zmianie uleg\u0142y zasady opodatkowania dochod\u00f3w osobistych. Wszystko to w ramach wej\u015bcia w \u017cycie przepis\u00f3w programu gospodarczego Polski \u0141ad. G\u0142\u00f3wne zmiany w tym aspekcie dotycz\u0105 podwy\u017cszenia kwoty wolnej od podatku i podniesienia progu skali podatkowej.\" \/>\n<meta property=\"og:url\" content=\"https:\/\/szukampracy.pl\/blog\/dochody-osobiste-opodatkowane-po-nowemu\/\" \/>\n<meta property=\"og:site_name\" content=\"Blog Szukampracy.pl - Artyku\u0142y o rynku pracy i HR dla pracodawcy\" \/>\n<meta property=\"article:publisher\" content=\"https:\/\/www.facebook.com\/portalszukampracy\/\" \/>\n<meta property=\"article:published_time\" content=\"2022-01-14T08:36:00+00:00\" \/>\n<meta property=\"article:modified_time\" content=\"2022-01-13T20:40:13+00:00\" \/>\n<meta property=\"og:image\" content=\"https:\/\/szukampracy.pl\/blog\/wp-content\/uploads\/2022\/01\/podatek-scaled.jpg\" \/>\n\t<meta property=\"og:image:width\" content=\"1024\" \/>\n\t<meta property=\"og:image:height\" content=\"603\" \/>\n<meta name=\"twitter:card\" content=\"summary\" \/>\n<meta name=\"twitter:creator\" content=\"@SzukamPracyPl\" \/>\n<meta name=\"twitter:site\" content=\"@SzukamPracyPl\" \/>\n<meta name=\"twitter:label1\" content=\"Written by\" \/>\n\t<meta name=\"twitter:data1\" content=\"Ekspert \u0141ukasz\" \/>\n\t<meta name=\"twitter:label2\" content=\"Est. reading time\" \/>\n\t<meta name=\"twitter:data2\" content=\"5 minut\" \/>\n<script type=\"application\/ld+json\" class=\"yoast-schema-graph\">{\"@context\":\"https:\/\/schema.org\",\"@graph\":[{\"@type\":\"Organization\",\"@id\":\"https:\/\/szukampracy.pl\/blog\/#organization\",\"name\":\"Szukampracy.pl\",\"url\":\"https:\/\/szukampracy.pl\/blog\/\",\"sameAs\":[\"https:\/\/www.facebook.com\/portalszukampracy\/\",\"https:\/\/www.linkedin.com\/company\/szukampracy-pl\",\"https:\/\/www.youtube.com\/channel\/UCmY56pXKURtawvJjwIvU2YQ\",\"https:\/\/twitter.com\/SzukamPracyPl\"],\"logo\":{\"@type\":\"ImageObject\",\"@id\":\"https:\/\/szukampracy.pl\/blog\/#logo\",\"inLanguage\":\"pl-PL\",\"url\":\"https:\/\/szukampracy.pl\/blog\/wp-content\/uploads\/2017\/08\/logo-1.png\",\"contentUrl\":\"https:\/\/szukampracy.pl\/blog\/wp-content\/uploads\/2017\/08\/logo-1.png\",\"width\":240,\"height\":33,\"caption\":\"Szukampracy.pl\"},\"image\":{\"@id\":\"https:\/\/szukampracy.pl\/blog\/#logo\"}},{\"@type\":\"WebSite\",\"@id\":\"https:\/\/szukampracy.pl\/blog\/#website\",\"url\":\"https:\/\/szukampracy.pl\/blog\/\",\"name\":\"Blog Szukampracy.pl - Artyku\\u0142y o rynku pracy i HR dla pracodawcy\",\"description\":\"Nasz blog powsta\\u0142 z my\\u015bl\\u0105 o Pracodawcach, Pracownikach i Kandydatach b\\u0119d\\u0105cych na etapie zapoznawania si\\u0119 z og\\u0142oszeniami o prac\\u0119. Mo\\u017cna u nas znale\\u017a\\u0107 artyku\\u0142y o rynku pracy, z dziedziny HR, zarz\\u0105dzania, ofert pracy za granic\\u0105 oraz inne ciekawostki. Nie wahaj si\\u0119 nas odwiedzi\\u0107\",\"publisher\":{\"@id\":\"https:\/\/szukampracy.pl\/blog\/#organization\"},\"potentialAction\":[{\"@type\":\"SearchAction\",\"target\":{\"@type\":\"EntryPoint\",\"urlTemplate\":\"https:\/\/szukampracy.pl\/blog\/?s={search_term_string}\"},\"query-input\":\"required name=search_term_string\"}],\"inLanguage\":\"pl-PL\"},{\"@type\":\"ImageObject\",\"@id\":\"https:\/\/szukampracy.pl\/blog\/dochody-osobiste-opodatkowane-po-nowemu\/#primaryimage\",\"inLanguage\":\"pl-PL\",\"url\":\"https:\/\/szukampracy.pl\/blog\/wp-content\/uploads\/2022\/01\/podatek-scaled.jpg\",\"contentUrl\":\"https:\/\/szukampracy.pl\/blog\/wp-content\/uploads\/2022\/01\/podatek-scaled.jpg\",\"width\":1024,\"height\":603},{\"@type\":\"WebPage\",\"@id\":\"https:\/\/szukampracy.pl\/blog\/dochody-osobiste-opodatkowane-po-nowemu\/#webpage\",\"url\":\"https:\/\/szukampracy.pl\/blog\/dochody-osobiste-opodatkowane-po-nowemu\/\",\"name\":\"Dochody osobiste opodatkowane po nowemu - Artyku\\u0142y dla Szukaj\\u0105cych pracy\",\"isPartOf\":{\"@id\":\"https:\/\/szukampracy.pl\/blog\/#website\"},\"primaryImageOfPage\":{\"@id\":\"https:\/\/szukampracy.pl\/blog\/dochody-osobiste-opodatkowane-po-nowemu\/#primaryimage\"},\"datePublished\":\"2022-01-14T08:36:00+00:00\",\"dateModified\":\"2022-01-13T20:40:13+00:00\",\"description\":\"Pocz\\u0105wszy od 1 stycznia 2022 roku zmianie uleg\\u0142y zasady opodatkowania dochod\\u00f3w osobistych. Wszystko to w ramach wej\\u015bcia w \\u017cycie przepis\\u00f3w programu gospodarczego Polski \\u0141ad. G\\u0142\\u00f3wne zmiany w tym aspekcie dotycz\\u0105 podwy\\u017cszenia kwoty wolnej od podatku i podniesienia progu skali podatkowej.\",\"breadcrumb\":{\"@id\":\"https:\/\/szukampracy.pl\/blog\/dochody-osobiste-opodatkowane-po-nowemu\/#breadcrumb\"},\"inLanguage\":\"pl-PL\",\"potentialAction\":[{\"@type\":\"ReadAction\",\"target\":[\"https:\/\/szukampracy.pl\/blog\/dochody-osobiste-opodatkowane-po-nowemu\/\"]}]},{\"@type\":\"BreadcrumbList\",\"@id\":\"https:\/\/szukampracy.pl\/blog\/dochody-osobiste-opodatkowane-po-nowemu\/#breadcrumb\",\"itemListElement\":[{\"@type\":\"ListItem\",\"position\":1,\"name\":\"Blog\",\"item\":\"https:\/\/szukampracy.pl\/blog\/\"},{\"@type\":\"ListItem\",\"position\":2,\"name\":\"Najnowsze Artyku\\u0142y\",\"item\":\"https:\/\/szukampracy.pl\/blog\/najnowsze\/\"},{\"@type\":\"ListItem\",\"position\":3,\"name\":\"Dochody osobiste opodatkowane po nowemu\"}]},{\"@type\":\"Article\",\"@id\":\"https:\/\/szukampracy.pl\/blog\/dochody-osobiste-opodatkowane-po-nowemu\/#article\",\"isPartOf\":{\"@id\":\"https:\/\/szukampracy.pl\/blog\/dochody-osobiste-opodatkowane-po-nowemu\/#webpage\"},\"author\":{\"@id\":\"https:\/\/szukampracy.pl\/blog\/#\/schema\/person\/3952d4bf69b606b39399e9e649ef2394\"},\"headline\":\"Dochody osobiste opodatkowane po nowemu\",\"datePublished\":\"2022-01-14T08:36:00+00:00\",\"dateModified\":\"2022-01-13T20:40:13+00:00\",\"mainEntityOfPage\":{\"@id\":\"https:\/\/szukampracy.pl\/blog\/dochody-osobiste-opodatkowane-po-nowemu\/#webpage\"},\"wordCount\":1275,\"commentCount\":0,\"publisher\":{\"@id\":\"https:\/\/szukampracy.pl\/blog\/#organization\"},\"image\":{\"@id\":\"https:\/\/szukampracy.pl\/blog\/dochody-osobiste-opodatkowane-po-nowemu\/#primaryimage\"},\"thumbnailUrl\":\"https:\/\/szukampracy.pl\/blog\/wp-content\/uploads\/2022\/01\/podatek-scaled.jpg\",\"articleSection\":[\"Najnowsze Artyku\\u0142y\"],\"inLanguage\":\"pl-PL\",\"potentialAction\":[{\"@type\":\"CommentAction\",\"name\":\"Comment\",\"target\":[\"https:\/\/szukampracy.pl\/blog\/dochody-osobiste-opodatkowane-po-nowemu\/#respond\"]}]},{\"@type\":\"Person\",\"@id\":\"https:\/\/szukampracy.pl\/blog\/#\/schema\/person\/3952d4bf69b606b39399e9e649ef2394\",\"name\":\"Ekspert \\u0141ukasz\",\"image\":{\"@type\":\"ImageObject\",\"@id\":\"https:\/\/szukampracy.pl\/blog\/#personlogo\",\"inLanguage\":\"pl-PL\",\"url\":\"https:\/\/secure.gravatar.com\/avatar\/7733c11b2e55f533f1cae76b6c86129d?s=96&d=mm&r=g\",\"contentUrl\":\"https:\/\/secure.gravatar.com\/avatar\/7733c11b2e55f533f1cae76b6c86129d?s=96&d=mm&r=g\",\"caption\":\"Ekspert \\u0141ukasz\"},\"description\":\"Ekspert \\u0141ukasz swoje wieloletnie do\\u015bwiadczenie na rynku pracy postanowi\\u0142 przekaza\\u0107 tak\\u017ce na naszym blogu. Jego artyku\\u0142y dotycz\\u0105 aktualnych zmian gospodarczych a tak\\u017ce tych na rynku pracy. Z ch\\u0119cia udzieli porad pracodawc\\u0105, kt\\u00f3rzy pr\\u0119\\u017cnie rozwijaj\\u0105 swoje firmy.\"}]}<\/script>\n<!-- \/ Yoast SEO plugin. -->","yoast_head_json":{"title":"Dochody osobiste opodatkowane po nowemu - Artyku\u0142y dla Szukaj\u0105cych pracy","description":"Pocz\u0105wszy od 1 stycznia 2022 roku zmianie uleg\u0142y zasady opodatkowania dochod\u00f3w osobistych. Wszystko to w ramach wej\u015bcia w \u017cycie przepis\u00f3w programu gospodarczego Polski \u0141ad. G\u0142\u00f3wne zmiany w tym aspekcie dotycz\u0105 podwy\u017cszenia kwoty wolnej od podatku i podniesienia progu skali podatkowej.","robots":{"index":"index","follow":"follow","max-snippet":"max-snippet:-1","max-image-preview":"max-image-preview:large","max-video-preview":"max-video-preview:-1"},"canonical":"https:\/\/szukampracy.pl\/blog\/dochody-osobiste-opodatkowane-po-nowemu\/","og_locale":"pl_PL","og_type":"article","og_title":"Dochody osobiste opodatkowane po nowemu - Artyku\u0142y dla Szukaj\u0105cych pracy","og_description":"Pocz\u0105wszy od 1 stycznia 2022 roku zmianie uleg\u0142y zasady opodatkowania dochod\u00f3w osobistych. Wszystko to w ramach wej\u015bcia w \u017cycie przepis\u00f3w programu gospodarczego Polski \u0141ad. G\u0142\u00f3wne zmiany w tym aspekcie dotycz\u0105 podwy\u017cszenia kwoty wolnej od podatku i podniesienia progu skali podatkowej.","og_url":"https:\/\/szukampracy.pl\/blog\/dochody-osobiste-opodatkowane-po-nowemu\/","og_site_name":"Blog Szukampracy.pl - Artyku\u0142y o rynku pracy i HR dla pracodawcy","article_publisher":"https:\/\/www.facebook.com\/portalszukampracy\/","article_published_time":"2022-01-14T08:36:00+00:00","article_modified_time":"2022-01-13T20:40:13+00:00","og_image":[{"width":1024,"height":603,"url":"https:\/\/szukampracy.pl\/blog\/wp-content\/uploads\/2022\/01\/podatek-scaled.jpg","path":"\/home\/szukamprac\/domains\/szukampracy.pl\/public_html\/blog\/wp-content\/uploads\/2022\/01\/podatek-scaled.jpg","size":"full","id":4668,"alt":"","pixels":617472,"type":"image\/jpeg"}],"twitter_card":"summary","twitter_creator":"@SzukamPracyPl","twitter_site":"@SzukamPracyPl","twitter_misc":{"Written by":"Ekspert \u0141ukasz","Est. reading time":"5 minut"},"schema":{"@context":"https:\/\/schema.org","@graph":[{"@type":"Organization","@id":"https:\/\/szukampracy.pl\/blog\/#organization","name":"Szukampracy.pl","url":"https:\/\/szukampracy.pl\/blog\/","sameAs":["https:\/\/www.facebook.com\/portalszukampracy\/","https:\/\/www.linkedin.com\/company\/szukampracy-pl","https:\/\/www.youtube.com\/channel\/UCmY56pXKURtawvJjwIvU2YQ","https:\/\/twitter.com\/SzukamPracyPl"],"logo":{"@type":"ImageObject","@id":"https:\/\/szukampracy.pl\/blog\/#logo","inLanguage":"pl-PL","url":"https:\/\/szukampracy.pl\/blog\/wp-content\/uploads\/2017\/08\/logo-1.png","contentUrl":"https:\/\/szukampracy.pl\/blog\/wp-content\/uploads\/2017\/08\/logo-1.png","width":240,"height":33,"caption":"Szukampracy.pl"},"image":{"@id":"https:\/\/szukampracy.pl\/blog\/#logo"}},{"@type":"WebSite","@id":"https:\/\/szukampracy.pl\/blog\/#website","url":"https:\/\/szukampracy.pl\/blog\/","name":"Blog Szukampracy.pl - Artyku\u0142y o rynku pracy i HR dla pracodawcy","description":"Nasz blog powsta\u0142 z my\u015bl\u0105 o Pracodawcach, Pracownikach i Kandydatach b\u0119d\u0105cych na etapie zapoznawania si\u0119 z og\u0142oszeniami o prac\u0119. Mo\u017cna u nas znale\u017a\u0107 artyku\u0142y o rynku pracy, z dziedziny HR, zarz\u0105dzania, ofert pracy za granic\u0105 oraz inne ciekawostki. Nie wahaj si\u0119 nas odwiedzi\u0107","publisher":{"@id":"https:\/\/szukampracy.pl\/blog\/#organization"},"potentialAction":[{"@type":"SearchAction","target":{"@type":"EntryPoint","urlTemplate":"https:\/\/szukampracy.pl\/blog\/?s={search_term_string}"},"query-input":"required name=search_term_string"}],"inLanguage":"pl-PL"},{"@type":"ImageObject","@id":"https:\/\/szukampracy.pl\/blog\/dochody-osobiste-opodatkowane-po-nowemu\/#primaryimage","inLanguage":"pl-PL","url":"https:\/\/szukampracy.pl\/blog\/wp-content\/uploads\/2022\/01\/podatek-scaled.jpg","contentUrl":"https:\/\/szukampracy.pl\/blog\/wp-content\/uploads\/2022\/01\/podatek-scaled.jpg","width":1024,"height":603},{"@type":"WebPage","@id":"https:\/\/szukampracy.pl\/blog\/dochody-osobiste-opodatkowane-po-nowemu\/#webpage","url":"https:\/\/szukampracy.pl\/blog\/dochody-osobiste-opodatkowane-po-nowemu\/","name":"Dochody osobiste opodatkowane po nowemu - Artyku\u0142y dla Szukaj\u0105cych pracy","isPartOf":{"@id":"https:\/\/szukampracy.pl\/blog\/#website"},"primaryImageOfPage":{"@id":"https:\/\/szukampracy.pl\/blog\/dochody-osobiste-opodatkowane-po-nowemu\/#primaryimage"},"datePublished":"2022-01-14T08:36:00+00:00","dateModified":"2022-01-13T20:40:13+00:00","description":"Pocz\u0105wszy od 1 stycznia 2022 roku zmianie uleg\u0142y zasady opodatkowania dochod\u00f3w osobistych. Wszystko to w ramach wej\u015bcia w \u017cycie przepis\u00f3w programu gospodarczego Polski \u0141ad. G\u0142\u00f3wne zmiany w tym aspekcie dotycz\u0105 podwy\u017cszenia kwoty wolnej od podatku i podniesienia progu skali podatkowej.","breadcrumb":{"@id":"https:\/\/szukampracy.pl\/blog\/dochody-osobiste-opodatkowane-po-nowemu\/#breadcrumb"},"inLanguage":"pl-PL","potentialAction":[{"@type":"ReadAction","target":["https:\/\/szukampracy.pl\/blog\/dochody-osobiste-opodatkowane-po-nowemu\/"]}]},{"@type":"BreadcrumbList","@id":"https:\/\/szukampracy.pl\/blog\/dochody-osobiste-opodatkowane-po-nowemu\/#breadcrumb","itemListElement":[{"@type":"ListItem","position":1,"name":"Blog","item":"https:\/\/szukampracy.pl\/blog\/"},{"@type":"ListItem","position":2,"name":"Najnowsze Artyku\u0142y","item":"https:\/\/szukampracy.pl\/blog\/najnowsze\/"},{"@type":"ListItem","position":3,"name":"Dochody osobiste opodatkowane po nowemu"}]},{"@type":"Article","@id":"https:\/\/szukampracy.pl\/blog\/dochody-osobiste-opodatkowane-po-nowemu\/#article","isPartOf":{"@id":"https:\/\/szukampracy.pl\/blog\/dochody-osobiste-opodatkowane-po-nowemu\/#webpage"},"author":{"@id":"https:\/\/szukampracy.pl\/blog\/#\/schema\/person\/3952d4bf69b606b39399e9e649ef2394"},"headline":"Dochody osobiste opodatkowane po nowemu","datePublished":"2022-01-14T08:36:00+00:00","dateModified":"2022-01-13T20:40:13+00:00","mainEntityOfPage":{"@id":"https:\/\/szukampracy.pl\/blog\/dochody-osobiste-opodatkowane-po-nowemu\/#webpage"},"wordCount":1275,"commentCount":0,"publisher":{"@id":"https:\/\/szukampracy.pl\/blog\/#organization"},"image":{"@id":"https:\/\/szukampracy.pl\/blog\/dochody-osobiste-opodatkowane-po-nowemu\/#primaryimage"},"thumbnailUrl":"https:\/\/szukampracy.pl\/blog\/wp-content\/uploads\/2022\/01\/podatek-scaled.jpg","articleSection":["Najnowsze Artyku\u0142y"],"inLanguage":"pl-PL","potentialAction":[{"@type":"CommentAction","name":"Comment","target":["https:\/\/szukampracy.pl\/blog\/dochody-osobiste-opodatkowane-po-nowemu\/#respond"]}]},{"@type":"Person","@id":"https:\/\/szukampracy.pl\/blog\/#\/schema\/person\/3952d4bf69b606b39399e9e649ef2394","name":"Ekspert \u0141ukasz","image":{"@type":"ImageObject","@id":"https:\/\/szukampracy.pl\/blog\/#personlogo","inLanguage":"pl-PL","url":"https:\/\/secure.gravatar.com\/avatar\/7733c11b2e55f533f1cae76b6c86129d?s=96&d=mm&r=g","contentUrl":"https:\/\/secure.gravatar.com\/avatar\/7733c11b2e55f533f1cae76b6c86129d?s=96&d=mm&r=g","caption":"Ekspert \u0141ukasz"},"description":"Ekspert \u0141ukasz swoje wieloletnie do\u015bwiadczenie na rynku pracy postanowi\u0142 przekaza\u0107 tak\u017ce na naszym blogu. Jego artyku\u0142y dotycz\u0105 aktualnych zmian gospodarczych a tak\u017ce tych na rynku pracy. Z ch\u0119cia udzieli porad pracodawc\u0105, kt\u00f3rzy pr\u0119\u017cnie rozwijaj\u0105 swoje firmy."}]}},"fimg_url":"https:\/\/szukampracy.pl\/blog\/wp-content\/uploads\/2022\/01\/podatek-scaled.jpg","amp_enabled":true,"_links":{"self":[{"href":"https:\/\/szukampracy.pl\/blog\/wp-json\/wp\/v2\/posts\/4667"}],"collection":[{"href":"https:\/\/szukampracy.pl\/blog\/wp-json\/wp\/v2\/posts"}],"about":[{"href":"https:\/\/szukampracy.pl\/blog\/wp-json\/wp\/v2\/types\/post"}],"author":[{"embeddable":true,"href":"https:\/\/szukampracy.pl\/blog\/wp-json\/wp\/v2\/users\/3"}],"replies":[{"embeddable":true,"href":"https:\/\/szukampracy.pl\/blog\/wp-json\/wp\/v2\/comments?post=4667"}],"version-history":[{"count":0,"href":"https:\/\/szukampracy.pl\/blog\/wp-json\/wp\/v2\/posts\/4667\/revisions"}],"wp:featuredmedia":[{"embeddable":true,"href":"https:\/\/szukampracy.pl\/blog\/wp-json\/wp\/v2\/media\/4668"}],"wp:attachment":[{"href":"https:\/\/szukampracy.pl\/blog\/wp-json\/wp\/v2\/media?parent=4667"}],"wp:term":[{"taxonomy":"category","embeddable":true,"href":"https:\/\/szukampracy.pl\/blog\/wp-json\/wp\/v2\/categories?post=4667"},{"taxonomy":"post_tag","embeddable":true,"href":"https:\/\/szukampracy.pl\/blog\/wp-json\/wp\/v2\/tags?post=4667"}],"curies":[{"name":"wp","href":"https:\/\/api.w.org\/{rel}","templated":true}]}}