{"id":4623,"date":"2021-12-18T08:19:00","date_gmt":"2021-12-18T08:19:00","guid":{"rendered":"https:\/\/szukampracy.pl\/blog\/?p=4623"},"modified":"2021-12-11T12:22:36","modified_gmt":"2021-12-11T12:22:36","slug":"latwiejsza-restrukturyzacja-zadluzenia-wobec-zus","status":"publish","type":"post","link":"https:\/\/szukampracy.pl\/blog\/latwiejsza-restrukturyzacja-zadluzenia-wobec-zus\/","title":{"rendered":"\u0141atwiejsza restrukturyzacja zad\u0142u\u017cenia wobec ZUS"},"content":{"rendered":"\n<p>Okazuje si\u0119, i\u017c p\u0142atnikowi sk\u0142adek \u0142atwiej b\u0119dzie zrestrukturyzowa\u0107 zad\u0142u\u017cenie posiadane wobec Zak\u0142adu Ubezpiecze\u0144 Spo\u0142ecznych (ZUS). Ot\u00f3\u017c b\u0119dzie on m\u00f3g\u0142 obj\u0105\u0107 post\u0119powaniem uk\u0142adowym r\u00f3wnie\u017c nale\u017cno\u015bci sk\u0142adkowe w cz\u0119\u015bci finansowanej przez ubezpieczonych, co by\u0142o dotychczas niemo\u017cliwe.<\/p>\n\n\n\n<h4 class=\"wp-block-heading\"><strong>Jakie zatem zmiany dotycz\u0105 post\u0119powania uk\u0142adowego z ZUS?<\/strong><\/h4>\n\n\n\n<p>Generalnie zaleg\u0142o\u015bci wobec ZUS stanowi\u0105 zazwyczaj du\u017c\u0105 cz\u0119\u015b\u0107 zad\u0142u\u017cenia p\u0142atnika, kt\u00f3ry sk\u0142ada wniosek o przeprowadzenie post\u0119powania restrukturyzacyjnego. I w jego ramach mo\u017ce on zaproponowa\u0107 organowi rentowemu odroczenie terminu sp\u0142aty b\u0105d\u017a roz\u0142o\u017cenie zaleg\u0142o\u015bci na raty.<\/p>\n\n\n\n<p>Obecnie jednak owa propozycja nie mo\u017ce obj\u0105\u0107 wszystkich nale\u017cno\u015bci z tytu\u0142u sk\u0142adek na ubezpieczenia spo\u0142eczne. I to ma si\u0119 zmieni\u0107 z dniem 1 grudnia 2021 roku, gdy wejd\u0105 w \u017cycie znowelizowane przepisy prawa restrukturyzacyjnego.<\/p>\n\n\n\n<p>Samo post\u0119powanie restrukturyzacyjne ma na celu unikni\u0119cie og\u0142oszenia upad\u0142o\u015bci przez d\u0142u\u017cnika przez umo\u017cliwienie mu restrukturyzacji w drodze zawarcia uk\u0142adu z wierzycielami, a w przypadku post\u0119powania sanacyjnego \u2013 r\u00f3wnie\u017c przez przeprowadzenie dzia\u0142a\u0144 sanacyjnych przy zabezpieczeniu s\u0142usznych praw wierzycieli.<\/p>\n\n\n\n<p>Generalnie ustawa z dnia 15 maja 2015 roku \u2013 Prawo restrukturyzacyjne (Dz.U. z 2021 r. poz. 1588, zwana dalej prawo restrukturyzacyjne) przewiduje cztery rodzaje post\u0119powania, mianowicie:<\/p>\n\n\n\n<ul><li>post\u0119powanie o zatwierdzenie uk\u0142adu<\/li><li>przyspieszone post\u0119powanie uk\u0142adowe<\/li><li>post\u0119powanie uk\u0142adowe<\/li><li>post\u0119powanie sanacyjne<\/li><\/ul>\n\n\n\n<p>W ramach powy\u017cszych post\u0119powa\u0144 zad\u0142u\u017cony podmiot zawiera z wierzycielami uk\u0142ad, na kt\u00f3rego zasadach sp\u0142aca zad\u0142u\u017cenie. Taki uk\u0142ad musi zosta\u0107 zaakceptowany przez zgromadzenie wierzycieli, a nast\u0119pnie przez s\u0105d.<\/p>\n\n\n\n<p>Prawo restrukturyzacyjne przewiduje przyk\u0142ady sposob\u00f3w, w jakich przebiega\u0107 ma restrukturyzacja zobowi\u0105za\u0144 d\u0142u\u017cnika, pos\u0142uguj\u0105c si\u0119 wyra\u017ceniem \u201ew szczeg\u00f3lno\u015bci\u201d. Zatem takie post\u0119powanie mo\u017ce w szczeg\u00f3lno\u015bci polega\u0107 na:<\/p>\n\n\n\n<ul><li>odroczeniu terminu wykonania zobowi\u0105za\u0144<\/li><li>roz\u0142o\u017ceniu ich sp\u0142aty na raty<\/li><li>zmniejszeniu ich wysoko\u015bci<\/li><li>konwersji wierzytelno\u015bci na udzia\u0142y lub akcje<\/li><li>zmianie, zamianie lub uchyleniu prawa zabezpieczaj\u0105cego okre\u015blon\u0105 wierzytelno\u015b\u0107<\/li><\/ul>\n\n\n\n<h4 class=\"wp-block-heading\"><strong>Czy zatem wszystkie wierzytelno\u015bci mo\u017cna poddawa\u0107 restrukturyzacji?<\/strong><\/h4>\n\n\n\n<p>Ot\u00f3\u017c nie wszystkie wierzytelno\u015bci mog\u0105 by\u0107 obj\u0119te post\u0119powaniem uk\u0142adowym. Zgodnie z art. 150 ust. 1 prawa restrukturyzacyjnego uk\u0142ad obejmuje:<\/p>\n\n\n\n<ul><li>wierzytelno\u015bci osobiste powsta\u0142e przed dniem otwarcia post\u0119powania restrukturyzacyjnego<\/li><li>odsetki za okres od dnia otwarcia post\u0119powania restrukturyzacyjnego<\/li><li>wierzytelno\u015bci zale\u017cne od warunku, je\u017celi warunek zi\u015bci\u0142 si\u0119 w czasie wykonywania uk\u0142adu<\/li><li>wierzytelno\u015bci wobec d\u0142u\u017cnika wynikaj\u0105ce z umowy wzajemnej, kt\u00f3ra nie zosta\u0142a wykonana w ca\u0142o\u015bci lub cz\u0119\u015bci przed dniem otwarcia post\u0119powania restrukturyzacyjnego<\/li><li>wierzytelno\u015bci alimentacyjne oraz renty z tytu\u0142u odszkodowania za wywo\u0142ane choroby, niezdolno\u015bci do pracy, kalectwa lub \u015bmierci<\/li><li>roszczenia o wydanie mienia i zaniechanie naruszania praw<\/li><li>wierzytelno\u015bci, za kt\u00f3re d\u0142u\u017cnik odpowiada w zwi\u0105zku z nabyciem spadku po dniu otwarcia post\u0119powania restrukturyzacyjnego<\/li><li>wierzytelno\u015bci ze stosunku pracy oraz wierzytelno\u015bci zabezpieczonej na mieniu d\u0142u\u017cnika hipotek\u0105, zastawem, zastawem rejestrowym lub hipotek\u0105 morsk\u0105<\/li><li>zad\u0142u\u017cenia z tytu\u0142u sk\u0142adek na ubezpieczenia spo\u0142eczne w cz\u0119\u015bci finansowanej przez p\u0142atnika<\/li><\/ul>\n\n\n\n<p>I w zakresie tego ostatniego punktu zmiana nast\u0119puje z dniem 1 grudnia 2021 roku. Ot\u00f3\u017c od tego momentu mo\u017cna podda\u0107 restrukturyzacji r\u00f3wnie\u017c zad\u0142u\u017cenie wynikaj\u0105ce z tej cz\u0119\u015bci zaleg\u0142ych sk\u0142adek, kt\u00f3ra dotyczy nieop\u0142aconych nale\u017cno\u015bci finansowanych przez ubezpieczonego. Zatem zad\u0142u\u017cenie mog\u0105ce by\u0107 przedmiotem restrukturyzacji to:<\/p>\n\n\n\n<ul><li>sk\u0142adki na ubezpieczenie spo\u0142eczne (finansowane przez p\u0142atnika i ubezpieczonego)<\/li><li>sk\u0142adki na Fundusz Pracy<\/li><li>sk\u0142adki na Fundusz Gwarantowanych \u015awiadcze\u0144 Pracowniczych<\/li><li>sk\u0142adki na Fundusz Emerytur Pomostowych<\/li><li>sk\u0142adki na w\u0142asne ubezpieczenie spo\u0142eczne i zdrowotne d\u0142u\u017cnika<\/li><\/ul>\n\n\n\n<p>Nale\u017cy jednocze\u015bnie pami\u0119ta\u0107, i\u017c restrukturyzacja dotyczy r\u00f3wnie\u017c odsetek za zw\u0142ok\u0119 od sk\u0142adek, koszt\u00f3w egzekucyjnych, koszt\u00f3w upomnienia i dodatkowych op\u0142at (jednak\u017ce tylko w zakresie roz\u0142o\u017cenia na raty lub odroczenia terminu p\u0142atno\u015bci).<\/p>\n\n\n\n<h4 class=\"wp-block-heading\"><strong>Jak zatem te zmiany wp\u0142yn\u0105 na spos\u00f3b restrukturyzacji zad\u0142u\u017cenia wobec ZUS?<\/strong><\/h4>\n\n\n\n<p>Do dnia 30 listopada 2021 roku d\u0142u\u017cnik nie m\u00f3g\u0142 zaproponowa\u0107 w ramach uk\u0142adu roz\u0142o\u017cenia na raty ani odroczenia terminu p\u0142atno\u015bci sk\u0142adek finansowanych przez ubezpieczonych. Co jednak nie oznacza, i\u017c w og\u00f3le nie m\u00f3g\u0142 on podda\u0107 restrukturyzacji tej cz\u0119\u015bci zad\u0142u\u017cenia. Ot\u00f3\u017c ca\u0142y proces po prostu trwa\u0142 d\u0142u\u017cej, gdy\u017c d\u0142u\u017cnik musia\u0142 w tej cz\u0119\u015bci zad\u0142u\u017cenia z\u0142o\u017cy\u0107 wniosek bezpo\u015brednio do ZUS na zasadach okre\u015blonych w art. 29 ustawy z dnia 13 pa\u017adziernika 1998 roku o systemie ubezpiecze\u0144 spo\u0142ecznych (Dz.U. z 2021 r. poz. 423 ze zm., zwana dalej ustaw\u0105 systemow\u0105).<\/p>\n\n\n\n<p>I zgodnie z ow\u0105 ustaw\u0105 systemow\u0105 ZUS m\u00f3g\u0142 odroczy\u0107 termin p\u0142atno\u015bci nale\u017cno\u015bci z tytu\u0142u sk\u0142adek oraz roz\u0142o\u017cy\u0107 nale\u017cno\u015b\u0107 na raty, uwzgl\u0119dniaj\u0105c mo\u017cliwo\u015bci p\u0142atnicze d\u0142u\u017cnika oraz stan finans\u00f3w ubezpiecze\u0144 spo\u0142ecznych. Samo udzielenie ulgi nast\u0119powa\u0142o w formie umowy. I w przypadku udzielenia ulgi w tym trybie d\u0142u\u017cnik realizowa\u0142 dwa harmonogramy sp\u0142at:<\/p>\n\n\n\n<ul><li>cz\u0119\u015b\u0107 sk\u0142adek by\u0142a sp\u0142acana zgodnie z uk\u0142adem<\/li><li>cz\u0119\u015b\u0107 sk\u0142adek by\u0142a sp\u0142acana zgodnie z umow\u0105 zawart\u0105 z ZUS<\/li><\/ul>\n\n\n\n<p>Wprowadzone od 1 grudnia bie\u017c\u0105cego roku zmiany spowodowa\u0142y, i\u017c podzia\u0142 ten ulegnie likwidacji i na roz\u0142o\u017cenie na raty b\u0105d\u017a odroczenie p\u0142atno\u015bci organ rentowy jako wierzyciel zgod\u0119 b\u0119dzie wyra\u017ca\u0142 tylko raz, w post\u0119powaniu restrukturyzacyjnym. Niew\u0105tpliwie zaoszcz\u0119dzi to czasu i d\u0142u\u017cnikowi, i urz\u0119dnikom organu rentowego.<\/p>\n\n\n\n<p>W tym miejscu warto jeszcze odnotowa\u0107, i\u017c 18 wrze\u015bnia bie\u017c\u0105cego roku wesz\u0142a w \u017cycie cz\u0119\u015bciowa nowelizacja przepis\u00f3w ubezpieczeniowych, wprowadzaj\u0105ca do ustawy systemowej art. 24 ust. 5g, zgodnie z kt\u00f3rym bieg terminu przedawnienia nie rozpoczyna si\u0119, a rozpocz\u0119ty ulega zawieszeniu od dnia obj\u0119cia restrukturyzacj\u0105 nale\u017cno\u015bci z tytu\u0142u sk\u0142adek, o kt\u00f3rych mowa w art. 160 prawa restrukturyzacyjnego, do dnia zap\u0142aty ostatniej raty w przypadku roz\u0142o\u017cenia na raty lub do dnia zap\u0142aty w przypadku odroczenia terminu p\u0142atno\u015bci.<\/p>\n\n\n\n<p>Podsumowuj\u0105c, wprowadzona z dniem 1 grudnia bie\u017c\u0105cego roku nowelizacja prawa restrukturyzacyjnego u\u0142atwia prowadzenie post\u0119powania restrukturyzacyjnego. Ot\u00f3\u017c d\u0142u\u017cnik b\u0119dzie m\u00f3g\u0142 obecnie w ramach jednego post\u0119powania uzyska\u0107 roz\u0142o\u017cenie na raty b\u0105d\u017a odroczenie terminu p\u0142atno\u015bci sk\u0142adek ubezpieczeniowych zar\u00f3wno w cz\u0119\u015bci finansowanej przez d\u0142u\u017cnika, jak by\u0142o do tej pory, ale te\u017c i w cz\u0119\u015bci finansowanej przez ubezpieczonych. Taka zmiana sprawi sporo oszcz\u0119dno\u015bci czasu zar\u00f3wno po stronie urz\u0119dnik\u00f3w organu rentowego, jak i samych d\u0142u\u017cnik\u00f3w.<\/p>\n","protected":false},"excerpt":{"rendered":"<p>Okazuje si\u0119, i\u017c p\u0142atnikowi sk\u0142adek \u0142atwiej b\u0119dzie zrestrukturyzowa\u0107 zad\u0142u\u017cenie posiadane wobec Zak\u0142adu Ubezpiecze\u0144 Spo\u0142ecznych (ZUS). Ot\u00f3\u017c b\u0119dzie on m\u00f3g\u0142 obj\u0105\u0107<\/p>\n","protected":false},"author":3,"featured_media":4624,"comment_status":"open","ping_status":"open","sticky":false,"template":"","format":"standard","meta":{"footnotes":""},"categories":[3],"tags":[],"yoast_head":"<!-- This site is optimized with the Yoast SEO plugin v16.7 - https:\/\/yoast.com\/wordpress\/plugins\/seo\/ -->\n<title>\u0141atwiejsza restrukturyzacja zad\u0142u\u017cenia wobec ZUS - Artyku\u0142y dla Szukaj\u0105cych pracy<\/title>\n<meta name=\"description\" content=\"Okazuje si\u0119, i\u017c p\u0142atnikowi sk\u0142adek \u0142atwiej b\u0119dzie zrestrukturyzowa\u0107 zad\u0142u\u017cenie posiadane wobec Zak\u0142adu Ubezpiecze\u0144 Spo\u0142ecznych (ZUS). Ot\u00f3\u017c b\u0119dzie on m\u00f3g\u0142 obj\u0105\u0107 post\u0119powaniem uk\u0142adowym r\u00f3wnie\u017c nale\u017cno\u015bci sk\u0142adkowe w cz\u0119\u015bci finansowanej przez ubezpieczonych, co by\u0142o dotychczas niemo\u017cliwe.\" \/>\n<meta name=\"robots\" content=\"index, follow, max-snippet:-1, max-image-preview:large, max-video-preview:-1\" \/>\n<link rel=\"canonical\" href=\"https:\/\/szukampracy.pl\/blog\/latwiejsza-restrukturyzacja-zadluzenia-wobec-zus\/\" \/>\n<meta property=\"og:locale\" content=\"pl_PL\" \/>\n<meta property=\"og:type\" content=\"article\" \/>\n<meta property=\"og:title\" content=\"\u0141atwiejsza restrukturyzacja zad\u0142u\u017cenia wobec ZUS - Artyku\u0142y dla Szukaj\u0105cych pracy\" \/>\n<meta property=\"og:description\" content=\"Okazuje si\u0119, i\u017c p\u0142atnikowi sk\u0142adek \u0142atwiej b\u0119dzie zrestrukturyzowa\u0107 zad\u0142u\u017cenie posiadane wobec Zak\u0142adu Ubezpiecze\u0144 Spo\u0142ecznych (ZUS). Ot\u00f3\u017c b\u0119dzie on m\u00f3g\u0142 obj\u0105\u0107 post\u0119powaniem uk\u0142adowym r\u00f3wnie\u017c nale\u017cno\u015bci sk\u0142adkowe w cz\u0119\u015bci finansowanej przez ubezpieczonych, co by\u0142o dotychczas niemo\u017cliwe.\" \/>\n<meta property=\"og:url\" content=\"https:\/\/szukampracy.pl\/blog\/latwiejsza-restrukturyzacja-zadluzenia-wobec-zus\/\" \/>\n<meta property=\"og:site_name\" content=\"Blog Szukampracy.pl - Artyku\u0142y o rynku pracy i HR dla pracodawcy\" \/>\n<meta property=\"article:publisher\" content=\"https:\/\/www.facebook.com\/portalszukampracy\/\" \/>\n<meta property=\"article:published_time\" content=\"2021-12-18T08:19:00+00:00\" \/>\n<meta property=\"article:modified_time\" content=\"2021-12-11T12:22:36+00:00\" \/>\n<meta property=\"og:image\" content=\"https:\/\/szukampracy.pl\/blog\/wp-content\/uploads\/2021\/12\/restrukturyzacja.jpeg\" \/>\n\t<meta property=\"og:image:width\" content=\"1000\" \/>\n\t<meta property=\"og:image:height\" content=\"667\" \/>\n<meta name=\"twitter:card\" content=\"summary\" \/>\n<meta name=\"twitter:creator\" content=\"@SzukamPracyPl\" \/>\n<meta name=\"twitter:site\" content=\"@SzukamPracyPl\" \/>\n<meta name=\"twitter:label1\" content=\"Written by\" \/>\n\t<meta name=\"twitter:data1\" content=\"Ekspert \u0141ukasz\" \/>\n\t<meta name=\"twitter:label2\" content=\"Est. reading time\" \/>\n\t<meta name=\"twitter:data2\" content=\"4 minuty\" \/>\n<script type=\"application\/ld+json\" class=\"yoast-schema-graph\">{\"@context\":\"https:\/\/schema.org\",\"@graph\":[{\"@type\":\"Organization\",\"@id\":\"https:\/\/szukampracy.pl\/blog\/#organization\",\"name\":\"Szukampracy.pl\",\"url\":\"https:\/\/szukampracy.pl\/blog\/\",\"sameAs\":[\"https:\/\/www.facebook.com\/portalszukampracy\/\",\"https:\/\/www.linkedin.com\/company\/szukampracy-pl\",\"https:\/\/www.youtube.com\/channel\/UCmY56pXKURtawvJjwIvU2YQ\",\"https:\/\/twitter.com\/SzukamPracyPl\"],\"logo\":{\"@type\":\"ImageObject\",\"@id\":\"https:\/\/szukampracy.pl\/blog\/#logo\",\"inLanguage\":\"pl-PL\",\"url\":\"https:\/\/szukampracy.pl\/blog\/wp-content\/uploads\/2017\/08\/logo-1.png\",\"contentUrl\":\"https:\/\/szukampracy.pl\/blog\/wp-content\/uploads\/2017\/08\/logo-1.png\",\"width\":240,\"height\":33,\"caption\":\"Szukampracy.pl\"},\"image\":{\"@id\":\"https:\/\/szukampracy.pl\/blog\/#logo\"}},{\"@type\":\"WebSite\",\"@id\":\"https:\/\/szukampracy.pl\/blog\/#website\",\"url\":\"https:\/\/szukampracy.pl\/blog\/\",\"name\":\"Blog Szukampracy.pl - Artyku\\u0142y o rynku pracy i HR dla pracodawcy\",\"description\":\"Nasz blog powsta\\u0142 z my\\u015bl\\u0105 o Pracodawcach, Pracownikach i Kandydatach b\\u0119d\\u0105cych na etapie zapoznawania si\\u0119 z og\\u0142oszeniami o prac\\u0119. Mo\\u017cna u nas znale\\u017a\\u0107 artyku\\u0142y o rynku pracy, z dziedziny HR, zarz\\u0105dzania, ofert pracy za granic\\u0105 oraz inne ciekawostki. Nie wahaj si\\u0119 nas odwiedzi\\u0107\",\"publisher\":{\"@id\":\"https:\/\/szukampracy.pl\/blog\/#organization\"},\"potentialAction\":[{\"@type\":\"SearchAction\",\"target\":{\"@type\":\"EntryPoint\",\"urlTemplate\":\"https:\/\/szukampracy.pl\/blog\/?s={search_term_string}\"},\"query-input\":\"required name=search_term_string\"}],\"inLanguage\":\"pl-PL\"},{\"@type\":\"ImageObject\",\"@id\":\"https:\/\/szukampracy.pl\/blog\/latwiejsza-restrukturyzacja-zadluzenia-wobec-zus\/#primaryimage\",\"inLanguage\":\"pl-PL\",\"url\":\"https:\/\/szukampracy.pl\/blog\/wp-content\/uploads\/2021\/12\/restrukturyzacja.jpeg\",\"contentUrl\":\"https:\/\/szukampracy.pl\/blog\/wp-content\/uploads\/2021\/12\/restrukturyzacja.jpeg\",\"width\":1000,\"height\":667},{\"@type\":\"WebPage\",\"@id\":\"https:\/\/szukampracy.pl\/blog\/latwiejsza-restrukturyzacja-zadluzenia-wobec-zus\/#webpage\",\"url\":\"https:\/\/szukampracy.pl\/blog\/latwiejsza-restrukturyzacja-zadluzenia-wobec-zus\/\",\"name\":\"\\u0141atwiejsza restrukturyzacja zad\\u0142u\\u017cenia wobec ZUS - Artyku\\u0142y dla Szukaj\\u0105cych pracy\",\"isPartOf\":{\"@id\":\"https:\/\/szukampracy.pl\/blog\/#website\"},\"primaryImageOfPage\":{\"@id\":\"https:\/\/szukampracy.pl\/blog\/latwiejsza-restrukturyzacja-zadluzenia-wobec-zus\/#primaryimage\"},\"datePublished\":\"2021-12-18T08:19:00+00:00\",\"dateModified\":\"2021-12-11T12:22:36+00:00\",\"description\":\"Okazuje si\\u0119, i\\u017c p\\u0142atnikowi sk\\u0142adek \\u0142atwiej b\\u0119dzie zrestrukturyzowa\\u0107 zad\\u0142u\\u017cenie posiadane wobec Zak\\u0142adu Ubezpiecze\\u0144 Spo\\u0142ecznych (ZUS). Ot\\u00f3\\u017c b\\u0119dzie on m\\u00f3g\\u0142 obj\\u0105\\u0107 post\\u0119powaniem uk\\u0142adowym r\\u00f3wnie\\u017c nale\\u017cno\\u015bci sk\\u0142adkowe w cz\\u0119\\u015bci finansowanej przez ubezpieczonych, co by\\u0142o dotychczas niemo\\u017cliwe.\",\"breadcrumb\":{\"@id\":\"https:\/\/szukampracy.pl\/blog\/latwiejsza-restrukturyzacja-zadluzenia-wobec-zus\/#breadcrumb\"},\"inLanguage\":\"pl-PL\",\"potentialAction\":[{\"@type\":\"ReadAction\",\"target\":[\"https:\/\/szukampracy.pl\/blog\/latwiejsza-restrukturyzacja-zadluzenia-wobec-zus\/\"]}]},{\"@type\":\"BreadcrumbList\",\"@id\":\"https:\/\/szukampracy.pl\/blog\/latwiejsza-restrukturyzacja-zadluzenia-wobec-zus\/#breadcrumb\",\"itemListElement\":[{\"@type\":\"ListItem\",\"position\":1,\"name\":\"Blog\",\"item\":\"https:\/\/szukampracy.pl\/blog\/\"},{\"@type\":\"ListItem\",\"position\":2,\"name\":\"Najnowsze Artyku\\u0142y\",\"item\":\"https:\/\/szukampracy.pl\/blog\/najnowsze\/\"},{\"@type\":\"ListItem\",\"position\":3,\"name\":\"\\u0141atwiejsza restrukturyzacja zad\\u0142u\\u017cenia wobec ZUS\"}]},{\"@type\":\"Article\",\"@id\":\"https:\/\/szukampracy.pl\/blog\/latwiejsza-restrukturyzacja-zadluzenia-wobec-zus\/#article\",\"isPartOf\":{\"@id\":\"https:\/\/szukampracy.pl\/blog\/latwiejsza-restrukturyzacja-zadluzenia-wobec-zus\/#webpage\"},\"author\":{\"@id\":\"https:\/\/szukampracy.pl\/blog\/#\/schema\/person\/3952d4bf69b606b39399e9e649ef2394\"},\"headline\":\"\\u0141atwiejsza restrukturyzacja zad\\u0142u\\u017cenia wobec ZUS\",\"datePublished\":\"2021-12-18T08:19:00+00:00\",\"dateModified\":\"2021-12-11T12:22:36+00:00\",\"mainEntityOfPage\":{\"@id\":\"https:\/\/szukampracy.pl\/blog\/latwiejsza-restrukturyzacja-zadluzenia-wobec-zus\/#webpage\"},\"wordCount\":1139,\"commentCount\":0,\"publisher\":{\"@id\":\"https:\/\/szukampracy.pl\/blog\/#organization\"},\"image\":{\"@id\":\"https:\/\/szukampracy.pl\/blog\/latwiejsza-restrukturyzacja-zadluzenia-wobec-zus\/#primaryimage\"},\"thumbnailUrl\":\"https:\/\/szukampracy.pl\/blog\/wp-content\/uploads\/2021\/12\/restrukturyzacja.jpeg\",\"articleSection\":[\"Najnowsze Artyku\\u0142y\"],\"inLanguage\":\"pl-PL\",\"potentialAction\":[{\"@type\":\"CommentAction\",\"name\":\"Comment\",\"target\":[\"https:\/\/szukampracy.pl\/blog\/latwiejsza-restrukturyzacja-zadluzenia-wobec-zus\/#respond\"]}]},{\"@type\":\"Person\",\"@id\":\"https:\/\/szukampracy.pl\/blog\/#\/schema\/person\/3952d4bf69b606b39399e9e649ef2394\",\"name\":\"Ekspert \\u0141ukasz\",\"image\":{\"@type\":\"ImageObject\",\"@id\":\"https:\/\/szukampracy.pl\/blog\/#personlogo\",\"inLanguage\":\"pl-PL\",\"url\":\"https:\/\/secure.gravatar.com\/avatar\/7733c11b2e55f533f1cae76b6c86129d?s=96&d=mm&r=g\",\"contentUrl\":\"https:\/\/secure.gravatar.com\/avatar\/7733c11b2e55f533f1cae76b6c86129d?s=96&d=mm&r=g\",\"caption\":\"Ekspert \\u0141ukasz\"},\"description\":\"Ekspert \\u0141ukasz swoje wieloletnie do\\u015bwiadczenie na rynku pracy postanowi\\u0142 przekaza\\u0107 tak\\u017ce na naszym blogu. Jego artyku\\u0142y dotycz\\u0105 aktualnych zmian gospodarczych a tak\\u017ce tych na rynku pracy. Z ch\\u0119cia udzieli porad pracodawc\\u0105, kt\\u00f3rzy pr\\u0119\\u017cnie rozwijaj\\u0105 swoje firmy.\"}]}<\/script>\n<!-- \/ Yoast SEO plugin. -->","yoast_head_json":{"title":"\u0141atwiejsza restrukturyzacja zad\u0142u\u017cenia wobec ZUS - Artyku\u0142y dla Szukaj\u0105cych pracy","description":"Okazuje si\u0119, i\u017c p\u0142atnikowi sk\u0142adek \u0142atwiej b\u0119dzie zrestrukturyzowa\u0107 zad\u0142u\u017cenie posiadane wobec Zak\u0142adu Ubezpiecze\u0144 Spo\u0142ecznych (ZUS). Ot\u00f3\u017c b\u0119dzie on m\u00f3g\u0142 obj\u0105\u0107 post\u0119powaniem uk\u0142adowym r\u00f3wnie\u017c nale\u017cno\u015bci sk\u0142adkowe w cz\u0119\u015bci finansowanej przez ubezpieczonych, co by\u0142o dotychczas niemo\u017cliwe.","robots":{"index":"index","follow":"follow","max-snippet":"max-snippet:-1","max-image-preview":"max-image-preview:large","max-video-preview":"max-video-preview:-1"},"canonical":"https:\/\/szukampracy.pl\/blog\/latwiejsza-restrukturyzacja-zadluzenia-wobec-zus\/","og_locale":"pl_PL","og_type":"article","og_title":"\u0141atwiejsza restrukturyzacja zad\u0142u\u017cenia wobec ZUS - Artyku\u0142y dla Szukaj\u0105cych pracy","og_description":"Okazuje si\u0119, i\u017c p\u0142atnikowi sk\u0142adek \u0142atwiej b\u0119dzie zrestrukturyzowa\u0107 zad\u0142u\u017cenie posiadane wobec Zak\u0142adu Ubezpiecze\u0144 Spo\u0142ecznych (ZUS). Ot\u00f3\u017c b\u0119dzie on m\u00f3g\u0142 obj\u0105\u0107 post\u0119powaniem uk\u0142adowym r\u00f3wnie\u017c nale\u017cno\u015bci sk\u0142adkowe w cz\u0119\u015bci finansowanej przez ubezpieczonych, co by\u0142o dotychczas niemo\u017cliwe.","og_url":"https:\/\/szukampracy.pl\/blog\/latwiejsza-restrukturyzacja-zadluzenia-wobec-zus\/","og_site_name":"Blog Szukampracy.pl - Artyku\u0142y o rynku pracy i HR dla pracodawcy","article_publisher":"https:\/\/www.facebook.com\/portalszukampracy\/","article_published_time":"2021-12-18T08:19:00+00:00","article_modified_time":"2021-12-11T12:22:36+00:00","og_image":[{"width":1000,"height":667,"url":"https:\/\/szukampracy.pl\/blog\/wp-content\/uploads\/2021\/12\/restrukturyzacja.jpeg","path":"\/home\/szukamprac\/domains\/szukampracy.pl\/public_html\/blog\/wp-content\/uploads\/2021\/12\/restrukturyzacja.jpeg","size":"full","id":4624,"alt":"","pixels":667000,"type":"image\/jpeg"}],"twitter_card":"summary","twitter_creator":"@SzukamPracyPl","twitter_site":"@SzukamPracyPl","twitter_misc":{"Written by":"Ekspert \u0141ukasz","Est. reading time":"4 minuty"},"schema":{"@context":"https:\/\/schema.org","@graph":[{"@type":"Organization","@id":"https:\/\/szukampracy.pl\/blog\/#organization","name":"Szukampracy.pl","url":"https:\/\/szukampracy.pl\/blog\/","sameAs":["https:\/\/www.facebook.com\/portalszukampracy\/","https:\/\/www.linkedin.com\/company\/szukampracy-pl","https:\/\/www.youtube.com\/channel\/UCmY56pXKURtawvJjwIvU2YQ","https:\/\/twitter.com\/SzukamPracyPl"],"logo":{"@type":"ImageObject","@id":"https:\/\/szukampracy.pl\/blog\/#logo","inLanguage":"pl-PL","url":"https:\/\/szukampracy.pl\/blog\/wp-content\/uploads\/2017\/08\/logo-1.png","contentUrl":"https:\/\/szukampracy.pl\/blog\/wp-content\/uploads\/2017\/08\/logo-1.png","width":240,"height":33,"caption":"Szukampracy.pl"},"image":{"@id":"https:\/\/szukampracy.pl\/blog\/#logo"}},{"@type":"WebSite","@id":"https:\/\/szukampracy.pl\/blog\/#website","url":"https:\/\/szukampracy.pl\/blog\/","name":"Blog Szukampracy.pl - Artyku\u0142y o rynku pracy i HR dla pracodawcy","description":"Nasz blog powsta\u0142 z my\u015bl\u0105 o Pracodawcach, Pracownikach i Kandydatach b\u0119d\u0105cych na etapie zapoznawania si\u0119 z og\u0142oszeniami o prac\u0119. Mo\u017cna u nas znale\u017a\u0107 artyku\u0142y o rynku pracy, z dziedziny HR, zarz\u0105dzania, ofert pracy za granic\u0105 oraz inne ciekawostki. Nie wahaj si\u0119 nas odwiedzi\u0107","publisher":{"@id":"https:\/\/szukampracy.pl\/blog\/#organization"},"potentialAction":[{"@type":"SearchAction","target":{"@type":"EntryPoint","urlTemplate":"https:\/\/szukampracy.pl\/blog\/?s={search_term_string}"},"query-input":"required name=search_term_string"}],"inLanguage":"pl-PL"},{"@type":"ImageObject","@id":"https:\/\/szukampracy.pl\/blog\/latwiejsza-restrukturyzacja-zadluzenia-wobec-zus\/#primaryimage","inLanguage":"pl-PL","url":"https:\/\/szukampracy.pl\/blog\/wp-content\/uploads\/2021\/12\/restrukturyzacja.jpeg","contentUrl":"https:\/\/szukampracy.pl\/blog\/wp-content\/uploads\/2021\/12\/restrukturyzacja.jpeg","width":1000,"height":667},{"@type":"WebPage","@id":"https:\/\/szukampracy.pl\/blog\/latwiejsza-restrukturyzacja-zadluzenia-wobec-zus\/#webpage","url":"https:\/\/szukampracy.pl\/blog\/latwiejsza-restrukturyzacja-zadluzenia-wobec-zus\/","name":"\u0141atwiejsza restrukturyzacja zad\u0142u\u017cenia wobec ZUS - Artyku\u0142y dla Szukaj\u0105cych pracy","isPartOf":{"@id":"https:\/\/szukampracy.pl\/blog\/#website"},"primaryImageOfPage":{"@id":"https:\/\/szukampracy.pl\/blog\/latwiejsza-restrukturyzacja-zadluzenia-wobec-zus\/#primaryimage"},"datePublished":"2021-12-18T08:19:00+00:00","dateModified":"2021-12-11T12:22:36+00:00","description":"Okazuje si\u0119, i\u017c p\u0142atnikowi sk\u0142adek \u0142atwiej b\u0119dzie zrestrukturyzowa\u0107 zad\u0142u\u017cenie posiadane wobec Zak\u0142adu Ubezpiecze\u0144 Spo\u0142ecznych (ZUS). Ot\u00f3\u017c b\u0119dzie on m\u00f3g\u0142 obj\u0105\u0107 post\u0119powaniem uk\u0142adowym r\u00f3wnie\u017c nale\u017cno\u015bci sk\u0142adkowe w cz\u0119\u015bci finansowanej przez ubezpieczonych, co by\u0142o dotychczas niemo\u017cliwe.","breadcrumb":{"@id":"https:\/\/szukampracy.pl\/blog\/latwiejsza-restrukturyzacja-zadluzenia-wobec-zus\/#breadcrumb"},"inLanguage":"pl-PL","potentialAction":[{"@type":"ReadAction","target":["https:\/\/szukampracy.pl\/blog\/latwiejsza-restrukturyzacja-zadluzenia-wobec-zus\/"]}]},{"@type":"BreadcrumbList","@id":"https:\/\/szukampracy.pl\/blog\/latwiejsza-restrukturyzacja-zadluzenia-wobec-zus\/#breadcrumb","itemListElement":[{"@type":"ListItem","position":1,"name":"Blog","item":"https:\/\/szukampracy.pl\/blog\/"},{"@type":"ListItem","position":2,"name":"Najnowsze Artyku\u0142y","item":"https:\/\/szukampracy.pl\/blog\/najnowsze\/"},{"@type":"ListItem","position":3,"name":"\u0141atwiejsza restrukturyzacja zad\u0142u\u017cenia wobec ZUS"}]},{"@type":"Article","@id":"https:\/\/szukampracy.pl\/blog\/latwiejsza-restrukturyzacja-zadluzenia-wobec-zus\/#article","isPartOf":{"@id":"https:\/\/szukampracy.pl\/blog\/latwiejsza-restrukturyzacja-zadluzenia-wobec-zus\/#webpage"},"author":{"@id":"https:\/\/szukampracy.pl\/blog\/#\/schema\/person\/3952d4bf69b606b39399e9e649ef2394"},"headline":"\u0141atwiejsza restrukturyzacja zad\u0142u\u017cenia wobec ZUS","datePublished":"2021-12-18T08:19:00+00:00","dateModified":"2021-12-11T12:22:36+00:00","mainEntityOfPage":{"@id":"https:\/\/szukampracy.pl\/blog\/latwiejsza-restrukturyzacja-zadluzenia-wobec-zus\/#webpage"},"wordCount":1139,"commentCount":0,"publisher":{"@id":"https:\/\/szukampracy.pl\/blog\/#organization"},"image":{"@id":"https:\/\/szukampracy.pl\/blog\/latwiejsza-restrukturyzacja-zadluzenia-wobec-zus\/#primaryimage"},"thumbnailUrl":"https:\/\/szukampracy.pl\/blog\/wp-content\/uploads\/2021\/12\/restrukturyzacja.jpeg","articleSection":["Najnowsze Artyku\u0142y"],"inLanguage":"pl-PL","potentialAction":[{"@type":"CommentAction","name":"Comment","target":["https:\/\/szukampracy.pl\/blog\/latwiejsza-restrukturyzacja-zadluzenia-wobec-zus\/#respond"]}]},{"@type":"Person","@id":"https:\/\/szukampracy.pl\/blog\/#\/schema\/person\/3952d4bf69b606b39399e9e649ef2394","name":"Ekspert \u0141ukasz","image":{"@type":"ImageObject","@id":"https:\/\/szukampracy.pl\/blog\/#personlogo","inLanguage":"pl-PL","url":"https:\/\/secure.gravatar.com\/avatar\/7733c11b2e55f533f1cae76b6c86129d?s=96&d=mm&r=g","contentUrl":"https:\/\/secure.gravatar.com\/avatar\/7733c11b2e55f533f1cae76b6c86129d?s=96&d=mm&r=g","caption":"Ekspert \u0141ukasz"},"description":"Ekspert \u0141ukasz swoje wieloletnie do\u015bwiadczenie na rynku pracy postanowi\u0142 przekaza\u0107 tak\u017ce na naszym blogu. Jego artyku\u0142y dotycz\u0105 aktualnych zmian gospodarczych a tak\u017ce tych na rynku pracy. Z ch\u0119cia udzieli porad pracodawc\u0105, kt\u00f3rzy pr\u0119\u017cnie rozwijaj\u0105 swoje firmy."}]}},"fimg_url":"https:\/\/szukampracy.pl\/blog\/wp-content\/uploads\/2021\/12\/restrukturyzacja.jpeg","amp_enabled":true,"_links":{"self":[{"href":"https:\/\/szukampracy.pl\/blog\/wp-json\/wp\/v2\/posts\/4623"}],"collection":[{"href":"https:\/\/szukampracy.pl\/blog\/wp-json\/wp\/v2\/posts"}],"about":[{"href":"https:\/\/szukampracy.pl\/blog\/wp-json\/wp\/v2\/types\/post"}],"author":[{"embeddable":true,"href":"https:\/\/szukampracy.pl\/blog\/wp-json\/wp\/v2\/users\/3"}],"replies":[{"embeddable":true,"href":"https:\/\/szukampracy.pl\/blog\/wp-json\/wp\/v2\/comments?post=4623"}],"version-history":[{"count":0,"href":"https:\/\/szukampracy.pl\/blog\/wp-json\/wp\/v2\/posts\/4623\/revisions"}],"wp:featuredmedia":[{"embeddable":true,"href":"https:\/\/szukampracy.pl\/blog\/wp-json\/wp\/v2\/media\/4624"}],"wp:attachment":[{"href":"https:\/\/szukampracy.pl\/blog\/wp-json\/wp\/v2\/media?parent=4623"}],"wp:term":[{"taxonomy":"category","embeddable":true,"href":"https:\/\/szukampracy.pl\/blog\/wp-json\/wp\/v2\/categories?post=4623"},{"taxonomy":"post_tag","embeddable":true,"href":"https:\/\/szukampracy.pl\/blog\/wp-json\/wp\/v2\/tags?post=4623"}],"curies":[{"name":"wp","href":"https:\/\/api.w.org\/{rel}","templated":true}]}}