{"id":4582,"date":"2021-11-30T08:49:00","date_gmt":"2021-11-30T08:49:00","guid":{"rendered":"https:\/\/szukampracy.pl\/blog\/?p=4582"},"modified":"2021-11-29T20:56:47","modified_gmt":"2021-11-29T20:56:47","slug":"przyspieszenie-procedur-dla-obcokrajowcow","status":"publish","type":"post","link":"https:\/\/szukampracy.pl\/blog\/przyspieszenie-procedur-dla-obcokrajowcow\/","title":{"rendered":"Przyspieszenie procedur dla obcokrajowc\u00f3w"},"content":{"rendered":"\n<p>Wst\u0119pny projekt zmian ustawy o cudzoziemcach trafi\u0142 ju\u017c do Sejmu RP, jednak\u017ce w jakiej formie i kiedy zmiany zostan\u0105 wprowadzone w \u017cycie, tego nie wiadomo. Wiadomo jednak, \u017ce konieczna jest poprawa tych przepis\u00f3w i wype\u0142nienie istniej\u0105cych luk i doprecyzowanie niejasno\u015bci, by u\u0142atwi\u0107 mo\u017cliwo\u015b\u0107 uzupe\u0142niania, dotykaj\u0105cych nasz\u0105 rodzim\u0105 gospodark\u0119, brak\u00f3w kadrowych.<\/p>\n\n\n\n<h4 class=\"wp-block-heading\"><span class=\"ez-toc-section\" id=\"Jak_obecnie_wygladaja_przepisy_odnosnie_cudzoziemcow_i_co_trzeba_zmienic\"><\/span><strong>Jak obecnie wygl\u0105daj\u0105 przepisy odno\u015bnie cudzoziemc\u00f3w i co trzeba zmieni\u0107?<\/strong><span class=\"ez-toc-section-end\"><\/span><\/h4>\n\n\n\n<p>Obserwuje si\u0119 w praktyce, \u017ce cudzoziemcy bardzo cz\u0119sto maj\u0105 mo\u017cliwo\u015b\u0107 zmiany pracodawcy nied\u0142ugo po uzyskaniu zezwolenia na pobyt czasowy, jednak\u017ce wg. obowi\u0105zuj\u0105cych przepis\u00f3w, zmiana taka wymaga wyst\u0105pienia przez cudzoziemca o nowe zezwolenie na pobyt, poniewa\u017c ka\u017cde zezwolenie odnosi si\u0119 do konkretnego pracodawcy. Planowane zmiany w przepisach odno\u015bnie tego aspektu s\u0105 potrzebne i wielce wskazane i stanowi\u0142yby wr\u0119cz rewolucj\u0119 w przepisach, a polega\u0142yby na tym, i\u017c posiadacze zezwole\u0144 na pobyt czasowy i prac\u0119 nabyliby mo\u017cliwo\u015b\u0107 ich modyfikacji w zakresie podmiotu zatrudniaj\u0105cego. To sprawi, \u017ce w przypadku ch\u0119ci zmiany miejsca pracy, cudzoziemiec nie b\u0119dzie zmuszony do sk\u0142adania nowego wniosku.<\/p>\n\n\n\n<p>Prostsze ma by\u0107 tak\u017ce samo uzyskanie zezwolenia na pobyt czasowy i prac\u0119 poprzez zniesienie wymogu:<\/p>\n\n\n\n<ul><li>przedstawienia przez cudzoziemca potwierdzenia miejsca zamieszkania w Polsce<\/li><li>udowodnienia posiadania \u017ar\u00f3d\u0142a dochodu w Polsce<\/li><\/ul>\n\n\n\n<p>Warunkiem natomiast b\u0119dzie otrzymywanie wynagrodzenia na poziomie nie ni\u017cszym ni\u017c minimalne wynagrodzenie za prac\u0119, tak\u017ce przy niepe\u0142nym etacie.<\/p>\n\n\n\n<p>Cz\u0119\u015b\u0107 cudzoziemc\u00f3w zostanie tak\u017ce zwolniona z obowi\u0105zku udokumentowania posiadania ubezpieczenia zdrowotnego, a wystarczaj\u0105cym b\u0119dzie sam fakt posiadania ubezpieczenia wynikaj\u0105cego z zatrudnienia.<\/p>\n\n\n\n<p>Proponowane zmiany przepis\u00f3w oceniane s\u0105 bardzo pozytywnie przez wszystkie zainteresowane strony. Ograniczenie wymog\u00f3w formalnych przyczyni si\u0119 tak\u017ce do zmniejszenia si\u0119 ilo\u015bci negatywnych decyzji urz\u0119dowych, kt\u00f3re do\u015b\u0107 cz\u0119sto wynika\u0142y np. z powodu wyga\u015bni\u0119cia umowy najmu przed zako\u0144czeniem procedury odno\u015bnie przyznania zezwolenia na pobyt i prac\u0119.<\/p>\n\n\n\n<p>Ponadto, zmiana przepis\u00f3w ograniczy nieuczciw\u0105 konkurencj\u0119 mi\u0119dzy pracodawcami poprzez wprowadzenie wymogu oferowania cudzoziemcom co najmniej minimalnego wynagrodzenia za prac\u0119 niezale\u017cnie od tego, czy zatrudnienie b\u0119dzie na ca\u0142y, czy tylko cz\u0119\u015b\u0107 etatu. Powodem tego jest nielegalna praktyka oficjalnego zatrudniania cudzoziemca na cz\u0119\u015b\u0107 etatu, kiedy to faktycznie wykonuje on prac\u0119 na ca\u0142y etat i otrzymuje cz\u0119\u015b\u0107 wynagrodzenia \u201epod sto\u0142em\u201d. Podobnie jest ze sk\u0142adkami na ubezpieczenie spo\u0142eczne, kt\u00f3re liczone s\u0105 tylko od oficjalnej kwoty. W takim przypadku nieuczciwy pracodawca zagro\u017cony jest kar\u0105.<\/p>\n\n\n\n<p>Zmienione przepisy de facto przymusz\u0105 pracodawc\u00f3w do deklarowania rzeczywistego wymiaru etatu przy zatrudnianiu cudzoziemc\u00f3w. Podobne skutki i sankcje wprowadza tak\u017ce nowelizacja przepis\u00f3w podatkowo-sk\u0142adkowych Polski \u0141ad, a zatem nieuczciwe konkurowanie na rynku poprzez \u201eoszcz\u0119dzanie\u201d na sk\u0142adkach pracownik\u00f3w b\u0119dzie na pewno trudniejsze ni\u017c jest do tej pory.<\/p>\n\n\n\n<p>Kolejn\u0105 wyczekiwan\u0105 zmian\u0105 odno\u015bnie procedur obowi\u0105zuj\u0105cych obcokrajowc\u00f3w jest zwi\u0119kszenie elektronizacji proces\u00f3w pobytowych w obliczu obecnych zasad, gdzie obowi\u0105zkow\u0105 cz\u0119\u015bci\u0105 post\u0119powa\u0144 jest mozolne opiniowanie przez odpowiednie organy czy cudzoziemiec czasami nie stanowi jakiegokolwiek zagro\u017cenia dla bezpiecze\u0144stwa naszego pa\u0144stwa. Z za\u0142o\u017cenia jest to czynnik znacznie wyd\u0142u\u017caj\u0105cy czas prowadzenia post\u0119powania w sprawach dotycz\u0105cych cudzoziemc\u00f3w, a oczekiwanie przez urz\u0105d na opinie z organ\u00f3w wstrzymuje bieg rozpatrywania spraw. Ka\u017cda niepozytywna opinia wymusza na urz\u0119dzie wydanie decyzji odmownej odno\u015bnie pozwolenia na pobyt cudzoziemca w Polsce. Elektronizacja tego procesu, czyli elektroniczna wymiana niezb\u0119dnych informacji w sprawie zdecydowanie przyspieszy obieg informacji, a co za tym idzie, zwolni cz\u0119\u015b\u0107 pracownik\u00f3w z uci\u0105\u017cliwej papierowej wymiany korespondencji.<\/p>\n\n\n\n<h4 class=\"wp-block-heading\"><span class=\"ez-toc-section\" id=\"Jakie_zmiany_w_terminach_przyniesc_ma_nowelizacja_ustawy_o_cudzoziemcach\"><\/span><strong>Jakie zmiany w terminach przynie\u015b\u0107 ma nowelizacja ustawy o cudzoziemcach?<\/strong><span class=\"ez-toc-section-end\"><\/span><\/h4>\n\n\n\n<p>Nowelizacja ustawy o cudzoziemcach ma wprowadzi\u0107 nowe obowi\u0105zkowe terminy za\u0142atwienia poszczeg\u00f3lnych rodzaj\u00f3w spraw odno\u015bnie legalizacji pobytu i tak:<\/p>\n\n\n\n<ul><li>60 dni dla zezwole\u0144 na pobyt czasowy<\/li><li>6 miesi\u0119cy dla zezwole\u0144 o charakterze sta\u0142ym<\/li><\/ul>\n\n\n\n<p>Jednocze\u015bnie zmieni\u0107 ma si\u0119 termin wyznaczony na uzupe\u0142nienie niekompletnej dokumentacji, ale wygl\u0105da na to, i\u017c ta zmiana jest tylko pozorne korzystna, bo termin ten ma by\u0107 liczony dopiero od momentu przedstawienia dokument\u00f3w przez cudzoziemca, a poniewa\u017c ocena istotno\u015bci dokumentacji ma charakter uznaniowy, zachodzi obawa, \u017ce nowe przepisy b\u0119d\u0105 nadu\u017cywane w celu unikni\u0119cia ewentualnych zarzut\u00f3w op\u00f3\u017anie\u0144 w rozstrzyganiu spraw. A zatem ukszta\u0142towanie optymalnej praktyki zale\u017ce\u0107 b\u0119dzie na pocz\u0105tku od oceny s\u0105d\u00f3w administracyjnych, kt\u00f3re po wprowadzeniu nowych przepis\u00f3w wyrokowa\u0107 b\u0119d\u0105 w sprawach o bezczynno\u015b\u0107 organ\u00f3w.<\/p>\n\n\n\n<h4 class=\"wp-block-heading\"><span class=\"ez-toc-section\" id=\"Jakie_zmiany_przyniesie_nowelizacja_ustawy_o_cudzoziemcach_odnosnie_wprowadzenia_ulatwien_dla_zatrudniania_ich_w_podmiotach_prowadzacych_dzialalnosc_o_znaczeniu_strategicznym_dla_naszej_gospodarki_narodowej\"><\/span><strong>Jakie zmiany przyniesie nowelizacja ustawy o cudzoziemcach odno\u015bnie wprowadzenia u\u0142atwie\u0144 dla zatrudniania ich w podmiotach prowadz\u0105cych dzia\u0142alno\u015b\u0107 o znaczeniu strategicznym dla naszej gospodarki narodowej?<\/strong><span class=\"ez-toc-section-end\"><\/span><\/h4>\n\n\n\n<p>Zmiany dotycz\u0105ce u\u0142atwie\u0144 dla zatrudniania cudzoziemc\u00f3w w podmiotach prowadz\u0105cych dzia\u0142alno\u015b\u0107 o znaczeniu strategicznym dla gospodarki narodowej maj\u0105 dotyczy\u0107 zar\u00f3wno zezwole\u0144 na prac\u0119, jak i zezwole\u0144 na pobyt czasowy i prac\u0119 dla cudzoziemc\u00f3w. List\u0119 owych podmiot\u00f3w okre\u015bli minister gospodarki. Jednak\u017ce w\u0105tpliwo\u015bci ekspert\u00f3w budzi ju\u017c na wst\u0119pie fakt uwzgl\u0119dnienia w projektowanych zmianach tylko jednego rodzaju zezwole\u0144 na pobyt, poniewa\u017c w praktyce podmioty strategiczne dla gospodarki zatrudniaj\u0105 cz\u0119sto np. pracownik\u00f3w delegowanych, kt\u00f3rzy maj\u0105 problem z uzyskaniem zezwolenia na pobyt czasowy i prac\u0119.<\/p>\n\n\n\n<h4 class=\"wp-block-heading\"><span class=\"ez-toc-section\" id=\"Jaki_pomysl_ma_ustawodawca_dla_likwidacji_zaleglosci_w_rozpatrywaniu_spraw_do_ktorych_wnioski_zostaly_zlozone_przed_1_stycznia_2021_roku\"><\/span><strong>Jaki pomys\u0142 ma ustawodawca dla likwidacji zaleg\u0142o\u015bci w rozpatrywaniu spraw, do kt\u00f3rych wnioski zosta\u0142y z\u0142o\u017cone przed 1 stycznia 2021 roku?<\/strong><span class=\"ez-toc-section-end\"><\/span><\/h4>\n\n\n\n<p>Rozwi\u0105zaniem tego problemu ma by\u0107 wprowadzenie wydawania zezwole\u0144 w trybie uproszczonym. Na obecnym etapie projekt zmian zawiera na tyle du\u017co kontrowersyjnych rozwi\u0105za\u0144, kt\u00f3re budz\u0105 spore w\u0105tpliwo\u015bci od strony prawnej odno\u015bnie samych cudzoziemc\u00f3w, ale i pracodawc\u00f3w, a mianowicie:<\/p>\n\n\n\n<ul><li>wprowadzono wyga\u015bni\u0119cie z mocy prawa zezwolenia w przypadku, gdy obcokrajowiec nieprawid\u0142owo zawiadomi urz\u0105d po otrzymaniu zezwolenia<\/li><li>wezwanie do urz\u0119du w celu potwierdzenia dalszego wykonywania pracy w Polsce<\/li><\/ul>\n\n\n\n<p>Tak ustanowiona procedura w sprawach, kt\u00f3re czekaj\u0105 na sw\u00f3j fina\u0142 ju\u017c niemal\u017ce rok nie odniesie spektakularnego wyd\u017awi\u0119ku naprawczego, bo sprawa b\u0119dzie nadal jeszcze d\u0142ugo w toku. Skorzystanie z rozwi\u0105za\u0144 uproszczonych, ale jednocze\u015bnie z tak rygorystycznymi wymogami po uzyskaniu zezwolenia jest de facto nied\u017awiedzi\u0105 przys\u0142ug\u0105 dla obcokrajowc\u00f3w od ustawodawc\u00f3w.<\/p>\n\n\n\n<h4 class=\"wp-block-heading\"><span class=\"ez-toc-section\" id=\"Jakie_znaczenie_z_sprawie_legalizacji_pobytu_i_pracy_cudzoziemcow_ma_ustawa_o_promocji_zatrudnienia_i_instytucjach_rynku_pracy\"><\/span><strong>Jakie znaczenie z sprawie legalizacji pobytu i pracy cudzoziemc\u00f3w ma ustawa o promocji zatrudnienia i instytucjach rynku pracy?<\/strong><span class=\"ez-toc-section-end\"><\/span><\/h4>\n\n\n\n<p>Zaskakuj\u0105ce s\u0105 plany rz\u0105dowe w tej kwestii, poniewa\u017c wed\u0142ug wcze\u015bniejszych plan\u00f3w ustawa o promocji zatrudnienia mia\u0142a by\u0107 zast\u0105piona przez ca\u0142kiem nowy akt prawny \u2013 ustaw\u0119 o zatrudnianiu cudzoziemc\u00f3w, natomiast okazuje si\u0119, i\u017c min. kwestia o\u015bwiadcze\u0144 o powierzeniu wykonywania pracy cudzoziemcowi jest nadal w granicach obowi\u0105zywania tego pierwszego aktu prawnego. Natomiast same o\u015bwiadczenia mia\u0142y by\u0107 zlikwidowane na rzecz uproszcze\u0144 w ubieganiu si\u0119 o zezwolenia na prac\u0119.<\/p>\n\n\n\n<p>Co dziwne, powy\u017csze zamierzenia by\u0142y ju\u017c wcze\u015bniej publicznie komunikowane, co rodzi ch\u0119\u0107 zadania pytania stronie rz\u0105dowej o koordynacj\u0119 prac legislacyjnych rz\u0105du, a raczej jej braku.<\/p>\n\n\n\n<p>Zmiany dotycz\u0105ce o\u015bwiadcze\u0144 mia\u0142y swych zwolennik\u00f3w w\u015br\u00f3d przedsi\u0119biorc\u00f3w. B\u0119d\u0105 one wydawane na okres do dw\u00f3ch lat i b\u0119dzie istnia\u0142a mo\u017cliwo\u015b\u0107 rejestrowania ich bezpo\u015brednio jednego po drugim, co znacznie ograniczy konieczno\u015b\u0107 ubiegania si\u0119 o zezwolenie na prac\u0119. Trzeba koniecznie zaznaczy\u0107, \u017ce zezwolenia maj\u0105 tak\u0105 przewag\u0119 nad o\u015bwiadczeniami, \u017ce przy o\u015bwiadczeniu jest mo\u017cliwo\u015b\u0107 pracy przez sze\u015b\u0107 miesi\u0119cy, a przy zezwoleniu \u2013 trzy lata. Dzi\u0119ki zmianom odno\u015bnie o\u015bwiadcze\u0144, b\u0119d\u0105 one mog\u0142y by\u0107 u\u017cywane w celu zapewnienia cudzoziemcowi mo\u017cliwo\u015bci podj\u0119cia pracy na nowym stanowisku, je\u015bli otrzyma on awans.<\/p>\n\n\n\n<h4 class=\"wp-block-heading\"><span class=\"ez-toc-section\" id=\"Jakich_kwestii_nie_ujeto_w_projekcie_nowelizacji_przepisow_o_cudzoziemcach\"><\/span><strong>Jakich kwestii nie uj\u0119to w projekcie nowelizacji przepis\u00f3w o cudzoziemcach?<\/strong><span class=\"ez-toc-section-end\"><\/span><\/h4>\n\n\n\n<p>Ot\u00f3\u017c pomini\u0119ta zosta\u0142a ca\u0142kowicie kwestia Niebieskiej Karty UE, kt\u00f3rej celem jest jednoczesna legalizacja pobytu i pracy cudzoziemca, a o kt\u00f3r\u0105 ubiegaj\u0105 si\u0119 najcz\u0119\u015bciej specjali\u015bci, kt\u00f3rzy pe\u0142ni\u0105 istotn\u0105 rol\u0119 w naszej gospodarce. Wygl\u0105da na to, \u017ce zostali oni pomini\u0119ciu w projektowaniu zmian lub zostanie na nich wymuszona rezygnacja z tego rodzaju zezwolenia, a przecie\u017c owa Niebieska Karta UE u\u0142atwia tak\u017ce sprowadzenie do Polski rodziny cudzoziemca, kt\u00f3ra r\u00f3wnie\u017c \u0142atwiej mo\u017ce podj\u0105\u0107 prac\u0119 w naszym kraju. To ca\u0142kowicie niezrozumia\u0142e, tym bardziej \u017ce w naszym kraju ci\u0105gle brakuje specjalist\u00f3w, a utrudnianie im legalno\u015bci pobytu i pracy jest kolosalnym b\u0142\u0119dem taktycznym ustawodawcy.<\/p>\n\n\n\n<p>Kolejn\u0105 pomini\u0119ta kwesti\u0105 w projekcie ustawy o obcokrajowcach jest ich mo\u017cliwo\u015b\u0107 podr\u00f3\u017cowania podczas czasu oczekiwania na wydanie polskiej karty pobytu po zako\u0144czeniu dotychczasowej karty pobytu lub utracie wa\u017cno\u015bci wizy. Na t\u0119 chwil\u0119 obcokrajowiec, kt\u00f3rego wniosek jest rozpatrywany, mo\u017ce w Polsce przebywa\u0107, jednak\u017ce nie mo\u017ce podr\u00f3\u017cowa\u0107 za granic\u0119. Co dziwne, nawet piecz\u0105tka potwierdzaj\u0105ca z\u0142o\u017cenie wniosku pobytowego nie uprawnia cudzoziemca nawet do ponownego przekroczenia polskiej granicy, ale tak\u017ce i nie jest uznawana w innych krajach Schengen, gdzie np. u naszych zachodnich s\u0105siad\u00f3w, w Niemczech, cudzoziemcy oczekuj\u0105cy na wydanie zezwole\u0144, maj\u0105 nieograniczone mo\u017cliwo\u015bci otrzymania dokumentu tymczasowego, na podstawie kt\u00f3rego mog\u0105 dowolnie podr\u00f3\u017cowa\u0107, a to oznacza chocia\u017cby, \u017ce osoby legalizuj\u0105ce sw\u00f3j pobyt w Polsce i oczekuj\u0105cy na zako\u0144czenie sprawy, nie maj\u0105 mo\u017cliwo\u015bci wyjazdu do swojej rodziny na \u015bwi\u0119ta, czy na inne wa\u017cne rodzinne wydarzenia, nawet w obliczu ci\u0105gn\u0105cego si\u0119 wiele miesi\u0119cy czasu oczekiwania.<\/p>\n\n\n\n<h4 class=\"wp-block-heading\"><span class=\"ez-toc-section\" id=\"Jakie_przewidziano_przepisy_przejsciowe_w_temacie_cudzoziemcow\"><\/span><strong>Jakie przewidziano przepisy przej\u015bciowe w temacie cudzoziemc\u00f3w?<\/strong><span class=\"ez-toc-section-end\"><\/span><\/h4>\n\n\n\n<p>W przepisach przej\u015bciowych nie dopuszczono w szerszym zakresie stosowania zmienionych przepis\u00f3w odno\u015bnie spraw, kt\u00f3re ju\u017c s\u0105 w toku poza wprowadzeniem trybu uproszczonego dla niekt\u00f3rych wniosk\u00f3w z\u0142o\u017conych przed 1 stycznia 2021 roku, a zapewne skorzystaliby te\u017c na tym inni cudzoziemcy, kt\u00f3rych sprawy o zezwolenia na pobyt i prac\u0119 ju\u017c si\u0119 tocz\u0105.<\/p>\n\n\n\n<p>Ekspert\u00f3w dziwi\u0105 tak\u017ce braki w kwestii dostosowania naszych przepis\u00f3w do wyrok\u00f3w Trybuna\u0142u Sprawiedliwo\u015bci UE.<\/p>\n\n\n\n<p>Podsumowuj\u0105c, mimo, \u017ce cudzoziemcy stanowi\u0105 ewidentne uzupe\u0142nienie kadrowe w wielu bran\u017cach polskiej gospodarki, \u0142atwa nie jest procedura legalizacji ich pobytu i pracy w naszym kraju, kt\u00f3ra cz\u0119sto trwa niestety miesi\u0105cami. Przygotowany zosta\u0142 projekt nowelizacji ustawy o cudzoziemcach, kt\u00f3ry trafi\u0142 ju\u017c do Sejmu RP. Poza wyczekiwanymi zmianami, kt\u00f3re znalaz\u0142y si\u0119 w projekcie, odno\u015bnie chocia\u017cby braku obowi\u0105zku wyst\u0119powania o nowe zezwolenia w przypadku awansu lub zmiany pracodawcy, czy zwolnienie z obowi\u0105zku potwierdzania miejsca zamieszkania w Polsce i udowadniania posiadania \u017ar\u00f3d\u0142a dochodu w Polsce, niestety nie zadbano o obecnych posiadaczy Niebieskiej Karty UE, kt\u00f3ra umo\u017cliwia \u0142atwiejszy legalny przyjazd i prac\u0119 tak\u017ce cz\u0142onk\u00f3w rodziny cudzoziemca. Ostateczny kszta\u0142t noweli ustawy poznamy zapewne na dniach, jednak\u017ce pozostaje mie\u0107 nadziej\u0119, \u017ce brakuj\u0105ce kwestie zostan\u0105 dopisane, a pozytywnie oceniane zmiany w nowelizacji ustawy nie zostan\u0105 pomini\u0119te lub zniekszta\u0142cone podczas prac sejmowych.<\/p>\n","protected":false},"excerpt":{"rendered":"<p>Wst\u0119pny projekt zmian ustawy o cudzoziemcach trafi\u0142 ju\u017c do Sejmu RP, jednak\u017ce w jakiej formie i kiedy zmiany zostan\u0105 wprowadzone<\/p>\n","protected":false},"author":3,"featured_media":4583,"comment_status":"open","ping_status":"open","sticky":false,"template":"","format":"standard","meta":{"footnotes":""},"categories":[4],"tags":[],"yoast_head":"<!-- This site is optimized with the Yoast SEO plugin v16.7 - https:\/\/yoast.com\/wordpress\/plugins\/seo\/ -->\n<title>Przyspieszenie procedur dla obcokrajowc\u00f3w - Artyku\u0142y dla Szukaj\u0105cych pracy<\/title>\n<meta name=\"description\" content=\"Wst\u0119pny projekt zmian ustawy o cudzoziemcach trafi\u0142 ju\u017c do Sejmu RP, jednak\u017ce w jakiej formie i kiedy zmiany zostan\u0105 wprowadzone w \u017cycie, tego nie wiadomo. Wiadomo jednak, \u017ce konieczna jest poprawa tych przepis\u00f3w i wype\u0142nienie istniej\u0105cych luk i doprecyzowanie niejasno\u015bci, by u\u0142atwi\u0107 mo\u017cliwo\u015b\u0107 uzupe\u0142niania, dotykaj\u0105cych nasz\u0105 rodzim\u0105 gospodark\u0119, brak\u00f3w kadrowych.\" \/>\n<meta name=\"robots\" content=\"index, follow, max-snippet:-1, max-image-preview:large, max-video-preview:-1\" \/>\n<link rel=\"canonical\" href=\"https:\/\/szukampracy.pl\/blog\/przyspieszenie-procedur-dla-obcokrajowcow\/\" \/>\n<meta property=\"og:locale\" content=\"pl_PL\" \/>\n<meta property=\"og:type\" content=\"article\" \/>\n<meta property=\"og:title\" content=\"Przyspieszenie procedur dla obcokrajowc\u00f3w - Artyku\u0142y dla Szukaj\u0105cych pracy\" \/>\n<meta property=\"og:description\" content=\"Wst\u0119pny projekt zmian ustawy o cudzoziemcach trafi\u0142 ju\u017c do Sejmu RP, jednak\u017ce w jakiej formie i kiedy zmiany zostan\u0105 wprowadzone w \u017cycie, tego nie wiadomo. Wiadomo jednak, \u017ce konieczna jest poprawa tych przepis\u00f3w i wype\u0142nienie istniej\u0105cych luk i doprecyzowanie niejasno\u015bci, by u\u0142atwi\u0107 mo\u017cliwo\u015b\u0107 uzupe\u0142niania, dotykaj\u0105cych nasz\u0105 rodzim\u0105 gospodark\u0119, brak\u00f3w kadrowych.\" \/>\n<meta property=\"og:url\" content=\"https:\/\/szukampracy.pl\/blog\/przyspieszenie-procedur-dla-obcokrajowcow\/\" \/>\n<meta property=\"og:site_name\" content=\"Blog Szukampracy.pl - Artyku\u0142y o rynku pracy i HR dla pracodawcy\" \/>\n<meta property=\"article:publisher\" content=\"https:\/\/www.facebook.com\/portalszukampracy\/\" \/>\n<meta property=\"article:published_time\" content=\"2021-11-30T08:49:00+00:00\" \/>\n<meta property=\"article:modified_time\" content=\"2021-11-29T20:56:47+00:00\" \/>\n<meta property=\"og:image\" content=\"https:\/\/szukampracy.pl\/blog\/wp-content\/uploads\/2021\/11\/oncokrajowiec-scaled.jpg\" \/>\n\t<meta property=\"og:image:width\" content=\"1024\" \/>\n\t<meta property=\"og:image:height\" content=\"683\" \/>\n<meta name=\"twitter:card\" content=\"summary\" \/>\n<meta name=\"twitter:creator\" content=\"@SzukamPracyPl\" \/>\n<meta name=\"twitter:site\" content=\"@SzukamPracyPl\" \/>\n<meta name=\"twitter:label1\" content=\"Written by\" \/>\n\t<meta name=\"twitter:data1\" content=\"Ekspert \u0141ukasz\" \/>\n\t<meta name=\"twitter:label2\" content=\"Est. reading time\" \/>\n\t<meta name=\"twitter:data2\" content=\"7 minut\" \/>\n<script type=\"application\/ld+json\" class=\"yoast-schema-graph\">{\"@context\":\"https:\/\/schema.org\",\"@graph\":[{\"@type\":\"Organization\",\"@id\":\"https:\/\/szukampracy.pl\/blog\/#organization\",\"name\":\"Szukampracy.pl\",\"url\":\"https:\/\/szukampracy.pl\/blog\/\",\"sameAs\":[\"https:\/\/www.facebook.com\/portalszukampracy\/\",\"https:\/\/www.linkedin.com\/company\/szukampracy-pl\",\"https:\/\/www.youtube.com\/channel\/UCmY56pXKURtawvJjwIvU2YQ\",\"https:\/\/twitter.com\/SzukamPracyPl\"],\"logo\":{\"@type\":\"ImageObject\",\"@id\":\"https:\/\/szukampracy.pl\/blog\/#logo\",\"inLanguage\":\"pl-PL\",\"url\":\"https:\/\/szukampracy.pl\/blog\/wp-content\/uploads\/2017\/08\/logo-1.png\",\"contentUrl\":\"https:\/\/szukampracy.pl\/blog\/wp-content\/uploads\/2017\/08\/logo-1.png\",\"width\":240,\"height\":33,\"caption\":\"Szukampracy.pl\"},\"image\":{\"@id\":\"https:\/\/szukampracy.pl\/blog\/#logo\"}},{\"@type\":\"WebSite\",\"@id\":\"https:\/\/szukampracy.pl\/blog\/#website\",\"url\":\"https:\/\/szukampracy.pl\/blog\/\",\"name\":\"Blog Szukampracy.pl - Artyku\\u0142y o rynku pracy i HR dla pracodawcy\",\"description\":\"Nasz blog powsta\\u0142 z my\\u015bl\\u0105 o Pracodawcach, Pracownikach i Kandydatach b\\u0119d\\u0105cych na etapie zapoznawania si\\u0119 z og\\u0142oszeniami o prac\\u0119. Mo\\u017cna u nas znale\\u017a\\u0107 artyku\\u0142y o rynku pracy, z dziedziny HR, zarz\\u0105dzania, ofert pracy za granic\\u0105 oraz inne ciekawostki. Nie wahaj si\\u0119 nas odwiedzi\\u0107\",\"publisher\":{\"@id\":\"https:\/\/szukampracy.pl\/blog\/#organization\"},\"potentialAction\":[{\"@type\":\"SearchAction\",\"target\":{\"@type\":\"EntryPoint\",\"urlTemplate\":\"https:\/\/szukampracy.pl\/blog\/?s={search_term_string}\"},\"query-input\":\"required name=search_term_string\"}],\"inLanguage\":\"pl-PL\"},{\"@type\":\"ImageObject\",\"@id\":\"https:\/\/szukampracy.pl\/blog\/przyspieszenie-procedur-dla-obcokrajowcow\/#primaryimage\",\"inLanguage\":\"pl-PL\",\"url\":\"https:\/\/szukampracy.pl\/blog\/wp-content\/uploads\/2021\/11\/oncokrajowiec-scaled.jpg\",\"contentUrl\":\"https:\/\/szukampracy.pl\/blog\/wp-content\/uploads\/2021\/11\/oncokrajowiec-scaled.jpg\",\"width\":1024,\"height\":683},{\"@type\":\"WebPage\",\"@id\":\"https:\/\/szukampracy.pl\/blog\/przyspieszenie-procedur-dla-obcokrajowcow\/#webpage\",\"url\":\"https:\/\/szukampracy.pl\/blog\/przyspieszenie-procedur-dla-obcokrajowcow\/\",\"name\":\"Przyspieszenie procedur dla obcokrajowc\\u00f3w - Artyku\\u0142y dla Szukaj\\u0105cych pracy\",\"isPartOf\":{\"@id\":\"https:\/\/szukampracy.pl\/blog\/#website\"},\"primaryImageOfPage\":{\"@id\":\"https:\/\/szukampracy.pl\/blog\/przyspieszenie-procedur-dla-obcokrajowcow\/#primaryimage\"},\"datePublished\":\"2021-11-30T08:49:00+00:00\",\"dateModified\":\"2021-11-29T20:56:47+00:00\",\"description\":\"Wst\\u0119pny projekt zmian ustawy o cudzoziemcach trafi\\u0142 ju\\u017c do Sejmu RP, jednak\\u017ce w jakiej formie i kiedy zmiany zostan\\u0105 wprowadzone w \\u017cycie, tego nie wiadomo. Wiadomo jednak, \\u017ce konieczna jest poprawa tych przepis\\u00f3w i wype\\u0142nienie istniej\\u0105cych luk i doprecyzowanie niejasno\\u015bci, by u\\u0142atwi\\u0107 mo\\u017cliwo\\u015b\\u0107 uzupe\\u0142niania, dotykaj\\u0105cych nasz\\u0105 rodzim\\u0105 gospodark\\u0119, brak\\u00f3w kadrowych.\",\"breadcrumb\":{\"@id\":\"https:\/\/szukampracy.pl\/blog\/przyspieszenie-procedur-dla-obcokrajowcow\/#breadcrumb\"},\"inLanguage\":\"pl-PL\",\"potentialAction\":[{\"@type\":\"ReadAction\",\"target\":[\"https:\/\/szukampracy.pl\/blog\/przyspieszenie-procedur-dla-obcokrajowcow\/\"]}]},{\"@type\":\"BreadcrumbList\",\"@id\":\"https:\/\/szukampracy.pl\/blog\/przyspieszenie-procedur-dla-obcokrajowcow\/#breadcrumb\",\"itemListElement\":[{\"@type\":\"ListItem\",\"position\":1,\"name\":\"Blog\",\"item\":\"https:\/\/szukampracy.pl\/blog\/\"},{\"@type\":\"ListItem\",\"position\":2,\"name\":\"Poszukiwanie pracy\",\"item\":\"https:\/\/szukampracy.pl\/blog\/poszukiwanie-pracy\/\"},{\"@type\":\"ListItem\",\"position\":3,\"name\":\"Przyspieszenie procedur dla obcokrajowc\\u00f3w\"}]},{\"@type\":\"Article\",\"@id\":\"https:\/\/szukampracy.pl\/blog\/przyspieszenie-procedur-dla-obcokrajowcow\/#article\",\"isPartOf\":{\"@id\":\"https:\/\/szukampracy.pl\/blog\/przyspieszenie-procedur-dla-obcokrajowcow\/#webpage\"},\"author\":{\"@id\":\"https:\/\/szukampracy.pl\/blog\/#\/schema\/person\/3952d4bf69b606b39399e9e649ef2394\"},\"headline\":\"Przyspieszenie procedur dla obcokrajowc\\u00f3w\",\"datePublished\":\"2021-11-30T08:49:00+00:00\",\"dateModified\":\"2021-11-29T20:56:47+00:00\",\"mainEntityOfPage\":{\"@id\":\"https:\/\/szukampracy.pl\/blog\/przyspieszenie-procedur-dla-obcokrajowcow\/#webpage\"},\"wordCount\":1832,\"commentCount\":0,\"publisher\":{\"@id\":\"https:\/\/szukampracy.pl\/blog\/#organization\"},\"image\":{\"@id\":\"https:\/\/szukampracy.pl\/blog\/przyspieszenie-procedur-dla-obcokrajowcow\/#primaryimage\"},\"thumbnailUrl\":\"https:\/\/szukampracy.pl\/blog\/wp-content\/uploads\/2021\/11\/oncokrajowiec-scaled.jpg\",\"articleSection\":[\"Poszukiwanie pracy\"],\"inLanguage\":\"pl-PL\",\"potentialAction\":[{\"@type\":\"CommentAction\",\"name\":\"Comment\",\"target\":[\"https:\/\/szukampracy.pl\/blog\/przyspieszenie-procedur-dla-obcokrajowcow\/#respond\"]}]},{\"@type\":\"Person\",\"@id\":\"https:\/\/szukampracy.pl\/blog\/#\/schema\/person\/3952d4bf69b606b39399e9e649ef2394\",\"name\":\"Ekspert \\u0141ukasz\",\"image\":{\"@type\":\"ImageObject\",\"@id\":\"https:\/\/szukampracy.pl\/blog\/#personlogo\",\"inLanguage\":\"pl-PL\",\"url\":\"https:\/\/secure.gravatar.com\/avatar\/7733c11b2e55f533f1cae76b6c86129d?s=96&d=mm&r=g\",\"contentUrl\":\"https:\/\/secure.gravatar.com\/avatar\/7733c11b2e55f533f1cae76b6c86129d?s=96&d=mm&r=g\",\"caption\":\"Ekspert \\u0141ukasz\"},\"description\":\"Ekspert \\u0141ukasz swoje wieloletnie do\\u015bwiadczenie na rynku pracy postanowi\\u0142 przekaza\\u0107 tak\\u017ce na naszym blogu. Jego artyku\\u0142y dotycz\\u0105 aktualnych zmian gospodarczych a tak\\u017ce tych na rynku pracy. Z ch\\u0119cia udzieli porad pracodawc\\u0105, kt\\u00f3rzy pr\\u0119\\u017cnie rozwijaj\\u0105 swoje firmy.\"}]}<\/script>\n<!-- \/ Yoast SEO plugin. -->","yoast_head_json":{"title":"Przyspieszenie procedur dla obcokrajowc\u00f3w - Artyku\u0142y dla Szukaj\u0105cych pracy","description":"Wst\u0119pny projekt zmian ustawy o cudzoziemcach trafi\u0142 ju\u017c do Sejmu RP, jednak\u017ce w jakiej formie i kiedy zmiany zostan\u0105 wprowadzone w \u017cycie, tego nie wiadomo. Wiadomo jednak, \u017ce konieczna jest poprawa tych przepis\u00f3w i wype\u0142nienie istniej\u0105cych luk i doprecyzowanie niejasno\u015bci, by u\u0142atwi\u0107 mo\u017cliwo\u015b\u0107 uzupe\u0142niania, dotykaj\u0105cych nasz\u0105 rodzim\u0105 gospodark\u0119, brak\u00f3w kadrowych.","robots":{"index":"index","follow":"follow","max-snippet":"max-snippet:-1","max-image-preview":"max-image-preview:large","max-video-preview":"max-video-preview:-1"},"canonical":"https:\/\/szukampracy.pl\/blog\/przyspieszenie-procedur-dla-obcokrajowcow\/","og_locale":"pl_PL","og_type":"article","og_title":"Przyspieszenie procedur dla obcokrajowc\u00f3w - Artyku\u0142y dla Szukaj\u0105cych pracy","og_description":"Wst\u0119pny projekt zmian ustawy o cudzoziemcach trafi\u0142 ju\u017c do Sejmu RP, jednak\u017ce w jakiej formie i kiedy zmiany zostan\u0105 wprowadzone w \u017cycie, tego nie wiadomo. Wiadomo jednak, \u017ce konieczna jest poprawa tych przepis\u00f3w i wype\u0142nienie istniej\u0105cych luk i doprecyzowanie niejasno\u015bci, by u\u0142atwi\u0107 mo\u017cliwo\u015b\u0107 uzupe\u0142niania, dotykaj\u0105cych nasz\u0105 rodzim\u0105 gospodark\u0119, brak\u00f3w kadrowych.","og_url":"https:\/\/szukampracy.pl\/blog\/przyspieszenie-procedur-dla-obcokrajowcow\/","og_site_name":"Blog Szukampracy.pl - Artyku\u0142y o rynku pracy i HR dla pracodawcy","article_publisher":"https:\/\/www.facebook.com\/portalszukampracy\/","article_published_time":"2021-11-30T08:49:00+00:00","article_modified_time":"2021-11-29T20:56:47+00:00","og_image":[{"width":1024,"height":683,"url":"https:\/\/szukampracy.pl\/blog\/wp-content\/uploads\/2021\/11\/oncokrajowiec-scaled.jpg","path":"\/home\/szukamprac\/domains\/szukampracy.pl\/public_html\/blog\/wp-content\/uploads\/2021\/11\/oncokrajowiec-scaled.jpg","size":"full","id":4583,"alt":"","pixels":699392,"type":"image\/jpeg"}],"twitter_card":"summary","twitter_creator":"@SzukamPracyPl","twitter_site":"@SzukamPracyPl","twitter_misc":{"Written by":"Ekspert \u0141ukasz","Est. reading time":"7 minut"},"schema":{"@context":"https:\/\/schema.org","@graph":[{"@type":"Organization","@id":"https:\/\/szukampracy.pl\/blog\/#organization","name":"Szukampracy.pl","url":"https:\/\/szukampracy.pl\/blog\/","sameAs":["https:\/\/www.facebook.com\/portalszukampracy\/","https:\/\/www.linkedin.com\/company\/szukampracy-pl","https:\/\/www.youtube.com\/channel\/UCmY56pXKURtawvJjwIvU2YQ","https:\/\/twitter.com\/SzukamPracyPl"],"logo":{"@type":"ImageObject","@id":"https:\/\/szukampracy.pl\/blog\/#logo","inLanguage":"pl-PL","url":"https:\/\/szukampracy.pl\/blog\/wp-content\/uploads\/2017\/08\/logo-1.png","contentUrl":"https:\/\/szukampracy.pl\/blog\/wp-content\/uploads\/2017\/08\/logo-1.png","width":240,"height":33,"caption":"Szukampracy.pl"},"image":{"@id":"https:\/\/szukampracy.pl\/blog\/#logo"}},{"@type":"WebSite","@id":"https:\/\/szukampracy.pl\/blog\/#website","url":"https:\/\/szukampracy.pl\/blog\/","name":"Blog Szukampracy.pl - Artyku\u0142y o rynku pracy i HR dla pracodawcy","description":"Nasz blog powsta\u0142 z my\u015bl\u0105 o Pracodawcach, Pracownikach i Kandydatach b\u0119d\u0105cych na etapie zapoznawania si\u0119 z og\u0142oszeniami o prac\u0119. Mo\u017cna u nas znale\u017a\u0107 artyku\u0142y o rynku pracy, z dziedziny HR, zarz\u0105dzania, ofert pracy za granic\u0105 oraz inne ciekawostki. Nie wahaj si\u0119 nas odwiedzi\u0107","publisher":{"@id":"https:\/\/szukampracy.pl\/blog\/#organization"},"potentialAction":[{"@type":"SearchAction","target":{"@type":"EntryPoint","urlTemplate":"https:\/\/szukampracy.pl\/blog\/?s={search_term_string}"},"query-input":"required name=search_term_string"}],"inLanguage":"pl-PL"},{"@type":"ImageObject","@id":"https:\/\/szukampracy.pl\/blog\/przyspieszenie-procedur-dla-obcokrajowcow\/#primaryimage","inLanguage":"pl-PL","url":"https:\/\/szukampracy.pl\/blog\/wp-content\/uploads\/2021\/11\/oncokrajowiec-scaled.jpg","contentUrl":"https:\/\/szukampracy.pl\/blog\/wp-content\/uploads\/2021\/11\/oncokrajowiec-scaled.jpg","width":1024,"height":683},{"@type":"WebPage","@id":"https:\/\/szukampracy.pl\/blog\/przyspieszenie-procedur-dla-obcokrajowcow\/#webpage","url":"https:\/\/szukampracy.pl\/blog\/przyspieszenie-procedur-dla-obcokrajowcow\/","name":"Przyspieszenie procedur dla obcokrajowc\u00f3w - Artyku\u0142y dla Szukaj\u0105cych pracy","isPartOf":{"@id":"https:\/\/szukampracy.pl\/blog\/#website"},"primaryImageOfPage":{"@id":"https:\/\/szukampracy.pl\/blog\/przyspieszenie-procedur-dla-obcokrajowcow\/#primaryimage"},"datePublished":"2021-11-30T08:49:00+00:00","dateModified":"2021-11-29T20:56:47+00:00","description":"Wst\u0119pny projekt zmian ustawy o cudzoziemcach trafi\u0142 ju\u017c do Sejmu RP, jednak\u017ce w jakiej formie i kiedy zmiany zostan\u0105 wprowadzone w \u017cycie, tego nie wiadomo. Wiadomo jednak, \u017ce konieczna jest poprawa tych przepis\u00f3w i wype\u0142nienie istniej\u0105cych luk i doprecyzowanie niejasno\u015bci, by u\u0142atwi\u0107 mo\u017cliwo\u015b\u0107 uzupe\u0142niania, dotykaj\u0105cych nasz\u0105 rodzim\u0105 gospodark\u0119, brak\u00f3w kadrowych.","breadcrumb":{"@id":"https:\/\/szukampracy.pl\/blog\/przyspieszenie-procedur-dla-obcokrajowcow\/#breadcrumb"},"inLanguage":"pl-PL","potentialAction":[{"@type":"ReadAction","target":["https:\/\/szukampracy.pl\/blog\/przyspieszenie-procedur-dla-obcokrajowcow\/"]}]},{"@type":"BreadcrumbList","@id":"https:\/\/szukampracy.pl\/blog\/przyspieszenie-procedur-dla-obcokrajowcow\/#breadcrumb","itemListElement":[{"@type":"ListItem","position":1,"name":"Blog","item":"https:\/\/szukampracy.pl\/blog\/"},{"@type":"ListItem","position":2,"name":"Poszukiwanie pracy","item":"https:\/\/szukampracy.pl\/blog\/poszukiwanie-pracy\/"},{"@type":"ListItem","position":3,"name":"Przyspieszenie procedur dla obcokrajowc\u00f3w"}]},{"@type":"Article","@id":"https:\/\/szukampracy.pl\/blog\/przyspieszenie-procedur-dla-obcokrajowcow\/#article","isPartOf":{"@id":"https:\/\/szukampracy.pl\/blog\/przyspieszenie-procedur-dla-obcokrajowcow\/#webpage"},"author":{"@id":"https:\/\/szukampracy.pl\/blog\/#\/schema\/person\/3952d4bf69b606b39399e9e649ef2394"},"headline":"Przyspieszenie procedur dla obcokrajowc\u00f3w","datePublished":"2021-11-30T08:49:00+00:00","dateModified":"2021-11-29T20:56:47+00:00","mainEntityOfPage":{"@id":"https:\/\/szukampracy.pl\/blog\/przyspieszenie-procedur-dla-obcokrajowcow\/#webpage"},"wordCount":1832,"commentCount":0,"publisher":{"@id":"https:\/\/szukampracy.pl\/blog\/#organization"},"image":{"@id":"https:\/\/szukampracy.pl\/blog\/przyspieszenie-procedur-dla-obcokrajowcow\/#primaryimage"},"thumbnailUrl":"https:\/\/szukampracy.pl\/blog\/wp-content\/uploads\/2021\/11\/oncokrajowiec-scaled.jpg","articleSection":["Poszukiwanie pracy"],"inLanguage":"pl-PL","potentialAction":[{"@type":"CommentAction","name":"Comment","target":["https:\/\/szukampracy.pl\/blog\/przyspieszenie-procedur-dla-obcokrajowcow\/#respond"]}]},{"@type":"Person","@id":"https:\/\/szukampracy.pl\/blog\/#\/schema\/person\/3952d4bf69b606b39399e9e649ef2394","name":"Ekspert \u0141ukasz","image":{"@type":"ImageObject","@id":"https:\/\/szukampracy.pl\/blog\/#personlogo","inLanguage":"pl-PL","url":"https:\/\/secure.gravatar.com\/avatar\/7733c11b2e55f533f1cae76b6c86129d?s=96&d=mm&r=g","contentUrl":"https:\/\/secure.gravatar.com\/avatar\/7733c11b2e55f533f1cae76b6c86129d?s=96&d=mm&r=g","caption":"Ekspert \u0141ukasz"},"description":"Ekspert \u0141ukasz swoje wieloletnie do\u015bwiadczenie na rynku pracy postanowi\u0142 przekaza\u0107 tak\u017ce na naszym blogu. Jego artyku\u0142y dotycz\u0105 aktualnych zmian gospodarczych a tak\u017ce tych na rynku pracy. Z ch\u0119cia udzieli porad pracodawc\u0105, kt\u00f3rzy pr\u0119\u017cnie rozwijaj\u0105 swoje firmy."}]}},"fimg_url":"https:\/\/szukampracy.pl\/blog\/wp-content\/uploads\/2021\/11\/oncokrajowiec-scaled.jpg","amp_enabled":true,"_links":{"self":[{"href":"https:\/\/szukampracy.pl\/blog\/wp-json\/wp\/v2\/posts\/4582"}],"collection":[{"href":"https:\/\/szukampracy.pl\/blog\/wp-json\/wp\/v2\/posts"}],"about":[{"href":"https:\/\/szukampracy.pl\/blog\/wp-json\/wp\/v2\/types\/post"}],"author":[{"embeddable":true,"href":"https:\/\/szukampracy.pl\/blog\/wp-json\/wp\/v2\/users\/3"}],"replies":[{"embeddable":true,"href":"https:\/\/szukampracy.pl\/blog\/wp-json\/wp\/v2\/comments?post=4582"}],"version-history":[{"count":0,"href":"https:\/\/szukampracy.pl\/blog\/wp-json\/wp\/v2\/posts\/4582\/revisions"}],"wp:featuredmedia":[{"embeddable":true,"href":"https:\/\/szukampracy.pl\/blog\/wp-json\/wp\/v2\/media\/4583"}],"wp:attachment":[{"href":"https:\/\/szukampracy.pl\/blog\/wp-json\/wp\/v2\/media?parent=4582"}],"wp:term":[{"taxonomy":"category","embeddable":true,"href":"https:\/\/szukampracy.pl\/blog\/wp-json\/wp\/v2\/categories?post=4582"},{"taxonomy":"post_tag","embeddable":true,"href":"https:\/\/szukampracy.pl\/blog\/wp-json\/wp\/v2\/tags?post=4582"}],"curies":[{"name":"wp","href":"https:\/\/api.w.org\/{rel}","templated":true}]}}