{"id":3400,"date":"2020-10-29T07:00:07","date_gmt":"2020-10-29T07:00:07","guid":{"rendered":"https:\/\/szukampracy.pl\/blog\/?p=3400"},"modified":"2020-12-08T07:38:36","modified_gmt":"2020-12-08T07:38:36","slug":"obnizone-swiadczenia-chorobowe-do-wyrownania","status":"publish","type":"post","link":"https:\/\/szukampracy.pl\/blog\/obnizone-swiadczenia-chorobowe-do-wyrownania\/","title":{"rendered":"Obni\u017cone \u015bwiadczenia chorobowe do wyr\u00f3wnania"},"content":{"rendered":"\n<p>Okazuje si\u0119, i\u017c pracownicy,\nkt\u00f3rzy mieli w zwi\u0105zku z epidemi\u0105 wirusa SARS-CoV-2 i wywo\u0142anym przez ni\u0105\nkryzysem gospodarczym zmniejszony wymiar czasu pracy, otrzymali ni\u017csze zasi\u0142ki.\nTymczasem nowe przepisy nakazuj\u0105 ich podwy\u017cszenie.<\/p>\n\n\n\n<h3 class=\"wp-block-heading\"><strong>Na jakiej podstawie mo\u017cna\ntwierdzi\u0107 o mo\u017cliwo\u015bci wyr\u00f3wnania zani\u017conych \u015bwiadcze\u0144?<\/strong><\/h3>\n\n\n\n<p>W dniu 9 pa\u017adziernika 2020 roku\nwesz\u0142a w \u017cycie ustawa z dnia 7 pa\u017adziernika 2020 roku o zmianie niekt\u00f3rych\nustaw w celu przeciwdzia\u0142ania spo\u0142eczno-gospodarczym skutkom COVID-19 (Dz.U. z\n2020 r. poz. 1747). I jedno z jej uregulowa\u0144 dotyczy budz\u0105cej ju\u017c od dawna\nkwestii ustalania zasi\u0142k\u00f3w od wynagrodze\u0144 obni\u017conych w zwi\u0105zku ze zmniejszeniem\nwymiaru czasu pracy w okresie epidemii.<\/p>\n\n\n\n<p>W\u0142a\u015bnie powo\u0142ana wy\u017cej ustawa\ndaje pracownikom prawo do ubiegania si\u0119 o przeliczenie podstaw zasi\u0142k\u00f3w i\nwyp\u0142at\u0119 wyr\u00f3wna\u0144 \u015bwiadcze\u0144, jak chocia\u017cby zasi\u0142ku macierzy\u0144skiego, chorobowego\nczy te\u017c opieku\u0144czego.<\/p>\n\n\n\n<p>Generalnie bowiem na podstawie\nwprowadzonych w czasie epidemii ustaw antykryzysowych pracodawcy mieli mi\u0119dzy\ninnymi mo\u017cliwo\u015b\u0107 czasowego obni\u017cania pracownikom wymiaru czasu pracy\nmaksymalnie o 20%. Warunkiem takiego obni\u017cenia by\u0142o porozumienie ze zwi\u0105zkami\nzawodowymi lub reprezentacj\u0105 za\u0142ogi oraz wymagany ustaw\u0105 spadek obrot\u00f3w lub\nwzrost obci\u0105\u017cenia funduszu p\u0142ac. A skr\u00f3ceniu czasu pracy najcz\u0119\u015bciej\ntowarzyszy\u0142o odpowiednie obni\u017cenie wynagrodze\u0144.<\/p>\n\n\n\n<p>I w tym okresie pracownikom,\nkt\u00f3rzy po zastosowaniu tych zmian nabywali prawo do zasi\u0142k\u00f3w, p\u0142atnik (ZUS lub\npracodawca) ustala\u0142 podstaw\u0119 wymiaru z okresu po zmniejszeniu etatu, czyli z\nwynagrodze\u0144 dla nowego wymiaru czasu pracy. Takie podst\u0119powanie wynika\u0142o ze\nstosowania art. 40 ustawy o \u015bwiadczeniach pieni\u0119\u017cnych z ubezpieczenia\nspo\u0142ecznego w razie choroby i macierzy\u0144stwa (zwana dalej ustaw\u0105 zasi\u0142kow\u0105).<\/p>\n\n\n\n<p>St\u0105d te\u017c, je\u015bli pracownik\nzachorowa\u0142 i w czasie jego nieobecno\u015bci dosz\u0142o do ograniczenia skali etatu, a\npotem naby\u0142 prawo do kolejnego zasi\u0142ku, to podstawa wymiaru tego zasi\u0142ku by\u0142a\nju\u017c obliczana z przychodu dla nowego etatu, czyli po zmianie warunk\u00f3w pracy.\nProblem by\u0142 jednak w tym, i\u017c z kolei na podstawie art. 43 powo\u0142anej wy\u017cej\nustawy zasi\u0142kowej podstawy wymiaru zasi\u0142ku nie ustala si\u0119 na nowo, je\u015bli mi\u0119dzy\nokresami pobierania zasi\u0142k\u00f3w tego samego rodzaju, jak i innego rodzaju nie by\u0142o\nprzerwy albo przerwa by\u0142a kr\u00f3tsza ni\u017c 3 miesi\u0105ce kalendarzowe. Interpretacja\nZUS powo\u0142ywa\u0142a si\u0119 jednak na komentarz do ustawy zasi\u0142kowej, z kt\u00f3rego wynika,\ni\u017c przepis o nieustalaniu podstawy do zasi\u0142k\u00f3w na nowo nie ma zastosowania, gdy\npomi\u0119dzy poszczeg\u00f3lnymi okresami pobierania zasi\u0142k\u00f3w mia\u0142a miejsce zmiana\nwymiaru czasu pracy. St\u0105d te\u017c w sytuacji, gdy niezdolno\u015bci do pracy nast\u0119powa\u0142y\npo sobie lub okresy przerwy by\u0142y kr\u00f3tsze ni\u017c 3 miesi\u0105ce, ale w mi\u0119dzyczasie\npracownikowi skurczy\u0142 si\u0119 etat, podstawa kolejnego \u015bwiadczenia ulega\u0142a obni\u017cce,\na tym samym obni\u017ca\u0142a si\u0119 wysoko\u015b\u0107 zasi\u0142ku.<\/p>\n\n\n\n<p>Takie w\u0142a\u015bnie podej\u015bcie i\ninterpretacja przepis\u00f3w budzi\u0142y du\u017co w\u0105tpliwo\u015bci, szczeg\u00f3lnie chocia\u017cby wobec\nzasi\u0142ku macierzy\u0144skiego, do kt\u00f3rego praw nabywa\u0142y pracownice w czasie\nobowi\u0105zywania antykryzysowych przepis\u00f3w. Zasi\u0142ki te bowiem, pomimo i\u017c\nnast\u0119powa\u0142y zaraz po zako\u0144czeniu pobierania zasi\u0142ku chorobowego (wywo\u0142uj\u0105c\nci\u0105g\u0142o\u015b\u0107), by\u0142y obliczane wed\u0142ug mniej korzystnych zasad i ni\u017cszej podstawy.<\/p>\n\n\n\n<h3 class=\"wp-block-heading\"><strong>Co zatem zmieniaj\u0105 nowe\nprzepisy obowi\u0105zuj\u0105ce od pocz\u0105tkowych dni pa\u017adziernika 2020 roku?<\/strong><\/h3>\n\n\n\n<p>Ot\u00f3\u017c zgodnie z nowymi przepisami\nprzy ustalaniu podstawy wymiaru \u015bwiadcze\u0144 pieni\u0119\u017cnych z ubezpieczenia\nspo\u0142ecznego w razie choroby i macierzy\u0144stwa przys\u0142uguj\u0105cych osobom, kt\u00f3rym\nobni\u017cono wymiar czasu pracy na podstawie art. 15g ustawy o szczeg\u00f3lnych\nrozwi\u0105zaniach zwi\u0105zanych z zapobieganiem, przeciwdzia\u0142aniem i zwalczaniem\nCOVID-19, innych chor\u00f3b zaka\u017anych oraz wywo\u0142anych nimi sytuacji kryzysowych (zwana\ndalej specustaw\u0105) oraz osobom, kt\u00f3rym na podstawie 1rt. 15zf tej\u017ce ustawy\nwprowadzono mniej korzystne warunki zatrudnienia ni\u017c wynikaj\u0105ce z um\u00f3w o prac\u0119,\nnie stosuje si\u0119 art. 40 ustawy zasi\u0142kowej, gdy:<\/p>\n\n\n\n<ul><li>obni\u017cenie wymiaru czasu pracy lub wprowadzenie\nmniej korzystnych warunk\u00f3w zatrudnienia nast\u0105pi\u0142o w okresie wcze\u015bniej\npobieranego zasi\u0142ku oraz<\/li><li>mi\u0119dzy okresami pobierania wcze\u015bniejszego i\nkolejnego zasi\u0142ku nie by\u0142o przerwy albo przerwa by\u0142a kr\u00f3tsza ni\u017c 3 miesi\u0105ce\nkalendarzowe<\/li><\/ul>\n\n\n\n<p>Takie brzmienie przepis\u00f3w\noznacza, i\u017c ustalanie podstawy do wyp\u0142at zasi\u0142ku z nowego okresu na podstawie\nart. 40 ustawy zasi\u0142kowej nie dotyczy os\u00f3b, kt\u00f3rym pracodawca:<\/p>\n\n\n\n<ul><li>obni\u017cy\u0142 wymiar czasu pracy na postawie\nspecustawy<\/li><li>wprowadzi\u0142 na podstawie specustawy mniej\nkorzystne warunki zatrudnienia ni\u017c wynikaj\u0105ce z um\u00f3w o prac\u0119<\/li><\/ul>\n\n\n\n<p>Je\u015bli zatem spe\u0142nione zosta\u0142y\npowy\u017csze warunki, w\u00f3wczas zmiana wymiaru etatu nie ma wp\u0142ywu ma wcze\u015bniej\nustalon\u0105 podstaw\u0119 do obliczania zasi\u0142k\u00f3w. <\/p>\n\n\n\n<h3 class=\"wp-block-heading\"><strong>Co zatem takie brzmienie\nnowych przepis\u00f3w oznacza dla os\u00f3b, kt\u00f3re otrzyma\u0142y ni\u017csze zasi\u0142ki?<\/strong><\/h3>\n\n\n\n<p>Ot\u00f3\u017c korzy\u015b\u0107 z tej nowej ustawy,\ndla os\u00f3b, kt\u00f3re otrzyma\u0142y ni\u017csze zasi\u0142ki, jest taka, i\u017c maj\u0105 one prawo do\nwyr\u00f3wnania \u015bwiadcze\u0144. By ono nast\u0105pi\u0142o musi doj\u015b\u0107 do przeliczenia podstawy\nwymiaru zasi\u0142ku i wniosek taki nale\u017cy z\u0142o\u017cy\u0107 do:<\/p>\n\n\n\n<ul><li>pracodawcy, je\u015bli jest on uprawniony do wyp\u0142aty\nzasi\u0142k\u00f3w swym pracownikom<\/li><li>ZUS, je\u015bli zasi\u0142ek wyp\u0142aca\u0142 ten organ<\/li><\/ul>\n\n\n\n<p>Nie ma gotowego druku wniosku,\nnatomiast wystarczy, by \u015bwiadczeniobiorca wyst\u0105pi\u0142 z pisemnym wnioskiem o\nprzeliczenie wcze\u015bniej wyp\u0142aconego zasi\u0142ku, zani\u017conego w zwi\u0105zku z obni\u017conym\nwymiarem czasu pracy.<\/p>\n\n\n\n<p>Samego przeliczenia podstawy wymiaru\nzasi\u0142k\u00f3w ju\u017c wyp\u0142aconych dokonuje ZUS lub pracodawca za okres:<\/p>\n\n\n\n<ul><li>po 30 marca 2020 roku dla pracownik\u00f3w, kt\u00f3rym\nobni\u017cono wymiar czasu pracy maksymalnie o 20%, nie wi\u0119cej ni\u017c do \u00bd etatu, lub\nwobec kt\u00f3rych zawarto porozumienie o stosowaniu mniej korzystnych warunk\u00f3w\nzatrudnienia ni\u017c te wynikaj\u0105ce z umowy o prac\u0119<\/li><li>po 23 czerwca 2020 roku dla pracownik\u00f3w, kt\u00f3rym wymiar\nczasu pracy zosta\u0142 obni\u017cony maksymalnie o 20%, nie wi\u0119cej ni\u017c do \u00bd etatu,\nzatrudnionych u pracodawcy, kt\u00f3remu zmniejszy\u0142y si\u0119 przychody i w zwi\u0105zku z tym\nistotnie wzros\u0142y obci\u0105\u017cenia funduszu wynagrodze\u0144<\/li><li>po 25 sierpnia 2020 roku dla pracownik\u00f3w, kt\u00f3rym\nna mocy rozporz\u0105dzenia Rady Ministr\u00f3w wprowadzono na czas okre\u015blony, nie\nd\u0142u\u017cszy ni\u017c do ko\u0144ca danego roku bud\u017cetowego, mniej korzystane warunku zatrudnienia\nni\u017c te wynikaj\u0105ce z podstawy nawi\u0105zania stosunku pracy<\/li><\/ul>\n\n\n\n<p>Wartym podkre\u015blenia jest te\u017c to,\ni\u017c nowe przepisy normuj\u0105 spos\u00f3b obliczania podstawy wymiaru zasi\u0142k\u00f3w zar\u00f3wno\npracownikom, kt\u00f3rzy dopiero nab\u0119d\u0105 prawo do tych \u015bwiadcze\u0144, jak i pracownik\u00f3w,\nkt\u00f3rym ZUS albo pracodawca ustali\u0142 ju\u017c podstaw\u0119 wymiaru \u015bwiadcze\u0144 na podstawie\nobni\u017conego wynagrodzenia.<\/p>\n\n\n\n<p>Podsumowuj\u0105c, mamy do czynienia z\nkolejnym naprawianiem b\u0142\u0119d\u00f3w, kt\u00f3re powsta\u0142y podczas opracowywania,\nprocesowania i uchwalania przepis\u00f3w dotycz\u0105cych dzia\u0142a\u0144 przeciwdzia\u0142aj\u0105cych\nkryzysowi gospodarczemu, wywo\u0142anemu epidemi\u0105 wirusa SARS-CoV-2. Tym razem\ndotyka to os\u00f3b, kt\u00f3re wskutek dzia\u0142ania tych\u017ce przepis\u00f3w mia\u0142y obni\u017cony wymiar\nzasi\u0142k\u00f3w wskutek obni\u017conego wymiaru czasu pracy. Dobrze, i\u017c maj\u0105 one obecnie\nmo\u017cliwo\u015b\u0107 ubiegania si\u0119 o wyr\u00f3wnanie owych zani\u017conych zasi\u0142k\u00f3w. <\/p>\n","protected":false},"excerpt":{"rendered":"<p>Okazuje si\u0119, i\u017c pracownicy, kt\u00f3rzy mieli w zwi\u0105zku z epidemi\u0105 wirusa SARS-CoV-2 i wywo\u0142anym przez ni\u0105 kryzysem gospodarczym zmniejszony wymiar<\/p>\n","protected":false},"author":3,"featured_media":3401,"comment_status":"open","ping_status":"open","sticky":false,"template":"","format":"standard","meta":{"footnotes":""},"categories":[8],"tags":[1557,1069,1558,1451],"yoast_head":"<!-- This site is optimized with the Yoast SEO plugin v16.7 - https:\/\/yoast.com\/wordpress\/plugins\/seo\/ -->\n<title>Obni\u017cone \u015bwiadczenia chorobowe do wyr\u00f3wnania - Artyku\u0142y dla Szukaj\u0105cych pracy<\/title>\n<meta name=\"description\" content=\"Nowy artyku\u0142 Obni\u017cone \u015bwiadczenia chorobowe do wyr\u00f3wnania na Blog Szukampracy.pl - Artyku\u0142y o rynku pracy i HR dla pracodawcy . Czytaj wi\u0119cej na blogu Szukampracy.pl!\" \/>\n<meta name=\"robots\" content=\"index, follow, max-snippet:-1, max-image-preview:large, max-video-preview:-1\" \/>\n<link rel=\"canonical\" href=\"https:\/\/szukampracy.pl\/blog\/obnizone-swiadczenia-chorobowe-do-wyrownania\/\" \/>\n<meta property=\"og:locale\" content=\"pl_PL\" \/>\n<meta property=\"og:type\" content=\"article\" \/>\n<meta property=\"og:title\" content=\"Obni\u017cone \u015bwiadczenia chorobowe do wyr\u00f3wnania - Artyku\u0142y dla Szukaj\u0105cych pracy\" \/>\n<meta property=\"og:description\" content=\"Nowy artyku\u0142 Obni\u017cone \u015bwiadczenia chorobowe do wyr\u00f3wnania na Blog Szukampracy.pl - Artyku\u0142y o rynku pracy i HR dla pracodawcy . Czytaj wi\u0119cej na blogu Szukampracy.pl!\" \/>\n<meta property=\"og:url\" content=\"https:\/\/szukampracy.pl\/blog\/obnizone-swiadczenia-chorobowe-do-wyrownania\/\" \/>\n<meta property=\"og:site_name\" content=\"Blog Szukampracy.pl - Artyku\u0142y o rynku pracy i HR dla pracodawcy\" \/>\n<meta property=\"article:publisher\" content=\"https:\/\/www.facebook.com\/portalszukampracy\/\" \/>\n<meta property=\"article:published_time\" content=\"2020-10-29T07:00:07+00:00\" \/>\n<meta property=\"article:modified_time\" content=\"2020-12-08T07:38:36+00:00\" \/>\n<meta property=\"og:image\" content=\"https:\/\/szukampracy.pl\/blog\/wp-content\/uploads\/2020\/10\/covid-1.jpg\" \/>\n\t<meta property=\"og:image:width\" content=\"1024\" \/>\n\t<meta property=\"og:image:height\" content=\"576\" \/>\n<meta name=\"twitter:card\" content=\"summary\" \/>\n<meta name=\"twitter:creator\" content=\"@SzukamPracyPl\" \/>\n<meta name=\"twitter:site\" content=\"@SzukamPracyPl\" \/>\n<meta name=\"twitter:label1\" content=\"Written by\" \/>\n\t<meta name=\"twitter:data1\" content=\"Ekspert \u0141ukasz\" \/>\n\t<meta name=\"twitter:label2\" content=\"Est. reading time\" \/>\n\t<meta name=\"twitter:data2\" content=\"6 minut\" \/>\n<script type=\"application\/ld+json\" class=\"yoast-schema-graph\">{\"@context\":\"https:\/\/schema.org\",\"@graph\":[{\"@type\":\"Organization\",\"@id\":\"https:\/\/szukampracy.pl\/blog\/#organization\",\"name\":\"Szukampracy.pl\",\"url\":\"https:\/\/szukampracy.pl\/blog\/\",\"sameAs\":[\"https:\/\/www.facebook.com\/portalszukampracy\/\",\"https:\/\/www.linkedin.com\/company\/szukampracy-pl\",\"https:\/\/www.youtube.com\/channel\/UCmY56pXKURtawvJjwIvU2YQ\",\"https:\/\/twitter.com\/SzukamPracyPl\"],\"logo\":{\"@type\":\"ImageObject\",\"@id\":\"https:\/\/szukampracy.pl\/blog\/#logo\",\"inLanguage\":\"pl-PL\",\"url\":\"https:\/\/szukampracy.pl\/blog\/wp-content\/uploads\/2017\/08\/logo-1.png\",\"contentUrl\":\"https:\/\/szukampracy.pl\/blog\/wp-content\/uploads\/2017\/08\/logo-1.png\",\"width\":240,\"height\":33,\"caption\":\"Szukampracy.pl\"},\"image\":{\"@id\":\"https:\/\/szukampracy.pl\/blog\/#logo\"}},{\"@type\":\"WebSite\",\"@id\":\"https:\/\/szukampracy.pl\/blog\/#website\",\"url\":\"https:\/\/szukampracy.pl\/blog\/\",\"name\":\"Blog Szukampracy.pl - Artyku\\u0142y o rynku pracy i HR dla pracodawcy\",\"description\":\"Nasz blog powsta\\u0142 z my\\u015bl\\u0105 o Pracodawcach, Pracownikach i Kandydatach b\\u0119d\\u0105cych na etapie zapoznawania si\\u0119 z og\\u0142oszeniami o prac\\u0119. Mo\\u017cna u nas znale\\u017a\\u0107 artyku\\u0142y o rynku pracy, z dziedziny HR, zarz\\u0105dzania, ofert pracy za granic\\u0105 oraz inne ciekawostki. Nie wahaj si\\u0119 nas odwiedzi\\u0107\",\"publisher\":{\"@id\":\"https:\/\/szukampracy.pl\/blog\/#organization\"},\"potentialAction\":[{\"@type\":\"SearchAction\",\"target\":{\"@type\":\"EntryPoint\",\"urlTemplate\":\"https:\/\/szukampracy.pl\/blog\/?s={search_term_string}\"},\"query-input\":\"required name=search_term_string\"}],\"inLanguage\":\"pl-PL\"},{\"@type\":\"ImageObject\",\"@id\":\"https:\/\/szukampracy.pl\/blog\/obnizone-swiadczenia-chorobowe-do-wyrownania\/#primaryimage\",\"inLanguage\":\"pl-PL\",\"url\":\"https:\/\/szukampracy.pl\/blog\/wp-content\/uploads\/2020\/10\/covid-1.jpg\",\"contentUrl\":\"https:\/\/szukampracy.pl\/blog\/wp-content\/uploads\/2020\/10\/covid-1.jpg\",\"width\":1024,\"height\":576},{\"@type\":\"WebPage\",\"@id\":\"https:\/\/szukampracy.pl\/blog\/obnizone-swiadczenia-chorobowe-do-wyrownania\/#webpage\",\"url\":\"https:\/\/szukampracy.pl\/blog\/obnizone-swiadczenia-chorobowe-do-wyrownania\/\",\"name\":\"Obni\\u017cone \\u015bwiadczenia chorobowe do wyr\\u00f3wnania - Artyku\\u0142y dla Szukaj\\u0105cych pracy\",\"isPartOf\":{\"@id\":\"https:\/\/szukampracy.pl\/blog\/#website\"},\"primaryImageOfPage\":{\"@id\":\"https:\/\/szukampracy.pl\/blog\/obnizone-swiadczenia-chorobowe-do-wyrownania\/#primaryimage\"},\"datePublished\":\"2020-10-29T07:00:07+00:00\",\"dateModified\":\"2020-12-08T07:38:36+00:00\",\"description\":\"Nowy artyku\\u0142 Obni\\u017cone \\u015bwiadczenia chorobowe do wyr\\u00f3wnania na Blog Szukampracy.pl - Artyku\\u0142y o rynku pracy i HR dla pracodawcy . Czytaj wi\\u0119cej na blogu Szukampracy.pl!\",\"breadcrumb\":{\"@id\":\"https:\/\/szukampracy.pl\/blog\/obnizone-swiadczenia-chorobowe-do-wyrownania\/#breadcrumb\"},\"inLanguage\":\"pl-PL\",\"potentialAction\":[{\"@type\":\"ReadAction\",\"target\":[\"https:\/\/szukampracy.pl\/blog\/obnizone-swiadczenia-chorobowe-do-wyrownania\/\"]}]},{\"@type\":\"BreadcrumbList\",\"@id\":\"https:\/\/szukampracy.pl\/blog\/obnizone-swiadczenia-chorobowe-do-wyrownania\/#breadcrumb\",\"itemListElement\":[{\"@type\":\"ListItem\",\"position\":1,\"name\":\"Blog\",\"item\":\"https:\/\/szukampracy.pl\/blog\/\"},{\"@type\":\"ListItem\",\"position\":2,\"name\":\"Z rynku pracy\",\"item\":\"https:\/\/szukampracy.pl\/blog\/z-rynku-pracy\/\"},{\"@type\":\"ListItem\",\"position\":3,\"name\":\"Obni\\u017cone \\u015bwiadczenia chorobowe do wyr\\u00f3wnania\"}]},{\"@type\":\"Article\",\"@id\":\"https:\/\/szukampracy.pl\/blog\/obnizone-swiadczenia-chorobowe-do-wyrownania\/#article\",\"isPartOf\":{\"@id\":\"https:\/\/szukampracy.pl\/blog\/obnizone-swiadczenia-chorobowe-do-wyrownania\/#webpage\"},\"author\":{\"@id\":\"https:\/\/szukampracy.pl\/blog\/#\/schema\/person\/3952d4bf69b606b39399e9e649ef2394\"},\"headline\":\"Obni\\u017cone \\u015bwiadczenia chorobowe do wyr\\u00f3wnania\",\"datePublished\":\"2020-10-29T07:00:07+00:00\",\"dateModified\":\"2020-12-08T07:38:36+00:00\",\"mainEntityOfPage\":{\"@id\":\"https:\/\/szukampracy.pl\/blog\/obnizone-swiadczenia-chorobowe-do-wyrownania\/#webpage\"},\"wordCount\":1215,\"commentCount\":0,\"publisher\":{\"@id\":\"https:\/\/szukampracy.pl\/blog\/#organization\"},\"image\":{\"@id\":\"https:\/\/szukampracy.pl\/blog\/obnizone-swiadczenia-chorobowe-do-wyrownania\/#primaryimage\"},\"thumbnailUrl\":\"https:\/\/szukampracy.pl\/blog\/wp-content\/uploads\/2020\/10\/covid-1.jpg\",\"keywords\":[\"art 40 ustawy zasi\\u0142kowej\",\"covid\",\"wyr\\u00f3wnanie zasi\\u0142ku chorobowego\",\"zmniejszony wymiar pracy\"],\"articleSection\":[\"Z rynku pracy\"],\"inLanguage\":\"pl-PL\",\"potentialAction\":[{\"@type\":\"CommentAction\",\"name\":\"Comment\",\"target\":[\"https:\/\/szukampracy.pl\/blog\/obnizone-swiadczenia-chorobowe-do-wyrownania\/#respond\"]}]},{\"@type\":\"Person\",\"@id\":\"https:\/\/szukampracy.pl\/blog\/#\/schema\/person\/3952d4bf69b606b39399e9e649ef2394\",\"name\":\"Ekspert \\u0141ukasz\",\"image\":{\"@type\":\"ImageObject\",\"@id\":\"https:\/\/szukampracy.pl\/blog\/#personlogo\",\"inLanguage\":\"pl-PL\",\"url\":\"https:\/\/secure.gravatar.com\/avatar\/7733c11b2e55f533f1cae76b6c86129d?s=96&d=mm&r=g\",\"contentUrl\":\"https:\/\/secure.gravatar.com\/avatar\/7733c11b2e55f533f1cae76b6c86129d?s=96&d=mm&r=g\",\"caption\":\"Ekspert \\u0141ukasz\"},\"description\":\"Ekspert \\u0141ukasz swoje wieloletnie do\\u015bwiadczenie na rynku pracy postanowi\\u0142 przekaza\\u0107 tak\\u017ce na naszym blogu. Jego artyku\\u0142y dotycz\\u0105 aktualnych zmian gospodarczych a tak\\u017ce tych na rynku pracy. Z ch\\u0119cia udzieli porad pracodawc\\u0105, kt\\u00f3rzy pr\\u0119\\u017cnie rozwijaj\\u0105 swoje firmy.\"}]}<\/script>\n<!-- \/ Yoast SEO plugin. -->","yoast_head_json":{"title":"Obni\u017cone \u015bwiadczenia chorobowe do wyr\u00f3wnania - Artyku\u0142y dla Szukaj\u0105cych pracy","description":"Nowy artyku\u0142 Obni\u017cone \u015bwiadczenia chorobowe do wyr\u00f3wnania na Blog Szukampracy.pl - Artyku\u0142y o rynku pracy i HR dla pracodawcy . Czytaj wi\u0119cej na blogu Szukampracy.pl!","robots":{"index":"index","follow":"follow","max-snippet":"max-snippet:-1","max-image-preview":"max-image-preview:large","max-video-preview":"max-video-preview:-1"},"canonical":"https:\/\/szukampracy.pl\/blog\/obnizone-swiadczenia-chorobowe-do-wyrownania\/","og_locale":"pl_PL","og_type":"article","og_title":"Obni\u017cone \u015bwiadczenia chorobowe do wyr\u00f3wnania - Artyku\u0142y dla Szukaj\u0105cych pracy","og_description":"Nowy artyku\u0142 Obni\u017cone \u015bwiadczenia chorobowe do wyr\u00f3wnania na Blog Szukampracy.pl - Artyku\u0142y o rynku pracy i HR dla pracodawcy . Czytaj wi\u0119cej na blogu Szukampracy.pl!","og_url":"https:\/\/szukampracy.pl\/blog\/obnizone-swiadczenia-chorobowe-do-wyrownania\/","og_site_name":"Blog Szukampracy.pl - Artyku\u0142y o rynku pracy i HR dla pracodawcy","article_publisher":"https:\/\/www.facebook.com\/portalszukampracy\/","article_published_time":"2020-10-29T07:00:07+00:00","article_modified_time":"2020-12-08T07:38:36+00:00","og_image":[{"width":1024,"height":576,"url":"https:\/\/szukampracy.pl\/blog\/wp-content\/uploads\/2020\/10\/covid-1.jpg","path":"\/home\/szukamprac\/domains\/szukampracy.pl\/public_html\/blog\/wp-content\/uploads\/2020\/10\/covid-1.jpg","size":"full","id":3401,"alt":"","pixels":589824,"type":"image\/jpeg"}],"twitter_card":"summary","twitter_creator":"@SzukamPracyPl","twitter_site":"@SzukamPracyPl","twitter_misc":{"Written by":"Ekspert \u0141ukasz","Est. reading time":"6 minut"},"schema":{"@context":"https:\/\/schema.org","@graph":[{"@type":"Organization","@id":"https:\/\/szukampracy.pl\/blog\/#organization","name":"Szukampracy.pl","url":"https:\/\/szukampracy.pl\/blog\/","sameAs":["https:\/\/www.facebook.com\/portalszukampracy\/","https:\/\/www.linkedin.com\/company\/szukampracy-pl","https:\/\/www.youtube.com\/channel\/UCmY56pXKURtawvJjwIvU2YQ","https:\/\/twitter.com\/SzukamPracyPl"],"logo":{"@type":"ImageObject","@id":"https:\/\/szukampracy.pl\/blog\/#logo","inLanguage":"pl-PL","url":"https:\/\/szukampracy.pl\/blog\/wp-content\/uploads\/2017\/08\/logo-1.png","contentUrl":"https:\/\/szukampracy.pl\/blog\/wp-content\/uploads\/2017\/08\/logo-1.png","width":240,"height":33,"caption":"Szukampracy.pl"},"image":{"@id":"https:\/\/szukampracy.pl\/blog\/#logo"}},{"@type":"WebSite","@id":"https:\/\/szukampracy.pl\/blog\/#website","url":"https:\/\/szukampracy.pl\/blog\/","name":"Blog Szukampracy.pl - Artyku\u0142y o rynku pracy i HR dla pracodawcy","description":"Nasz blog powsta\u0142 z my\u015bl\u0105 o Pracodawcach, Pracownikach i Kandydatach b\u0119d\u0105cych na etapie zapoznawania si\u0119 z og\u0142oszeniami o prac\u0119. Mo\u017cna u nas znale\u017a\u0107 artyku\u0142y o rynku pracy, z dziedziny HR, zarz\u0105dzania, ofert pracy za granic\u0105 oraz inne ciekawostki. Nie wahaj si\u0119 nas odwiedzi\u0107","publisher":{"@id":"https:\/\/szukampracy.pl\/blog\/#organization"},"potentialAction":[{"@type":"SearchAction","target":{"@type":"EntryPoint","urlTemplate":"https:\/\/szukampracy.pl\/blog\/?s={search_term_string}"},"query-input":"required name=search_term_string"}],"inLanguage":"pl-PL"},{"@type":"ImageObject","@id":"https:\/\/szukampracy.pl\/blog\/obnizone-swiadczenia-chorobowe-do-wyrownania\/#primaryimage","inLanguage":"pl-PL","url":"https:\/\/szukampracy.pl\/blog\/wp-content\/uploads\/2020\/10\/covid-1.jpg","contentUrl":"https:\/\/szukampracy.pl\/blog\/wp-content\/uploads\/2020\/10\/covid-1.jpg","width":1024,"height":576},{"@type":"WebPage","@id":"https:\/\/szukampracy.pl\/blog\/obnizone-swiadczenia-chorobowe-do-wyrownania\/#webpage","url":"https:\/\/szukampracy.pl\/blog\/obnizone-swiadczenia-chorobowe-do-wyrownania\/","name":"Obni\u017cone \u015bwiadczenia chorobowe do wyr\u00f3wnania - Artyku\u0142y dla Szukaj\u0105cych pracy","isPartOf":{"@id":"https:\/\/szukampracy.pl\/blog\/#website"},"primaryImageOfPage":{"@id":"https:\/\/szukampracy.pl\/blog\/obnizone-swiadczenia-chorobowe-do-wyrownania\/#primaryimage"},"datePublished":"2020-10-29T07:00:07+00:00","dateModified":"2020-12-08T07:38:36+00:00","description":"Nowy artyku\u0142 Obni\u017cone \u015bwiadczenia chorobowe do wyr\u00f3wnania na Blog Szukampracy.pl - Artyku\u0142y o rynku pracy i HR dla pracodawcy . Czytaj wi\u0119cej na blogu Szukampracy.pl!","breadcrumb":{"@id":"https:\/\/szukampracy.pl\/blog\/obnizone-swiadczenia-chorobowe-do-wyrownania\/#breadcrumb"},"inLanguage":"pl-PL","potentialAction":[{"@type":"ReadAction","target":["https:\/\/szukampracy.pl\/blog\/obnizone-swiadczenia-chorobowe-do-wyrownania\/"]}]},{"@type":"BreadcrumbList","@id":"https:\/\/szukampracy.pl\/blog\/obnizone-swiadczenia-chorobowe-do-wyrownania\/#breadcrumb","itemListElement":[{"@type":"ListItem","position":1,"name":"Blog","item":"https:\/\/szukampracy.pl\/blog\/"},{"@type":"ListItem","position":2,"name":"Z rynku pracy","item":"https:\/\/szukampracy.pl\/blog\/z-rynku-pracy\/"},{"@type":"ListItem","position":3,"name":"Obni\u017cone \u015bwiadczenia chorobowe do wyr\u00f3wnania"}]},{"@type":"Article","@id":"https:\/\/szukampracy.pl\/blog\/obnizone-swiadczenia-chorobowe-do-wyrownania\/#article","isPartOf":{"@id":"https:\/\/szukampracy.pl\/blog\/obnizone-swiadczenia-chorobowe-do-wyrownania\/#webpage"},"author":{"@id":"https:\/\/szukampracy.pl\/blog\/#\/schema\/person\/3952d4bf69b606b39399e9e649ef2394"},"headline":"Obni\u017cone \u015bwiadczenia chorobowe do wyr\u00f3wnania","datePublished":"2020-10-29T07:00:07+00:00","dateModified":"2020-12-08T07:38:36+00:00","mainEntityOfPage":{"@id":"https:\/\/szukampracy.pl\/blog\/obnizone-swiadczenia-chorobowe-do-wyrownania\/#webpage"},"wordCount":1215,"commentCount":0,"publisher":{"@id":"https:\/\/szukampracy.pl\/blog\/#organization"},"image":{"@id":"https:\/\/szukampracy.pl\/blog\/obnizone-swiadczenia-chorobowe-do-wyrownania\/#primaryimage"},"thumbnailUrl":"https:\/\/szukampracy.pl\/blog\/wp-content\/uploads\/2020\/10\/covid-1.jpg","keywords":["art 40 ustawy zasi\u0142kowej","covid","wyr\u00f3wnanie zasi\u0142ku chorobowego","zmniejszony wymiar pracy"],"articleSection":["Z rynku pracy"],"inLanguage":"pl-PL","potentialAction":[{"@type":"CommentAction","name":"Comment","target":["https:\/\/szukampracy.pl\/blog\/obnizone-swiadczenia-chorobowe-do-wyrownania\/#respond"]}]},{"@type":"Person","@id":"https:\/\/szukampracy.pl\/blog\/#\/schema\/person\/3952d4bf69b606b39399e9e649ef2394","name":"Ekspert \u0141ukasz","image":{"@type":"ImageObject","@id":"https:\/\/szukampracy.pl\/blog\/#personlogo","inLanguage":"pl-PL","url":"https:\/\/secure.gravatar.com\/avatar\/7733c11b2e55f533f1cae76b6c86129d?s=96&d=mm&r=g","contentUrl":"https:\/\/secure.gravatar.com\/avatar\/7733c11b2e55f533f1cae76b6c86129d?s=96&d=mm&r=g","caption":"Ekspert \u0141ukasz"},"description":"Ekspert \u0141ukasz swoje wieloletnie do\u015bwiadczenie na rynku pracy postanowi\u0142 przekaza\u0107 tak\u017ce na naszym blogu. Jego artyku\u0142y dotycz\u0105 aktualnych zmian gospodarczych a tak\u017ce tych na rynku pracy. Z ch\u0119cia udzieli porad pracodawc\u0105, kt\u00f3rzy pr\u0119\u017cnie rozwijaj\u0105 swoje firmy."}]}},"fimg_url":"https:\/\/szukampracy.pl\/blog\/wp-content\/uploads\/2020\/10\/covid-1.jpg","amp_enabled":true,"_links":{"self":[{"href":"https:\/\/szukampracy.pl\/blog\/wp-json\/wp\/v2\/posts\/3400"}],"collection":[{"href":"https:\/\/szukampracy.pl\/blog\/wp-json\/wp\/v2\/posts"}],"about":[{"href":"https:\/\/szukampracy.pl\/blog\/wp-json\/wp\/v2\/types\/post"}],"author":[{"embeddable":true,"href":"https:\/\/szukampracy.pl\/blog\/wp-json\/wp\/v2\/users\/3"}],"replies":[{"embeddable":true,"href":"https:\/\/szukampracy.pl\/blog\/wp-json\/wp\/v2\/comments?post=3400"}],"version-history":[{"count":0,"href":"https:\/\/szukampracy.pl\/blog\/wp-json\/wp\/v2\/posts\/3400\/revisions"}],"wp:featuredmedia":[{"embeddable":true,"href":"https:\/\/szukampracy.pl\/blog\/wp-json\/wp\/v2\/media\/3401"}],"wp:attachment":[{"href":"https:\/\/szukampracy.pl\/blog\/wp-json\/wp\/v2\/media?parent=3400"}],"wp:term":[{"taxonomy":"category","embeddable":true,"href":"https:\/\/szukampracy.pl\/blog\/wp-json\/wp\/v2\/categories?post=3400"},{"taxonomy":"post_tag","embeddable":true,"href":"https:\/\/szukampracy.pl\/blog\/wp-json\/wp\/v2\/tags?post=3400"}],"curies":[{"name":"wp","href":"https:\/\/api.w.org\/{rel}","templated":true}]}}