{"id":3260,"date":"2020-09-25T07:00:21","date_gmt":"2020-09-25T07:00:21","guid":{"rendered":"https:\/\/szukampracy.pl\/blog\/?p=3260"},"modified":"2020-12-08T08:16:27","modified_gmt":"2020-12-08T08:16:27","slug":"wlasciwe-rozliczenie-kosztow-pracy-zdalnej","status":"publish","type":"post","link":"https:\/\/szukampracy.pl\/blog\/wlasciwe-rozliczenie-kosztow-pracy-zdalnej\/","title":{"rendered":"W\u0142a\u015bciwe rozliczenie koszt\u00f3w pracy zdalnej"},"content":{"rendered":"\n<p>W kontek\u015bcie rozliczania koszt\u00f3w\npracy zdalnej nale\u017cy wzi\u0105\u0107 pod uwag\u0119 takie elementy, jak wykonywanie obowi\u0105zk\u00f3w\nna sprz\u0119cie powierzonym lub prywatnym. Jednocze\u015bnie w gr\u0119 wchodzi te\u017c\newentualny ekwiwalent pieni\u0119\u017cny i jego wysoko\u015b\u0107 w kontek\u015bcie opodatkowania. <\/p>\n\n\n\n<h3 class=\"wp-block-heading\"><strong>Jak w\u0142a\u015bciwie podej\u015b\u0107 do\nrozliczania pracy zdalnej?<\/strong><\/h3>\n\n\n\n<p>Generalnie mo\u017cliwo\u015b\u0107 wykonywania\npracy w formie zdalnej wynika z brzmienia specustawy z dnia 2 marca 2020 roku,\nkt\u00f3ra wprowadzi\u0142a pracodawcom mo\u017cliwo\u015b\u0107 powierzenia wykonywania obowi\u0105zk\u00f3w\ns\u0142u\u017cbowych pracownikom w warunkach domowych.<\/p>\n\n\n\n<p>I zgodnie z jej zapisami,\nnarz\u0119dzia i materia\u0142y do jej wykonywania powinien zapewni\u0107 pracodawca.\nPracownik jednak mo\u017ce korzysta\u0107 z narz\u0119dzi i materia\u0142\u00f3w niedostarczanych przez\npracodawc\u0119 (czyli najcz\u0119\u015bciej swoich prywatnych), pod warunkiem wszak\u017ce, i\u017c\numo\u017cliwiaj\u0105 one poszanowanie i ochron\u0119 informacji poufnych i innych tajemnic\nprawnie chronionych, w tym tajemnicy przedsi\u0119biorstwa lub danych osobowych, a\ntak\u017ce informacji, kt\u00f3rych ujawnienie mog\u0142oby narazi\u0107 pracodawc\u0119 na szkod\u0119.<\/p>\n\n\n\n<p>Prawo pracy jednocze\u015bnie nie\nnak\u0142ada na pracownika obowi\u0105zku ponoszenia za pracodawc\u0119 wydatk\u00f3w zwi\u0105zanych ze\n\u015bwiadczeniem pracy. Zatem organizacja stanowiska pracy spoczywa na\nzatrudniaj\u0105cym i obejmuje udost\u0119pnienie maszyn, narz\u0119dzi, materia\u0142\u00f3w, kt\u00f3rymi\nma on si\u0119 pos\u0142ugiwa\u0107, jak i fizycznego miejsca do pracy, czyli przyk\u0142adowego\nbiurka. Obowi\u0105zkowe dla pracodawcy jest te\u017c pokrywanie wydatk\u00f3w zwi\u0105zanych ze\nzu\u017cyciem pr\u0105du lub eksploatacj\u0105 samochodu s\u0142u\u017cbowego podczas godzin pracy. <\/p>\n\n\n\n<p>I te same zasady odnosz\u0105 si\u0119\nr\u00f3wnie\u017c do pracy zdalnej. Tym samym, je\u015bli zachodzi potrzeba, by pracownik\nkorzysta\u0142 z w\u0142asnego, prywatnego sprz\u0119tu do potrzeb s\u0142u\u017cbowych, w\u00f3wczas\npowinien on otrzyma\u0107 stosowny ekwiwalent pieni\u0119\u017cny. Je\u017celi chodzi o spos\u00f3b jego\nwyliczania, to niestety, ale przepisy tego nie precyzuj\u0105. Mo\u017cna zatem jedynie\nposi\u0142kowa\u0107 si\u0119 kodeksowymi regulacjami odnosz\u0105cymi si\u0119 do telepracy.<\/p>\n\n\n\n<p>I tak w my\u015bl art. 67(11) par.3\nkodeksu pracy tym, kt\u00f3rzy u\u017cywaj\u0105 w\u0142asnego sprz\u0119tu, przys\u0142uguje na podstawie\nodr\u0119bnej umowy ekwiwalent pieni\u0119\u017cny w wysoko\u015bci ustalonej w oparciu o normy\nzu\u017cycia sprz\u0119tu, jego udokumentowane ceny rynkowe oraz ilo\u015b\u0107 wykorzystanego\nmateria\u0142u na potrzeby pracodawcy i jego ceny rynkowe. <\/p>\n\n\n\n<h3 class=\"wp-block-heading\"><strong>A jak do ekwiwalentu\npieni\u0119\u017cnego odnosz\u0105 si\u0119 kwestie podatkowe i sprawy sk\u0142adek ZUS?<\/strong><\/h3>\n\n\n\n<p>Generalnie ekwiwalenty pieni\u0119\u017cne,\nza u\u017cywane przez pracownik\u00f3w narz\u0119dzia, materia\u0142y lub sprz\u0119t, stanowi\u0105ce ich\nw\u0142asno\u015b\u0107, s\u0105 wolne od podatku dochodowego oraz sk\u0142adek ZUS. Jednak przes\u0142anki,\nkt\u00f3re powinny by\u0107 spe\u0142nione, by taki ekwiwalent by\u0142 rzeczywi\u015bcie obj\u0119ty\nzwolnieniem s\u0105 nast\u0119puj\u0105ce:<\/p>\n\n\n\n<ul><li>\u015bwiadczenie musi spe\u0142nia\u0107 cechy ekwiwalentu i\nmie\u0107 form\u0119 pieni\u0105dza<\/li><li>wysoko\u015b\u0107 ekwiwalentu powinna odpowiada\u0107\nponiesionym przez pracownika wydatkom, musi wi\u0119c zachodzi\u0107 racjonalny zwi\u0105zek\nmi\u0119dzy wyp\u0142acon\u0105 mu kwot\u0105 i warto\u015bci\u0105 niele\u017c\u0105cych do niego, a u\u017cywanych dla\ncel\u00f3w pracodawcy narz\u0119dzi, materia\u0142\u00f3w lub sprz\u0119tu oraz stopniem zu\u017cycia rzeczy\ndokonanego w trakcie tego u\u017cywania<\/li><li>narz\u0119dzia, materia\u0142y lub sprz\u0119t musz\u0105 stanowi\u0107\nw\u0142asno\u015b\u0107 pracownika potwierdzon\u0105 dowodami<\/li><li>narz\u0119dzia, materia\u0142y lub sprz\u0119t nale\u017c\u0105ce do\npracownika musz\u0105 by\u0107 wykorzystywane przy wykonywaniu pracy na rzecz pracodawcy<\/li><\/ul>\n\n\n\n<p>Ekwiwalent powinien zapewni\u0107\npracownikowi pewn\u0105 rekompensat\u0119 koszt\u00f3w ponoszonych w danym czasie z uwagi na\nu\u017cywanie prywatnego sprz\u0119tu do cel\u00f3w pracy zdalnej. W praktyce w takiej\nsytuacji do wyliczenia wielko\u015bci owego ekwiwalentu najlepiej pos\u0142u\u017cy\u0107 si\u0119\nprzepisami podatkowymi zwi\u0105zanymi z amortyzacj\u0105. W\u00f3wczas kwota ekwiwalentu\npowinna odpowiada\u0107 kwocie odpisu amortyzacyjnego wyliczonego metod\u0105 liniow\u0105.\nPrzyk\u0142adowo, je\u015bli pracownik wykorzystuje do pracy zdalnej sw\u00f3j komputer o\nwarto\u015bci 3.000 z\u0142, w\u00f3wczas roczny odpis amortyzacyjny (a tym samym wysoko\u015b\u0107\nekwiwalentu) wynosi 900 z\u0142, czyli miesi\u0119cznie 75 z\u0142.<\/p>\n\n\n\n<p>Innym sposobem wyliczenia ekwiwalentu\njest podzielenie warto\u015bci rynkowej komputera przez liczb\u0119 miesi\u0119cy jego\nwykorzystywania do cel\u00f3w s\u0142u\u017cbowych i podzielenie stawki przez liczb\u0119\nroboczogodzin pracy z laptopem w danym miesi\u0105cu.<\/p>\n\n\n\n<p>Urz\u0119dnicy ZUS z kolei uwa\u017caj\u0105, i\u017c\np\u0142atnik nie odprowadza sk\u0142adek od ekwiwalentu, o ile narz\u0119dzia, materia\u0142y lub\nsprz\u0119t s\u0105 faktycznie w\u0142asno\u015bci\u0105 pracownika i rzeczywi\u015bcie wykorzystywane s\u0105 do\npracy na rzecz pracodawcy. Sama wysoko\u015b\u0107 ekwiwalentu powinna opiera\u0107 si\u0119 na\nszczeg\u00f3\u0142owej kalkulacji p\u0142atnika, kt\u00f3ra b\u0119dzie potwierdza\u0142a zwi\u0105zek kwoty\nekwiwalentu z warto\u015bci\u0105 u\u017cyczenia.<\/p>\n\n\n\n<h3 class=\"wp-block-heading\"><strong>A jak do pracy zdalnej i\newentualnych zwrot\u00f3w odnosi si\u0119 kwestia podwy\u017cszonych koszt\u00f3w uzyskania\nprzychodu, a tym samym mniejszych zaliczek na podatek dochodowy?<\/strong><\/h3>\n\n\n\n<p>Pracodawca obliczaj\u0105c\nwynagrodzenie pracownika potr\u0105ca okre\u015blone przepisami koszty uzyskania\nprzychodu (KUP). I mog\u0105 one wynosi\u0107 standardowe 250 z\u0142, b\u0105d\u017a te\u017c podwy\u017cszone\n300 z\u0142. O tych drugich m\u00f3wimy wtedy, gdy miejsce sta\u0142ego lub czasowego\nzamieszkania podatnika po\u0142o\u017cone jest poza miejscowo\u015bci\u0105, w kt\u00f3rej znajduje si\u0119\nzak\u0142ad pracy, a pracownik nie otrzymuje dodatku za roz\u0142\u0105k\u0119. <\/p>\n\n\n\n<p>Takie koszty podwy\u017cszone stosuje\nsi\u0119 w\u00f3wczas, gdy pracownik z\u0142o\u017cy w tej kwestii stosowne o\u015bwiadczenie, przy czym\nwystarczy by odby\u0142o si\u0119 to raz w roku. Taka sytuacja trwa do chwili, a\u017c\npodatnik sam nie powiadomi pracodawcy o zmianie stanu faktycznego w tym\nwzgl\u0119dzie. <\/p>\n\n\n\n<p>Co wa\u017cne, koszty w podwy\u017cszonej\nwysoko\u015bci stosuje si\u0119 nawet wtedy, je\u015bli pracownik tylko przez cz\u0119\u015b\u0107 miesi\u0105ca\nspe\u0142nia\u0142 warunki co do miejsca zamieszkania i po\u0142o\u017cenia zak\u0142adu pracy. Generalnie\nte\u017c, zgodnie ze stanowiskiem Naczelnego S\u0105du Administracyjnego (NSA) zawartym w\nwyroku z dnia 3 marca 2016 roku (sygn. akt II FSK 30\/14) ustawodawca wprowadzi\u0142\npodwy\u017cszone KUP dla pracownik\u00f3w, kt\u00f3rzy doje\u017cd\u017caj\u0105 do pracy, ponosz\u0105c tym samym\nwy\u017csze koszty ni\u017c osoby mieszkaj\u0105ce w tej samej miejscowo\u015bci co zak\u0142ad pracy. <\/p>\n\n\n\n<p>W tym kontek\u015bcie zatem je\u015bli\nadres zamieszkania jest jednocze\u015bnie miejscem wykonywania pracy pracownika, to\nnie ma podstaw prawnych do zastosowania podwy\u017cszonych KUP. St\u0105d te\u017c pracownik,\nkt\u00f3remu polecono wykonywanie pracy w formie zdalnej, nie ma prawa do\nzastosowania podwy\u017cszonych KUP. Pod warunkiem wszak\u017ce, i\u017c prac\u0119 zdaln\u0105\nwykonywa\u0142 przez ca\u0142y miesi\u0105c. Wystarczy bowiem chocia\u017cby jeden dzie\u0144 w miesi\u0105cu\npracy w biurze, by uprawnienia te zachowa\u0142. <\/p>\n\n\n\n<p>W\u0105tpliwo\u015b\u0107 powstaje te\u017c w\nkwestii, czy pracodawca mo\u017ce samodzielnie zaprzesta\u0107 stosowania podwy\u017cszonych\nKUP, bez odwo\u0142ania o\u015bwiadczenia ze strony pracownika. Potr\u0105cenie bowiem odbywa\nsi\u0119 na podstawie o\u015bwiadczenia pracownika i dla pracodawcy jest ono wi\u0105\u017c\u0105ce do\nchwili, gdy pracownik nie poinformuje o zmianie stanu faktycznego. St\u0105d te\u017c\ncz\u0119sto spotykan\u0105 opini\u0105 jest taka, i\u017c pracownik powinien najpierw odwo\u0142a\u0107\nz\u0142o\u017cone wcze\u015bniej o\u015bwiadczenie, by pracodawca m\u00f3g\u0142 zaprzesta\u0107 ich odliczania na\nczas pracy zdalnej. Jednak\u017ce to w\u0142a\u015bnie pracodawca powinien o tej sytuacji\npowiadomi\u0107 pracownika, gdy\u017c to on zleca prac\u0119 zdaln\u0105, a jako p\u0142atnik winien\nzdawa\u0107 sobie spraw\u0119 z konsekwencji, w tym i tych podatkowych.<\/p>\n\n\n\n<p>Podsumowuj\u0105c, kwestia\nprawid\u0142owego rozliczenia koszt\u00f3w pracy zdalnej wcale nie jest taka prosta i\njednoznaczna. Mamy tutaj bowiem do czynienia cz\u0119sto z ekwiwalentem pieni\u0119\u017cnym\nza wykorzystywanie sprz\u0119tu prywatnego na potrzeby pracy, jak i zmianami w\nzakresie koszt\u00f3w uzyskania przychodu, maj\u0105cych wp\u0142yw na wysoko\u015b\u0107 odprowadzanych\nzaliczek na podatek dochodowy. Warto te wszystkie elementy rozwa\u017cnie zaplanowa\u0107\ni dobrze policzy\u0107, by by\u0107 spokojnym w czasie ewentualnej kontroli w tym\nzakresie. <\/p>\n","protected":false},"excerpt":{"rendered":"<p>W kontek\u015bcie rozliczania koszt\u00f3w pracy zdalnej nale\u017cy wzi\u0105\u0107 pod uwag\u0119 takie elementy, jak wykonywanie obowi\u0105zk\u00f3w na sprz\u0119cie powierzonym lub prywatnym.<\/p>\n","protected":false},"author":3,"featured_media":3261,"comment_status":"open","ping_status":"open","sticky":false,"template":"","format":"standard","meta":{"footnotes":""},"categories":[3],"tags":[822,821,1628],"yoast_head":"<!-- This site is optimized with the Yoast SEO plugin v16.7 - https:\/\/yoast.com\/wordpress\/plugins\/seo\/ -->\n<title>W\u0142a\u015bciwe rozliczenie koszt\u00f3w pracy zdalnej - Artyku\u0142y dla Szukaj\u0105cych pracy<\/title>\n<meta name=\"description\" content=\"Nowy artyku\u0142 W\u0142a\u015bciwe rozliczenie koszt\u00f3w pracy zdalnej na Blog Szukampracy.pl - Artyku\u0142y o rynku pracy i HR dla pracodawcy . Czytaj wi\u0119cej na blogu Szukampracy.pl!\" \/>\n<meta name=\"robots\" content=\"index, follow, max-snippet:-1, max-image-preview:large, max-video-preview:-1\" \/>\n<link rel=\"canonical\" href=\"https:\/\/szukampracy.pl\/blog\/wlasciwe-rozliczenie-kosztow-pracy-zdalnej\/\" \/>\n<meta property=\"og:locale\" content=\"pl_PL\" \/>\n<meta property=\"og:type\" content=\"article\" \/>\n<meta property=\"og:title\" content=\"W\u0142a\u015bciwe rozliczenie koszt\u00f3w pracy zdalnej - Artyku\u0142y dla Szukaj\u0105cych pracy\" \/>\n<meta property=\"og:description\" content=\"Nowy artyku\u0142 W\u0142a\u015bciwe rozliczenie koszt\u00f3w pracy zdalnej na Blog Szukampracy.pl - Artyku\u0142y o rynku pracy i HR dla pracodawcy . Czytaj wi\u0119cej na blogu Szukampracy.pl!\" \/>\n<meta property=\"og:url\" content=\"https:\/\/szukampracy.pl\/blog\/wlasciwe-rozliczenie-kosztow-pracy-zdalnej\/\" \/>\n<meta property=\"og:site_name\" content=\"Blog Szukampracy.pl - Artyku\u0142y o rynku pracy i HR dla pracodawcy\" \/>\n<meta property=\"article:publisher\" content=\"https:\/\/www.facebook.com\/portalszukampracy\/\" \/>\n<meta property=\"article:published_time\" content=\"2020-09-25T07:00:21+00:00\" \/>\n<meta property=\"article:modified_time\" content=\"2020-12-08T08:16:27+00:00\" \/>\n<meta property=\"og:image\" content=\"https:\/\/szukampracy.pl\/blog\/wp-content\/uploads\/2020\/09\/praca-w-domu.jpg\" \/>\n\t<meta property=\"og:image:width\" content=\"1024\" \/>\n\t<meta property=\"og:image:height\" content=\"683\" \/>\n<meta name=\"twitter:card\" content=\"summary\" \/>\n<meta name=\"twitter:creator\" content=\"@SzukamPracyPl\" \/>\n<meta name=\"twitter:site\" content=\"@SzukamPracyPl\" \/>\n<meta name=\"twitter:label1\" content=\"Written by\" \/>\n\t<meta name=\"twitter:data1\" content=\"Ekspert \u0141ukasz\" \/>\n\t<meta name=\"twitter:label2\" content=\"Est. reading time\" \/>\n\t<meta name=\"twitter:data2\" content=\"6 minut\" \/>\n<script type=\"application\/ld+json\" class=\"yoast-schema-graph\">{\"@context\":\"https:\/\/schema.org\",\"@graph\":[{\"@type\":\"Organization\",\"@id\":\"https:\/\/szukampracy.pl\/blog\/#organization\",\"name\":\"Szukampracy.pl\",\"url\":\"https:\/\/szukampracy.pl\/blog\/\",\"sameAs\":[\"https:\/\/www.facebook.com\/portalszukampracy\/\",\"https:\/\/www.linkedin.com\/company\/szukampracy-pl\",\"https:\/\/www.youtube.com\/channel\/UCmY56pXKURtawvJjwIvU2YQ\",\"https:\/\/twitter.com\/SzukamPracyPl\"],\"logo\":{\"@type\":\"ImageObject\",\"@id\":\"https:\/\/szukampracy.pl\/blog\/#logo\",\"inLanguage\":\"pl-PL\",\"url\":\"https:\/\/szukampracy.pl\/blog\/wp-content\/uploads\/2017\/08\/logo-1.png\",\"contentUrl\":\"https:\/\/szukampracy.pl\/blog\/wp-content\/uploads\/2017\/08\/logo-1.png\",\"width\":240,\"height\":33,\"caption\":\"Szukampracy.pl\"},\"image\":{\"@id\":\"https:\/\/szukampracy.pl\/blog\/#logo\"}},{\"@type\":\"WebSite\",\"@id\":\"https:\/\/szukampracy.pl\/blog\/#website\",\"url\":\"https:\/\/szukampracy.pl\/blog\/\",\"name\":\"Blog Szukampracy.pl - Artyku\\u0142y o rynku pracy i HR dla pracodawcy\",\"description\":\"Nasz blog powsta\\u0142 z my\\u015bl\\u0105 o Pracodawcach, Pracownikach i Kandydatach b\\u0119d\\u0105cych na etapie zapoznawania si\\u0119 z og\\u0142oszeniami o prac\\u0119. Mo\\u017cna u nas znale\\u017a\\u0107 artyku\\u0142y o rynku pracy, z dziedziny HR, zarz\\u0105dzania, ofert pracy za granic\\u0105 oraz inne ciekawostki. Nie wahaj si\\u0119 nas odwiedzi\\u0107\",\"publisher\":{\"@id\":\"https:\/\/szukampracy.pl\/blog\/#organization\"},\"potentialAction\":[{\"@type\":\"SearchAction\",\"target\":{\"@type\":\"EntryPoint\",\"urlTemplate\":\"https:\/\/szukampracy.pl\/blog\/?s={search_term_string}\"},\"query-input\":\"required name=search_term_string\"}],\"inLanguage\":\"pl-PL\"},{\"@type\":\"ImageObject\",\"@id\":\"https:\/\/szukampracy.pl\/blog\/wlasciwe-rozliczenie-kosztow-pracy-zdalnej\/#primaryimage\",\"inLanguage\":\"pl-PL\",\"url\":\"https:\/\/szukampracy.pl\/blog\/wp-content\/uploads\/2020\/09\/praca-w-domu.jpg\",\"contentUrl\":\"https:\/\/szukampracy.pl\/blog\/wp-content\/uploads\/2020\/09\/praca-w-domu.jpg\",\"width\":1024,\"height\":683},{\"@type\":\"WebPage\",\"@id\":\"https:\/\/szukampracy.pl\/blog\/wlasciwe-rozliczenie-kosztow-pracy-zdalnej\/#webpage\",\"url\":\"https:\/\/szukampracy.pl\/blog\/wlasciwe-rozliczenie-kosztow-pracy-zdalnej\/\",\"name\":\"W\\u0142a\\u015bciwe rozliczenie koszt\\u00f3w pracy zdalnej - Artyku\\u0142y dla Szukaj\\u0105cych pracy\",\"isPartOf\":{\"@id\":\"https:\/\/szukampracy.pl\/blog\/#website\"},\"primaryImageOfPage\":{\"@id\":\"https:\/\/szukampracy.pl\/blog\/wlasciwe-rozliczenie-kosztow-pracy-zdalnej\/#primaryimage\"},\"datePublished\":\"2020-09-25T07:00:21+00:00\",\"dateModified\":\"2020-12-08T08:16:27+00:00\",\"description\":\"Nowy artyku\\u0142 W\\u0142a\\u015bciwe rozliczenie koszt\\u00f3w pracy zdalnej na Blog Szukampracy.pl - Artyku\\u0142y o rynku pracy i HR dla pracodawcy . Czytaj wi\\u0119cej na blogu Szukampracy.pl!\",\"breadcrumb\":{\"@id\":\"https:\/\/szukampracy.pl\/blog\/wlasciwe-rozliczenie-kosztow-pracy-zdalnej\/#breadcrumb\"},\"inLanguage\":\"pl-PL\",\"potentialAction\":[{\"@type\":\"ReadAction\",\"target\":[\"https:\/\/szukampracy.pl\/blog\/wlasciwe-rozliczenie-kosztow-pracy-zdalnej\/\"]}]},{\"@type\":\"BreadcrumbList\",\"@id\":\"https:\/\/szukampracy.pl\/blog\/wlasciwe-rozliczenie-kosztow-pracy-zdalnej\/#breadcrumb\",\"itemListElement\":[{\"@type\":\"ListItem\",\"position\":1,\"name\":\"Blog\",\"item\":\"https:\/\/szukampracy.pl\/blog\/\"},{\"@type\":\"ListItem\",\"position\":2,\"name\":\"Najnowsze Artyku\\u0142y\",\"item\":\"https:\/\/szukampracy.pl\/blog\/najnowsze\/\"},{\"@type\":\"ListItem\",\"position\":3,\"name\":\"W\\u0142a\\u015bciwe rozliczenie koszt\\u00f3w pracy zdalnej\"}]},{\"@type\":\"Article\",\"@id\":\"https:\/\/szukampracy.pl\/blog\/wlasciwe-rozliczenie-kosztow-pracy-zdalnej\/#article\",\"isPartOf\":{\"@id\":\"https:\/\/szukampracy.pl\/blog\/wlasciwe-rozliczenie-kosztow-pracy-zdalnej\/#webpage\"},\"author\":{\"@id\":\"https:\/\/szukampracy.pl\/blog\/#\/schema\/person\/3952d4bf69b606b39399e9e649ef2394\"},\"headline\":\"W\\u0142a\\u015bciwe rozliczenie koszt\\u00f3w pracy zdalnej\",\"datePublished\":\"2020-09-25T07:00:21+00:00\",\"dateModified\":\"2020-12-08T08:16:27+00:00\",\"mainEntityOfPage\":{\"@id\":\"https:\/\/szukampracy.pl\/blog\/wlasciwe-rozliczenie-kosztow-pracy-zdalnej\/#webpage\"},\"wordCount\":1229,\"commentCount\":1,\"publisher\":{\"@id\":\"https:\/\/szukampracy.pl\/blog\/#organization\"},\"image\":{\"@id\":\"https:\/\/szukampracy.pl\/blog\/wlasciwe-rozliczenie-kosztow-pracy-zdalnej\/#primaryimage\"},\"thumbnailUrl\":\"https:\/\/szukampracy.pl\/blog\/wp-content\/uploads\/2020\/09\/praca-w-domu.jpg\",\"keywords\":[\"praca w domu\",\"praca zdalna\",\"praca zdalna ekwiwalent\"],\"articleSection\":[\"Najnowsze Artyku\\u0142y\"],\"inLanguage\":\"pl-PL\",\"potentialAction\":[{\"@type\":\"CommentAction\",\"name\":\"Comment\",\"target\":[\"https:\/\/szukampracy.pl\/blog\/wlasciwe-rozliczenie-kosztow-pracy-zdalnej\/#respond\"]}]},{\"@type\":\"Person\",\"@id\":\"https:\/\/szukampracy.pl\/blog\/#\/schema\/person\/3952d4bf69b606b39399e9e649ef2394\",\"name\":\"Ekspert \\u0141ukasz\",\"image\":{\"@type\":\"ImageObject\",\"@id\":\"https:\/\/szukampracy.pl\/blog\/#personlogo\",\"inLanguage\":\"pl-PL\",\"url\":\"https:\/\/secure.gravatar.com\/avatar\/7733c11b2e55f533f1cae76b6c86129d?s=96&d=mm&r=g\",\"contentUrl\":\"https:\/\/secure.gravatar.com\/avatar\/7733c11b2e55f533f1cae76b6c86129d?s=96&d=mm&r=g\",\"caption\":\"Ekspert \\u0141ukasz\"},\"description\":\"Ekspert \\u0141ukasz swoje wieloletnie do\\u015bwiadczenie na rynku pracy postanowi\\u0142 przekaza\\u0107 tak\\u017ce na naszym blogu. Jego artyku\\u0142y dotycz\\u0105 aktualnych zmian gospodarczych a tak\\u017ce tych na rynku pracy. Z ch\\u0119cia udzieli porad pracodawc\\u0105, kt\\u00f3rzy pr\\u0119\\u017cnie rozwijaj\\u0105 swoje firmy.\"}]}<\/script>\n<!-- \/ Yoast SEO plugin. -->","yoast_head_json":{"title":"W\u0142a\u015bciwe rozliczenie koszt\u00f3w pracy zdalnej - Artyku\u0142y dla Szukaj\u0105cych pracy","description":"Nowy artyku\u0142 W\u0142a\u015bciwe rozliczenie koszt\u00f3w pracy zdalnej na Blog Szukampracy.pl - Artyku\u0142y o rynku pracy i HR dla pracodawcy . Czytaj wi\u0119cej na blogu Szukampracy.pl!","robots":{"index":"index","follow":"follow","max-snippet":"max-snippet:-1","max-image-preview":"max-image-preview:large","max-video-preview":"max-video-preview:-1"},"canonical":"https:\/\/szukampracy.pl\/blog\/wlasciwe-rozliczenie-kosztow-pracy-zdalnej\/","og_locale":"pl_PL","og_type":"article","og_title":"W\u0142a\u015bciwe rozliczenie koszt\u00f3w pracy zdalnej - Artyku\u0142y dla Szukaj\u0105cych pracy","og_description":"Nowy artyku\u0142 W\u0142a\u015bciwe rozliczenie koszt\u00f3w pracy zdalnej na Blog Szukampracy.pl - Artyku\u0142y o rynku pracy i HR dla pracodawcy . Czytaj wi\u0119cej na blogu Szukampracy.pl!","og_url":"https:\/\/szukampracy.pl\/blog\/wlasciwe-rozliczenie-kosztow-pracy-zdalnej\/","og_site_name":"Blog Szukampracy.pl - Artyku\u0142y o rynku pracy i HR dla pracodawcy","article_publisher":"https:\/\/www.facebook.com\/portalszukampracy\/","article_published_time":"2020-09-25T07:00:21+00:00","article_modified_time":"2020-12-08T08:16:27+00:00","og_image":[{"width":1024,"height":683,"url":"https:\/\/szukampracy.pl\/blog\/wp-content\/uploads\/2020\/09\/praca-w-domu.jpg","path":"\/home\/szukamprac\/domains\/szukampracy.pl\/public_html\/blog\/wp-content\/uploads\/2020\/09\/praca-w-domu.jpg","size":"full","id":3261,"alt":"","pixels":699392,"type":"image\/jpeg"}],"twitter_card":"summary","twitter_creator":"@SzukamPracyPl","twitter_site":"@SzukamPracyPl","twitter_misc":{"Written by":"Ekspert \u0141ukasz","Est. reading time":"6 minut"},"schema":{"@context":"https:\/\/schema.org","@graph":[{"@type":"Organization","@id":"https:\/\/szukampracy.pl\/blog\/#organization","name":"Szukampracy.pl","url":"https:\/\/szukampracy.pl\/blog\/","sameAs":["https:\/\/www.facebook.com\/portalszukampracy\/","https:\/\/www.linkedin.com\/company\/szukampracy-pl","https:\/\/www.youtube.com\/channel\/UCmY56pXKURtawvJjwIvU2YQ","https:\/\/twitter.com\/SzukamPracyPl"],"logo":{"@type":"ImageObject","@id":"https:\/\/szukampracy.pl\/blog\/#logo","inLanguage":"pl-PL","url":"https:\/\/szukampracy.pl\/blog\/wp-content\/uploads\/2017\/08\/logo-1.png","contentUrl":"https:\/\/szukampracy.pl\/blog\/wp-content\/uploads\/2017\/08\/logo-1.png","width":240,"height":33,"caption":"Szukampracy.pl"},"image":{"@id":"https:\/\/szukampracy.pl\/blog\/#logo"}},{"@type":"WebSite","@id":"https:\/\/szukampracy.pl\/blog\/#website","url":"https:\/\/szukampracy.pl\/blog\/","name":"Blog Szukampracy.pl - Artyku\u0142y o rynku pracy i HR dla pracodawcy","description":"Nasz blog powsta\u0142 z my\u015bl\u0105 o Pracodawcach, Pracownikach i Kandydatach b\u0119d\u0105cych na etapie zapoznawania si\u0119 z og\u0142oszeniami o prac\u0119. Mo\u017cna u nas znale\u017a\u0107 artyku\u0142y o rynku pracy, z dziedziny HR, zarz\u0105dzania, ofert pracy za granic\u0105 oraz inne ciekawostki. Nie wahaj si\u0119 nas odwiedzi\u0107","publisher":{"@id":"https:\/\/szukampracy.pl\/blog\/#organization"},"potentialAction":[{"@type":"SearchAction","target":{"@type":"EntryPoint","urlTemplate":"https:\/\/szukampracy.pl\/blog\/?s={search_term_string}"},"query-input":"required name=search_term_string"}],"inLanguage":"pl-PL"},{"@type":"ImageObject","@id":"https:\/\/szukampracy.pl\/blog\/wlasciwe-rozliczenie-kosztow-pracy-zdalnej\/#primaryimage","inLanguage":"pl-PL","url":"https:\/\/szukampracy.pl\/blog\/wp-content\/uploads\/2020\/09\/praca-w-domu.jpg","contentUrl":"https:\/\/szukampracy.pl\/blog\/wp-content\/uploads\/2020\/09\/praca-w-domu.jpg","width":1024,"height":683},{"@type":"WebPage","@id":"https:\/\/szukampracy.pl\/blog\/wlasciwe-rozliczenie-kosztow-pracy-zdalnej\/#webpage","url":"https:\/\/szukampracy.pl\/blog\/wlasciwe-rozliczenie-kosztow-pracy-zdalnej\/","name":"W\u0142a\u015bciwe rozliczenie koszt\u00f3w pracy zdalnej - Artyku\u0142y dla Szukaj\u0105cych pracy","isPartOf":{"@id":"https:\/\/szukampracy.pl\/blog\/#website"},"primaryImageOfPage":{"@id":"https:\/\/szukampracy.pl\/blog\/wlasciwe-rozliczenie-kosztow-pracy-zdalnej\/#primaryimage"},"datePublished":"2020-09-25T07:00:21+00:00","dateModified":"2020-12-08T08:16:27+00:00","description":"Nowy artyku\u0142 W\u0142a\u015bciwe rozliczenie koszt\u00f3w pracy zdalnej na Blog Szukampracy.pl - Artyku\u0142y o rynku pracy i HR dla pracodawcy . Czytaj wi\u0119cej na blogu Szukampracy.pl!","breadcrumb":{"@id":"https:\/\/szukampracy.pl\/blog\/wlasciwe-rozliczenie-kosztow-pracy-zdalnej\/#breadcrumb"},"inLanguage":"pl-PL","potentialAction":[{"@type":"ReadAction","target":["https:\/\/szukampracy.pl\/blog\/wlasciwe-rozliczenie-kosztow-pracy-zdalnej\/"]}]},{"@type":"BreadcrumbList","@id":"https:\/\/szukampracy.pl\/blog\/wlasciwe-rozliczenie-kosztow-pracy-zdalnej\/#breadcrumb","itemListElement":[{"@type":"ListItem","position":1,"name":"Blog","item":"https:\/\/szukampracy.pl\/blog\/"},{"@type":"ListItem","position":2,"name":"Najnowsze Artyku\u0142y","item":"https:\/\/szukampracy.pl\/blog\/najnowsze\/"},{"@type":"ListItem","position":3,"name":"W\u0142a\u015bciwe rozliczenie koszt\u00f3w pracy zdalnej"}]},{"@type":"Article","@id":"https:\/\/szukampracy.pl\/blog\/wlasciwe-rozliczenie-kosztow-pracy-zdalnej\/#article","isPartOf":{"@id":"https:\/\/szukampracy.pl\/blog\/wlasciwe-rozliczenie-kosztow-pracy-zdalnej\/#webpage"},"author":{"@id":"https:\/\/szukampracy.pl\/blog\/#\/schema\/person\/3952d4bf69b606b39399e9e649ef2394"},"headline":"W\u0142a\u015bciwe rozliczenie koszt\u00f3w pracy zdalnej","datePublished":"2020-09-25T07:00:21+00:00","dateModified":"2020-12-08T08:16:27+00:00","mainEntityOfPage":{"@id":"https:\/\/szukampracy.pl\/blog\/wlasciwe-rozliczenie-kosztow-pracy-zdalnej\/#webpage"},"wordCount":1229,"commentCount":1,"publisher":{"@id":"https:\/\/szukampracy.pl\/blog\/#organization"},"image":{"@id":"https:\/\/szukampracy.pl\/blog\/wlasciwe-rozliczenie-kosztow-pracy-zdalnej\/#primaryimage"},"thumbnailUrl":"https:\/\/szukampracy.pl\/blog\/wp-content\/uploads\/2020\/09\/praca-w-domu.jpg","keywords":["praca w domu","praca zdalna","praca zdalna ekwiwalent"],"articleSection":["Najnowsze Artyku\u0142y"],"inLanguage":"pl-PL","potentialAction":[{"@type":"CommentAction","name":"Comment","target":["https:\/\/szukampracy.pl\/blog\/wlasciwe-rozliczenie-kosztow-pracy-zdalnej\/#respond"]}]},{"@type":"Person","@id":"https:\/\/szukampracy.pl\/blog\/#\/schema\/person\/3952d4bf69b606b39399e9e649ef2394","name":"Ekspert \u0141ukasz","image":{"@type":"ImageObject","@id":"https:\/\/szukampracy.pl\/blog\/#personlogo","inLanguage":"pl-PL","url":"https:\/\/secure.gravatar.com\/avatar\/7733c11b2e55f533f1cae76b6c86129d?s=96&d=mm&r=g","contentUrl":"https:\/\/secure.gravatar.com\/avatar\/7733c11b2e55f533f1cae76b6c86129d?s=96&d=mm&r=g","caption":"Ekspert \u0141ukasz"},"description":"Ekspert \u0141ukasz swoje wieloletnie do\u015bwiadczenie na rynku pracy postanowi\u0142 przekaza\u0107 tak\u017ce na naszym blogu. Jego artyku\u0142y dotycz\u0105 aktualnych zmian gospodarczych a tak\u017ce tych na rynku pracy. Z ch\u0119cia udzieli porad pracodawc\u0105, kt\u00f3rzy pr\u0119\u017cnie rozwijaj\u0105 swoje firmy."}]}},"fimg_url":"https:\/\/szukampracy.pl\/blog\/wp-content\/uploads\/2020\/09\/praca-w-domu.jpg","amp_enabled":true,"_links":{"self":[{"href":"https:\/\/szukampracy.pl\/blog\/wp-json\/wp\/v2\/posts\/3260"}],"collection":[{"href":"https:\/\/szukampracy.pl\/blog\/wp-json\/wp\/v2\/posts"}],"about":[{"href":"https:\/\/szukampracy.pl\/blog\/wp-json\/wp\/v2\/types\/post"}],"author":[{"embeddable":true,"href":"https:\/\/szukampracy.pl\/blog\/wp-json\/wp\/v2\/users\/3"}],"replies":[{"embeddable":true,"href":"https:\/\/szukampracy.pl\/blog\/wp-json\/wp\/v2\/comments?post=3260"}],"version-history":[{"count":0,"href":"https:\/\/szukampracy.pl\/blog\/wp-json\/wp\/v2\/posts\/3260\/revisions"}],"wp:featuredmedia":[{"embeddable":true,"href":"https:\/\/szukampracy.pl\/blog\/wp-json\/wp\/v2\/media\/3261"}],"wp:attachment":[{"href":"https:\/\/szukampracy.pl\/blog\/wp-json\/wp\/v2\/media?parent=3260"}],"wp:term":[{"taxonomy":"category","embeddable":true,"href":"https:\/\/szukampracy.pl\/blog\/wp-json\/wp\/v2\/categories?post=3260"},{"taxonomy":"post_tag","embeddable":true,"href":"https:\/\/szukampracy.pl\/blog\/wp-json\/wp\/v2\/tags?post=3260"}],"curies":[{"name":"wp","href":"https:\/\/api.w.org\/{rel}","templated":true}]}}