{"id":3253,"date":"2020-09-22T10:15:32","date_gmt":"2020-09-22T10:15:32","guid":{"rendered":"https:\/\/szukampracy.pl\/blog\/?p=3253"},"modified":"2020-12-08T08:19:29","modified_gmt":"2020-12-08T08:19:29","slug":"praca-dla-opiekunek-w-niemczech-na-zastepstwo","status":"publish","type":"post","link":"https:\/\/szukampracy.pl\/blog\/praca-dla-opiekunek-w-niemczech-na-zastepstwo\/","title":{"rendered":"Praca dla opiekunek w Niemczech na zast\u0119pstwo"},"content":{"rendered":"\n<p> Dopiero zaczynasz swoj\u0105 przygod\u0119 z prac\u0105 w opiece? Interesuj\u0105 ci\u0119 kr\u00f3tsze zlecenia? Mamy dla ciebie rozwi\u0105zanie idealne \u2013 prac\u0119 na zast\u0119pstwo. To \u015bwietna propozycja dla os\u00f3b poszukuj\u0105cych zatrudnienia, kt\u00f3re nie b\u0119dzie wymaga\u0142o podpisywania d\u0142ugoterminowej umowy. Co wa\u017cne, jest to r\u00f3wnie\u017c doskona\u0142y spos\u00f3b na sprawdzenie si\u0119 w tej bran\u017cy. Dowiedz si\u0119, jakie s\u0105 najwa\u017cniejsze aspekty pracy na zast\u0119pstwo jako opiekunka w Niemczech.<\/p>\n\n\n\n<h2 class=\"wp-block-heading\"><span class=\"ez-toc-section\" id=\"Praca_na_zastepstwo_jako_opiekunka_osob_starszych_-_kiedy_sie_na_nia_zdecydowac\"><\/span>Praca na zast\u0119pstwo jako opiekunka os\u00f3b starszych &#8211; kiedy si\u0119 na ni\u0105 zdecydowa\u0107?<span class=\"ez-toc-section-end\"><\/span><\/h2>\n\n\n\n<p>Opiekunka os\u00f3b starszych jest zawodem bardzo wymagaj\u0105cym &#8211; nie tylko psychicznie, ale i fizycznie. Dlatego tak wa\u017cne jest, aby osoby pracuj\u0105ce w opiece odpowiednio wypocz\u0119\u0142y i nabra\u0142y si\u0142 na kolejne zlecenia. Aby by\u0142o to mo\u017cliwe, niezb\u0119dne jest wtedy znalezienie&nbsp;<strong>opiekunki na zast\u0119pstwo<\/strong>. Najwi\u0119cej takich ofert pojawia si\u0119 z regu\u0142y w okresie przed\u015bwi\u0105tecznym i wakacyjnym.<\/p>\n\n\n\n<p><a href=\"https:\/\/carework.pl\/poradnik\/opiekunka-osob-starszych-w-niemczech-na-zastepstwo\">Praca dla opiekunek na zast\u0119pstwo w Niemczech<\/a>&nbsp;sprawdzi si\u0119 w przypadku os\u00f3b, kt\u00f3re dopiero rozpoczynaj\u0105 prac\u0119 w opiece lub nie chc\u0105\/nie mog\u0105 pozostawa\u0107 d\u0142u\u017cej poza krajem ze wzgl\u0119du na inne obowi\u0105zki zawodowe, czy te\u017c rodzinne. Wi\u0119kszo\u015b\u0107 os\u00f3b, kt\u00f3re podejmuj\u0105 prac\u0119 w charakterze opiekunki na zast\u0119pstwo, traktuj\u0105 j\u0105 jako spos\u00f3b na&nbsp;<strong>dodatkowy zarobek<\/strong>, a nie sta\u0142y doch\u00f3d.<\/p>\n\n\n\n<p>Taki rodzaj pracy jest w obu przypadkach sporym udogodnieniem, poniewa\u017c z regu\u0142y wi\u0105\u017ce si\u0119 z wyjazdem maksymalnie na okres kilku tygodni. Cz\u0119sto prac\u0119 na zast\u0119pstwo wybieraj\u0105 m.in. nauczyciele i pedagodzy, kt\u00f3rzy w okresie letnim nie wykonuj\u0105 swojego regularnego zawodu.<\/p>\n\n\n\n<h2 class=\"wp-block-heading\"><span class=\"ez-toc-section\" id=\"Praca_na_zastepstwo_w_opiece_-_wymagania\"><\/span>Praca na zast\u0119pstwo w opiece &#8211; wymagania<span class=\"ez-toc-section-end\"><\/span><\/h2>\n\n\n\n<p>Do wymaga\u0144 stawianych kandydatom na stanowisko opiekuna na zast\u0119pstwo mo\u017cemy zaliczy\u0107:<\/p>\n\n\n\n<ul><li><strong>Elastyczno\u015b\u0107\/dyspozycyjno\u015b\u0107<\/strong>&nbsp;&#8211; podstawowym wymogiem w przypadku pracy na zast\u0119pstwo w opiece jest elastyczno\u015b\u0107 oraz dyspozycyjno\u015b\u0107 pracownika. Wi\u0105\u017ce si\u0119 to z faktem, \u017ce cz\u0119sto wyjazdy organizuje si\u0119 na tzw. \u2018\u2019ostatni\u0105 chwil\u0119\u2019\u2019. Opiekun na zast\u0119pstwo nie powinien mie\u0107 r\u00f3wnie\u017c trudno\u015bci z dostosowaniem si\u0119 do nowej rzeczywisto\u015bci i wymaga\u0144, kt\u00f3re dyktuje sta\u0142a opiekunka, czy te\u017c podopieczny.<\/li><li><strong>Empatia oraz cierpliwo\u015b\u0107<\/strong>&nbsp;\u2013 praca z podopiecznymi czasami nie nale\u017cy do naj\u0142atwiejszych. W zale\u017cno\u015bci od przypadku mo\u017cemy mie\u0107 do czynienia z osob\u0105 niemal ca\u0142kowicie samodzieln\u0105 lub tak\u0105, kt\u00f3ra potrzebuje&nbsp;<strong>ca\u0142odobowej opieki<\/strong>. Musimy wi\u0119c by\u0107 przygotowani na spor\u0105 dawk\u0119 r\u00f3\u017cnych wyzwa\u0144 oraz emocji. Opieka mo\u017ce nas bardzo obci\u0105\u017ca\u0107 nie tylko psychicznie, ale i fizycznie. Niekt\u00f3rzy podopieczni wymagaj\u0105 noszenia, mycia czy te\u017c karmienia. Cz\u0119sto z trudem przychodzi im dostosowanie si\u0119 do zmian, wi\u0119c przez nasz\u0105 obecno\u015b\u0107 mog\u0105 na pocz\u0105tku czu\u0107 si\u0119 niekomfortowo. W takich w\u0142a\u015bnie przypadkach powinni\u015bmy wykaza\u0107 si\u0119 szczeg\u00f3ln\u0105&nbsp;<strong>empati\u0105 i zrozumieniem<\/strong>.<\/li><li><strong>J\u0119zyk<\/strong>&nbsp;\u2013 jako opiekunowie z regu\u0142y nie musimy operowa\u0107 j\u0119zykiem niemieckim na poziomie C1. W wi\u0119kszo\u015bci przypadk\u00f3w wystarczy jego znajomo\u015b\u0107 w&nbsp;<strong>stopniu komunikatywnym<\/strong>. Nale\u017cy jednak pami\u0119ta\u0107, \u017ce im wy\u017cszy poziom zaawansowania, tym \u0142atwiej b\u0119dzie nam porozumie\u0107 si\u0119 z podopiecznym i jego rodzin\u0105. Ponadto b\u0119dziemy mieli wi\u0119ksze szanse na zdobycie lepiej p\u0142atnego zlecenia.<\/li><\/ul>\n\n\n\n<h2 class=\"wp-block-heading\"><span class=\"ez-toc-section\" id=\"Zalety_pracy_na_zastepstwo_w_niemieckiej_opiece\"><\/span>Zalety pracy na zast\u0119pstwo w niemieckiej opiece<span class=\"ez-toc-section-end\"><\/span><\/h2>\n\n\n\n<p>Praca na zast\u0119pstwo mo\u017ce przynie\u015b\u0107 nam wiele korzy\u015bci. Poni\u017cej znajdziesz kilka z nich.<\/p>\n\n\n\n<h3 class=\"wp-block-heading\"><span class=\"ez-toc-section\" id=\"Krotkoterminowe_umowy\"><\/span>Kr\u00f3tkoterminowe umowy<span class=\"ez-toc-section-end\"><\/span><\/h3>\n\n\n\n<p>Najwi\u0119ksz\u0105 zalet\u0105 dla os\u00f3b poszukuj\u0105cych pracy na zast\u0119pstwo jest&nbsp;<strong>brak d\u0142ugoterminowych um\u00f3w<\/strong>. Zazwyczaj podpisywane s\u0105 na kilka tygodni, co pozwala na zapoznanie si\u0119 z zawodem, ale do niczego nas nie zobowi\u0105zuje po przepracowaniu ustalonego okresu.<\/p>\n\n\n\n<h3 class=\"wp-block-heading\"><span class=\"ez-toc-section\" id=\"Premie\"><\/span>Premie<span class=\"ez-toc-section-end\"><\/span><\/h3>\n\n\n\n<p><strong>Atrakcyjne premie<\/strong>&nbsp;to nagroda nie tylko dla sta\u0142ych opiekun\u00f3w. Jako pracownicy na zast\u0119pstwo r\u00f3wnie\u017c mo\u017cemy liczy\u0107 na bonusy w okresie wakacyjnym czy \u015bwi\u0105tecznym (\u015bwi\u0119ta Bo\u017cego Narodzenia, Nowy Rok, Wielkanoc). Jest to swojego rodzaju zach\u0119ta do podj\u0119cia zatrudnienia w tym wyj\u0105tkowym okresie, kt\u00f3ry wi\u0119kszo\u015b\u0107 z nas sp\u0119dza zazwyczaj ze swoimi bliskimi.<\/p>\n\n\n\n<h3 class=\"wp-block-heading\"><span class=\"ez-toc-section\" id=\"Znajomosc_jezyka\"><\/span>Znajomo\u015b\u0107 j\u0119zyka<span class=\"ez-toc-section-end\"><\/span><\/h3>\n\n\n\n<p>Praca na zast\u0119pstwo w Niemczech to tak\u017ce \u015bwietny spos\u00f3b na&nbsp;<strong>rozwini\u0119cie umiej\u0119tno\u015bci j\u0119zykowych<\/strong>. Nie ma lepszej metody nauki j\u0119zyka ni\u017c kontakt z lud\u017ami. W pracy opiekuna jeste\u015bmy stawiani przed r\u00f3\u017cnego rodzaju&nbsp;<strong>wyzwaniami<\/strong>&nbsp;i w\u0142a\u015bnie to jest najlepszym sposobem na udoskonalenie swoich kompetencji w tym zakresie.<\/p>\n\n\n\n<h3 class=\"wp-block-heading\"><span class=\"ez-toc-section\" id=\"Wady_pracy_na_zastepstwo\"><\/span>Wady pracy na zast\u0119pstwo<span class=\"ez-toc-section-end\"><\/span><\/h3>\n\n\n\n<p>Do wad na pewno mo\u017cemy zaliczy\u0107 cz\u0119sto&nbsp;<strong>niestandardowe wyjazdy<\/strong>. Opiekunowie na zast\u0119pstwo zazwyczaj \u017cyj\u0105 \u2018\u2019na walizkach\u2019\u2019 i powinni by\u0107 dyspozycyjni w tak newralgicznych okresach, jak wakacje, czy te\u017c \u015bwi\u0119ta.<\/p>\n\n\n\n<p>Jak ju\u017c wcze\u015bniej wspomnieli\u015bmy, niekt\u00f3rzy podopieczni mog\u0105 mie\u0107 problem z zaakceptowaniem zmian. W takim przypadku musimy wykaza\u0107 si\u0119&nbsp;<strong>profesjonalizmem<\/strong>&nbsp;i spokojnie, z cierpliwo\u015bci\u0105 podej\u015b\u0107 do sytuacji. Mo\u017ce to by\u0107 r\u00f3wnie\u017c doskona\u0142a forma sprawdzenia si\u0119 w tym zawodzie. Najwi\u0119ksz\u0105 nagrod\u0105 dla opiekunki jest moment, gdy uda si\u0119 zyska\u0107 zaufanie podopiecznego czy po prostu sprawi\u0107, \u017ce jego dzie\u0144 b\u0119dzie cho\u0107 troch\u0119 lepszy.<\/p>\n\n\n\n<h4 class=\"wp-block-heading\"><span class=\"ez-toc-section\" id=\"Na_co_uwazac_decydujac_sie_na_prace_na_zastepstwo\"><\/span>Na co uwa\u017ca\u0107 decyduj\u0105c si\u0119 na prac\u0119 na zast\u0119pstwo?<span class=\"ez-toc-section-end\"><\/span><\/h4>\n\n\n\n<p>Je\u017celi decydujemy si\u0119 na prac\u0119 w opiece na zast\u0119pstwo, to powinni\u015bmy zwr\u00f3ci\u0107 szczeg\u00f3ln\u0105 uwag\u0119 na opinie o danej agencji lub firmie opieku\u0144czej. Niestety nierzadko mo\u017cemy spotka\u0107 si\u0119 z sytuacjami, gdzie oferta pracy jest niekorzystna dla potencjalnego pracownika. Dlatego nie zaleca si\u0119 podejmowania tzw. zlece\u0144 na czarno od os\u00f3b prywatnych. Znacznie lepszym i pewniejszym rozwi\u0105zaniem jest wyjazd z profesjonaln\u0105 firm\u0105 opieku\u0144cz\u0105.<br><\/p>\n","protected":false},"excerpt":{"rendered":"<p>Dopiero zaczynasz swoj\u0105 przygod\u0119 z prac\u0105 w opiece? Interesuj\u0105 ci\u0119 kr\u00f3tsze zlecenia? Mamy dla ciebie rozwi\u0105zanie idealne \u2013 prac\u0119 na<\/p>\n","protected":false},"author":1,"featured_media":3254,"comment_status":"open","ping_status":"open","sticky":false,"template":"","format":"standard","meta":{"footnotes":""},"categories":[1],"tags":[1641,1642,1640,1643],"yoast_head":"<!-- This site is optimized with the Yoast SEO plugin v16.7 - https:\/\/yoast.com\/wordpress\/plugins\/seo\/ -->\n<title>Praca dla opiekunek w Niemczech na zast\u0119pstwo - Artyku\u0142y dla Szukaj\u0105cych pracy<\/title>\n<meta name=\"description\" content=\"Nowy artyku\u0142 Praca dla opiekunek w Niemczech na zast\u0119pstwo na Blog Szukampracy.pl - Artyku\u0142y o rynku pracy i HR dla pracodawcy . Czytaj wi\u0119cej na blogu Szukampracy.pl!\" \/>\n<meta name=\"robots\" content=\"index, follow, max-snippet:-1, max-image-preview:large, max-video-preview:-1\" \/>\n<link rel=\"canonical\" href=\"https:\/\/szukampracy.pl\/blog\/praca-dla-opiekunek-w-niemczech-na-zastepstwo\/\" \/>\n<meta property=\"og:locale\" content=\"pl_PL\" \/>\n<meta property=\"og:type\" content=\"article\" \/>\n<meta property=\"og:title\" content=\"Praca dla opiekunek w Niemczech na zast\u0119pstwo - Artyku\u0142y dla Szukaj\u0105cych pracy\" \/>\n<meta property=\"og:description\" content=\"Nowy artyku\u0142 Praca dla opiekunek w Niemczech na zast\u0119pstwo na Blog Szukampracy.pl - Artyku\u0142y o rynku pracy i HR dla pracodawcy . Czytaj wi\u0119cej na blogu Szukampracy.pl!\" \/>\n<meta property=\"og:url\" content=\"https:\/\/szukampracy.pl\/blog\/praca-dla-opiekunek-w-niemczech-na-zastepstwo\/\" \/>\n<meta property=\"og:site_name\" content=\"Blog Szukampracy.pl - Artyku\u0142y o rynku pracy i HR dla pracodawcy\" \/>\n<meta property=\"article:publisher\" content=\"https:\/\/www.facebook.com\/portalszukampracy\/\" \/>\n<meta property=\"article:published_time\" content=\"2020-09-22T10:15:32+00:00\" \/>\n<meta property=\"article:modified_time\" content=\"2020-12-08T08:19:29+00:00\" \/>\n<meta property=\"og:image\" content=\"https:\/\/szukampracy.pl\/blog\/wp-content\/uploads\/2020\/09\/opiekunka-na-zastepstwo-niemcy.jpg\" \/>\n\t<meta property=\"og:image:width\" content=\"1000\" \/>\n\t<meta property=\"og:image:height\" content=\"683\" \/>\n<meta name=\"twitter:card\" content=\"summary\" \/>\n<meta name=\"twitter:creator\" content=\"@SzukamPracyPl\" \/>\n<meta name=\"twitter:site\" content=\"@SzukamPracyPl\" \/>\n<meta name=\"twitter:label1\" content=\"Written by\" \/>\n\t<meta name=\"twitter:data1\" content=\"Szukampracy.pl Ekspert\" \/>\n\t<meta name=\"twitter:label2\" content=\"Est. reading time\" \/>\n\t<meta name=\"twitter:data2\" content=\"5 minut\" \/>\n<script type=\"application\/ld+json\" class=\"yoast-schema-graph\">{\"@context\":\"https:\/\/schema.org\",\"@graph\":[{\"@type\":\"Organization\",\"@id\":\"https:\/\/szukampracy.pl\/blog\/#organization\",\"name\":\"Szukampracy.pl\",\"url\":\"https:\/\/szukampracy.pl\/blog\/\",\"sameAs\":[\"https:\/\/www.facebook.com\/portalszukampracy\/\",\"https:\/\/www.linkedin.com\/company\/szukampracy-pl\",\"https:\/\/www.youtube.com\/channel\/UCmY56pXKURtawvJjwIvU2YQ\",\"https:\/\/twitter.com\/SzukamPracyPl\"],\"logo\":{\"@type\":\"ImageObject\",\"@id\":\"https:\/\/szukampracy.pl\/blog\/#logo\",\"inLanguage\":\"pl-PL\",\"url\":\"https:\/\/szukampracy.pl\/blog\/wp-content\/uploads\/2017\/08\/logo-1.png\",\"contentUrl\":\"https:\/\/szukampracy.pl\/blog\/wp-content\/uploads\/2017\/08\/logo-1.png\",\"width\":240,\"height\":33,\"caption\":\"Szukampracy.pl\"},\"image\":{\"@id\":\"https:\/\/szukampracy.pl\/blog\/#logo\"}},{\"@type\":\"WebSite\",\"@id\":\"https:\/\/szukampracy.pl\/blog\/#website\",\"url\":\"https:\/\/szukampracy.pl\/blog\/\",\"name\":\"Blog Szukampracy.pl - Artyku\\u0142y o rynku pracy i HR dla pracodawcy\",\"description\":\"Nasz blog powsta\\u0142 z my\\u015bl\\u0105 o Pracodawcach, Pracownikach i Kandydatach b\\u0119d\\u0105cych na etapie zapoznawania si\\u0119 z og\\u0142oszeniami o prac\\u0119. Mo\\u017cna u nas znale\\u017a\\u0107 artyku\\u0142y o rynku pracy, z dziedziny HR, zarz\\u0105dzania, ofert pracy za granic\\u0105 oraz inne ciekawostki. Nie wahaj si\\u0119 nas odwiedzi\\u0107\",\"publisher\":{\"@id\":\"https:\/\/szukampracy.pl\/blog\/#organization\"},\"potentialAction\":[{\"@type\":\"SearchAction\",\"target\":{\"@type\":\"EntryPoint\",\"urlTemplate\":\"https:\/\/szukampracy.pl\/blog\/?s={search_term_string}\"},\"query-input\":\"required name=search_term_string\"}],\"inLanguage\":\"pl-PL\"},{\"@type\":\"ImageObject\",\"@id\":\"https:\/\/szukampracy.pl\/blog\/praca-dla-opiekunek-w-niemczech-na-zastepstwo\/#primaryimage\",\"inLanguage\":\"pl-PL\",\"url\":\"https:\/\/szukampracy.pl\/blog\/wp-content\/uploads\/2020\/09\/opiekunka-na-zastepstwo-niemcy.jpg\",\"contentUrl\":\"https:\/\/szukampracy.pl\/blog\/wp-content\/uploads\/2020\/09\/opiekunka-na-zastepstwo-niemcy.jpg\",\"width\":1000,\"height\":683},{\"@type\":\"WebPage\",\"@id\":\"https:\/\/szukampracy.pl\/blog\/praca-dla-opiekunek-w-niemczech-na-zastepstwo\/#webpage\",\"url\":\"https:\/\/szukampracy.pl\/blog\/praca-dla-opiekunek-w-niemczech-na-zastepstwo\/\",\"name\":\"Praca dla opiekunek w Niemczech na zast\\u0119pstwo - Artyku\\u0142y dla Szukaj\\u0105cych pracy\",\"isPartOf\":{\"@id\":\"https:\/\/szukampracy.pl\/blog\/#website\"},\"primaryImageOfPage\":{\"@id\":\"https:\/\/szukampracy.pl\/blog\/praca-dla-opiekunek-w-niemczech-na-zastepstwo\/#primaryimage\"},\"datePublished\":\"2020-09-22T10:15:32+00:00\",\"dateModified\":\"2020-12-08T08:19:29+00:00\",\"description\":\"Nowy artyku\\u0142 Praca dla opiekunek w Niemczech na zast\\u0119pstwo na Blog Szukampracy.pl - Artyku\\u0142y o rynku pracy i HR dla pracodawcy . Czytaj wi\\u0119cej na blogu Szukampracy.pl!\",\"breadcrumb\":{\"@id\":\"https:\/\/szukampracy.pl\/blog\/praca-dla-opiekunek-w-niemczech-na-zastepstwo\/#breadcrumb\"},\"inLanguage\":\"pl-PL\",\"potentialAction\":[{\"@type\":\"ReadAction\",\"target\":[\"https:\/\/szukampracy.pl\/blog\/praca-dla-opiekunek-w-niemczech-na-zastepstwo\/\"]}]},{\"@type\":\"BreadcrumbList\",\"@id\":\"https:\/\/szukampracy.pl\/blog\/praca-dla-opiekunek-w-niemczech-na-zastepstwo\/#breadcrumb\",\"itemListElement\":[{\"@type\":\"ListItem\",\"position\":1,\"name\":\"Blog\",\"item\":\"https:\/\/szukampracy.pl\/blog\/\"},{\"@type\":\"ListItem\",\"position\":2,\"name\":\"Kariera i rozw\\u00f3j\",\"item\":\"https:\/\/szukampracy.pl\/blog\/kariera\/\"},{\"@type\":\"ListItem\",\"position\":3,\"name\":\"Praca dla opiekunek w Niemczech na zast\\u0119pstwo\"}]},{\"@type\":\"Article\",\"@id\":\"https:\/\/szukampracy.pl\/blog\/praca-dla-opiekunek-w-niemczech-na-zastepstwo\/#article\",\"isPartOf\":{\"@id\":\"https:\/\/szukampracy.pl\/blog\/praca-dla-opiekunek-w-niemczech-na-zastepstwo\/#webpage\"},\"author\":{\"@id\":\"https:\/\/szukampracy.pl\/blog\/#\/schema\/person\/57cdc8fe01df0a785820416f51a31c7c\"},\"headline\":\"Praca dla opiekunek w Niemczech na zast\\u0119pstwo\",\"datePublished\":\"2020-09-22T10:15:32+00:00\",\"dateModified\":\"2020-12-08T08:19:29+00:00\",\"mainEntityOfPage\":{\"@id\":\"https:\/\/szukampracy.pl\/blog\/praca-dla-opiekunek-w-niemczech-na-zastepstwo\/#webpage\"},\"wordCount\":943,\"commentCount\":0,\"publisher\":{\"@id\":\"https:\/\/szukampracy.pl\/blog\/#organization\"},\"image\":{\"@id\":\"https:\/\/szukampracy.pl\/blog\/praca-dla-opiekunek-w-niemczech-na-zastepstwo\/#primaryimage\"},\"thumbnailUrl\":\"https:\/\/szukampracy.pl\/blog\/wp-content\/uploads\/2020\/09\/opiekunka-na-zastepstwo-niemcy.jpg\",\"keywords\":[\"opiekunka na zast\\u0119pstwo\",\"opiekunka os\\u00f3b starszych niemcy na zast\\u0119pstwo\",\"praca opiekunki w niemczech na zast\\u0119pstwo\",\"szukam opiekunki na zastepstwo do niemiec\"],\"articleSection\":[\"Kariera i rozw\\u00f3j\"],\"inLanguage\":\"pl-PL\",\"potentialAction\":[{\"@type\":\"CommentAction\",\"name\":\"Comment\",\"target\":[\"https:\/\/szukampracy.pl\/blog\/praca-dla-opiekunek-w-niemczech-na-zastepstwo\/#respond\"]}]},{\"@type\":\"Person\",\"@id\":\"https:\/\/szukampracy.pl\/blog\/#\/schema\/person\/57cdc8fe01df0a785820416f51a31c7c\",\"name\":\"Szukampracy.pl Ekspert\",\"image\":{\"@type\":\"ImageObject\",\"@id\":\"https:\/\/szukampracy.pl\/blog\/#personlogo\",\"inLanguage\":\"pl-PL\",\"url\":\"https:\/\/secure.gravatar.com\/avatar\/2af4d91def5bf00243347eafbe25c6be?s=96&d=mm&r=g\",\"contentUrl\":\"https:\/\/secure.gravatar.com\/avatar\/2af4d91def5bf00243347eafbe25c6be?s=96&d=mm&r=g\",\"caption\":\"Szukampracy.pl Ekspert\"},\"description\":\"Ekspert w dziedzinie HR oraz rynku pracy z wieloletnim do\\u015bwiadczeniem. Praca w bran\\u017cy HR pozwoli\\u0142a na poznanie wielu ciekawych technik rekrutacyjnych. Na blogu udziela porad a tak\\u017ce opisuje procesy zwi\\u0105zane z prowadzeniem rekrutacji b\\u0105d\\u017a te\\u017c firmy.\"}]}<\/script>\n<!-- \/ Yoast SEO plugin. -->","yoast_head_json":{"title":"Praca dla opiekunek w Niemczech na zast\u0119pstwo - Artyku\u0142y dla Szukaj\u0105cych pracy","description":"Nowy artyku\u0142 Praca dla opiekunek w Niemczech na zast\u0119pstwo na Blog Szukampracy.pl - Artyku\u0142y o rynku pracy i HR dla pracodawcy . Czytaj wi\u0119cej na blogu Szukampracy.pl!","robots":{"index":"index","follow":"follow","max-snippet":"max-snippet:-1","max-image-preview":"max-image-preview:large","max-video-preview":"max-video-preview:-1"},"canonical":"https:\/\/szukampracy.pl\/blog\/praca-dla-opiekunek-w-niemczech-na-zastepstwo\/","og_locale":"pl_PL","og_type":"article","og_title":"Praca dla opiekunek w Niemczech na zast\u0119pstwo - Artyku\u0142y dla Szukaj\u0105cych pracy","og_description":"Nowy artyku\u0142 Praca dla opiekunek w Niemczech na zast\u0119pstwo na Blog Szukampracy.pl - Artyku\u0142y o rynku pracy i HR dla pracodawcy . Czytaj wi\u0119cej na blogu Szukampracy.pl!","og_url":"https:\/\/szukampracy.pl\/blog\/praca-dla-opiekunek-w-niemczech-na-zastepstwo\/","og_site_name":"Blog Szukampracy.pl - Artyku\u0142y o rynku pracy i HR dla pracodawcy","article_publisher":"https:\/\/www.facebook.com\/portalszukampracy\/","article_published_time":"2020-09-22T10:15:32+00:00","article_modified_time":"2020-12-08T08:19:29+00:00","og_image":[{"width":1000,"height":683,"url":"https:\/\/szukampracy.pl\/blog\/wp-content\/uploads\/2020\/09\/opiekunka-na-zastepstwo-niemcy.jpg","path":"\/home\/szukamprac\/domains\/szukampracy.pl\/public_html\/blog\/wp-content\/uploads\/2020\/09\/opiekunka-na-zastepstwo-niemcy.jpg","size":"full","id":3254,"alt":"","pixels":683000,"type":"image\/jpeg"}],"twitter_card":"summary","twitter_creator":"@SzukamPracyPl","twitter_site":"@SzukamPracyPl","twitter_misc":{"Written by":"Szukampracy.pl Ekspert","Est. reading time":"5 minut"},"schema":{"@context":"https:\/\/schema.org","@graph":[{"@type":"Organization","@id":"https:\/\/szukampracy.pl\/blog\/#organization","name":"Szukampracy.pl","url":"https:\/\/szukampracy.pl\/blog\/","sameAs":["https:\/\/www.facebook.com\/portalszukampracy\/","https:\/\/www.linkedin.com\/company\/szukampracy-pl","https:\/\/www.youtube.com\/channel\/UCmY56pXKURtawvJjwIvU2YQ","https:\/\/twitter.com\/SzukamPracyPl"],"logo":{"@type":"ImageObject","@id":"https:\/\/szukampracy.pl\/blog\/#logo","inLanguage":"pl-PL","url":"https:\/\/szukampracy.pl\/blog\/wp-content\/uploads\/2017\/08\/logo-1.png","contentUrl":"https:\/\/szukampracy.pl\/blog\/wp-content\/uploads\/2017\/08\/logo-1.png","width":240,"height":33,"caption":"Szukampracy.pl"},"image":{"@id":"https:\/\/szukampracy.pl\/blog\/#logo"}},{"@type":"WebSite","@id":"https:\/\/szukampracy.pl\/blog\/#website","url":"https:\/\/szukampracy.pl\/blog\/","name":"Blog Szukampracy.pl - Artyku\u0142y o rynku pracy i HR dla pracodawcy","description":"Nasz blog powsta\u0142 z my\u015bl\u0105 o Pracodawcach, Pracownikach i Kandydatach b\u0119d\u0105cych na etapie zapoznawania si\u0119 z og\u0142oszeniami o prac\u0119. Mo\u017cna u nas znale\u017a\u0107 artyku\u0142y o rynku pracy, z dziedziny HR, zarz\u0105dzania, ofert pracy za granic\u0105 oraz inne ciekawostki. Nie wahaj si\u0119 nas odwiedzi\u0107","publisher":{"@id":"https:\/\/szukampracy.pl\/blog\/#organization"},"potentialAction":[{"@type":"SearchAction","target":{"@type":"EntryPoint","urlTemplate":"https:\/\/szukampracy.pl\/blog\/?s={search_term_string}"},"query-input":"required name=search_term_string"}],"inLanguage":"pl-PL"},{"@type":"ImageObject","@id":"https:\/\/szukampracy.pl\/blog\/praca-dla-opiekunek-w-niemczech-na-zastepstwo\/#primaryimage","inLanguage":"pl-PL","url":"https:\/\/szukampracy.pl\/blog\/wp-content\/uploads\/2020\/09\/opiekunka-na-zastepstwo-niemcy.jpg","contentUrl":"https:\/\/szukampracy.pl\/blog\/wp-content\/uploads\/2020\/09\/opiekunka-na-zastepstwo-niemcy.jpg","width":1000,"height":683},{"@type":"WebPage","@id":"https:\/\/szukampracy.pl\/blog\/praca-dla-opiekunek-w-niemczech-na-zastepstwo\/#webpage","url":"https:\/\/szukampracy.pl\/blog\/praca-dla-opiekunek-w-niemczech-na-zastepstwo\/","name":"Praca dla opiekunek w Niemczech na zast\u0119pstwo - Artyku\u0142y dla Szukaj\u0105cych pracy","isPartOf":{"@id":"https:\/\/szukampracy.pl\/blog\/#website"},"primaryImageOfPage":{"@id":"https:\/\/szukampracy.pl\/blog\/praca-dla-opiekunek-w-niemczech-na-zastepstwo\/#primaryimage"},"datePublished":"2020-09-22T10:15:32+00:00","dateModified":"2020-12-08T08:19:29+00:00","description":"Nowy artyku\u0142 Praca dla opiekunek w Niemczech na zast\u0119pstwo na Blog Szukampracy.pl - Artyku\u0142y o rynku pracy i HR dla pracodawcy . Czytaj wi\u0119cej na blogu Szukampracy.pl!","breadcrumb":{"@id":"https:\/\/szukampracy.pl\/blog\/praca-dla-opiekunek-w-niemczech-na-zastepstwo\/#breadcrumb"},"inLanguage":"pl-PL","potentialAction":[{"@type":"ReadAction","target":["https:\/\/szukampracy.pl\/blog\/praca-dla-opiekunek-w-niemczech-na-zastepstwo\/"]}]},{"@type":"BreadcrumbList","@id":"https:\/\/szukampracy.pl\/blog\/praca-dla-opiekunek-w-niemczech-na-zastepstwo\/#breadcrumb","itemListElement":[{"@type":"ListItem","position":1,"name":"Blog","item":"https:\/\/szukampracy.pl\/blog\/"},{"@type":"ListItem","position":2,"name":"Kariera i rozw\u00f3j","item":"https:\/\/szukampracy.pl\/blog\/kariera\/"},{"@type":"ListItem","position":3,"name":"Praca dla opiekunek w Niemczech na zast\u0119pstwo"}]},{"@type":"Article","@id":"https:\/\/szukampracy.pl\/blog\/praca-dla-opiekunek-w-niemczech-na-zastepstwo\/#article","isPartOf":{"@id":"https:\/\/szukampracy.pl\/blog\/praca-dla-opiekunek-w-niemczech-na-zastepstwo\/#webpage"},"author":{"@id":"https:\/\/szukampracy.pl\/blog\/#\/schema\/person\/57cdc8fe01df0a785820416f51a31c7c"},"headline":"Praca dla opiekunek w Niemczech na zast\u0119pstwo","datePublished":"2020-09-22T10:15:32+00:00","dateModified":"2020-12-08T08:19:29+00:00","mainEntityOfPage":{"@id":"https:\/\/szukampracy.pl\/blog\/praca-dla-opiekunek-w-niemczech-na-zastepstwo\/#webpage"},"wordCount":943,"commentCount":0,"publisher":{"@id":"https:\/\/szukampracy.pl\/blog\/#organization"},"image":{"@id":"https:\/\/szukampracy.pl\/blog\/praca-dla-opiekunek-w-niemczech-na-zastepstwo\/#primaryimage"},"thumbnailUrl":"https:\/\/szukampracy.pl\/blog\/wp-content\/uploads\/2020\/09\/opiekunka-na-zastepstwo-niemcy.jpg","keywords":["opiekunka na zast\u0119pstwo","opiekunka os\u00f3b starszych niemcy na zast\u0119pstwo","praca opiekunki w niemczech na zast\u0119pstwo","szukam opiekunki na zastepstwo do niemiec"],"articleSection":["Kariera i rozw\u00f3j"],"inLanguage":"pl-PL","potentialAction":[{"@type":"CommentAction","name":"Comment","target":["https:\/\/szukampracy.pl\/blog\/praca-dla-opiekunek-w-niemczech-na-zastepstwo\/#respond"]}]},{"@type":"Person","@id":"https:\/\/szukampracy.pl\/blog\/#\/schema\/person\/57cdc8fe01df0a785820416f51a31c7c","name":"Szukampracy.pl Ekspert","image":{"@type":"ImageObject","@id":"https:\/\/szukampracy.pl\/blog\/#personlogo","inLanguage":"pl-PL","url":"https:\/\/secure.gravatar.com\/avatar\/2af4d91def5bf00243347eafbe25c6be?s=96&d=mm&r=g","contentUrl":"https:\/\/secure.gravatar.com\/avatar\/2af4d91def5bf00243347eafbe25c6be?s=96&d=mm&r=g","caption":"Szukampracy.pl Ekspert"},"description":"Ekspert w dziedzinie HR oraz rynku pracy z wieloletnim do\u015bwiadczeniem. Praca w bran\u017cy HR pozwoli\u0142a na poznanie wielu ciekawych technik rekrutacyjnych. Na blogu udziela porad a tak\u017ce opisuje procesy zwi\u0105zane z prowadzeniem rekrutacji b\u0105d\u017a te\u017c firmy."}]}},"fimg_url":"https:\/\/szukampracy.pl\/blog\/wp-content\/uploads\/2020\/09\/opiekunka-na-zastepstwo-niemcy.jpg","amp_enabled":true,"_links":{"self":[{"href":"https:\/\/szukampracy.pl\/blog\/wp-json\/wp\/v2\/posts\/3253"}],"collection":[{"href":"https:\/\/szukampracy.pl\/blog\/wp-json\/wp\/v2\/posts"}],"about":[{"href":"https:\/\/szukampracy.pl\/blog\/wp-json\/wp\/v2\/types\/post"}],"author":[{"embeddable":true,"href":"https:\/\/szukampracy.pl\/blog\/wp-json\/wp\/v2\/users\/1"}],"replies":[{"embeddable":true,"href":"https:\/\/szukampracy.pl\/blog\/wp-json\/wp\/v2\/comments?post=3253"}],"version-history":[{"count":0,"href":"https:\/\/szukampracy.pl\/blog\/wp-json\/wp\/v2\/posts\/3253\/revisions"}],"wp:featuredmedia":[{"embeddable":true,"href":"https:\/\/szukampracy.pl\/blog\/wp-json\/wp\/v2\/media\/3254"}],"wp:attachment":[{"href":"https:\/\/szukampracy.pl\/blog\/wp-json\/wp\/v2\/media?parent=3253"}],"wp:term":[{"taxonomy":"category","embeddable":true,"href":"https:\/\/szukampracy.pl\/blog\/wp-json\/wp\/v2\/categories?post=3253"},{"taxonomy":"post_tag","embeddable":true,"href":"https:\/\/szukampracy.pl\/blog\/wp-json\/wp\/v2\/tags?post=3253"}],"curies":[{"name":"wp","href":"https:\/\/api.w.org\/{rel}","templated":true}]}}