{"id":3148,"date":"2020-08-24T07:00:35","date_gmt":"2020-08-24T07:00:35","guid":{"rendered":"https:\/\/szukampracy.pl\/blog\/?p=3148"},"modified":"2020-08-21T19:04:53","modified_gmt":"2020-08-21T19:04:53","slug":"ocena-ryzyka-zawodowego-bardzo-istotna","status":"publish","type":"post","link":"https:\/\/szukampracy.pl\/blog\/ocena-ryzyka-zawodowego-bardzo-istotna\/","title":{"rendered":"Ocena ryzyka zawodowego bardzo istotna"},"content":{"rendered":"\n<p>Ocena ryzyka zawodowego w zwi\u0105zku\nz mo\u017cliwo\u015bci\u0105 zaka\u017cenia COVID-19 staje si\u0119 obecnie jednym z g\u0142\u00f3wnych punkt\u00f3w\nkontroli prowadzonych przez Pa\u0144stwow\u0105 Inspekcj\u0119 Pracy (PIP) w\nprzedsi\u0119biorstwach. Natomiast pracodawcy powinni zakres podj\u0119tych przez siebie\ndzia\u0142a\u0144 ochronnych dostosowa\u0107 do w\u0142a\u015bnie owej oceny ryzyka. <\/p>\n\n\n\n<h3 class=\"wp-block-heading\"><strong>Czego zatem dotyczy\u0107 b\u0119d\u0105\nkontrole prowadzone w obecnym roku przez PIP?<\/strong><\/h3>\n\n\n\n<p>Generalnie nie wszyscy\nprzedsi\u0119biorcy zatrudniaj\u0105cy pracownik\u00f3w przywi\u0105zuj\u0105 nale\u017cyt\u0105 wag\u0119 do prawid\u0142owego\nstosowania przepis\u00f3w bhp. Okazuje si\u0119 jednak, i\u017c szczeg\u00f3lnie obecnie, w dobie\nepidemii, powinni przede wszystkim o to zadba\u0107.<\/p>\n\n\n\n<p>W przeciwnym bowiem razie mog\u0105\nnarazi\u0107 si\u0119 na mandaty i odpowiedzialno\u015b\u0107 ze strony urz\u0119dnik\u00f3w PIP. Do ko\u0144ca\nbie\u017c\u0105cego roku bowiem urz\u0119dnicy ci przeprowadz\u0105 kilkadziesi\u0105t tysi\u0119cy kontroli\nw\u015br\u00f3d zatrudniaj\u0105cych, a przedmiotem ich zainteresowania b\u0119dzie mi\u0119dzy innymi\nwyposa\u017cenie za\u0142ogi w \u015brodki ochronne oraz zaktualizowana ocena ryzyka\nzawodowego zwi\u0105zana z mo\u017cliwo\u015bci\u0105 zaka\u017cenia si\u0119 koronawirusem. <\/p>\n\n\n\n<p>W praktyce okazuje si\u0119, i\u017c\nw\u0142a\u015bnie owa ocena ryzyka zawodowego sprawia przedsi\u0119biorcom nie lada k\u0142opoty. Z\nkontroli PIP prowadzonych w okresie epidemii (po 15 marca 2020 roku) wynika, i\u017c\nbrak aktualizacji ocen ryzyka pod k\u0105tem zagro\u017ce\u0144 epidemiologicznych by\u0142 g\u0142\u00f3wnym\npowodem ujawnionych uchybie\u0144. Zreszt\u0105 ju\u017c sam obowi\u0105zek tworzenia takich ocen\nwywo\u0142ywa\u0142 problemy ju\u017c wcze\u015bniej (w 2019 roku nieprawid\u0142owo\u015bci w tym zakresie dotyczy\u0142y\na\u017c 172 tys. pracownik\u00f3w).<\/p>\n\n\n\n<p>Jak zauwa\u017ca Wies\u0142aw \u0141yszczek,\ng\u0142\u00f3wny inspektor pracy, nadz\u00f3r nad przestrzeganiem obostrze\u0144 epidemiologicznych\nnale\u017cy do Pa\u0144stwowej Inspekcji Sanitarnej, natomiast inspektorzy PIP mog\u0105\nstosowa\u0107 sankcje za brak aktualizacji oceny ryzyka zawodowego.<\/p>\n\n\n\n<h3 class=\"wp-block-heading\"><strong>Jak zatem post\u0119powa\u0107 w tym\nzakresie, by ustrzec si\u0119 ewentualnych sankcji?<\/strong><\/h3>\n\n\n\n<p>Ot\u00f3\u017c odpowiednie przepisy zbyt\nrozbudowane w tym zakresie nie s\u0105. Rol\u0105 pracodawcy jest ocena i udokumentowanie\nryzyka zawodowego zwi\u0105zanego z wykonywan\u0105 praca oraz stosowanie niezb\u0119dnych\n\u015brodk\u00f3w profilaktycznych zmniejszaj\u0105cych to ryzyko. Ponadto, powinien on\npoinformowa\u0107 pracownik\u00f3w o tym ryzyku oraz skonsultowa\u0107 z nimi zakres dzia\u0142a\u0144\npodj\u0119tych w tym temacie.<\/p>\n\n\n\n<p>Kwestie te reguluje r\u00f3wnie\u017c\nrozporz\u0105dzenie z dnia 26 wrze\u015bnia 1997 roku w sprawie og\u00f3lnych warunk\u00f3w\nbezpiecze\u0144stwa i higieny pracy (Dz.U. z 2003 r, nr 169, poz. 1650 ze zm.),\ngdzie odnale\u017a\u0107 mo\u017cna sam\u0105 definicj\u0119 ryzyka zawodowego.<\/p>\n\n\n\n<p>Ot\u00f3\u017c ryzykiem zawodowym jest\nprawdopodobie\u0144stwo wyst\u0105pienia niepo\u017c\u0105danych zdarze\u0144 zwi\u0105zanych z wykonywan\u0105\nprac\u0105, powoduj\u0105cych straty, w szczeg\u00f3lno\u015bci wyst\u0105pienia u pracownik\u00f3w\nniekorzystnych skutk\u00f3w zdrowotnych (w wyniku zagro\u017ce\u0144 zawodowych wyst\u0119puj\u0105cych\nw \u015brodowisku pracy lub ze wzgl\u0119du na spos\u00f3b wykonywania obowi\u0105zk\u00f3w).<\/p>\n\n\n\n<p>Generalnie urz\u0119dnicy PIP\nwskazuj\u0105, i\u017c pracodawca pragn\u0105cy dokona\u0107 aktualizacji oceny ryzyka pod katem\nzagro\u017ce\u0144 zwi\u0105zanych z COVID-19 powinien porozumie\u0107 si\u0119 ze s\u0142u\u017cb\u0105 bhp lub te\u017c\nodpowiednim specjalist\u0105 z zewn\u0105trz. Jak twierdzi Izabela Waga, wicedyrektor departamentu\nnadzoru i kontroli G\u0142\u00f3wnego Inspektoratu Pracy, koniecznym jest przeprowadzenie\noceny konkretnego stanowiska pracy pod k\u0105tem zagro\u017ce\u0144, czyli wskazaniem tych,\nkt\u00f3re wymagaj\u0105 wi\u0119kszej ochrony z uwagi na chocia\u017cby kontakt z klientami\npracodawcy. I na takiej podstawie nale\u017cy dostosowa\u0107 odpowiednie \u015brodki\nochronne. <\/p>\n\n\n\n<p>W praktyce cz\u0119sto wystarczy\ndodanie do oceny ryzyka zawodowego punktu dotycz\u0105cego zagro\u017ce\u0144 zwi\u0105zanych z\nCOVID-19, jak i wskazanie mo\u017cliwych do zastosowania \u015brodk\u00f3w profilaktycznych. W\nsytuacji specyficznego rodzaju dzia\u0142alno\u015bci (chocia\u017cby pracy w laboratorium czy\nte\u017c szpitalu) aktualizacja musi by\u0107 bardziej rozbudowana. <\/p>\n\n\n\n<p>Jak z kolei zauwa\u017ca Marek\nNo\u015bciusz z Og\u00f3lnopolskiego Stowarzyszenia Pracownik\u00f3w S\u0142u\u017cby BHP, zatrudnieni\npowinni potwierdzi\u0107, i\u017c z ow\u0105 aktualizacj\u0105 oceny ryzyka zawodowego si\u0119\nzapoznali. Ponadto istotnym jest te\u017c podj\u0119cie odpowiednich dzia\u0142a\u0144\nprofilaktycznych, jak rozwieszenie plakat\u00f3w w sanitariatach (gdzie zamieszczone\nzostan\u0105 informacje chocia\u017cby o prawid\u0142owym sposobie mycia r\u0105k) czy te\u017c\nsto\u0142\u00f3wkach (gdzie wskazana zostanie odpowiednia liczba os\u00f3b, kt\u00f3re mog\u0105 przebywa\u0107\nrazem w danym czasie). <\/p>\n\n\n\n<h3 class=\"wp-block-heading\"><strong>Co jeszcze powinno znale\u017a\u0107 si\u0119\nw takiej zaktualizowanej ocenie ryzyka zawodowego?<\/strong><\/h3>\n\n\n\n<p>Ot\u00f3\u017c istotnym elementem jest te\u017c\nprzygotowanie procedury post\u0119powania w razie podejrzenia zaka\u017cenia. Mowa tutaj\no przygotowaniu odpowiednio wyizolowanego pomieszczenia, jak i kontakcie\ntelefonicznym z inspekcj\u0105 sanitarn\u0105.<\/p>\n\n\n\n<p>Ze strony pracodawc\u00f3w jednak\u017ce\np\u0142yn\u0105 sygna\u0142y, i\u017c owszem, oczekuj\u0105 oni aktywno\u015bci ze strony PIP, ale\nzdecydowanie bardziej na polu poradnictwa w zakresie nowego zagro\u017cenia\nzwi\u0105zanego z COVID-19, a nie jedynie nadzoru nad przestrzeganiem prawa w tym\nzakresie. Interesuj\u0105 ich bowiem szczeg\u00f3\u0142y prawid\u0142owej organizacji pracy w\nokresie epidemii, jak i zakres mo\u017cliwych do podj\u0119cia dzia\u0142a\u0144 profilaktycznych.<\/p>\n\n\n\n<p>Jak zauwa\u017ca profesor Monika\nG\u0142adoch, radca prawny z Kancelarii M.G\u0142adoch Specjali\u015bci Prawa Pracy, je\u017celi\nzapowiedziane wizyty kontrolne ze strony urz\u0119dnik\u00f3w PIP b\u0119d\u0105 g\u0142\u00f3wnie s\u0142u\u017cy\u0107\nprzekazywaniu wiedzy z zakresu bhp w obliczu nowych zagro\u017ce\u0144, to b\u0119dzie to\nbardzo dobre rozwi\u0105zanie. Je\u017celi jednak b\u0119d\u0105 one mia\u0142y charakter jedynie\nrestrykcyjny, to b\u0119dzie znacznie gorzej. <\/p>\n\n\n\n<p>Generalnie te\u017c pracodawcy\noczekuj\u0105 ze strony PIP zdecydowanie wi\u0119kszej aktywno\u015bci na polu mo\u017cliwo\u015bci\nbadania temperatury w miejscu pracy, jak i samego przeprowadzania test\u00f3w na\nobecno\u015b\u0107 koronawirusa. Jak twierdzi profesor Monika G\u0142adoch, w ostatnim czasie\nmamy bowiem do czynienia z sytuacj\u0105, i\u017c wiod\u0105c\u0105 rol\u0119 w powy\u017cszych tematach\nprzej\u0105\u0142 Urz\u0105d Ochrony Danych Osobowych (UODO), co powoduje, i\u017c wa\u017cniejsza od\nzapewnienia bezpiecznych i higienicznych warunk\u00f3w pracy jest ochrona danych\nosobowych. <\/p>\n\n\n\n<p>Taka sytuacja jest nieuczciwa,\ngdy\u017c w okresie najwi\u0119kszych obostrze\u0144 i zagro\u017ce\u0144 zwi\u0105zanych z COVID-19\npozostawiono pracodawc\u00f3w bez jednoznacznej odpowiedzi na chocia\u017cby tak istotn\u0105\nkwesti\u0119 jak mo\u017cliwo\u015b\u0107 samodzielnego badania temperatury pracownikom. Tymczasem\nobecnie kontrole maj\u0105 sprawdza\u0107, czy przyk\u0142adowo zapewniono pracownikom\nr\u0119kawiczki b\u0105d\u017a te\u017c inne \u015brodki ochronne. <\/p>\n\n\n\n<p>Podsumowuj\u0105c, aktualizacja oceny\nryzyka zawodowego czy te\u017c zapewnienie wymaganych \u015brodk\u00f3w ochronnych s\u0105\nniew\u0105tpliwie wa\u017cnymi kwestiami. Tym niemniej dzia\u0142ania kontrolne powinny by\u0107\nraczej nakierowane na profilaktyk\u0119 i doradztwo, a nie karanie i sankcje.\nPrzedsi\u0119biorcy bowiem zostali w tym kontek\u015bcie niejako pozostawieni sami sobie,\nbez jednoznacznego wyja\u015bnienia tak znacz\u0105cych dla nich kwestii, jak chocia\u017cby\nmo\u017cliwo\u015b\u0107 samodzielnego mierzenia temperatury pracownikom czy te\u017c wykonywania\ntest\u00f3w na obecno\u015b\u0107 koronawirusa. <\/p>\n","protected":false},"excerpt":{"rendered":"<p>Ocena ryzyka zawodowego w zwi\u0105zku z mo\u017cliwo\u015bci\u0105 zaka\u017cenia COVID-19 staje si\u0119 obecnie jednym z g\u0142\u00f3wnych punkt\u00f3w kontroli prowadzonych przez Pa\u0144stwow\u0105<\/p>\n","protected":false},"author":3,"featured_media":3149,"comment_status":"open","ping_status":"open","sticky":false,"template":"","format":"standard","meta":{"footnotes":""},"categories":[3],"tags":[787,321],"yoast_head":"<!-- This site is optimized with the Yoast SEO plugin v16.7 - https:\/\/yoast.com\/wordpress\/plugins\/seo\/ -->\n<title>Ocena ryzyka zawodowego bardzo istotna - Artyku\u0142y dla Szukaj\u0105cych pracy<\/title>\n<meta name=\"description\" content=\"Nowy artyku\u0142 Ocena ryzyka zawodowego bardzo istotna na Blog Szukampracy.pl - Artyku\u0142y o rynku pracy i HR dla pracodawcy . Czytaj wi\u0119cej na blogu Szukampracy.pl!\" \/>\n<meta name=\"robots\" content=\"index, follow, max-snippet:-1, max-image-preview:large, max-video-preview:-1\" \/>\n<link rel=\"canonical\" href=\"https:\/\/szukampracy.pl\/blog\/ocena-ryzyka-zawodowego-bardzo-istotna\/\" \/>\n<meta property=\"og:locale\" content=\"pl_PL\" \/>\n<meta property=\"og:type\" content=\"article\" \/>\n<meta property=\"og:title\" content=\"Ocena ryzyka zawodowego bardzo istotna - Artyku\u0142y dla Szukaj\u0105cych pracy\" \/>\n<meta property=\"og:description\" content=\"Nowy artyku\u0142 Ocena ryzyka zawodowego bardzo istotna na Blog Szukampracy.pl - Artyku\u0142y o rynku pracy i HR dla pracodawcy . Czytaj wi\u0119cej na blogu Szukampracy.pl!\" \/>\n<meta property=\"og:url\" content=\"https:\/\/szukampracy.pl\/blog\/ocena-ryzyka-zawodowego-bardzo-istotna\/\" \/>\n<meta property=\"og:site_name\" content=\"Blog Szukampracy.pl - Artyku\u0142y o rynku pracy i HR dla pracodawcy\" \/>\n<meta property=\"article:publisher\" content=\"https:\/\/www.facebook.com\/portalszukampracy\/\" \/>\n<meta property=\"article:published_time\" content=\"2020-08-24T07:00:35+00:00\" \/>\n<meta property=\"article:modified_time\" content=\"2020-08-21T19:04:53+00:00\" \/>\n<meta property=\"og:image\" content=\"https:\/\/szukampracy.pl\/blog\/wp-content\/uploads\/2020\/08\/kontrola.jpeg\" \/>\n\t<meta property=\"og:image:width\" content=\"1024\" \/>\n\t<meta property=\"og:image:height\" content=\"768\" \/>\n<meta name=\"twitter:card\" content=\"summary\" \/>\n<meta name=\"twitter:creator\" content=\"@SzukamPracyPl\" \/>\n<meta name=\"twitter:site\" content=\"@SzukamPracyPl\" \/>\n<meta name=\"twitter:label1\" content=\"Written by\" \/>\n\t<meta name=\"twitter:data1\" content=\"Ekspert \u0141ukasz\" \/>\n\t<meta name=\"twitter:label2\" content=\"Est. reading time\" \/>\n\t<meta name=\"twitter:data2\" content=\"5 minut\" \/>\n<script type=\"application\/ld+json\" class=\"yoast-schema-graph\">{\"@context\":\"https:\/\/schema.org\",\"@graph\":[{\"@type\":\"Organization\",\"@id\":\"https:\/\/szukampracy.pl\/blog\/#organization\",\"name\":\"Szukampracy.pl\",\"url\":\"https:\/\/szukampracy.pl\/blog\/\",\"sameAs\":[\"https:\/\/www.facebook.com\/portalszukampracy\/\",\"https:\/\/www.linkedin.com\/company\/szukampracy-pl\",\"https:\/\/www.youtube.com\/channel\/UCmY56pXKURtawvJjwIvU2YQ\",\"https:\/\/twitter.com\/SzukamPracyPl\"],\"logo\":{\"@type\":\"ImageObject\",\"@id\":\"https:\/\/szukampracy.pl\/blog\/#logo\",\"inLanguage\":\"pl-PL\",\"url\":\"https:\/\/szukampracy.pl\/blog\/wp-content\/uploads\/2017\/08\/logo-1.png\",\"contentUrl\":\"https:\/\/szukampracy.pl\/blog\/wp-content\/uploads\/2017\/08\/logo-1.png\",\"width\":240,\"height\":33,\"caption\":\"Szukampracy.pl\"},\"image\":{\"@id\":\"https:\/\/szukampracy.pl\/blog\/#logo\"}},{\"@type\":\"WebSite\",\"@id\":\"https:\/\/szukampracy.pl\/blog\/#website\",\"url\":\"https:\/\/szukampracy.pl\/blog\/\",\"name\":\"Blog Szukampracy.pl - Artyku\\u0142y o rynku pracy i HR dla pracodawcy\",\"description\":\"Nasz blog powsta\\u0142 z my\\u015bl\\u0105 o Pracodawcach, Pracownikach i Kandydatach b\\u0119d\\u0105cych na etapie zapoznawania si\\u0119 z og\\u0142oszeniami o prac\\u0119. Mo\\u017cna u nas znale\\u017a\\u0107 artyku\\u0142y o rynku pracy, z dziedziny HR, zarz\\u0105dzania, ofert pracy za granic\\u0105 oraz inne ciekawostki. Nie wahaj si\\u0119 nas odwiedzi\\u0107\",\"publisher\":{\"@id\":\"https:\/\/szukampracy.pl\/blog\/#organization\"},\"potentialAction\":[{\"@type\":\"SearchAction\",\"target\":{\"@type\":\"EntryPoint\",\"urlTemplate\":\"https:\/\/szukampracy.pl\/blog\/?s={search_term_string}\"},\"query-input\":\"required name=search_term_string\"}],\"inLanguage\":\"pl-PL\"},{\"@type\":\"ImageObject\",\"@id\":\"https:\/\/szukampracy.pl\/blog\/ocena-ryzyka-zawodowego-bardzo-istotna\/#primaryimage\",\"inLanguage\":\"pl-PL\",\"url\":\"https:\/\/szukampracy.pl\/blog\/wp-content\/uploads\/2020\/08\/kontrola.jpeg\",\"contentUrl\":\"https:\/\/szukampracy.pl\/blog\/wp-content\/uploads\/2020\/08\/kontrola.jpeg\",\"width\":1024,\"height\":768},{\"@type\":\"WebPage\",\"@id\":\"https:\/\/szukampracy.pl\/blog\/ocena-ryzyka-zawodowego-bardzo-istotna\/#webpage\",\"url\":\"https:\/\/szukampracy.pl\/blog\/ocena-ryzyka-zawodowego-bardzo-istotna\/\",\"name\":\"Ocena ryzyka zawodowego bardzo istotna - Artyku\\u0142y dla Szukaj\\u0105cych pracy\",\"isPartOf\":{\"@id\":\"https:\/\/szukampracy.pl\/blog\/#website\"},\"primaryImageOfPage\":{\"@id\":\"https:\/\/szukampracy.pl\/blog\/ocena-ryzyka-zawodowego-bardzo-istotna\/#primaryimage\"},\"datePublished\":\"2020-08-24T07:00:35+00:00\",\"dateModified\":\"2020-08-21T19:04:53+00:00\",\"description\":\"Nowy artyku\\u0142 Ocena ryzyka zawodowego bardzo istotna na Blog Szukampracy.pl - Artyku\\u0142y o rynku pracy i HR dla pracodawcy . Czytaj wi\\u0119cej na blogu Szukampracy.pl!\",\"breadcrumb\":{\"@id\":\"https:\/\/szukampracy.pl\/blog\/ocena-ryzyka-zawodowego-bardzo-istotna\/#breadcrumb\"},\"inLanguage\":\"pl-PL\",\"potentialAction\":[{\"@type\":\"ReadAction\",\"target\":[\"https:\/\/szukampracy.pl\/blog\/ocena-ryzyka-zawodowego-bardzo-istotna\/\"]}]},{\"@type\":\"BreadcrumbList\",\"@id\":\"https:\/\/szukampracy.pl\/blog\/ocena-ryzyka-zawodowego-bardzo-istotna\/#breadcrumb\",\"itemListElement\":[{\"@type\":\"ListItem\",\"position\":1,\"name\":\"Blog\",\"item\":\"https:\/\/szukampracy.pl\/blog\/\"},{\"@type\":\"ListItem\",\"position\":2,\"name\":\"Najnowsze Artyku\\u0142y\",\"item\":\"https:\/\/szukampracy.pl\/blog\/najnowsze\/\"},{\"@type\":\"ListItem\",\"position\":3,\"name\":\"Ocena ryzyka zawodowego bardzo istotna\"}]},{\"@type\":\"Article\",\"@id\":\"https:\/\/szukampracy.pl\/blog\/ocena-ryzyka-zawodowego-bardzo-istotna\/#article\",\"isPartOf\":{\"@id\":\"https:\/\/szukampracy.pl\/blog\/ocena-ryzyka-zawodowego-bardzo-istotna\/#webpage\"},\"author\":{\"@id\":\"https:\/\/szukampracy.pl\/blog\/#\/schema\/person\/3952d4bf69b606b39399e9e649ef2394\"},\"headline\":\"Ocena ryzyka zawodowego bardzo istotna\",\"datePublished\":\"2020-08-24T07:00:35+00:00\",\"dateModified\":\"2020-08-21T19:04:53+00:00\",\"mainEntityOfPage\":{\"@id\":\"https:\/\/szukampracy.pl\/blog\/ocena-ryzyka-zawodowego-bardzo-istotna\/#webpage\"},\"wordCount\":1045,\"commentCount\":0,\"publisher\":{\"@id\":\"https:\/\/szukampracy.pl\/blog\/#organization\"},\"image\":{\"@id\":\"https:\/\/szukampracy.pl\/blog\/ocena-ryzyka-zawodowego-bardzo-istotna\/#primaryimage\"},\"thumbnailUrl\":\"https:\/\/szukampracy.pl\/blog\/wp-content\/uploads\/2020\/08\/kontrola.jpeg\",\"keywords\":[\"kontrola\",\"PIP\"],\"articleSection\":[\"Najnowsze Artyku\\u0142y\"],\"inLanguage\":\"pl-PL\",\"potentialAction\":[{\"@type\":\"CommentAction\",\"name\":\"Comment\",\"target\":[\"https:\/\/szukampracy.pl\/blog\/ocena-ryzyka-zawodowego-bardzo-istotna\/#respond\"]}]},{\"@type\":\"Person\",\"@id\":\"https:\/\/szukampracy.pl\/blog\/#\/schema\/person\/3952d4bf69b606b39399e9e649ef2394\",\"name\":\"Ekspert \\u0141ukasz\",\"image\":{\"@type\":\"ImageObject\",\"@id\":\"https:\/\/szukampracy.pl\/blog\/#personlogo\",\"inLanguage\":\"pl-PL\",\"url\":\"https:\/\/secure.gravatar.com\/avatar\/7733c11b2e55f533f1cae76b6c86129d?s=96&d=mm&r=g\",\"contentUrl\":\"https:\/\/secure.gravatar.com\/avatar\/7733c11b2e55f533f1cae76b6c86129d?s=96&d=mm&r=g\",\"caption\":\"Ekspert \\u0141ukasz\"},\"description\":\"Ekspert \\u0141ukasz swoje wieloletnie do\\u015bwiadczenie na rynku pracy postanowi\\u0142 przekaza\\u0107 tak\\u017ce na naszym blogu. Jego artyku\\u0142y dotycz\\u0105 aktualnych zmian gospodarczych a tak\\u017ce tych na rynku pracy. Z ch\\u0119cia udzieli porad pracodawc\\u0105, kt\\u00f3rzy pr\\u0119\\u017cnie rozwijaj\\u0105 swoje firmy.\"}]}<\/script>\n<!-- \/ Yoast SEO plugin. -->","yoast_head_json":{"title":"Ocena ryzyka zawodowego bardzo istotna - Artyku\u0142y dla Szukaj\u0105cych pracy","description":"Nowy artyku\u0142 Ocena ryzyka zawodowego bardzo istotna na Blog Szukampracy.pl - Artyku\u0142y o rynku pracy i HR dla pracodawcy . Czytaj wi\u0119cej na blogu Szukampracy.pl!","robots":{"index":"index","follow":"follow","max-snippet":"max-snippet:-1","max-image-preview":"max-image-preview:large","max-video-preview":"max-video-preview:-1"},"canonical":"https:\/\/szukampracy.pl\/blog\/ocena-ryzyka-zawodowego-bardzo-istotna\/","og_locale":"pl_PL","og_type":"article","og_title":"Ocena ryzyka zawodowego bardzo istotna - Artyku\u0142y dla Szukaj\u0105cych pracy","og_description":"Nowy artyku\u0142 Ocena ryzyka zawodowego bardzo istotna na Blog Szukampracy.pl - Artyku\u0142y o rynku pracy i HR dla pracodawcy . Czytaj wi\u0119cej na blogu Szukampracy.pl!","og_url":"https:\/\/szukampracy.pl\/blog\/ocena-ryzyka-zawodowego-bardzo-istotna\/","og_site_name":"Blog Szukampracy.pl - Artyku\u0142y o rynku pracy i HR dla pracodawcy","article_publisher":"https:\/\/www.facebook.com\/portalszukampracy\/","article_published_time":"2020-08-24T07:00:35+00:00","article_modified_time":"2020-08-21T19:04:53+00:00","og_image":[{"width":1024,"height":768,"url":"https:\/\/szukampracy.pl\/blog\/wp-content\/uploads\/2020\/08\/kontrola.jpeg","path":"\/home\/szukamprac\/domains\/szukampracy.pl\/public_html\/blog\/wp-content\/uploads\/2020\/08\/kontrola.jpeg","size":"full","id":3149,"alt":"","pixels":786432,"type":"image\/jpeg"}],"twitter_card":"summary","twitter_creator":"@SzukamPracyPl","twitter_site":"@SzukamPracyPl","twitter_misc":{"Written by":"Ekspert \u0141ukasz","Est. reading time":"5 minut"},"schema":{"@context":"https:\/\/schema.org","@graph":[{"@type":"Organization","@id":"https:\/\/szukampracy.pl\/blog\/#organization","name":"Szukampracy.pl","url":"https:\/\/szukampracy.pl\/blog\/","sameAs":["https:\/\/www.facebook.com\/portalszukampracy\/","https:\/\/www.linkedin.com\/company\/szukampracy-pl","https:\/\/www.youtube.com\/channel\/UCmY56pXKURtawvJjwIvU2YQ","https:\/\/twitter.com\/SzukamPracyPl"],"logo":{"@type":"ImageObject","@id":"https:\/\/szukampracy.pl\/blog\/#logo","inLanguage":"pl-PL","url":"https:\/\/szukampracy.pl\/blog\/wp-content\/uploads\/2017\/08\/logo-1.png","contentUrl":"https:\/\/szukampracy.pl\/blog\/wp-content\/uploads\/2017\/08\/logo-1.png","width":240,"height":33,"caption":"Szukampracy.pl"},"image":{"@id":"https:\/\/szukampracy.pl\/blog\/#logo"}},{"@type":"WebSite","@id":"https:\/\/szukampracy.pl\/blog\/#website","url":"https:\/\/szukampracy.pl\/blog\/","name":"Blog Szukampracy.pl - Artyku\u0142y o rynku pracy i HR dla pracodawcy","description":"Nasz blog powsta\u0142 z my\u015bl\u0105 o Pracodawcach, Pracownikach i Kandydatach b\u0119d\u0105cych na etapie zapoznawania si\u0119 z og\u0142oszeniami o prac\u0119. Mo\u017cna u nas znale\u017a\u0107 artyku\u0142y o rynku pracy, z dziedziny HR, zarz\u0105dzania, ofert pracy za granic\u0105 oraz inne ciekawostki. Nie wahaj si\u0119 nas odwiedzi\u0107","publisher":{"@id":"https:\/\/szukampracy.pl\/blog\/#organization"},"potentialAction":[{"@type":"SearchAction","target":{"@type":"EntryPoint","urlTemplate":"https:\/\/szukampracy.pl\/blog\/?s={search_term_string}"},"query-input":"required name=search_term_string"}],"inLanguage":"pl-PL"},{"@type":"ImageObject","@id":"https:\/\/szukampracy.pl\/blog\/ocena-ryzyka-zawodowego-bardzo-istotna\/#primaryimage","inLanguage":"pl-PL","url":"https:\/\/szukampracy.pl\/blog\/wp-content\/uploads\/2020\/08\/kontrola.jpeg","contentUrl":"https:\/\/szukampracy.pl\/blog\/wp-content\/uploads\/2020\/08\/kontrola.jpeg","width":1024,"height":768},{"@type":"WebPage","@id":"https:\/\/szukampracy.pl\/blog\/ocena-ryzyka-zawodowego-bardzo-istotna\/#webpage","url":"https:\/\/szukampracy.pl\/blog\/ocena-ryzyka-zawodowego-bardzo-istotna\/","name":"Ocena ryzyka zawodowego bardzo istotna - Artyku\u0142y dla Szukaj\u0105cych pracy","isPartOf":{"@id":"https:\/\/szukampracy.pl\/blog\/#website"},"primaryImageOfPage":{"@id":"https:\/\/szukampracy.pl\/blog\/ocena-ryzyka-zawodowego-bardzo-istotna\/#primaryimage"},"datePublished":"2020-08-24T07:00:35+00:00","dateModified":"2020-08-21T19:04:53+00:00","description":"Nowy artyku\u0142 Ocena ryzyka zawodowego bardzo istotna na Blog Szukampracy.pl - Artyku\u0142y o rynku pracy i HR dla pracodawcy . Czytaj wi\u0119cej na blogu Szukampracy.pl!","breadcrumb":{"@id":"https:\/\/szukampracy.pl\/blog\/ocena-ryzyka-zawodowego-bardzo-istotna\/#breadcrumb"},"inLanguage":"pl-PL","potentialAction":[{"@type":"ReadAction","target":["https:\/\/szukampracy.pl\/blog\/ocena-ryzyka-zawodowego-bardzo-istotna\/"]}]},{"@type":"BreadcrumbList","@id":"https:\/\/szukampracy.pl\/blog\/ocena-ryzyka-zawodowego-bardzo-istotna\/#breadcrumb","itemListElement":[{"@type":"ListItem","position":1,"name":"Blog","item":"https:\/\/szukampracy.pl\/blog\/"},{"@type":"ListItem","position":2,"name":"Najnowsze Artyku\u0142y","item":"https:\/\/szukampracy.pl\/blog\/najnowsze\/"},{"@type":"ListItem","position":3,"name":"Ocena ryzyka zawodowego bardzo istotna"}]},{"@type":"Article","@id":"https:\/\/szukampracy.pl\/blog\/ocena-ryzyka-zawodowego-bardzo-istotna\/#article","isPartOf":{"@id":"https:\/\/szukampracy.pl\/blog\/ocena-ryzyka-zawodowego-bardzo-istotna\/#webpage"},"author":{"@id":"https:\/\/szukampracy.pl\/blog\/#\/schema\/person\/3952d4bf69b606b39399e9e649ef2394"},"headline":"Ocena ryzyka zawodowego bardzo istotna","datePublished":"2020-08-24T07:00:35+00:00","dateModified":"2020-08-21T19:04:53+00:00","mainEntityOfPage":{"@id":"https:\/\/szukampracy.pl\/blog\/ocena-ryzyka-zawodowego-bardzo-istotna\/#webpage"},"wordCount":1045,"commentCount":0,"publisher":{"@id":"https:\/\/szukampracy.pl\/blog\/#organization"},"image":{"@id":"https:\/\/szukampracy.pl\/blog\/ocena-ryzyka-zawodowego-bardzo-istotna\/#primaryimage"},"thumbnailUrl":"https:\/\/szukampracy.pl\/blog\/wp-content\/uploads\/2020\/08\/kontrola.jpeg","keywords":["kontrola","PIP"],"articleSection":["Najnowsze Artyku\u0142y"],"inLanguage":"pl-PL","potentialAction":[{"@type":"CommentAction","name":"Comment","target":["https:\/\/szukampracy.pl\/blog\/ocena-ryzyka-zawodowego-bardzo-istotna\/#respond"]}]},{"@type":"Person","@id":"https:\/\/szukampracy.pl\/blog\/#\/schema\/person\/3952d4bf69b606b39399e9e649ef2394","name":"Ekspert \u0141ukasz","image":{"@type":"ImageObject","@id":"https:\/\/szukampracy.pl\/blog\/#personlogo","inLanguage":"pl-PL","url":"https:\/\/secure.gravatar.com\/avatar\/7733c11b2e55f533f1cae76b6c86129d?s=96&d=mm&r=g","contentUrl":"https:\/\/secure.gravatar.com\/avatar\/7733c11b2e55f533f1cae76b6c86129d?s=96&d=mm&r=g","caption":"Ekspert \u0141ukasz"},"description":"Ekspert \u0141ukasz swoje wieloletnie do\u015bwiadczenie na rynku pracy postanowi\u0142 przekaza\u0107 tak\u017ce na naszym blogu. Jego artyku\u0142y dotycz\u0105 aktualnych zmian gospodarczych a tak\u017ce tych na rynku pracy. Z ch\u0119cia udzieli porad pracodawc\u0105, kt\u00f3rzy pr\u0119\u017cnie rozwijaj\u0105 swoje firmy."}]}},"fimg_url":"https:\/\/szukampracy.pl\/blog\/wp-content\/uploads\/2020\/08\/kontrola.jpeg","amp_enabled":true,"_links":{"self":[{"href":"https:\/\/szukampracy.pl\/blog\/wp-json\/wp\/v2\/posts\/3148"}],"collection":[{"href":"https:\/\/szukampracy.pl\/blog\/wp-json\/wp\/v2\/posts"}],"about":[{"href":"https:\/\/szukampracy.pl\/blog\/wp-json\/wp\/v2\/types\/post"}],"author":[{"embeddable":true,"href":"https:\/\/szukampracy.pl\/blog\/wp-json\/wp\/v2\/users\/3"}],"replies":[{"embeddable":true,"href":"https:\/\/szukampracy.pl\/blog\/wp-json\/wp\/v2\/comments?post=3148"}],"version-history":[{"count":0,"href":"https:\/\/szukampracy.pl\/blog\/wp-json\/wp\/v2\/posts\/3148\/revisions"}],"wp:featuredmedia":[{"embeddable":true,"href":"https:\/\/szukampracy.pl\/blog\/wp-json\/wp\/v2\/media\/3149"}],"wp:attachment":[{"href":"https:\/\/szukampracy.pl\/blog\/wp-json\/wp\/v2\/media?parent=3148"}],"wp:term":[{"taxonomy":"category","embeddable":true,"href":"https:\/\/szukampracy.pl\/blog\/wp-json\/wp\/v2\/categories?post=3148"},{"taxonomy":"post_tag","embeddable":true,"href":"https:\/\/szukampracy.pl\/blog\/wp-json\/wp\/v2\/tags?post=3148"}],"curies":[{"name":"wp","href":"https:\/\/api.w.org\/{rel}","templated":true}]}}