{"id":3145,"date":"2020-08-22T07:00:16","date_gmt":"2020-08-22T07:00:16","guid":{"rendered":"https:\/\/szukampracy.pl\/blog\/?p=3145"},"modified":"2020-08-21T19:00:40","modified_gmt":"2020-08-21T19:00:40","slug":"malo-wnioskow-o-pomoc-dla-niepelnosprawnych","status":"publish","type":"post","link":"https:\/\/szukampracy.pl\/blog\/malo-wnioskow-o-pomoc-dla-niepelnosprawnych\/","title":{"rendered":"Ma\u0142o wniosk\u00f3w o pomoc dla niepe\u0142nosprawnych"},"content":{"rendered":"\n<p>W ramach jednej z ods\u0142on tarczy\nantykryzysowej przewidziano mo\u017cliwo\u015b\u0107 uzyskania dodatkowej pomocy dla\nprzedsi\u0119biorstw maj\u0105cych status zak\u0142adu pracy chronionej. Ot\u00f3\u017c jest to\nmo\u017cliwo\u015b\u0107 przeznaczenia pieni\u0119dzy z funduszu rehabilitacji na ratowanie miejsc\npracy zagro\u017conych wskutek epidemii. Jednak\u017ce ta forma nie ciszy si\u0119 zbytnim\nzainteresowaniem, gdy\u017c tylko 115 pracodawc\u00f3w wyst\u0105pi\u0142o o zgod\u0119 na zmian\u0119 zasad\nwydatkowania tych \u015brodk\u00f3w finansowych. <\/p>\n\n\n\n<h3 class=\"wp-block-heading\"><span class=\"ez-toc-section\" id=\"O_jakiej_konkretnie_formie_pomocy_jest_mowa\"><\/span><strong>O jakiej konkretnie formie\npomocy jest mowa?<\/strong><span class=\"ez-toc-section-end\"><\/span><\/h3>\n\n\n\n<p>Ot\u00f3\u017c jednym z instrument\u00f3w\nwsparcia, kt\u00f3re wprowadzi\u0142y tarcze antykryzysowe, by\u0142 ten skierowany wprost do\nprzedsi\u0119biorstw maj\u0105cych statut zak\u0142adu pracy chronionej (ZPCHR). Ot\u00f3\u017c takie\nprzedsi\u0119biorstwa zobligowane s\u0105 do tworzenia zak\u0142adowego funduszu rehabilitacji\nos\u00f3b niepe\u0142nosprawnych (ZFRON).<\/p>\n\n\n\n<p>W okresie trwania epidemii\nprzedsi\u0119biorcy ci mog\u0105 wykorzysta\u0107 cz\u0119\u015b\u0107 \u015brodk\u00f3w zgromadzonych w ramach ZFRON\nna aktywn\u0105 walk\u0119 ze skutkami epidemii. Wydatki, kt\u00f3re po uzyskaniu zgodny\nPa\u0144stwowego Funduszu Rehabilitacji Os\u00f3b Niepe\u0142nosprawnych (PFRON), mo\u017cna\nsfinansowa\u0107 z wydzielonej puli ZFRON na przeciwdzia\u0142anie negatywnym skutkom\nepidemii to:<\/p>\n\n\n\n<ul><li>Zwi\u0105zane z utrzymaniem zagro\u017conych likwidacj\u0105\nmiejsc pracy os\u00f3b niepe\u0142nosprawnych oraz zapewnieniem ci\u0105g\u0142o\u015bci dzia\u0142ania\nprzedsi\u0119biorstwa, takie chocia\u017cby, jak: czynsz, koszty dostaw wody, energii i\ngazu, ochrona, wynajem dodatkowej powierzchni, zakup \u015brodk\u00f3w czysto\u015bci i inne<\/li><li>Wynagrodzenia os\u00f3b z dysfunkcjami zdrowotnymi<\/li><li>Pomoc bytowa dla niepe\u0142nosprawnych aktualnych\noraz by\u0142ych pracownik\u00f3w<\/li><\/ul>\n\n\n\n<p>Okazuje si\u0119 jednak, i\u017c ta forma\npomocy nie ciszy si\u0119 zbytnim zainteresowaniem pracodawc\u00f3w. Do tej pory bowiem\ndo PFRON wp\u0142yn\u0119\u0142o 121 wniosk\u00f3w pochodz\u0105cych od 115 pracodawc\u00f3w, a \u0142\u0105czna kwota\nzgody na wydatkowanie funduszy z ZFRON wynios\u0142a 5,7 mln z\u0142. Tymczasem uprawnionych\ndo takiej formy pomocy podmiot\u00f3w by\u0142o co najmniej kilkakrotnie wi\u0119cej, gdy\u017c ich\nliczba przekracza 900 podmiot\u00f3w w skali kraju.<\/p>\n\n\n\n<h3 class=\"wp-block-heading\"><span class=\"ez-toc-section\" id=\"Co_zasadniczo_mozna_finansowac_ze_srodkow_ZFRON\"><\/span><strong>Co zasadniczo mo\u017cna finansowa\u0107\nze \u015brodk\u00f3w ZFRON?<\/strong><span class=\"ez-toc-section-end\"><\/span><\/h3>\n\n\n\n<p>Ot\u00f3\u017c fundusz ten s\u0142u\u017cy\nfinansowaniu rehabilitacji zawodowej, spo\u0142ecznej i leczniczej os\u00f3b\nniepe\u0142nosprawnych. Tworzony jest ze \u015brodk\u00f3w pochodz\u0105cych ze zwolnie\u0144\npodatkowych, takich jak od nieruchomo\u015bci, czynno\u015bci cywilnoprawnych czy te\u017c na\npodatek dochodowy. <\/p>\n\n\n\n<p>Z kolei zasady wykorzystania\nzgromadzonych \u015brodk\u00f3w okre\u015bla art. 68gd ustawy z dnia 27 sierpnia 1997 roku o\nrehabilitacji zawodowej i spo\u0142ecznej oraz zatrudnianiu os\u00f3b niepe\u0142nosprawnych\n(Dz.U. z 2020 r. poz. 426 ze zm., zwana dalej ustaw\u0105 o rehabilitacji). I\nw\u0142a\u015bnie tutaj zastosowano jedno z rozwi\u0105za\u0144 tarczy antykryzysowej, wprowadzaj\u0105c\ndodatkowy zapis, o mo\u017cliwo\u015bci przeznaczenia do 20% \u015brodk\u00f3w z ZFRON na\nutrzymanie zagro\u017conych likwidacj\u0105 miejsc prac os\u00f3b niepe\u0142nosprawnych, wskutek\nepidemii COVID-19. <\/p>\n\n\n\n<p>Wyznaczono te\u017c okres, w kt\u00f3rym\nmo\u017cna z takiego uprawnienia skorzysta\u0107, mianowicie od 8 marca 2020 roku do up\u0142ywu\n6 miesi\u0119cy od dnia odwo\u0142ania stanu zagro\u017cenia epidemicznego lub stanu epidemii.\n<\/p>\n\n\n\n<p>Analogiczne uprawnienia jak ZPCHR\n(tworz\u0105cym ZFRON) przys\u0142uguj\u0105 te\u017c w tym wzgl\u0119dzie Zak\u0142adom Aktywno\u015bci Zawodowej\n(ZAZ), kt\u00f3re musz\u0105 tworzy\u0107 Zak\u0142adowy Fundusz Aktywno\u015bci (ZFA). <\/p>\n\n\n\n<h3 class=\"wp-block-heading\"><span class=\"ez-toc-section\" id=\"Skad_tak_slabe_zainteresowanie_taka_forma_pomocy\"><\/span><strong>Sk\u0105d tak s\u0142abe zainteresowanie\ntak\u0105 form\u0105 pomocy?<\/strong><span class=\"ez-toc-section-end\"><\/span><\/h3>\n\n\n\n<p>Ot\u00f3\u017c zdaniem Krzysztofa\nKosi\u0144skiego, wiceprezesa Polskiej Organizacji Pracodawc\u00f3w Os\u00f3b\nNiepe\u0142nosprawnych, ma\u0142e zainteresowanie jest wynikiem g\u0142\u00f3wnie zbiurokratyzowanego\npomys\u0142u wykorzystania owych 20% z ZFRON. Przepisy, na podstawie kt\u00f3rych takie\nrozwi\u0105zania przyj\u0119to, od samego pocz\u0105tku budzi\u0142y w\u0105tpliwo\u015bci. <\/p>\n\n\n\n<p>Przewidywana jest bowiem w tym\nprzypadku d\u0142uga procedura, kt\u00f3rej elementem jest z\u0142o\u017cenie obszernego wniosku.\nTymczasem wiele z podawanych tam danych jest po prostu zb\u0119dnych z punktu\nwidzenia pomocy przewidzianej w art., 68gd ustawy o rehabilitacji.<\/p>\n\n\n\n<p>W szybszym rozpatrzeniu wniosk\u00f3w\ni uzyskaniu ich pozytywnej akceptacji ze strony PFRON mia\u0142 pom\u00f3c wz\u00f3r wniosku\nopracowany przez Biuro Pe\u0142nomocnika Rz\u0105du ds. Os\u00f3b Niepe\u0142nosprawnych (Biuro\nPe\u0142nomocnika). Tymczasem samo opracowanie owego wniosku trwa\u0142o prawie 2\nmiesi\u0105ce. Niekt\u00f3rzy z pracodawc\u00f3w postanowili zatem samodzielnie przygotowa\u0107\nwnioski, jednak nic to nie da\u0142o, gdy\u017c sam PFRON r\u00f3wnie\u017c czeka\u0142 na wniosek\nopracowywany przez Biuro Pe\u0142nomocnika. <\/p>\n\n\n\n<p>Ponadto, gdy wniosek po tak\nd\u0142ugim czasie przygotowania zosta\u0142 w ko\u0144cu opracowany, okaza\u0142o si\u0119, i\u017c pojawi\u0142y\nsi\u0119 b\u0142\u0119dy w jego wype\u0142nieniu w formie elektronicznej i musia\u0142 by\u0107 poprawiany.\nTo wszystko generalnie bardzo zniech\u0119ci\u0142o pracodawc\u00f3w do ubiegania si\u0119 o tak\u0105\nform\u0119 pomocy. <\/p>\n\n\n\n<p>Generalnie, jak zauwa\u017ca Krzysztof\nKosi\u0144ski, nale\u017cy doceni\u0107 to, i\u017c \u00f3w instrument wsparcia okaza\u0142 si\u0119 przydatny przynajmniej\ndla cz\u0119\u015bci pracodawc\u00f3w, tym niemniej samo udzielanie wsparcia mog\u0142oby\nprzebiega\u0107 szybciej, sprawniej, pro\u015bciej i na wi\u0119ksz\u0105 skal\u0119, gdyby rz\u0105dz\u0105cy\nzdecydowali si\u0119 na inn\u0105 formu\u0142\u0119 jego realizacji.<\/p>\n\n\n\n<h3 class=\"wp-block-heading\"><span class=\"ez-toc-section\" id=\"Co_jeszcze_zawazylo_tak_naprawde_na_niepowodzeniu_tej_formy_pomocy\"><\/span><strong>Co jeszcze zawa\u017cy\u0142o tak\nnaprawd\u0119 na niepowodzeniu tej formy pomocy?<\/strong><span class=\"ez-toc-section-end\"><\/span><\/h3>\n\n\n\n<p>Zdaniem Edyty Sieradzkiej,\nwiceprezesa Og\u00f3lnopolskiej Bazy Pracodawc\u00f3w Os\u00f3b Niepe\u0142nosprawnych, g\u0142\u00f3wn\u0105\nprzyczyn\u0105 s\u0142abego zainteresowania by\u0142y nade wszystko niejasne przepisy oraz\ntechniczne problemy z samym wnioskiem. <\/p>\n\n\n\n<p>Pracodawcy zatrudniaj\u0105cy osoby\nniepe\u0142nosprawne cz\u0119sto nie rozumieli, dlaczego maj\u0105 wyst\u0119powa\u0107 o zgod\u0119 do\nPFRON, by m\u00f3c wydatkowa\u0107 tak naprawd\u0119 w\u0142asne pieni\u0105dze, tyle, \u017ce zgromadzone w\nramach ZFRON. W tej sytuacji cz\u0119sto woleli oni samodzielnie wydatkowa\u0107 te\n\u015brodki na og\u00f3lnych zasadach, opisanych w rozporz\u0105dzeniu dotycz\u0105cym tego\u017c\nfunduszu. <\/p>\n\n\n\n<p>Takie samodzielne wydatkowanie\njest bowiem mo\u017cliwe chocia\u017cby w przypadku udzielania pomocy bytowej dla\npracownik\u00f3w, kt\u00f3ra nale\u017cy do katalogu wydatk\u00f3w standardowych ZFRON,\nniewymagaj\u0105cych akceptacji PFRON. Jej podstaw\u0105 jest bowiem obowi\u0105zuj\u0105cy u\ndanego pracodawcy regulamin.<\/p>\n\n\n\n<p>Ponadto nale\u017cy te\u017c mie\u0107 na\nuwadze, i\u017c wydatki ZFRON, b\u0119d\u0105ce dla pracodawc\u00f3w przysporzeniem (jak chocia\u017cby\nwynagrodzenia pracownik\u00f3w), stanowi\u0105 pomoc de minimis. Tymczasem pracodawcy\nmaj\u0105 ograniczenia stosowania tej formy pomocy i cz\u0119\u015b\u0107 z nich, maj\u0105c ju\u017c \u00f3w\nlimit na wyczerpaniu, woli pozostawi\u0107 go na inne potrzeby w tym wzgl\u0119dzie.<\/p>\n\n\n\n<p>Podsumowuj\u0105c, ta forma pomocy\nokaza\u0142a si\u0119 by\u0107 ma\u0142o przydatna i prawdopodobnie \u017ale skonstruowana. Nie do\u015b\u0107, \u017ce\nprocedura jest nad wyraz skomplikowana, opracowanie samego wniosku trwa\u0142o\nbardzo d\u0142ugo, to jeszcze pomoc wpisuje si\u0119 w regu\u0142y i limity dotycz\u0105ce pomocy\nde minimis. To wszystko razem generalnie prze\u0142o\u017cy\u0142o si\u0119 na s\u0142abe zainteresowanie\nt\u0105 form\u0105 pomocy i nic nie wskazuje na to, by mia\u0142o to ulec zmianie. Pracodawcy\nznacznie cz\u0119\u015bciej postanowili bowiem wspom\u00f3c swych pracownik\u00f3w w ramach\nstandardowego zakresu mo\u017cliwo\u015bci wykorzystania \u015brodk\u00f3w ZFRON, bez konieczno\u015bci\nuzyskiwania zgody PFRON na dodatkowe dzia\u0142ania w tym zakresie. <\/p>\n","protected":false},"excerpt":{"rendered":"<p>W ramach jednej z ods\u0142on tarczy antykryzysowej przewidziano mo\u017cliwo\u015b\u0107 uzyskania dodatkowej pomocy dla przedsi\u0119biorstw maj\u0105cych status zak\u0142adu pracy chronionej. Ot\u00f3\u017c<\/p>\n","protected":false},"author":3,"featured_media":3146,"comment_status":"open","ping_status":"open","sticky":false,"template":"","format":"standard","meta":{"footnotes":""},"categories":[3],"tags":[],"yoast_head":"<!-- This site is optimized with the Yoast SEO plugin v16.7 - https:\/\/yoast.com\/wordpress\/plugins\/seo\/ -->\n<title>Ma\u0142o wniosk\u00f3w o pomoc dla niepe\u0142nosprawnych - Artyku\u0142y dla Szukaj\u0105cych pracy<\/title>\n<meta name=\"description\" content=\"Nowy artyku\u0142 Ma\u0142o wniosk\u00f3w o pomoc dla niepe\u0142nosprawnych na Blog Szukampracy.pl - Artyku\u0142y o rynku pracy i HR dla pracodawcy . Czytaj wi\u0119cej na blogu Szukampracy.pl!\" \/>\n<meta name=\"robots\" content=\"index, follow, max-snippet:-1, max-image-preview:large, max-video-preview:-1\" \/>\n<link rel=\"canonical\" href=\"https:\/\/szukampracy.pl\/blog\/malo-wnioskow-o-pomoc-dla-niepelnosprawnych\/\" \/>\n<meta property=\"og:locale\" content=\"pl_PL\" \/>\n<meta property=\"og:type\" content=\"article\" \/>\n<meta property=\"og:title\" content=\"Ma\u0142o wniosk\u00f3w o pomoc dla niepe\u0142nosprawnych - Artyku\u0142y dla Szukaj\u0105cych pracy\" \/>\n<meta property=\"og:description\" content=\"Nowy artyku\u0142 Ma\u0142o wniosk\u00f3w o pomoc dla niepe\u0142nosprawnych na Blog Szukampracy.pl - Artyku\u0142y o rynku pracy i HR dla pracodawcy . Czytaj wi\u0119cej na blogu Szukampracy.pl!\" \/>\n<meta property=\"og:url\" content=\"https:\/\/szukampracy.pl\/blog\/malo-wnioskow-o-pomoc-dla-niepelnosprawnych\/\" \/>\n<meta property=\"og:site_name\" content=\"Blog Szukampracy.pl - Artyku\u0142y o rynku pracy i HR dla pracodawcy\" \/>\n<meta property=\"article:publisher\" content=\"https:\/\/www.facebook.com\/portalszukampracy\/\" \/>\n<meta property=\"article:published_time\" content=\"2020-08-22T07:00:16+00:00\" \/>\n<meta property=\"article:modified_time\" content=\"2020-08-21T19:00:40+00:00\" \/>\n<meta property=\"og:image\" content=\"https:\/\/szukampracy.pl\/blog\/wp-content\/uploads\/2020\/08\/niepe\u0142nosprawno\u015b\u0107.jpg\" \/>\n\t<meta property=\"og:image:width\" content=\"1024\" \/>\n\t<meta property=\"og:image:height\" content=\"689\" \/>\n<meta name=\"twitter:card\" content=\"summary\" \/>\n<meta name=\"twitter:creator\" content=\"@SzukamPracyPl\" \/>\n<meta name=\"twitter:site\" content=\"@SzukamPracyPl\" \/>\n<meta name=\"twitter:label1\" content=\"Written by\" \/>\n\t<meta name=\"twitter:data1\" content=\"Ekspert \u0141ukasz\" \/>\n\t<meta name=\"twitter:label2\" content=\"Est. reading time\" \/>\n\t<meta name=\"twitter:data2\" content=\"5 minut\" \/>\n<script type=\"application\/ld+json\" class=\"yoast-schema-graph\">{\"@context\":\"https:\/\/schema.org\",\"@graph\":[{\"@type\":\"Organization\",\"@id\":\"https:\/\/szukampracy.pl\/blog\/#organization\",\"name\":\"Szukampracy.pl\",\"url\":\"https:\/\/szukampracy.pl\/blog\/\",\"sameAs\":[\"https:\/\/www.facebook.com\/portalszukampracy\/\",\"https:\/\/www.linkedin.com\/company\/szukampracy-pl\",\"https:\/\/www.youtube.com\/channel\/UCmY56pXKURtawvJjwIvU2YQ\",\"https:\/\/twitter.com\/SzukamPracyPl\"],\"logo\":{\"@type\":\"ImageObject\",\"@id\":\"https:\/\/szukampracy.pl\/blog\/#logo\",\"inLanguage\":\"pl-PL\",\"url\":\"https:\/\/szukampracy.pl\/blog\/wp-content\/uploads\/2017\/08\/logo-1.png\",\"contentUrl\":\"https:\/\/szukampracy.pl\/blog\/wp-content\/uploads\/2017\/08\/logo-1.png\",\"width\":240,\"height\":33,\"caption\":\"Szukampracy.pl\"},\"image\":{\"@id\":\"https:\/\/szukampracy.pl\/blog\/#logo\"}},{\"@type\":\"WebSite\",\"@id\":\"https:\/\/szukampracy.pl\/blog\/#website\",\"url\":\"https:\/\/szukampracy.pl\/blog\/\",\"name\":\"Blog Szukampracy.pl - Artyku\\u0142y o rynku pracy i HR dla pracodawcy\",\"description\":\"Nasz blog powsta\\u0142 z my\\u015bl\\u0105 o Pracodawcach, Pracownikach i Kandydatach b\\u0119d\\u0105cych na etapie zapoznawania si\\u0119 z og\\u0142oszeniami o prac\\u0119. Mo\\u017cna u nas znale\\u017a\\u0107 artyku\\u0142y o rynku pracy, z dziedziny HR, zarz\\u0105dzania, ofert pracy za granic\\u0105 oraz inne ciekawostki. Nie wahaj si\\u0119 nas odwiedzi\\u0107\",\"publisher\":{\"@id\":\"https:\/\/szukampracy.pl\/blog\/#organization\"},\"potentialAction\":[{\"@type\":\"SearchAction\",\"target\":{\"@type\":\"EntryPoint\",\"urlTemplate\":\"https:\/\/szukampracy.pl\/blog\/?s={search_term_string}\"},\"query-input\":\"required name=search_term_string\"}],\"inLanguage\":\"pl-PL\"},{\"@type\":\"ImageObject\",\"@id\":\"https:\/\/szukampracy.pl\/blog\/malo-wnioskow-o-pomoc-dla-niepelnosprawnych\/#primaryimage\",\"inLanguage\":\"pl-PL\",\"url\":\"https:\/\/szukampracy.pl\/blog\/wp-content\/uploads\/2020\/08\/niepe\\u0142nosprawno\\u015b\\u0107.jpg\",\"contentUrl\":\"https:\/\/szukampracy.pl\/blog\/wp-content\/uploads\/2020\/08\/niepe\\u0142nosprawno\\u015b\\u0107.jpg\",\"width\":1024,\"height\":689},{\"@type\":\"WebPage\",\"@id\":\"https:\/\/szukampracy.pl\/blog\/malo-wnioskow-o-pomoc-dla-niepelnosprawnych\/#webpage\",\"url\":\"https:\/\/szukampracy.pl\/blog\/malo-wnioskow-o-pomoc-dla-niepelnosprawnych\/\",\"name\":\"Ma\\u0142o wniosk\\u00f3w o pomoc dla niepe\\u0142nosprawnych - Artyku\\u0142y dla Szukaj\\u0105cych pracy\",\"isPartOf\":{\"@id\":\"https:\/\/szukampracy.pl\/blog\/#website\"},\"primaryImageOfPage\":{\"@id\":\"https:\/\/szukampracy.pl\/blog\/malo-wnioskow-o-pomoc-dla-niepelnosprawnych\/#primaryimage\"},\"datePublished\":\"2020-08-22T07:00:16+00:00\",\"dateModified\":\"2020-08-21T19:00:40+00:00\",\"description\":\"Nowy artyku\\u0142 Ma\\u0142o wniosk\\u00f3w o pomoc dla niepe\\u0142nosprawnych na Blog Szukampracy.pl - Artyku\\u0142y o rynku pracy i HR dla pracodawcy . Czytaj wi\\u0119cej na blogu Szukampracy.pl!\",\"breadcrumb\":{\"@id\":\"https:\/\/szukampracy.pl\/blog\/malo-wnioskow-o-pomoc-dla-niepelnosprawnych\/#breadcrumb\"},\"inLanguage\":\"pl-PL\",\"potentialAction\":[{\"@type\":\"ReadAction\",\"target\":[\"https:\/\/szukampracy.pl\/blog\/malo-wnioskow-o-pomoc-dla-niepelnosprawnych\/\"]}]},{\"@type\":\"BreadcrumbList\",\"@id\":\"https:\/\/szukampracy.pl\/blog\/malo-wnioskow-o-pomoc-dla-niepelnosprawnych\/#breadcrumb\",\"itemListElement\":[{\"@type\":\"ListItem\",\"position\":1,\"name\":\"Blog\",\"item\":\"https:\/\/szukampracy.pl\/blog\/\"},{\"@type\":\"ListItem\",\"position\":2,\"name\":\"Najnowsze Artyku\\u0142y\",\"item\":\"https:\/\/szukampracy.pl\/blog\/najnowsze\/\"},{\"@type\":\"ListItem\",\"position\":3,\"name\":\"Ma\\u0142o wniosk\\u00f3w o pomoc dla niepe\\u0142nosprawnych\"}]},{\"@type\":\"Article\",\"@id\":\"https:\/\/szukampracy.pl\/blog\/malo-wnioskow-o-pomoc-dla-niepelnosprawnych\/#article\",\"isPartOf\":{\"@id\":\"https:\/\/szukampracy.pl\/blog\/malo-wnioskow-o-pomoc-dla-niepelnosprawnych\/#webpage\"},\"author\":{\"@id\":\"https:\/\/szukampracy.pl\/blog\/#\/schema\/person\/3952d4bf69b606b39399e9e649ef2394\"},\"headline\":\"Ma\\u0142o wniosk\\u00f3w o pomoc dla niepe\\u0142nosprawnych\",\"datePublished\":\"2020-08-22T07:00:16+00:00\",\"dateModified\":\"2020-08-21T19:00:40+00:00\",\"mainEntityOfPage\":{\"@id\":\"https:\/\/szukampracy.pl\/blog\/malo-wnioskow-o-pomoc-dla-niepelnosprawnych\/#webpage\"},\"wordCount\":1077,\"commentCount\":0,\"publisher\":{\"@id\":\"https:\/\/szukampracy.pl\/blog\/#organization\"},\"image\":{\"@id\":\"https:\/\/szukampracy.pl\/blog\/malo-wnioskow-o-pomoc-dla-niepelnosprawnych\/#primaryimage\"},\"thumbnailUrl\":\"https:\/\/szukampracy.pl\/blog\/wp-content\/uploads\/2020\/08\/niepe\\u0142nosprawno\\u015b\\u0107.jpg\",\"articleSection\":[\"Najnowsze Artyku\\u0142y\"],\"inLanguage\":\"pl-PL\",\"potentialAction\":[{\"@type\":\"CommentAction\",\"name\":\"Comment\",\"target\":[\"https:\/\/szukampracy.pl\/blog\/malo-wnioskow-o-pomoc-dla-niepelnosprawnych\/#respond\"]}]},{\"@type\":\"Person\",\"@id\":\"https:\/\/szukampracy.pl\/blog\/#\/schema\/person\/3952d4bf69b606b39399e9e649ef2394\",\"name\":\"Ekspert \\u0141ukasz\",\"image\":{\"@type\":\"ImageObject\",\"@id\":\"https:\/\/szukampracy.pl\/blog\/#personlogo\",\"inLanguage\":\"pl-PL\",\"url\":\"https:\/\/secure.gravatar.com\/avatar\/7733c11b2e55f533f1cae76b6c86129d?s=96&d=mm&r=g\",\"contentUrl\":\"https:\/\/secure.gravatar.com\/avatar\/7733c11b2e55f533f1cae76b6c86129d?s=96&d=mm&r=g\",\"caption\":\"Ekspert \\u0141ukasz\"},\"description\":\"Ekspert \\u0141ukasz swoje wieloletnie do\\u015bwiadczenie na rynku pracy postanowi\\u0142 przekaza\\u0107 tak\\u017ce na naszym blogu. Jego artyku\\u0142y dotycz\\u0105 aktualnych zmian gospodarczych a tak\\u017ce tych na rynku pracy. Z ch\\u0119cia udzieli porad pracodawc\\u0105, kt\\u00f3rzy pr\\u0119\\u017cnie rozwijaj\\u0105 swoje firmy.\"}]}<\/script>\n<!-- \/ Yoast SEO plugin. -->","yoast_head_json":{"title":"Ma\u0142o wniosk\u00f3w o pomoc dla niepe\u0142nosprawnych - Artyku\u0142y dla Szukaj\u0105cych pracy","description":"Nowy artyku\u0142 Ma\u0142o wniosk\u00f3w o pomoc dla niepe\u0142nosprawnych na Blog Szukampracy.pl - Artyku\u0142y o rynku pracy i HR dla pracodawcy . Czytaj wi\u0119cej na blogu Szukampracy.pl!","robots":{"index":"index","follow":"follow","max-snippet":"max-snippet:-1","max-image-preview":"max-image-preview:large","max-video-preview":"max-video-preview:-1"},"canonical":"https:\/\/szukampracy.pl\/blog\/malo-wnioskow-o-pomoc-dla-niepelnosprawnych\/","og_locale":"pl_PL","og_type":"article","og_title":"Ma\u0142o wniosk\u00f3w o pomoc dla niepe\u0142nosprawnych - Artyku\u0142y dla Szukaj\u0105cych pracy","og_description":"Nowy artyku\u0142 Ma\u0142o wniosk\u00f3w o pomoc dla niepe\u0142nosprawnych na Blog Szukampracy.pl - Artyku\u0142y o rynku pracy i HR dla pracodawcy . Czytaj wi\u0119cej na blogu Szukampracy.pl!","og_url":"https:\/\/szukampracy.pl\/blog\/malo-wnioskow-o-pomoc-dla-niepelnosprawnych\/","og_site_name":"Blog Szukampracy.pl - Artyku\u0142y o rynku pracy i HR dla pracodawcy","article_publisher":"https:\/\/www.facebook.com\/portalszukampracy\/","article_published_time":"2020-08-22T07:00:16+00:00","article_modified_time":"2020-08-21T19:00:40+00:00","og_image":[{"width":1024,"height":689,"url":"https:\/\/szukampracy.pl\/blog\/wp-content\/uploads\/2020\/08\/niepe\u0142nosprawno\u015b\u0107.jpg","path":"\/home\/szukamprac\/domains\/szukampracy.pl\/public_html\/blog\/wp-content\/uploads\/2020\/08\/niepe\u0142nosprawno\u015b\u0107.jpg","size":"full","id":3146,"alt":"","pixels":705536,"type":"image\/jpeg"}],"twitter_card":"summary","twitter_creator":"@SzukamPracyPl","twitter_site":"@SzukamPracyPl","twitter_misc":{"Written by":"Ekspert \u0141ukasz","Est. reading time":"5 minut"},"schema":{"@context":"https:\/\/schema.org","@graph":[{"@type":"Organization","@id":"https:\/\/szukampracy.pl\/blog\/#organization","name":"Szukampracy.pl","url":"https:\/\/szukampracy.pl\/blog\/","sameAs":["https:\/\/www.facebook.com\/portalszukampracy\/","https:\/\/www.linkedin.com\/company\/szukampracy-pl","https:\/\/www.youtube.com\/channel\/UCmY56pXKURtawvJjwIvU2YQ","https:\/\/twitter.com\/SzukamPracyPl"],"logo":{"@type":"ImageObject","@id":"https:\/\/szukampracy.pl\/blog\/#logo","inLanguage":"pl-PL","url":"https:\/\/szukampracy.pl\/blog\/wp-content\/uploads\/2017\/08\/logo-1.png","contentUrl":"https:\/\/szukampracy.pl\/blog\/wp-content\/uploads\/2017\/08\/logo-1.png","width":240,"height":33,"caption":"Szukampracy.pl"},"image":{"@id":"https:\/\/szukampracy.pl\/blog\/#logo"}},{"@type":"WebSite","@id":"https:\/\/szukampracy.pl\/blog\/#website","url":"https:\/\/szukampracy.pl\/blog\/","name":"Blog Szukampracy.pl - Artyku\u0142y o rynku pracy i HR dla pracodawcy","description":"Nasz blog powsta\u0142 z my\u015bl\u0105 o Pracodawcach, Pracownikach i Kandydatach b\u0119d\u0105cych na etapie zapoznawania si\u0119 z og\u0142oszeniami o prac\u0119. Mo\u017cna u nas znale\u017a\u0107 artyku\u0142y o rynku pracy, z dziedziny HR, zarz\u0105dzania, ofert pracy za granic\u0105 oraz inne ciekawostki. Nie wahaj si\u0119 nas odwiedzi\u0107","publisher":{"@id":"https:\/\/szukampracy.pl\/blog\/#organization"},"potentialAction":[{"@type":"SearchAction","target":{"@type":"EntryPoint","urlTemplate":"https:\/\/szukampracy.pl\/blog\/?s={search_term_string}"},"query-input":"required name=search_term_string"}],"inLanguage":"pl-PL"},{"@type":"ImageObject","@id":"https:\/\/szukampracy.pl\/blog\/malo-wnioskow-o-pomoc-dla-niepelnosprawnych\/#primaryimage","inLanguage":"pl-PL","url":"https:\/\/szukampracy.pl\/blog\/wp-content\/uploads\/2020\/08\/niepe\u0142nosprawno\u015b\u0107.jpg","contentUrl":"https:\/\/szukampracy.pl\/blog\/wp-content\/uploads\/2020\/08\/niepe\u0142nosprawno\u015b\u0107.jpg","width":1024,"height":689},{"@type":"WebPage","@id":"https:\/\/szukampracy.pl\/blog\/malo-wnioskow-o-pomoc-dla-niepelnosprawnych\/#webpage","url":"https:\/\/szukampracy.pl\/blog\/malo-wnioskow-o-pomoc-dla-niepelnosprawnych\/","name":"Ma\u0142o wniosk\u00f3w o pomoc dla niepe\u0142nosprawnych - Artyku\u0142y dla Szukaj\u0105cych pracy","isPartOf":{"@id":"https:\/\/szukampracy.pl\/blog\/#website"},"primaryImageOfPage":{"@id":"https:\/\/szukampracy.pl\/blog\/malo-wnioskow-o-pomoc-dla-niepelnosprawnych\/#primaryimage"},"datePublished":"2020-08-22T07:00:16+00:00","dateModified":"2020-08-21T19:00:40+00:00","description":"Nowy artyku\u0142 Ma\u0142o wniosk\u00f3w o pomoc dla niepe\u0142nosprawnych na Blog Szukampracy.pl - Artyku\u0142y o rynku pracy i HR dla pracodawcy . Czytaj wi\u0119cej na blogu Szukampracy.pl!","breadcrumb":{"@id":"https:\/\/szukampracy.pl\/blog\/malo-wnioskow-o-pomoc-dla-niepelnosprawnych\/#breadcrumb"},"inLanguage":"pl-PL","potentialAction":[{"@type":"ReadAction","target":["https:\/\/szukampracy.pl\/blog\/malo-wnioskow-o-pomoc-dla-niepelnosprawnych\/"]}]},{"@type":"BreadcrumbList","@id":"https:\/\/szukampracy.pl\/blog\/malo-wnioskow-o-pomoc-dla-niepelnosprawnych\/#breadcrumb","itemListElement":[{"@type":"ListItem","position":1,"name":"Blog","item":"https:\/\/szukampracy.pl\/blog\/"},{"@type":"ListItem","position":2,"name":"Najnowsze Artyku\u0142y","item":"https:\/\/szukampracy.pl\/blog\/najnowsze\/"},{"@type":"ListItem","position":3,"name":"Ma\u0142o wniosk\u00f3w o pomoc dla niepe\u0142nosprawnych"}]},{"@type":"Article","@id":"https:\/\/szukampracy.pl\/blog\/malo-wnioskow-o-pomoc-dla-niepelnosprawnych\/#article","isPartOf":{"@id":"https:\/\/szukampracy.pl\/blog\/malo-wnioskow-o-pomoc-dla-niepelnosprawnych\/#webpage"},"author":{"@id":"https:\/\/szukampracy.pl\/blog\/#\/schema\/person\/3952d4bf69b606b39399e9e649ef2394"},"headline":"Ma\u0142o wniosk\u00f3w o pomoc dla niepe\u0142nosprawnych","datePublished":"2020-08-22T07:00:16+00:00","dateModified":"2020-08-21T19:00:40+00:00","mainEntityOfPage":{"@id":"https:\/\/szukampracy.pl\/blog\/malo-wnioskow-o-pomoc-dla-niepelnosprawnych\/#webpage"},"wordCount":1077,"commentCount":0,"publisher":{"@id":"https:\/\/szukampracy.pl\/blog\/#organization"},"image":{"@id":"https:\/\/szukampracy.pl\/blog\/malo-wnioskow-o-pomoc-dla-niepelnosprawnych\/#primaryimage"},"thumbnailUrl":"https:\/\/szukampracy.pl\/blog\/wp-content\/uploads\/2020\/08\/niepe\u0142nosprawno\u015b\u0107.jpg","articleSection":["Najnowsze Artyku\u0142y"],"inLanguage":"pl-PL","potentialAction":[{"@type":"CommentAction","name":"Comment","target":["https:\/\/szukampracy.pl\/blog\/malo-wnioskow-o-pomoc-dla-niepelnosprawnych\/#respond"]}]},{"@type":"Person","@id":"https:\/\/szukampracy.pl\/blog\/#\/schema\/person\/3952d4bf69b606b39399e9e649ef2394","name":"Ekspert \u0141ukasz","image":{"@type":"ImageObject","@id":"https:\/\/szukampracy.pl\/blog\/#personlogo","inLanguage":"pl-PL","url":"https:\/\/secure.gravatar.com\/avatar\/7733c11b2e55f533f1cae76b6c86129d?s=96&d=mm&r=g","contentUrl":"https:\/\/secure.gravatar.com\/avatar\/7733c11b2e55f533f1cae76b6c86129d?s=96&d=mm&r=g","caption":"Ekspert \u0141ukasz"},"description":"Ekspert \u0141ukasz swoje wieloletnie do\u015bwiadczenie na rynku pracy postanowi\u0142 przekaza\u0107 tak\u017ce na naszym blogu. Jego artyku\u0142y dotycz\u0105 aktualnych zmian gospodarczych a tak\u017ce tych na rynku pracy. Z ch\u0119cia udzieli porad pracodawc\u0105, kt\u00f3rzy pr\u0119\u017cnie rozwijaj\u0105 swoje firmy."}]}},"fimg_url":"https:\/\/szukampracy.pl\/blog\/wp-content\/uploads\/2020\/08\/niepe\u0142nosprawno\u015b\u0107.jpg","amp_enabled":true,"_links":{"self":[{"href":"https:\/\/szukampracy.pl\/blog\/wp-json\/wp\/v2\/posts\/3145"}],"collection":[{"href":"https:\/\/szukampracy.pl\/blog\/wp-json\/wp\/v2\/posts"}],"about":[{"href":"https:\/\/szukampracy.pl\/blog\/wp-json\/wp\/v2\/types\/post"}],"author":[{"embeddable":true,"href":"https:\/\/szukampracy.pl\/blog\/wp-json\/wp\/v2\/users\/3"}],"replies":[{"embeddable":true,"href":"https:\/\/szukampracy.pl\/blog\/wp-json\/wp\/v2\/comments?post=3145"}],"version-history":[{"count":0,"href":"https:\/\/szukampracy.pl\/blog\/wp-json\/wp\/v2\/posts\/3145\/revisions"}],"wp:featuredmedia":[{"embeddable":true,"href":"https:\/\/szukampracy.pl\/blog\/wp-json\/wp\/v2\/media\/3146"}],"wp:attachment":[{"href":"https:\/\/szukampracy.pl\/blog\/wp-json\/wp\/v2\/media?parent=3145"}],"wp:term":[{"taxonomy":"category","embeddable":true,"href":"https:\/\/szukampracy.pl\/blog\/wp-json\/wp\/v2\/categories?post=3145"},{"taxonomy":"post_tag","embeddable":true,"href":"https:\/\/szukampracy.pl\/blog\/wp-json\/wp\/v2\/tags?post=3145"}],"curies":[{"name":"wp","href":"https:\/\/api.w.org\/{rel}","templated":true}]}}