{"id":3106,"date":"2020-08-04T07:00:51","date_gmt":"2020-08-04T07:00:51","guid":{"rendered":"https:\/\/szukampracy.pl\/blog\/?p=3106"},"modified":"2020-08-02T11:12:06","modified_gmt":"2020-08-02T11:12:06","slug":"nizsze-zasilki-macierzynskie-dzieki-tarczy-antykryzysowej","status":"publish","type":"post","link":"https:\/\/szukampracy.pl\/blog\/nizsze-zasilki-macierzynskie-dzieki-tarczy-antykryzysowej\/","title":{"rendered":"Ni\u017csze zasi\u0142ki macierzy\u0144skie dzi\u0119ki tarczy antykryzysowej"},"content":{"rendered":"\n<p>Projektodawcy specustawy z dnia 2\nmarca 2020 roku, kt\u00f3ra przewidywa\u0142a mi\u0119dzy innymi mo\u017cliwo\u015b\u0107 zredukowania\nwysoko\u015bci etatu o 20% najprawdopodobniej nie przewidzieli jej wszystkich\nskutk\u00f3w. Ot\u00f3\u017c kobiety, kt\u00f3re w czasie pobierania ni\u017cszego wynagrodzenia urodz\u0105\ndziecko, otrzymaj\u0105 ni\u017cszy zasi\u0142ek macierzy\u0144ski. By jego wysoko\u015b\u0107 podnie\u015b\u0107,\nmusz\u0105 przerwa\u0107 p\u0142atn\u0105 opiek\u0119. <\/p>\n\n\n\n<h3 class=\"wp-block-heading\"><strong>O jakich nieprzewidzianych\nskutkach specustawy jest mowa?<\/strong><\/h3>\n\n\n\n<p>Ustawodawca projektuj\u0105c i\nwprowadzaj\u0105c w \u017cycie przepisy specustawy nie uwzgl\u0119dni\u0142 skutk\u00f3w, jakie wywo\u0142a\nona w zakresie \u015bwiadcze\u0144 dla matek z tytu\u0142u urodzenia dziecka. W rezultacie\nponosz\u0105 one wymierne straty, gdy\u017c po urodzeniu dziecka w okresie trwania\nobni\u017cki pensji okazuje si\u0119, \u017ce otrzymuj\u0105 one ni\u017csze zasi\u0142ki przez ca\u0142y okres\nkorzystania z urlopu macierzy\u0144skiego i rodzicielskiego. <\/p>\n\n\n\n<p>Te niekorzystne zapisy da si\u0119\njednak w pewien spos\u00f3b obej\u015b\u0107, tyle, \u017ce wymaga to przerwania p\u0142atnej opieki i\nzaanga\u017cowania w ni\u0105 ojca dziecka. <\/p>\n\n\n\n<p>Sam\u0105 mo\u017cliwo\u015b\u0107 obni\u017cania wymiaru\nczasu pracy w okresie stanu epidemii przewiduje art. 15g specustawy z dnia 2\nmarca 2020 roku. By wesz\u0142o ono w \u017cycie w danym zak\u0142adzie pracy, wymagane jest\nzawarcie porozumienia ze zwi\u0105zkami zawodowymi lub przedstawicielami pracownik\u00f3w,\na maksymalne zmniejszenie wymiaru czasu pracy, a co za tym idzie i\nwynagrodzenia, mo\u017ce wynie\u015b\u0107 20%. <\/p>\n\n\n\n<p>Zak\u0142adaj\u0105c zatem, \u017ce w danym\nprzedsi\u0119biorstwie takie obni\u017cenie o 20% ma obowi\u0105zywa\u0107 zatrudnionych przez\nokres 3 miesi\u0119cy i jedna z pracownic w tym czasie urodzi dziecko. Tym samym\npodstaw\u0105 wymiaru jej zasi\u0142ku macierzy\u0144skiego stanowi\u0107 b\u0119dzie wynagrodzenie\nustalone dla nowego, obni\u017conego wymiaru czasu pracy. I ustalona, ni\u017csza\npodstawa wymiaru zasi\u0142ku macierzy\u0144skiego obowi\u0105zywa\u0107 b\u0119dzie przez ca\u0142y okres\njego nieprzerwanego pobierania, nawet je\u017celi w tym okresie nast\u0105pi ponowna\nzmiana wymiaru czasu pracy na pe\u0142en etat. <\/p>\n\n\n\n<p>Taka sytuacja powoduje, i\u017c\nprzepisy o obni\u017ceniu wymiaru czasu pracy s\u0105 wyj\u0105tkowo niekorzystne dla\nrodzic\u00f3w. Je\u017celi bowiem obni\u017cenie wymiaru czasu pracy mia\u0142o miejsce tylko przez\n3 miesi\u0105ce, to kobieta, kt\u00f3ra w tym czasie urodzi\u0142a dziecko b\u0119dzie przez ca\u0142y\nczas pobierania zasi\u0142ku macierzy\u0144skiego i rodzicielskiego otrzymywa\u0107\n\u015bwiadczenie ni\u017csze o 20%. Tymczasem urodzenie dziecka zaraz po ustaniu owego\n3-miesi\u0119cznego okres obni\u017cenia etatu ju\u017c takich skutk\u00f3w nie wywo\u0142a.<\/p>\n\n\n\n<h3 class=\"wp-block-heading\"><strong>Jak zatem matki rodz\u0105ce teraz\ndzieci odnosz\u0105 si\u0119 do tych przepis\u00f3w?<\/strong><\/h3>\n\n\n\n<p>Oczywi\u015bcie s\u0105 one z tego\nniezadowolone i czuj\u0105 si\u0119 niesprawiedliwie potraktowane. Ich protest przybiera\nr\u00f3\u017cne postaci, \u0142\u0105cznie z tym, i\u017c za\u0142o\u017cy\u0142y specjaln\u0105 grup\u0119 wsparcia na jednym z\nportali spo\u0142eczno\u015bciowych, domagaj\u0105c si\u0119 interwencji w tym zakresie.<\/p>\n\n\n\n<p>Jak zauwa\u017ca Lucyna Dobroszek z\nruchu spo\u0142ecznego \u201eMatki kontra ZUS\u201d, trudno dziwi\u0107 si\u0119 protestom i\nniezadowoleniu, gdy\u017c nie powinny one traci\u0107 tylko z tego powodu, \u017ce por\u00f3d\nprzypad\u0142 w okresie korzystania z rozwi\u0105za\u0144 antykryzysowych. Przecie\u017c tak\nnaprawd\u0119 dotychczas op\u0142aca\u0142y sk\u0142adk\u0119 z nieobni\u017conej pensji, a przez roczny\nokres korzystania z urlop\u00f3w b\u0119d\u0105 pobiera\u0107 zasi\u0142ek w obni\u017conej wysoko\u015bci. <\/p>\n\n\n\n<p>Generalnie skutki obni\u017cania czasu\npracy w zakresie ubezpiecze\u0144 spo\u0142ecznych nale\u017ca\u0142o sformu\u0142owa\u0107 inaczej.\nChocia\u017cby tak, by co najwy\u017cej w nieznaczny spos\u00f3b wp\u0142ywa\u0142y na wysoko\u015b\u0107\nzasi\u0142k\u00f3w, skoro ci\u0119cia pensji dotycz\u0105 na przyk\u0142ad 3 miesi\u0119cy. Zak\u0142ada\u0107 nale\u017cy,\n\u017ce takie rozwi\u0105zanie nie spotka\u0142o by si\u0119 z tak ostr\u0105 krytyk\u0105. <\/p>\n\n\n\n<p>Jednak\u017ce urz\u0119dnicy ZUS jasno i\nprecyzyjnie wyja\u015bniaj\u0105, i\u017c w tym zakresie zobowi\u0105zani s\u0105 do stosowania\nodpowiednich zapis\u00f3w ustawy zasi\u0142kowej. Wprowadzaj\u0105c tarcz\u0119 antykryzysow\u0105 nie\nprzewidziano w tym zakresie \u017cadnych odmiennych zasad w odniesieniu do\npracownik\u00f3w, kt\u00f3rym obni\u017ca si\u0119 podstaw\u0119 wymiaru czasu pracy, jak i\nwynagrodzenie. Tym samym obni\u017cona podstawa do wyliczania zasi\u0142k\u00f3w obowi\u0105zuje\nzar\u00f3wno w przypadku zasi\u0142ku macierzy\u0144skiego i rodzicielskiego, ale te\u017c i\ndotyczy zasi\u0142ku chorobowego i opieku\u0144czego.<\/p>\n\n\n\n<p>Tym samym wynika z tego, i\u017c\nustawodawcy zabrak\u0142o refleksji na etapie tworzenia kolejnych ods\u0142on tarcz\nantykryzysowych i nie uwzgl\u0119dniono skutk\u00f3w wprowadzonych zmian w zakresie\nuprawnie\u0144 rodzicielskich. I to pomimo tego, i\u017c od lat ju\u017c rz\u0105dz\u0105cy podkre\u015blaj\u0105,\njakoby to ochrona rodziny by\u0142a zawsze priorytetem.<\/p>\n\n\n\n<p>Jak zauwa\u017ca Renata G\u00f3rna,\ndyrektor wydzia\u0142u polityki spo\u0142ecznej, rynku pracy, ubezpiecze\u0144 i zdrowia OPZZ,\ntaki stan prawny jest skutkiem pospiesznego uchwalania kolejnych ods\u0142on tarcz\nantykryzysowych, cz\u0119stokro\u0107 bez odpowiednich konsultacji, w tym r\u00f3wnie\u017c ze\nstron\u0105 reprezentuj\u0105c\u0105 zatrudnionych. A taka wsp\u00f3\u0142praca mog\u0142aby zapewne\nspowodowa\u0107 lepsz\u0105 ocen\u0119 konsekwencji, kt\u00f3re dane przepisy wywo\u0142uj\u0105 w sferze\nubezpiecze\u0144 spo\u0142ecznych.<\/p>\n\n\n\n<p>Na chwil\u0119 obecn\u0105 trudno jest\nstwierdzi\u0107, czy urz\u0119dnicy Ministerstwa Rodziny, Pracy i Polityki Spo\u0142ecznej\nplanuj\u0105 przeprowadzenie zmian w tym zakresie, gdy\u017c oficjalne stanowisko w tym\nzakresie nie jest znane. <\/p>\n\n\n\n<h3 class=\"wp-block-heading\"><strong>Czy mo\u017cna zatem obecnie co\u015b uczyni\u0107,\nby t\u0119 wysoko\u015b\u0107 zasi\u0142ku zwi\u0119kszy\u0107?<\/strong><\/h3>\n\n\n\n<p>Ot\u00f3\u017c dzi\u015b obowi\u0105zuj\u0105ce przepisy\numo\u017cliwiaj\u0105 podj\u0119cie dzia\u0142a\u0144, kt\u00f3re mog\u0105 ograniczy\u0107 owe niekorzystne dla\nrodzic\u00f3w skutki, a rozwi\u0105za\u0144 jest kilka.<\/p>\n\n\n\n<p>Zgodnie z przepisami, po 14\ntygodniu urlopu macierzy\u0144skiego matka mo\u017ce zrezygnowa\u0107 z jego dalszej cz\u0119\u015bci\n(jak i ca\u0142ego urlopu rodzicielskiego) na rzecz ojca dziecka. Je\u015bli w tym czasie\nnie jest on obj\u0119ty obni\u017conym wymiarem czasu pracy, to b\u0119dzie otrzymywa\u0142 zasi\u0142ek\nmacierzy\u0144ski za ca\u0142y pozosta\u0142y czas wraz zasi\u0142kiem rodzicielskim w pe\u0142nej\nwysoko\u015bci (a wi\u0119c przez 38 z ca\u0142ych 52 tygodni p\u0142atnej opieki nad dzieckiem).<\/p>\n\n\n\n<p>Je\u017celi jednak rodzicom zale\u017cy, by\nto matka opiekowa\u0142a si\u0119 dzieckiem, w\u00f3wczas mog\u0105 oni zdecydowa\u0107 si\u0119 na podzia\u0142\nurlop\u00f3w. Przyk\u0142adowo, po zako\u0144czeniu ca\u0142ego okresu zasi\u0142ku macierzy\u0144skiego i\nwykorzystaniu pierwszych 8 tygodni zasi\u0142ku rodzicielskiego kobieta powr\u00f3ci do\npracy, a z kolejnej cz\u0119\u015bci urlopu rodzicielskiego skorzysta ojciec dziecka, w\nwymiarze 8 tygodni. Po tym czasie pozosta\u0142\u0105 cz\u0119\u015b\u0107 urlopu rodzicielskiego (16\ntygodni), zn\u00f3w wykorzystuje matka dziecka. I je\u015bli po powrocie do pracy jest\nju\u017c zatrudniona na pe\u0142en etat, w\u00f3wczas podstaw\u0105 wymiaru zasi\u0142ku b\u0119dzie ju\u017c jej\npe\u0142ne wynagrodzenie.<\/p>\n\n\n\n<p>Generalnie jednak s\u0105 to sytuacje,\nkt\u00f3re zmuszaj\u0105 rodzic\u00f3w do kombinowania, nie bior\u0105c w tym wzgl\u0119dzie pod uwag\u0119\ndobra dziecka. Szkoda, gdy\u017c przepisy powinny by\u0107 w tym przypadku jasne i\ngwarantowa\u0107 ochron\u0119 praw obu opiekun\u00f3w.<\/p>\n\n\n\n<p>Podsumowuj\u0105c, ustawodawca tworz\u0105c\nkolejne przepisy dotycz\u0105ce tarcz antykryzysowych prawdopodobnie nie przewidzia\u0142\nwszystkich skutk\u00f3w uchwalonych zmian. I jeden z nich do\u015b\u0107 bole\u015bnie dotyka\nmatki, kt\u00f3re urodzi\u0142y dziecko w okresie przebywania na obni\u017conym wymiarze czasu\npracy, a co za tym idzie, obni\u017conym wynagrodzeniu. Jest co prawda mo\u017cliwo\u015b\u0107\nobej\u015bcia tych niekorzystanych przepis\u00f3w, jednak\u017ce wi\u0105\u017ce si\u0119 ono z pewnego\nrodzaju kombinacjami, jak i \u0142agodzi tylko skutki, nie odwracaj\u0105c w ca\u0142o\u015bci\nnegatywnych konsekwencji. Niestety nie wida\u0107 obecnie \u017cadnych symptom\u00f3w, by ta\nsytuacja mia\u0142a ulec zmianie w najbli\u017cszym czasie. <\/p>\n","protected":false},"excerpt":{"rendered":"<p>Projektodawcy specustawy z dnia 2 marca 2020 roku, kt\u00f3ra przewidywa\u0142a mi\u0119dzy innymi mo\u017cliwo\u015b\u0107 zredukowania wysoko\u015bci etatu o 20% najprawdopodobniej nie<\/p>\n","protected":false},"author":3,"featured_media":3107,"comment_status":"open","ping_status":"open","sticky":false,"template":"","format":"standard","meta":{"footnotes":""},"categories":[3],"tags":[1209,1322],"yoast_head":"<!-- This site is optimized with the Yoast SEO plugin v16.7 - https:\/\/yoast.com\/wordpress\/plugins\/seo\/ -->\n<title>Ni\u017csze zasi\u0142ki macierzy\u0144skie dzi\u0119ki tarczy antykryzysowej - Artyku\u0142y dla Szukaj\u0105cych pracy<\/title>\n<meta name=\"description\" content=\"Nowy artyku\u0142 Ni\u017csze zasi\u0142ki macierzy\u0144skie dzi\u0119ki tarczy antykryzysowej na Blog Szukampracy.pl - Artyku\u0142y o rynku pracy i HR dla pracodawcy . Czytaj wi\u0119cej na blogu Szukampracy.pl!\" \/>\n<meta name=\"robots\" content=\"index, follow, max-snippet:-1, max-image-preview:large, max-video-preview:-1\" \/>\n<link rel=\"canonical\" href=\"https:\/\/szukampracy.pl\/blog\/nizsze-zasilki-macierzynskie-dzieki-tarczy-antykryzysowej\/\" \/>\n<meta property=\"og:locale\" content=\"pl_PL\" \/>\n<meta property=\"og:type\" content=\"article\" \/>\n<meta property=\"og:title\" content=\"Ni\u017csze zasi\u0142ki macierzy\u0144skie dzi\u0119ki tarczy antykryzysowej - Artyku\u0142y dla Szukaj\u0105cych pracy\" \/>\n<meta property=\"og:description\" content=\"Nowy artyku\u0142 Ni\u017csze zasi\u0142ki macierzy\u0144skie dzi\u0119ki tarczy antykryzysowej na Blog Szukampracy.pl - Artyku\u0142y o rynku pracy i HR dla pracodawcy . Czytaj wi\u0119cej na blogu Szukampracy.pl!\" \/>\n<meta property=\"og:url\" content=\"https:\/\/szukampracy.pl\/blog\/nizsze-zasilki-macierzynskie-dzieki-tarczy-antykryzysowej\/\" \/>\n<meta property=\"og:site_name\" content=\"Blog Szukampracy.pl - Artyku\u0142y o rynku pracy i HR dla pracodawcy\" \/>\n<meta property=\"article:publisher\" content=\"https:\/\/www.facebook.com\/portalszukampracy\/\" \/>\n<meta property=\"article:published_time\" content=\"2020-08-04T07:00:51+00:00\" \/>\n<meta property=\"article:modified_time\" content=\"2020-08-02T11:12:06+00:00\" \/>\n<meta property=\"og:image\" content=\"https:\/\/szukampracy.pl\/blog\/wp-content\/uploads\/2020\/08\/macierzy\u0144stwo.jpg\" \/>\n\t<meta property=\"og:image:width\" content=\"1024\" \/>\n\t<meta property=\"og:image:height\" content=\"683\" \/>\n<meta name=\"twitter:card\" content=\"summary\" \/>\n<meta name=\"twitter:creator\" content=\"@SzukamPracyPl\" \/>\n<meta name=\"twitter:site\" content=\"@SzukamPracyPl\" \/>\n<meta name=\"twitter:label1\" content=\"Written by\" \/>\n\t<meta name=\"twitter:data1\" content=\"Ekspert \u0141ukasz\" \/>\n\t<meta name=\"twitter:label2\" content=\"Est. reading time\" \/>\n\t<meta name=\"twitter:data2\" content=\"6 minut\" \/>\n<script type=\"application\/ld+json\" class=\"yoast-schema-graph\">{\"@context\":\"https:\/\/schema.org\",\"@graph\":[{\"@type\":\"Organization\",\"@id\":\"https:\/\/szukampracy.pl\/blog\/#organization\",\"name\":\"Szukampracy.pl\",\"url\":\"https:\/\/szukampracy.pl\/blog\/\",\"sameAs\":[\"https:\/\/www.facebook.com\/portalszukampracy\/\",\"https:\/\/www.linkedin.com\/company\/szukampracy-pl\",\"https:\/\/www.youtube.com\/channel\/UCmY56pXKURtawvJjwIvU2YQ\",\"https:\/\/twitter.com\/SzukamPracyPl\"],\"logo\":{\"@type\":\"ImageObject\",\"@id\":\"https:\/\/szukampracy.pl\/blog\/#logo\",\"inLanguage\":\"pl-PL\",\"url\":\"https:\/\/szukampracy.pl\/blog\/wp-content\/uploads\/2017\/08\/logo-1.png\",\"contentUrl\":\"https:\/\/szukampracy.pl\/blog\/wp-content\/uploads\/2017\/08\/logo-1.png\",\"width\":240,\"height\":33,\"caption\":\"Szukampracy.pl\"},\"image\":{\"@id\":\"https:\/\/szukampracy.pl\/blog\/#logo\"}},{\"@type\":\"WebSite\",\"@id\":\"https:\/\/szukampracy.pl\/blog\/#website\",\"url\":\"https:\/\/szukampracy.pl\/blog\/\",\"name\":\"Blog Szukampracy.pl - Artyku\\u0142y o rynku pracy i HR dla pracodawcy\",\"description\":\"Nasz blog powsta\\u0142 z my\\u015bl\\u0105 o Pracodawcach, Pracownikach i Kandydatach b\\u0119d\\u0105cych na etapie zapoznawania si\\u0119 z og\\u0142oszeniami o prac\\u0119. Mo\\u017cna u nas znale\\u017a\\u0107 artyku\\u0142y o rynku pracy, z dziedziny HR, zarz\\u0105dzania, ofert pracy za granic\\u0105 oraz inne ciekawostki. Nie wahaj si\\u0119 nas odwiedzi\\u0107\",\"publisher\":{\"@id\":\"https:\/\/szukampracy.pl\/blog\/#organization\"},\"potentialAction\":[{\"@type\":\"SearchAction\",\"target\":{\"@type\":\"EntryPoint\",\"urlTemplate\":\"https:\/\/szukampracy.pl\/blog\/?s={search_term_string}\"},\"query-input\":\"required name=search_term_string\"}],\"inLanguage\":\"pl-PL\"},{\"@type\":\"ImageObject\",\"@id\":\"https:\/\/szukampracy.pl\/blog\/nizsze-zasilki-macierzynskie-dzieki-tarczy-antykryzysowej\/#primaryimage\",\"inLanguage\":\"pl-PL\",\"url\":\"https:\/\/szukampracy.pl\/blog\/wp-content\/uploads\/2020\/08\/macierzy\\u0144stwo.jpg\",\"contentUrl\":\"https:\/\/szukampracy.pl\/blog\/wp-content\/uploads\/2020\/08\/macierzy\\u0144stwo.jpg\",\"width\":1024,\"height\":683},{\"@type\":\"WebPage\",\"@id\":\"https:\/\/szukampracy.pl\/blog\/nizsze-zasilki-macierzynskie-dzieki-tarczy-antykryzysowej\/#webpage\",\"url\":\"https:\/\/szukampracy.pl\/blog\/nizsze-zasilki-macierzynskie-dzieki-tarczy-antykryzysowej\/\",\"name\":\"Ni\\u017csze zasi\\u0142ki macierzy\\u0144skie dzi\\u0119ki tarczy antykryzysowej - Artyku\\u0142y dla Szukaj\\u0105cych pracy\",\"isPartOf\":{\"@id\":\"https:\/\/szukampracy.pl\/blog\/#website\"},\"primaryImageOfPage\":{\"@id\":\"https:\/\/szukampracy.pl\/blog\/nizsze-zasilki-macierzynskie-dzieki-tarczy-antykryzysowej\/#primaryimage\"},\"datePublished\":\"2020-08-04T07:00:51+00:00\",\"dateModified\":\"2020-08-02T11:12:06+00:00\",\"description\":\"Nowy artyku\\u0142 Ni\\u017csze zasi\\u0142ki macierzy\\u0144skie dzi\\u0119ki tarczy antykryzysowej na Blog Szukampracy.pl - Artyku\\u0142y o rynku pracy i HR dla pracodawcy . Czytaj wi\\u0119cej na blogu Szukampracy.pl!\",\"breadcrumb\":{\"@id\":\"https:\/\/szukampracy.pl\/blog\/nizsze-zasilki-macierzynskie-dzieki-tarczy-antykryzysowej\/#breadcrumb\"},\"inLanguage\":\"pl-PL\",\"potentialAction\":[{\"@type\":\"ReadAction\",\"target\":[\"https:\/\/szukampracy.pl\/blog\/nizsze-zasilki-macierzynskie-dzieki-tarczy-antykryzysowej\/\"]}]},{\"@type\":\"BreadcrumbList\",\"@id\":\"https:\/\/szukampracy.pl\/blog\/nizsze-zasilki-macierzynskie-dzieki-tarczy-antykryzysowej\/#breadcrumb\",\"itemListElement\":[{\"@type\":\"ListItem\",\"position\":1,\"name\":\"Blog\",\"item\":\"https:\/\/szukampracy.pl\/blog\/\"},{\"@type\":\"ListItem\",\"position\":2,\"name\":\"Najnowsze Artyku\\u0142y\",\"item\":\"https:\/\/szukampracy.pl\/blog\/najnowsze\/\"},{\"@type\":\"ListItem\",\"position\":3,\"name\":\"Ni\\u017csze zasi\\u0142ki macierzy\\u0144skie dzi\\u0119ki tarczy antykryzysowej\"}]},{\"@type\":\"Article\",\"@id\":\"https:\/\/szukampracy.pl\/blog\/nizsze-zasilki-macierzynskie-dzieki-tarczy-antykryzysowej\/#article\",\"isPartOf\":{\"@id\":\"https:\/\/szukampracy.pl\/blog\/nizsze-zasilki-macierzynskie-dzieki-tarczy-antykryzysowej\/#webpage\"},\"author\":{\"@id\":\"https:\/\/szukampracy.pl\/blog\/#\/schema\/person\/3952d4bf69b606b39399e9e649ef2394\"},\"headline\":\"Ni\\u017csze zasi\\u0142ki macierzy\\u0144skie dzi\\u0119ki tarczy antykryzysowej\",\"datePublished\":\"2020-08-04T07:00:51+00:00\",\"dateModified\":\"2020-08-02T11:12:06+00:00\",\"mainEntityOfPage\":{\"@id\":\"https:\/\/szukampracy.pl\/blog\/nizsze-zasilki-macierzynskie-dzieki-tarczy-antykryzysowej\/#webpage\"},\"wordCount\":1175,\"commentCount\":0,\"publisher\":{\"@id\":\"https:\/\/szukampracy.pl\/blog\/#organization\"},\"image\":{\"@id\":\"https:\/\/szukampracy.pl\/blog\/nizsze-zasilki-macierzynskie-dzieki-tarczy-antykryzysowej\/#primaryimage\"},\"thumbnailUrl\":\"https:\/\/szukampracy.pl\/blog\/wp-content\/uploads\/2020\/08\/macierzy\\u0144stwo.jpg\",\"keywords\":[\"macierzy\\u0144stwo\",\"p\\u0142atna opieka\"],\"articleSection\":[\"Najnowsze Artyku\\u0142y\"],\"inLanguage\":\"pl-PL\",\"potentialAction\":[{\"@type\":\"CommentAction\",\"name\":\"Comment\",\"target\":[\"https:\/\/szukampracy.pl\/blog\/nizsze-zasilki-macierzynskie-dzieki-tarczy-antykryzysowej\/#respond\"]}]},{\"@type\":\"Person\",\"@id\":\"https:\/\/szukampracy.pl\/blog\/#\/schema\/person\/3952d4bf69b606b39399e9e649ef2394\",\"name\":\"Ekspert \\u0141ukasz\",\"image\":{\"@type\":\"ImageObject\",\"@id\":\"https:\/\/szukampracy.pl\/blog\/#personlogo\",\"inLanguage\":\"pl-PL\",\"url\":\"https:\/\/secure.gravatar.com\/avatar\/7733c11b2e55f533f1cae76b6c86129d?s=96&d=mm&r=g\",\"contentUrl\":\"https:\/\/secure.gravatar.com\/avatar\/7733c11b2e55f533f1cae76b6c86129d?s=96&d=mm&r=g\",\"caption\":\"Ekspert \\u0141ukasz\"},\"description\":\"Ekspert \\u0141ukasz swoje wieloletnie do\\u015bwiadczenie na rynku pracy postanowi\\u0142 przekaza\\u0107 tak\\u017ce na naszym blogu. Jego artyku\\u0142y dotycz\\u0105 aktualnych zmian gospodarczych a tak\\u017ce tych na rynku pracy. Z ch\\u0119cia udzieli porad pracodawc\\u0105, kt\\u00f3rzy pr\\u0119\\u017cnie rozwijaj\\u0105 swoje firmy.\"}]}<\/script>\n<!-- \/ Yoast SEO plugin. -->","yoast_head_json":{"title":"Ni\u017csze zasi\u0142ki macierzy\u0144skie dzi\u0119ki tarczy antykryzysowej - Artyku\u0142y dla Szukaj\u0105cych pracy","description":"Nowy artyku\u0142 Ni\u017csze zasi\u0142ki macierzy\u0144skie dzi\u0119ki tarczy antykryzysowej na Blog Szukampracy.pl - Artyku\u0142y o rynku pracy i HR dla pracodawcy . Czytaj wi\u0119cej na blogu Szukampracy.pl!","robots":{"index":"index","follow":"follow","max-snippet":"max-snippet:-1","max-image-preview":"max-image-preview:large","max-video-preview":"max-video-preview:-1"},"canonical":"https:\/\/szukampracy.pl\/blog\/nizsze-zasilki-macierzynskie-dzieki-tarczy-antykryzysowej\/","og_locale":"pl_PL","og_type":"article","og_title":"Ni\u017csze zasi\u0142ki macierzy\u0144skie dzi\u0119ki tarczy antykryzysowej - Artyku\u0142y dla Szukaj\u0105cych pracy","og_description":"Nowy artyku\u0142 Ni\u017csze zasi\u0142ki macierzy\u0144skie dzi\u0119ki tarczy antykryzysowej na Blog Szukampracy.pl - Artyku\u0142y o rynku pracy i HR dla pracodawcy . Czytaj wi\u0119cej na blogu Szukampracy.pl!","og_url":"https:\/\/szukampracy.pl\/blog\/nizsze-zasilki-macierzynskie-dzieki-tarczy-antykryzysowej\/","og_site_name":"Blog Szukampracy.pl - Artyku\u0142y o rynku pracy i HR dla pracodawcy","article_publisher":"https:\/\/www.facebook.com\/portalszukampracy\/","article_published_time":"2020-08-04T07:00:51+00:00","article_modified_time":"2020-08-02T11:12:06+00:00","og_image":[{"width":1024,"height":683,"url":"https:\/\/szukampracy.pl\/blog\/wp-content\/uploads\/2020\/08\/macierzy\u0144stwo.jpg","path":"\/home\/szukamprac\/domains\/szukampracy.pl\/public_html\/blog\/wp-content\/uploads\/2020\/08\/macierzy\u0144stwo.jpg","size":"full","id":3107,"alt":"","pixels":699392,"type":"image\/jpeg"}],"twitter_card":"summary","twitter_creator":"@SzukamPracyPl","twitter_site":"@SzukamPracyPl","twitter_misc":{"Written by":"Ekspert \u0141ukasz","Est. reading time":"6 minut"},"schema":{"@context":"https:\/\/schema.org","@graph":[{"@type":"Organization","@id":"https:\/\/szukampracy.pl\/blog\/#organization","name":"Szukampracy.pl","url":"https:\/\/szukampracy.pl\/blog\/","sameAs":["https:\/\/www.facebook.com\/portalszukampracy\/","https:\/\/www.linkedin.com\/company\/szukampracy-pl","https:\/\/www.youtube.com\/channel\/UCmY56pXKURtawvJjwIvU2YQ","https:\/\/twitter.com\/SzukamPracyPl"],"logo":{"@type":"ImageObject","@id":"https:\/\/szukampracy.pl\/blog\/#logo","inLanguage":"pl-PL","url":"https:\/\/szukampracy.pl\/blog\/wp-content\/uploads\/2017\/08\/logo-1.png","contentUrl":"https:\/\/szukampracy.pl\/blog\/wp-content\/uploads\/2017\/08\/logo-1.png","width":240,"height":33,"caption":"Szukampracy.pl"},"image":{"@id":"https:\/\/szukampracy.pl\/blog\/#logo"}},{"@type":"WebSite","@id":"https:\/\/szukampracy.pl\/blog\/#website","url":"https:\/\/szukampracy.pl\/blog\/","name":"Blog Szukampracy.pl - Artyku\u0142y o rynku pracy i HR dla pracodawcy","description":"Nasz blog powsta\u0142 z my\u015bl\u0105 o Pracodawcach, Pracownikach i Kandydatach b\u0119d\u0105cych na etapie zapoznawania si\u0119 z og\u0142oszeniami o prac\u0119. Mo\u017cna u nas znale\u017a\u0107 artyku\u0142y o rynku pracy, z dziedziny HR, zarz\u0105dzania, ofert pracy za granic\u0105 oraz inne ciekawostki. Nie wahaj si\u0119 nas odwiedzi\u0107","publisher":{"@id":"https:\/\/szukampracy.pl\/blog\/#organization"},"potentialAction":[{"@type":"SearchAction","target":{"@type":"EntryPoint","urlTemplate":"https:\/\/szukampracy.pl\/blog\/?s={search_term_string}"},"query-input":"required name=search_term_string"}],"inLanguage":"pl-PL"},{"@type":"ImageObject","@id":"https:\/\/szukampracy.pl\/blog\/nizsze-zasilki-macierzynskie-dzieki-tarczy-antykryzysowej\/#primaryimage","inLanguage":"pl-PL","url":"https:\/\/szukampracy.pl\/blog\/wp-content\/uploads\/2020\/08\/macierzy\u0144stwo.jpg","contentUrl":"https:\/\/szukampracy.pl\/blog\/wp-content\/uploads\/2020\/08\/macierzy\u0144stwo.jpg","width":1024,"height":683},{"@type":"WebPage","@id":"https:\/\/szukampracy.pl\/blog\/nizsze-zasilki-macierzynskie-dzieki-tarczy-antykryzysowej\/#webpage","url":"https:\/\/szukampracy.pl\/blog\/nizsze-zasilki-macierzynskie-dzieki-tarczy-antykryzysowej\/","name":"Ni\u017csze zasi\u0142ki macierzy\u0144skie dzi\u0119ki tarczy antykryzysowej - Artyku\u0142y dla Szukaj\u0105cych pracy","isPartOf":{"@id":"https:\/\/szukampracy.pl\/blog\/#website"},"primaryImageOfPage":{"@id":"https:\/\/szukampracy.pl\/blog\/nizsze-zasilki-macierzynskie-dzieki-tarczy-antykryzysowej\/#primaryimage"},"datePublished":"2020-08-04T07:00:51+00:00","dateModified":"2020-08-02T11:12:06+00:00","description":"Nowy artyku\u0142 Ni\u017csze zasi\u0142ki macierzy\u0144skie dzi\u0119ki tarczy antykryzysowej na Blog Szukampracy.pl - Artyku\u0142y o rynku pracy i HR dla pracodawcy . Czytaj wi\u0119cej na blogu Szukampracy.pl!","breadcrumb":{"@id":"https:\/\/szukampracy.pl\/blog\/nizsze-zasilki-macierzynskie-dzieki-tarczy-antykryzysowej\/#breadcrumb"},"inLanguage":"pl-PL","potentialAction":[{"@type":"ReadAction","target":["https:\/\/szukampracy.pl\/blog\/nizsze-zasilki-macierzynskie-dzieki-tarczy-antykryzysowej\/"]}]},{"@type":"BreadcrumbList","@id":"https:\/\/szukampracy.pl\/blog\/nizsze-zasilki-macierzynskie-dzieki-tarczy-antykryzysowej\/#breadcrumb","itemListElement":[{"@type":"ListItem","position":1,"name":"Blog","item":"https:\/\/szukampracy.pl\/blog\/"},{"@type":"ListItem","position":2,"name":"Najnowsze Artyku\u0142y","item":"https:\/\/szukampracy.pl\/blog\/najnowsze\/"},{"@type":"ListItem","position":3,"name":"Ni\u017csze zasi\u0142ki macierzy\u0144skie dzi\u0119ki tarczy antykryzysowej"}]},{"@type":"Article","@id":"https:\/\/szukampracy.pl\/blog\/nizsze-zasilki-macierzynskie-dzieki-tarczy-antykryzysowej\/#article","isPartOf":{"@id":"https:\/\/szukampracy.pl\/blog\/nizsze-zasilki-macierzynskie-dzieki-tarczy-antykryzysowej\/#webpage"},"author":{"@id":"https:\/\/szukampracy.pl\/blog\/#\/schema\/person\/3952d4bf69b606b39399e9e649ef2394"},"headline":"Ni\u017csze zasi\u0142ki macierzy\u0144skie dzi\u0119ki tarczy antykryzysowej","datePublished":"2020-08-04T07:00:51+00:00","dateModified":"2020-08-02T11:12:06+00:00","mainEntityOfPage":{"@id":"https:\/\/szukampracy.pl\/blog\/nizsze-zasilki-macierzynskie-dzieki-tarczy-antykryzysowej\/#webpage"},"wordCount":1175,"commentCount":0,"publisher":{"@id":"https:\/\/szukampracy.pl\/blog\/#organization"},"image":{"@id":"https:\/\/szukampracy.pl\/blog\/nizsze-zasilki-macierzynskie-dzieki-tarczy-antykryzysowej\/#primaryimage"},"thumbnailUrl":"https:\/\/szukampracy.pl\/blog\/wp-content\/uploads\/2020\/08\/macierzy\u0144stwo.jpg","keywords":["macierzy\u0144stwo","p\u0142atna opieka"],"articleSection":["Najnowsze Artyku\u0142y"],"inLanguage":"pl-PL","potentialAction":[{"@type":"CommentAction","name":"Comment","target":["https:\/\/szukampracy.pl\/blog\/nizsze-zasilki-macierzynskie-dzieki-tarczy-antykryzysowej\/#respond"]}]},{"@type":"Person","@id":"https:\/\/szukampracy.pl\/blog\/#\/schema\/person\/3952d4bf69b606b39399e9e649ef2394","name":"Ekspert \u0141ukasz","image":{"@type":"ImageObject","@id":"https:\/\/szukampracy.pl\/blog\/#personlogo","inLanguage":"pl-PL","url":"https:\/\/secure.gravatar.com\/avatar\/7733c11b2e55f533f1cae76b6c86129d?s=96&d=mm&r=g","contentUrl":"https:\/\/secure.gravatar.com\/avatar\/7733c11b2e55f533f1cae76b6c86129d?s=96&d=mm&r=g","caption":"Ekspert \u0141ukasz"},"description":"Ekspert \u0141ukasz swoje wieloletnie do\u015bwiadczenie na rynku pracy postanowi\u0142 przekaza\u0107 tak\u017ce na naszym blogu. Jego artyku\u0142y dotycz\u0105 aktualnych zmian gospodarczych a tak\u017ce tych na rynku pracy. Z ch\u0119cia udzieli porad pracodawc\u0105, kt\u00f3rzy pr\u0119\u017cnie rozwijaj\u0105 swoje firmy."}]}},"fimg_url":"https:\/\/szukampracy.pl\/blog\/wp-content\/uploads\/2020\/08\/macierzy\u0144stwo.jpg","amp_enabled":true,"_links":{"self":[{"href":"https:\/\/szukampracy.pl\/blog\/wp-json\/wp\/v2\/posts\/3106"}],"collection":[{"href":"https:\/\/szukampracy.pl\/blog\/wp-json\/wp\/v2\/posts"}],"about":[{"href":"https:\/\/szukampracy.pl\/blog\/wp-json\/wp\/v2\/types\/post"}],"author":[{"embeddable":true,"href":"https:\/\/szukampracy.pl\/blog\/wp-json\/wp\/v2\/users\/3"}],"replies":[{"embeddable":true,"href":"https:\/\/szukampracy.pl\/blog\/wp-json\/wp\/v2\/comments?post=3106"}],"version-history":[{"count":0,"href":"https:\/\/szukampracy.pl\/blog\/wp-json\/wp\/v2\/posts\/3106\/revisions"}],"wp:featuredmedia":[{"embeddable":true,"href":"https:\/\/szukampracy.pl\/blog\/wp-json\/wp\/v2\/media\/3107"}],"wp:attachment":[{"href":"https:\/\/szukampracy.pl\/blog\/wp-json\/wp\/v2\/media?parent=3106"}],"wp:term":[{"taxonomy":"category","embeddable":true,"href":"https:\/\/szukampracy.pl\/blog\/wp-json\/wp\/v2\/categories?post=3106"},{"taxonomy":"post_tag","embeddable":true,"href":"https:\/\/szukampracy.pl\/blog\/wp-json\/wp\/v2\/tags?post=3106"}],"curies":[{"name":"wp","href":"https:\/\/api.w.org\/{rel}","templated":true}]}}