{"id":3096,"date":"2020-08-02T10:53:28","date_gmt":"2020-08-02T10:53:28","guid":{"rendered":"https:\/\/szukampracy.pl\/blog\/?p=3096"},"modified":"2020-08-02T10:53:29","modified_gmt":"2020-08-02T10:53:29","slug":"konsekwencje-wzrostu-pensji-minimalnej-w-przyszlym-roku","status":"publish","type":"post","link":"https:\/\/szukampracy.pl\/blog\/konsekwencje-wzrostu-pensji-minimalnej-w-przyszlym-roku\/","title":{"rendered":"Konsekwencje wzrostu pensji minimalnej w przysz\u0142ym roku"},"content":{"rendered":"\n<p>Wa\u017c\u0105 si\u0119 losy wysoko\u015bci\nprzysz\u0142orocznej p\u0142acy minimalnej. A z t\u0105 wielko\u015bci\u0105 powi\u0105zanych jest wiele\ninnych danych i wska\u017anik\u00f3w, wyliczanych wprost z niej. I wraz z jej zmian\u0105\nr\u00f3wnie\u017c i one zmieniaj\u0105 swe warto\u015bci.<\/p>\n\n\n\n<h3 class=\"wp-block-heading\"><strong>Jakie s\u0105 oficjalne przymiarki\ndo wysoko\u015bci p\u0142acy minimalnej w roku przysz\u0142ym?<\/strong><\/h3>\n\n\n\n<p>Ot\u00f3\u017c zgodnie z ustaw\u0105 stawka\np\u0142acy minimalnej w roku przysz\u0142ym musi wzrosn\u0105\u0107 co najmniej do poziomu 2.716,00\nz\u0142 (z obecnego poziomu 2.600,00 z\u0142). Jednak\u017ce rz\u0105d proponuje, by stawka ta\nwynosi\u0142a od 1 stycznia 2021 roku 2.800,00 z\u0142. I wiele wskazuje na to, i\u017c ta\npropozycja ju\u017c si\u0119 nie zmieni. <\/p>\n\n\n\n<p>Jednak wraz z podwy\u017ck\u0105 p\u0142acy\nminimalnej wzrasta poziom wielu \u015bwiadcze\u0144 i zobowi\u0105za\u0144, jak chocia\u017cby: <\/p>\n\n\n\n<ul><li>odszkodowania za mobbing i dyskryminacj\u0119<\/li><li>sk\u0142adki ZUS na preferencyjnych zasadach<\/li><li>odprawy i dodatki za prac\u0119 w nocy<\/li><\/ul>\n\n\n\n<p>Wraz z propozycj\u0105 rz\u0105du, by p\u0142aca\nminimalna wynosi\u0142a 2.800,00 z\u0142, pad\u0142a te\u017c propozycja wzrostu stawki godzinowej\ndla zleceniobiorc\u00f3w i samozatrudnionych, z obecnego poziomu 17,00 z\u0142 do poziomu\n18,30 z\u0142.<\/p>\n\n\n\n<p>Zgodnie z przepisami, teraz\npartnerzy spo\u0142eczni, w ramach Rady Dialogu Spo\u0142ecznego (RDS), maja 10 dni na\nnegocjacje i ewentualne uzgodnienie w tym wzgl\u0119dzie swojego stanowiska.\nJednak\u017ce szanse na osi\u0105gni\u0119cie porozumienia w tym zakresie s\u0105 niewielkie, gdy\u017c\nzwi\u0105zki zawodowe i organizacje pracodawc\u00f3w przedstawiaj\u0105 w tym wzgl\u0119dzie\nodmienne propozycje. Zatem wszystko wskazuje na to, i\u017c propozycja rz\u0105du stanie\nsi\u0119 t\u0105 ostateczn\u0105.<\/p>\n\n\n\n<p>Propozycja rz\u0105dowa jest\nakceptowana przez dwie organizacje, NSZZ \u201eSolidarno\u015b\u0107\u201d oraz Zwi\u0105zek Przedsi\u0119biorc\u00f3w\ni Pracodawc\u00f3w (ZPP). Jak ju\u017c w ubieg\u0142ym tygodniu oznajmi\u0142 Piotr Duda,\nprzewodnicz\u0105cy NSZZ \u201eSolidarno\u015b\u0107\u201d, bior\u0105c pod uwag\u0119 zapowiedzi rz\u0105du o aktywnym\nstymulowaniu gospodarki, nie mo\u017cna pomija\u0107 w tym zakresie roli p\u0142acy\nminimalnej. St\u0105d te\u017c jej podniesienie nie powinno by\u0107 ni\u017csze ani\u017celi 200,00 z\u0142.<\/p>\n\n\n\n<p>ZPP z kolei uwa\u017ca, i\u017c propozycja\nrz\u0105dowa jest kompromisow\u0105 propozycj\u0105, adekwatn\u0105 do obecnej sytuacji\ngospodarczej. Jak zauwa\u017ca Cezary Ka\u017amierczak, prezes ZPP, organizacja ta\ndocenia, i\u017c propozycja rz\u0105dowa jest ni\u017csza od jeszcze niedawno deklarowanej\npodwy\u017cki p\u0142acy minimalnej do poziomu 3.000,00 z\u0142. I nale\u017cy te\u017c pami\u0119ta\u0107, \u017ce\nrealnie p\u0142ac\u0119 minimaln\u0105 otrzymuje oko\u0142o 0,5 mln os\u00f3b, a nie 1,5 mln jak podaje\nGUS. Bowiem z owego 1,5 mln wyodr\u0119bni\u0107 nale\u017cy 0,5 mln imigrant\u00f3w zarobkowych\n(b\u0119d\u0105cych zadowolonymi z takiej pensji) oraz kolejne 0,5 mln, kt\u00f3rzy pozosta\u0142a\ncz\u0119\u015b\u0107 wyp\u0142aty otrzymuj\u0105 \u201epod sto\u0142em\u201d.<\/p>\n\n\n\n<h3 class=\"wp-block-heading\"><strong>Co jest jeszcze istotne w\nkwestii p\u0142acy minimalnej?<\/strong><\/h3>\n\n\n\n<p>Zdaniem Cezarego Ka\u017amierczaka,\ngeneralnie ZPP jest przeciwnikiem wyznaczania poziomu p\u0142acy minimalnej w og\u00f3le,\ngdy\u017c uderza ona w najs\u0142absze ogniwa na rynku, czyli osoby gorzej wykszta\u0142cone,\nz mniejszymi kwalifikacjami, m\u0142ode zaczynaj\u0105ce sw\u0105 aktywno\u015b\u0107 zawodow\u0105. Je\u017celi\nju\u017c jednak p\u0142ac\u0119 minimaln\u0105 okre\u015blamy, to jej wysoko\u015b\u0107 powinna by\u0107 powi\u0105zana z\nprzeci\u0119tnym wynagrodzeniem, a tak niestety obecnie nie jest. <\/p>\n\n\n\n<p>Generalnie poparcie tych dw\u00f3ch\norganizacji pozwala zak\u0142ada\u0107, i\u017c propozycja rz\u0105dowa stanie si\u0119 obowi\u0105zuj\u0105c\u0105,\ncho\u0107 inne organizacje zg\u0142aszaj\u0105 w tym kontek\u015bcie w\u0142asne propozycje.<\/p>\n\n\n\n<p>Zar\u00f3wno Forum Zwi\u0105zk\u00f3w Zawodowych\n(FZZ), jak i Og\u00f3lnopolskie Porozumienie Zwi\u0105zk\u00f3w Zawodowych (OPZZ) zg\u0142aszaj\u0105 w\ntym kontek\u015bcie w\u0142asne propozycje, domagaj\u0105c si\u0119 podwy\u017cki p\u0142acy minimalnej do\nwysoko\u015bci odpowiednio 3.000,00 z\u0142 i 3.100,00 z\u0142. Jak zauwa\u017ca Norbert Kusiak,\ndyrektor wydzia\u0142u polityki gospodarczej i funduszy strukturalnych OPZZ, rz\u0105d\nzbyt mocno ukierunkowa\u0142 si\u0119 na potrzeby przedsi\u0119biorstw, zapominaj\u0105c o\npracownikach. A przecie\u017c oni te\u017c maj\u0105 zobowi\u0105zania, wydatki i kredyty do sp\u0142acenia.<\/p>\n\n\n\n<p>Poza tym, zdaniem Norberta\nKusiaka, obecna polityka p\u0142acowa jest nieskuteczna. Planem rz\u0105du jest oparcie\nwzrostu gospodarczego na konsumpcji, a ta mo\u017ce nie wzrosn\u0105\u0107 przy tak\nniewielkiej podwy\u017cce pensji minimalnej. <\/p>\n\n\n\n<p>Zdecydowanie odmienne zdanie w\npowy\u017cszym temacie prezentuj\u0105 z kolei pozosta\u0142e organizacje pracodawc\u00f3w, b\u0119d\u0105c\nprzeciwnikami podwy\u017cki i zauwa\u017caj\u0105c, i\u017c wzrost p\u0142acy minimalnej o 200,00 z\u0142\nspowoduje, \u017ce jej poziom przekroczy po\u0142ow\u0119 prognozowanego przeci\u0119tnego wynagrodzenia,\nosi\u0105gaj\u0105c pu\u0142ap 53,2%. Konfederacja Lewiatan sugeruje w tym wzgl\u0119dzie\nzamro\u017cenie najni\u017cszego wynagrodzenia na obecnym poziomie (2.600,00 z\u0142), co\njednak wymaga\u0142oby zmian ustawowych, z kolei Pracodawcy RP nie godz\u0105 si\u0119 na jej\nwzrost do poziomu 2.800,00 z\u0142. <\/p>\n\n\n\n<p>Zdaniem Arkadiusza P\u0105czki,\nzast\u0119pcy dyrektora generalnego Pracodawc\u00f3w RP, dyrektora departamentu Centrum\nMonitoringu Legislacji, brak zgody wynika z obecnej, mocno nieprzewidywalnej\nsytuacji gospodarczej i regulacyjnej, jak chocia\u017cby rz\u0105dowy plan wprowadzenia\npodatku cukrowego.<\/p>\n\n\n\n<p>Poza tym, w kontek\u015bcie p\u0142acy\nminimalnej nale\u017cy te\u017c bra\u0107 pod uwag\u0119 koszty, jakie jej wzrost wywo\u0142a w \u017cyciu\ngospodarczym, szczeg\u00f3lnie ma\u0142ych i \u015brednich przedsi\u0119biorstw. Poni\u017csza tabela\nprezentuje warto\u015bci r\u00f3\u017cnego rodzaju zobowi\u0105za\u0144 i \u015bwiadcze\u0144, kt\u00f3rych wysoko\u015b\u0107\nwprost zale\u017cy od p\u0142acy minimalnej:<\/p>\n\n\n\n<table class=\"wp-block-table alignleft has-fixed-layout\"><tbody><tr><td>\n  <strong>Rodzaj\n  zobowi\u0105zania\/\u015bwiadczenia<\/strong>\n  <\/td><td>\n  <strong>Wysoko\u015b\u0107, gdy p\u0142aca\n  minimalna wzro\u015bnie do poziomu 2.800,00 z\u0142<\/strong>\n  <\/td><\/tr><tr><td>\n  Maksymalna wysoko\u015b\u0107 odprawy\n  przy zwolnieniu grupowym lub indywidualnym\n  <\/td><td>42.000,00 z\u0142   <\/td><\/tr><tr><td>\n  Maksymalna wysoko\u015b\u0107 odpraw,\n  odszkodowa\u0144 oraz innych \u015bwiadcze\u0144 zwi\u0105zanych z zako\u0144czeniem zatrudnienia w\n  okresie stanu epidemii\n  <\/td><td>28.000,00 z\u0142   <\/td><\/tr><tr><td>\n  Minimalna warto\u015b\u0107 odszkodowania\n  z tytu\u0142u dyskryminacji lub mobbingu\n  <\/td><td>2.800,00 z\u0142   <\/td><\/tr><tr><td>\n  Minimalne wynagrodzenie za czas\n  gotowo\u015bci do pracy i przest\u00f3j\n  <\/td><td>2.800,00 z\u0142   <\/td><\/tr><tr><td>\n  Maksymalna wysoko\u015b\u0107 \u015bwiadczenia\n  szkoleniowego dla osoby zwolnionej z pracy\n  <\/td><td>5.600,00 z\u0142   <\/td><\/tr><tr><td>\n  Stawka dodatku za godzin\u0119 pracy\n  w porze nocnej\n  <\/td><td>3,33 z\u0142   <\/td><\/tr><tr><td>\n  Minimalna podstawa wymiaru\n  sk\u0142adek emerytalno-rentowych dla os\u00f3b korzystaj\u0105cych z urlopu wychowawczego\n  zatrudnionych na ca\u0142y etat\n  <\/td><td>2.800,00 z\u0142   <\/td><\/tr><tr><td>\n  Minimalna podstawa wymiaru\n  sk\u0142adek emerytalno-rentowych dla os\u00f3b korzystaj\u0105cych z urlopu wychowawczego\n  zatrudnionych na niepe\u0142ny etat\n  <\/td><td>2.100,00 z\u0142   <\/td><\/tr><tr><td>\n  Minimalna podstawa wymiaru\n  sk\u0142adek dla os\u00f3b korzystaj\u0105cych z ma\u0142ego ZUS plus\n  <\/td><td>840,00 z\u0142   <\/td><\/tr><\/tbody><\/table>\n\n\n\n<p>Podsumowuj\u0105c, analiza obecnego\nstanu stanowisk poszczeg\u00f3lnych organizacji zar\u00f3wno zwi\u0105zkowych, jak i\npracodawc\u00f3w pozwala przypuszcza\u0107, i\u017c rz\u0105dowa propozycja podniesienia poziomu\np\u0142acy minimalnej o 200,00 z\u0142 do pu\u0142apu 2.800,00 z\u0142 b\u0119dzie propozycj\u0105, kt\u00f3ra\nstanie si\u0119 obowi\u0105zuj\u0105ca. Wydaje si\u0119 to by\u0107 kompromisem pomi\u0119dzy obecnym stanem\ngospodarki i wywo\u0142anym przez epidemi\u0119 kryzysem, a prognozami dotycz\u0105cym stanu\ngospodarki w roku przysz\u0142ym. Czy i jak taka zmiana wp\u0142ynie na rynek pracy\nprzekonamy si\u0119 ju\u017c niebawem. <\/p>\n","protected":false},"excerpt":{"rendered":"<p>Wa\u017c\u0105 si\u0119 losy wysoko\u015bci przysz\u0142orocznej p\u0142acy minimalnej. A z t\u0105 wielko\u015bci\u0105 powi\u0105zanych jest wiele innych danych i wska\u017anik\u00f3w, wyliczanych wprost<\/p>\n","protected":false},"author":3,"featured_media":3097,"comment_status":"open","ping_status":"open","sticky":false,"template":"","format":"standard","meta":{"footnotes":""},"categories":[8],"tags":[1312,38,1027],"yoast_head":"<!-- This site is optimized with the Yoast SEO plugin v16.7 - https:\/\/yoast.com\/wordpress\/plugins\/seo\/ -->\n<title>Konsekwencje wzrostu pensji minimalnej w przysz\u0142ym roku - Artyku\u0142y dla Szukaj\u0105cych pracy<\/title>\n<meta name=\"description\" content=\"Nowy artyku\u0142 Konsekwencje wzrostu pensji minimalnej w przysz\u0142ym roku na Blog Szukampracy.pl - Artyku\u0142y o rynku pracy i HR dla pracodawcy . Czytaj wi\u0119cej na blogu Szukampracy.pl!\" \/>\n<meta name=\"robots\" content=\"index, follow, max-snippet:-1, max-image-preview:large, max-video-preview:-1\" \/>\n<link rel=\"canonical\" href=\"https:\/\/szukampracy.pl\/blog\/konsekwencje-wzrostu-pensji-minimalnej-w-przyszlym-roku\/\" \/>\n<meta property=\"og:locale\" content=\"pl_PL\" \/>\n<meta property=\"og:type\" content=\"article\" \/>\n<meta property=\"og:title\" content=\"Konsekwencje wzrostu pensji minimalnej w przysz\u0142ym roku - Artyku\u0142y dla Szukaj\u0105cych pracy\" \/>\n<meta property=\"og:description\" content=\"Nowy artyku\u0142 Konsekwencje wzrostu pensji minimalnej w przysz\u0142ym roku na Blog Szukampracy.pl - Artyku\u0142y o rynku pracy i HR dla pracodawcy . Czytaj wi\u0119cej na blogu Szukampracy.pl!\" \/>\n<meta property=\"og:url\" content=\"https:\/\/szukampracy.pl\/blog\/konsekwencje-wzrostu-pensji-minimalnej-w-przyszlym-roku\/\" \/>\n<meta property=\"og:site_name\" content=\"Blog Szukampracy.pl - Artyku\u0142y o rynku pracy i HR dla pracodawcy\" \/>\n<meta property=\"article:publisher\" content=\"https:\/\/www.facebook.com\/portalszukampracy\/\" \/>\n<meta property=\"article:published_time\" content=\"2020-08-02T10:53:28+00:00\" \/>\n<meta property=\"article:modified_time\" content=\"2020-08-02T10:53:29+00:00\" \/>\n<meta property=\"og:image\" content=\"https:\/\/szukampracy.pl\/blog\/wp-content\/uploads\/2020\/08\/p\u0142aca.jpg\" \/>\n\t<meta property=\"og:image:width\" content=\"1024\" \/>\n\t<meta property=\"og:image:height\" content=\"585\" \/>\n<meta name=\"twitter:card\" content=\"summary\" \/>\n<meta name=\"twitter:creator\" content=\"@SzukamPracyPl\" \/>\n<meta name=\"twitter:site\" content=\"@SzukamPracyPl\" \/>\n<meta name=\"twitter:label1\" content=\"Written by\" \/>\n\t<meta name=\"twitter:data1\" content=\"Ekspert \u0141ukasz\" \/>\n\t<meta name=\"twitter:label2\" content=\"Est. reading time\" \/>\n\t<meta name=\"twitter:data2\" content=\"5 minut\" \/>\n<script type=\"application\/ld+json\" class=\"yoast-schema-graph\">{\"@context\":\"https:\/\/schema.org\",\"@graph\":[{\"@type\":\"Organization\",\"@id\":\"https:\/\/szukampracy.pl\/blog\/#organization\",\"name\":\"Szukampracy.pl\",\"url\":\"https:\/\/szukampracy.pl\/blog\/\",\"sameAs\":[\"https:\/\/www.facebook.com\/portalszukampracy\/\",\"https:\/\/www.linkedin.com\/company\/szukampracy-pl\",\"https:\/\/www.youtube.com\/channel\/UCmY56pXKURtawvJjwIvU2YQ\",\"https:\/\/twitter.com\/SzukamPracyPl\"],\"logo\":{\"@type\":\"ImageObject\",\"@id\":\"https:\/\/szukampracy.pl\/blog\/#logo\",\"inLanguage\":\"pl-PL\",\"url\":\"https:\/\/szukampracy.pl\/blog\/wp-content\/uploads\/2017\/08\/logo-1.png\",\"contentUrl\":\"https:\/\/szukampracy.pl\/blog\/wp-content\/uploads\/2017\/08\/logo-1.png\",\"width\":240,\"height\":33,\"caption\":\"Szukampracy.pl\"},\"image\":{\"@id\":\"https:\/\/szukampracy.pl\/blog\/#logo\"}},{\"@type\":\"WebSite\",\"@id\":\"https:\/\/szukampracy.pl\/blog\/#website\",\"url\":\"https:\/\/szukampracy.pl\/blog\/\",\"name\":\"Blog Szukampracy.pl - Artyku\\u0142y o rynku pracy i HR dla pracodawcy\",\"description\":\"Nasz blog powsta\\u0142 z my\\u015bl\\u0105 o Pracodawcach, Pracownikach i Kandydatach b\\u0119d\\u0105cych na etapie zapoznawania si\\u0119 z og\\u0142oszeniami o prac\\u0119. Mo\\u017cna u nas znale\\u017a\\u0107 artyku\\u0142y o rynku pracy, z dziedziny HR, zarz\\u0105dzania, ofert pracy za granic\\u0105 oraz inne ciekawostki. Nie wahaj si\\u0119 nas odwiedzi\\u0107\",\"publisher\":{\"@id\":\"https:\/\/szukampracy.pl\/blog\/#organization\"},\"potentialAction\":[{\"@type\":\"SearchAction\",\"target\":{\"@type\":\"EntryPoint\",\"urlTemplate\":\"https:\/\/szukampracy.pl\/blog\/?s={search_term_string}\"},\"query-input\":\"required name=search_term_string\"}],\"inLanguage\":\"pl-PL\"},{\"@type\":\"ImageObject\",\"@id\":\"https:\/\/szukampracy.pl\/blog\/konsekwencje-wzrostu-pensji-minimalnej-w-przyszlym-roku\/#primaryimage\",\"inLanguage\":\"pl-PL\",\"url\":\"https:\/\/szukampracy.pl\/blog\/wp-content\/uploads\/2020\/08\/p\\u0142aca.jpg\",\"contentUrl\":\"https:\/\/szukampracy.pl\/blog\/wp-content\/uploads\/2020\/08\/p\\u0142aca.jpg\",\"width\":1024,\"height\":585},{\"@type\":\"WebPage\",\"@id\":\"https:\/\/szukampracy.pl\/blog\/konsekwencje-wzrostu-pensji-minimalnej-w-przyszlym-roku\/#webpage\",\"url\":\"https:\/\/szukampracy.pl\/blog\/konsekwencje-wzrostu-pensji-minimalnej-w-przyszlym-roku\/\",\"name\":\"Konsekwencje wzrostu pensji minimalnej w przysz\\u0142ym roku - Artyku\\u0142y dla Szukaj\\u0105cych pracy\",\"isPartOf\":{\"@id\":\"https:\/\/szukampracy.pl\/blog\/#website\"},\"primaryImageOfPage\":{\"@id\":\"https:\/\/szukampracy.pl\/blog\/konsekwencje-wzrostu-pensji-minimalnej-w-przyszlym-roku\/#primaryimage\"},\"datePublished\":\"2020-08-02T10:53:28+00:00\",\"dateModified\":\"2020-08-02T10:53:29+00:00\",\"description\":\"Nowy artyku\\u0142 Konsekwencje wzrostu pensji minimalnej w przysz\\u0142ym roku na Blog Szukampracy.pl - Artyku\\u0142y o rynku pracy i HR dla pracodawcy . Czytaj wi\\u0119cej na blogu Szukampracy.pl!\",\"breadcrumb\":{\"@id\":\"https:\/\/szukampracy.pl\/blog\/konsekwencje-wzrostu-pensji-minimalnej-w-przyszlym-roku\/#breadcrumb\"},\"inLanguage\":\"pl-PL\",\"potentialAction\":[{\"@type\":\"ReadAction\",\"target\":[\"https:\/\/szukampracy.pl\/blog\/konsekwencje-wzrostu-pensji-minimalnej-w-przyszlym-roku\/\"]}]},{\"@type\":\"BreadcrumbList\",\"@id\":\"https:\/\/szukampracy.pl\/blog\/konsekwencje-wzrostu-pensji-minimalnej-w-przyszlym-roku\/#breadcrumb\",\"itemListElement\":[{\"@type\":\"ListItem\",\"position\":1,\"name\":\"Blog\",\"item\":\"https:\/\/szukampracy.pl\/blog\/\"},{\"@type\":\"ListItem\",\"position\":2,\"name\":\"Z rynku pracy\",\"item\":\"https:\/\/szukampracy.pl\/blog\/z-rynku-pracy\/\"},{\"@type\":\"ListItem\",\"position\":3,\"name\":\"Konsekwencje wzrostu pensji minimalnej w przysz\\u0142ym roku\"}]},{\"@type\":\"Article\",\"@id\":\"https:\/\/szukampracy.pl\/blog\/konsekwencje-wzrostu-pensji-minimalnej-w-przyszlym-roku\/#article\",\"isPartOf\":{\"@id\":\"https:\/\/szukampracy.pl\/blog\/konsekwencje-wzrostu-pensji-minimalnej-w-przyszlym-roku\/#webpage\"},\"author\":{\"@id\":\"https:\/\/szukampracy.pl\/blog\/#\/schema\/person\/3952d4bf69b606b39399e9e649ef2394\"},\"headline\":\"Konsekwencje wzrostu pensji minimalnej w przysz\\u0142ym roku\",\"datePublished\":\"2020-08-02T10:53:28+00:00\",\"dateModified\":\"2020-08-02T10:53:29+00:00\",\"mainEntityOfPage\":{\"@id\":\"https:\/\/szukampracy.pl\/blog\/konsekwencje-wzrostu-pensji-minimalnej-w-przyszlym-roku\/#webpage\"},\"wordCount\":1034,\"commentCount\":0,\"publisher\":{\"@id\":\"https:\/\/szukampracy.pl\/blog\/#organization\"},\"image\":{\"@id\":\"https:\/\/szukampracy.pl\/blog\/konsekwencje-wzrostu-pensji-minimalnej-w-przyszlym-roku\/#primaryimage\"},\"thumbnailUrl\":\"https:\/\/szukampracy.pl\/blog\/wp-content\/uploads\/2020\/08\/p\\u0142aca.jpg\",\"keywords\":[\"przysz\\u0142oroczna p\\u0142aca\",\"P\\u0142aca minimalna\",\"p\\u0142aca minimalna skutki\"],\"articleSection\":[\"Z rynku pracy\"],\"inLanguage\":\"pl-PL\",\"potentialAction\":[{\"@type\":\"CommentAction\",\"name\":\"Comment\",\"target\":[\"https:\/\/szukampracy.pl\/blog\/konsekwencje-wzrostu-pensji-minimalnej-w-przyszlym-roku\/#respond\"]}]},{\"@type\":\"Person\",\"@id\":\"https:\/\/szukampracy.pl\/blog\/#\/schema\/person\/3952d4bf69b606b39399e9e649ef2394\",\"name\":\"Ekspert \\u0141ukasz\",\"image\":{\"@type\":\"ImageObject\",\"@id\":\"https:\/\/szukampracy.pl\/blog\/#personlogo\",\"inLanguage\":\"pl-PL\",\"url\":\"https:\/\/secure.gravatar.com\/avatar\/7733c11b2e55f533f1cae76b6c86129d?s=96&d=mm&r=g\",\"contentUrl\":\"https:\/\/secure.gravatar.com\/avatar\/7733c11b2e55f533f1cae76b6c86129d?s=96&d=mm&r=g\",\"caption\":\"Ekspert \\u0141ukasz\"},\"description\":\"Ekspert \\u0141ukasz swoje wieloletnie do\\u015bwiadczenie na rynku pracy postanowi\\u0142 przekaza\\u0107 tak\\u017ce na naszym blogu. Jego artyku\\u0142y dotycz\\u0105 aktualnych zmian gospodarczych a tak\\u017ce tych na rynku pracy. Z ch\\u0119cia udzieli porad pracodawc\\u0105, kt\\u00f3rzy pr\\u0119\\u017cnie rozwijaj\\u0105 swoje firmy.\"}]}<\/script>\n<!-- \/ Yoast SEO plugin. -->","yoast_head_json":{"title":"Konsekwencje wzrostu pensji minimalnej w przysz\u0142ym roku - Artyku\u0142y dla Szukaj\u0105cych pracy","description":"Nowy artyku\u0142 Konsekwencje wzrostu pensji minimalnej w przysz\u0142ym roku na Blog Szukampracy.pl - Artyku\u0142y o rynku pracy i HR dla pracodawcy . Czytaj wi\u0119cej na blogu Szukampracy.pl!","robots":{"index":"index","follow":"follow","max-snippet":"max-snippet:-1","max-image-preview":"max-image-preview:large","max-video-preview":"max-video-preview:-1"},"canonical":"https:\/\/szukampracy.pl\/blog\/konsekwencje-wzrostu-pensji-minimalnej-w-przyszlym-roku\/","og_locale":"pl_PL","og_type":"article","og_title":"Konsekwencje wzrostu pensji minimalnej w przysz\u0142ym roku - Artyku\u0142y dla Szukaj\u0105cych pracy","og_description":"Nowy artyku\u0142 Konsekwencje wzrostu pensji minimalnej w przysz\u0142ym roku na Blog Szukampracy.pl - Artyku\u0142y o rynku pracy i HR dla pracodawcy . Czytaj wi\u0119cej na blogu Szukampracy.pl!","og_url":"https:\/\/szukampracy.pl\/blog\/konsekwencje-wzrostu-pensji-minimalnej-w-przyszlym-roku\/","og_site_name":"Blog Szukampracy.pl - Artyku\u0142y o rynku pracy i HR dla pracodawcy","article_publisher":"https:\/\/www.facebook.com\/portalszukampracy\/","article_published_time":"2020-08-02T10:53:28+00:00","article_modified_time":"2020-08-02T10:53:29+00:00","og_image":[{"width":1024,"height":585,"url":"https:\/\/szukampracy.pl\/blog\/wp-content\/uploads\/2020\/08\/p\u0142aca.jpg","path":"\/home\/szukamprac\/domains\/szukampracy.pl\/public_html\/blog\/wp-content\/uploads\/2020\/08\/p\u0142aca.jpg","size":"full","id":3097,"alt":"","pixels":599040,"type":"image\/jpeg"}],"twitter_card":"summary","twitter_creator":"@SzukamPracyPl","twitter_site":"@SzukamPracyPl","twitter_misc":{"Written by":"Ekspert \u0141ukasz","Est. reading time":"5 minut"},"schema":{"@context":"https:\/\/schema.org","@graph":[{"@type":"Organization","@id":"https:\/\/szukampracy.pl\/blog\/#organization","name":"Szukampracy.pl","url":"https:\/\/szukampracy.pl\/blog\/","sameAs":["https:\/\/www.facebook.com\/portalszukampracy\/","https:\/\/www.linkedin.com\/company\/szukampracy-pl","https:\/\/www.youtube.com\/channel\/UCmY56pXKURtawvJjwIvU2YQ","https:\/\/twitter.com\/SzukamPracyPl"],"logo":{"@type":"ImageObject","@id":"https:\/\/szukampracy.pl\/blog\/#logo","inLanguage":"pl-PL","url":"https:\/\/szukampracy.pl\/blog\/wp-content\/uploads\/2017\/08\/logo-1.png","contentUrl":"https:\/\/szukampracy.pl\/blog\/wp-content\/uploads\/2017\/08\/logo-1.png","width":240,"height":33,"caption":"Szukampracy.pl"},"image":{"@id":"https:\/\/szukampracy.pl\/blog\/#logo"}},{"@type":"WebSite","@id":"https:\/\/szukampracy.pl\/blog\/#website","url":"https:\/\/szukampracy.pl\/blog\/","name":"Blog Szukampracy.pl - Artyku\u0142y o rynku pracy i HR dla pracodawcy","description":"Nasz blog powsta\u0142 z my\u015bl\u0105 o Pracodawcach, Pracownikach i Kandydatach b\u0119d\u0105cych na etapie zapoznawania si\u0119 z og\u0142oszeniami o prac\u0119. Mo\u017cna u nas znale\u017a\u0107 artyku\u0142y o rynku pracy, z dziedziny HR, zarz\u0105dzania, ofert pracy za granic\u0105 oraz inne ciekawostki. Nie wahaj si\u0119 nas odwiedzi\u0107","publisher":{"@id":"https:\/\/szukampracy.pl\/blog\/#organization"},"potentialAction":[{"@type":"SearchAction","target":{"@type":"EntryPoint","urlTemplate":"https:\/\/szukampracy.pl\/blog\/?s={search_term_string}"},"query-input":"required name=search_term_string"}],"inLanguage":"pl-PL"},{"@type":"ImageObject","@id":"https:\/\/szukampracy.pl\/blog\/konsekwencje-wzrostu-pensji-minimalnej-w-przyszlym-roku\/#primaryimage","inLanguage":"pl-PL","url":"https:\/\/szukampracy.pl\/blog\/wp-content\/uploads\/2020\/08\/p\u0142aca.jpg","contentUrl":"https:\/\/szukampracy.pl\/blog\/wp-content\/uploads\/2020\/08\/p\u0142aca.jpg","width":1024,"height":585},{"@type":"WebPage","@id":"https:\/\/szukampracy.pl\/blog\/konsekwencje-wzrostu-pensji-minimalnej-w-przyszlym-roku\/#webpage","url":"https:\/\/szukampracy.pl\/blog\/konsekwencje-wzrostu-pensji-minimalnej-w-przyszlym-roku\/","name":"Konsekwencje wzrostu pensji minimalnej w przysz\u0142ym roku - Artyku\u0142y dla Szukaj\u0105cych pracy","isPartOf":{"@id":"https:\/\/szukampracy.pl\/blog\/#website"},"primaryImageOfPage":{"@id":"https:\/\/szukampracy.pl\/blog\/konsekwencje-wzrostu-pensji-minimalnej-w-przyszlym-roku\/#primaryimage"},"datePublished":"2020-08-02T10:53:28+00:00","dateModified":"2020-08-02T10:53:29+00:00","description":"Nowy artyku\u0142 Konsekwencje wzrostu pensji minimalnej w przysz\u0142ym roku na Blog Szukampracy.pl - Artyku\u0142y o rynku pracy i HR dla pracodawcy . Czytaj wi\u0119cej na blogu Szukampracy.pl!","breadcrumb":{"@id":"https:\/\/szukampracy.pl\/blog\/konsekwencje-wzrostu-pensji-minimalnej-w-przyszlym-roku\/#breadcrumb"},"inLanguage":"pl-PL","potentialAction":[{"@type":"ReadAction","target":["https:\/\/szukampracy.pl\/blog\/konsekwencje-wzrostu-pensji-minimalnej-w-przyszlym-roku\/"]}]},{"@type":"BreadcrumbList","@id":"https:\/\/szukampracy.pl\/blog\/konsekwencje-wzrostu-pensji-minimalnej-w-przyszlym-roku\/#breadcrumb","itemListElement":[{"@type":"ListItem","position":1,"name":"Blog","item":"https:\/\/szukampracy.pl\/blog\/"},{"@type":"ListItem","position":2,"name":"Z rynku pracy","item":"https:\/\/szukampracy.pl\/blog\/z-rynku-pracy\/"},{"@type":"ListItem","position":3,"name":"Konsekwencje wzrostu pensji minimalnej w przysz\u0142ym roku"}]},{"@type":"Article","@id":"https:\/\/szukampracy.pl\/blog\/konsekwencje-wzrostu-pensji-minimalnej-w-przyszlym-roku\/#article","isPartOf":{"@id":"https:\/\/szukampracy.pl\/blog\/konsekwencje-wzrostu-pensji-minimalnej-w-przyszlym-roku\/#webpage"},"author":{"@id":"https:\/\/szukampracy.pl\/blog\/#\/schema\/person\/3952d4bf69b606b39399e9e649ef2394"},"headline":"Konsekwencje wzrostu pensji minimalnej w przysz\u0142ym roku","datePublished":"2020-08-02T10:53:28+00:00","dateModified":"2020-08-02T10:53:29+00:00","mainEntityOfPage":{"@id":"https:\/\/szukampracy.pl\/blog\/konsekwencje-wzrostu-pensji-minimalnej-w-przyszlym-roku\/#webpage"},"wordCount":1034,"commentCount":0,"publisher":{"@id":"https:\/\/szukampracy.pl\/blog\/#organization"},"image":{"@id":"https:\/\/szukampracy.pl\/blog\/konsekwencje-wzrostu-pensji-minimalnej-w-przyszlym-roku\/#primaryimage"},"thumbnailUrl":"https:\/\/szukampracy.pl\/blog\/wp-content\/uploads\/2020\/08\/p\u0142aca.jpg","keywords":["przysz\u0142oroczna p\u0142aca","P\u0142aca minimalna","p\u0142aca minimalna skutki"],"articleSection":["Z rynku pracy"],"inLanguage":"pl-PL","potentialAction":[{"@type":"CommentAction","name":"Comment","target":["https:\/\/szukampracy.pl\/blog\/konsekwencje-wzrostu-pensji-minimalnej-w-przyszlym-roku\/#respond"]}]},{"@type":"Person","@id":"https:\/\/szukampracy.pl\/blog\/#\/schema\/person\/3952d4bf69b606b39399e9e649ef2394","name":"Ekspert \u0141ukasz","image":{"@type":"ImageObject","@id":"https:\/\/szukampracy.pl\/blog\/#personlogo","inLanguage":"pl-PL","url":"https:\/\/secure.gravatar.com\/avatar\/7733c11b2e55f533f1cae76b6c86129d?s=96&d=mm&r=g","contentUrl":"https:\/\/secure.gravatar.com\/avatar\/7733c11b2e55f533f1cae76b6c86129d?s=96&d=mm&r=g","caption":"Ekspert \u0141ukasz"},"description":"Ekspert \u0141ukasz swoje wieloletnie do\u015bwiadczenie na rynku pracy postanowi\u0142 przekaza\u0107 tak\u017ce na naszym blogu. Jego artyku\u0142y dotycz\u0105 aktualnych zmian gospodarczych a tak\u017ce tych na rynku pracy. Z ch\u0119cia udzieli porad pracodawc\u0105, kt\u00f3rzy pr\u0119\u017cnie rozwijaj\u0105 swoje firmy."}]}},"fimg_url":"https:\/\/szukampracy.pl\/blog\/wp-content\/uploads\/2020\/08\/p\u0142aca.jpg","amp_enabled":true,"_links":{"self":[{"href":"https:\/\/szukampracy.pl\/blog\/wp-json\/wp\/v2\/posts\/3096"}],"collection":[{"href":"https:\/\/szukampracy.pl\/blog\/wp-json\/wp\/v2\/posts"}],"about":[{"href":"https:\/\/szukampracy.pl\/blog\/wp-json\/wp\/v2\/types\/post"}],"author":[{"embeddable":true,"href":"https:\/\/szukampracy.pl\/blog\/wp-json\/wp\/v2\/users\/3"}],"replies":[{"embeddable":true,"href":"https:\/\/szukampracy.pl\/blog\/wp-json\/wp\/v2\/comments?post=3096"}],"version-history":[{"count":0,"href":"https:\/\/szukampracy.pl\/blog\/wp-json\/wp\/v2\/posts\/3096\/revisions"}],"wp:featuredmedia":[{"embeddable":true,"href":"https:\/\/szukampracy.pl\/blog\/wp-json\/wp\/v2\/media\/3097"}],"wp:attachment":[{"href":"https:\/\/szukampracy.pl\/blog\/wp-json\/wp\/v2\/media?parent=3096"}],"wp:term":[{"taxonomy":"category","embeddable":true,"href":"https:\/\/szukampracy.pl\/blog\/wp-json\/wp\/v2\/categories?post=3096"},{"taxonomy":"post_tag","embeddable":true,"href":"https:\/\/szukampracy.pl\/blog\/wp-json\/wp\/v2\/tags?post=3096"}],"curies":[{"name":"wp","href":"https:\/\/api.w.org\/{rel}","templated":true}]}}