{"id":3067,"date":"2020-07-24T08:00:38","date_gmt":"2020-07-24T08:00:38","guid":{"rendered":"https:\/\/szukampracy.pl\/blog\/?p=3067"},"modified":"2020-07-23T21:00:24","modified_gmt":"2020-07-23T21:00:24","slug":"ograniczenie-wysokosci-odpraw-zlagodzone","status":"publish","type":"post","link":"https:\/\/szukampracy.pl\/blog\/ograniczenie-wysokosci-odpraw-zlagodzone\/","title":{"rendered":"Ograniczenie wysoko\u015bci odpraw z\u0142agodzone"},"content":{"rendered":"\n<p>Tarcza antykryzysowa 4.0\nwprowadzi\u0142a du\u017co przer\u00f3\u017cnych rozwi\u0105za\u0144 celem ochrony miejsc pracy i \u0142agodzenia\nskutk\u00f3w kryzysu wywo\u0142anego epidemi\u0105 koronawirusa. Po\u015br\u00f3d nich pojawi\u0142o si\u0119\nr\u00f3wnie\u017c ograniczenie maksymalnej wysoko\u015bci odpraw pracowniczych, wyznaczone na\n26.000 z\u0142, czyli 10-krotno\u015b\u0107 p\u0142acy minimalnej. Jednak\u017ce od pocz\u0105tku budzi\u0142o ono\nw\u0105tpliwo\u015bci odno\u015bnie zakresu spraw, w kt\u00f3rych ma by\u0107 stosowane. Najnowsze\nwytyczne resortu pracy wyja\u015bniaj\u0105 te w\u0105tpliwo\u015bci, \u0142agodz\u0105c w pewien spos\u00f3b\nstosowanie tego uprawnienia.<\/p>\n\n\n\n<p><strong>Jakie s\u0105 podstawy owego\nograniczenia wysoko\u015bci odpraw?<\/strong><\/p>\n\n\n\n<p>Ot\u00f3\u017c limit odpraw, odszkodowa\u0144 i\n\u015bwiadcze\u0144 zwi\u0105zanych z zako\u0144czeniem zatrudnienia obowi\u0105zuje od 24 czerwca 2020\nroku. Pracodawca, kt\u00f3ry odnotuje odpowiedni spadek obrot\u00f3w, podczas trwania\nstanu epidemii, mo\u017ce wyp\u0142aci\u0107 zwolnionemu pracownikowi maksymalnie 26.000 z\u0142. Taki\nzapis wynika z dodanego do specustawy z dnia 2 marca 2020 roku artyku\u0142u 15gd.<\/p>\n\n\n\n<p>Jednak wprowadzaj\u0105ce go odpowiednie\nprzepisy tarczy antykryzysowej 4.0 (czyli ustawy z dnia 19 czerwca 2020 roku o\ndop\u0142atach do oprocentowania kredyt\u00f3w bankowych udzielanych przedsi\u0119biorcom\ndotkni\u0119tym skutkami COVID-19 oraz o uproszczonym post\u0119powaniu o zatwierdzenie\nuk\u0142adu w zwi\u0105zku z wyst\u0105pieniem COVID-19, Dz.U. poz. 1086) okaza\u0142y si\u0119 by\u0107 do\u015b\u0107\nniejasne. <\/p>\n\n\n\n<p>Dopiero wyja\u015bnienia resortu pracy\npowinny te w\u0105tpliwo\u015bci rozwia\u0107. Poni\u017cej jest lista najwi\u0119kszych w\u0105tpliwo\u015bci\noraz wyja\u015bnienia urz\u0119dnik\u00f3w resortu pracy.<\/p>\n\n\n\n<p><strong>Czy ustawowe ograniczenie wysoko\u015bci odpraw, odszkodowa\u0144 i \u015bwiadcze\u0144 dotyczy jedynie tych przewidzianych w przepisach powszechnie obowi\u0105zuj\u0105cych (chocia\u017cby odprawy przewidziane w ustawie o zwolnieniach grupowych) czy te\u017c tych, b\u0119d\u0105cych zagwarantowanymi w przepisach wewn\u0105trzzak\u0142adowych (chocia\u017cby uk\u0142ady i porozumienia zbiorowe) jak i przewidzianych w umowach (chocia\u017cby o prac\u0119, zlecenia, o \u015bwiadczenie us\u0142ug)?<\/strong><\/p>\n\n\n\n<p>Urz\u0119dnicy resortu pracy\nwyja\u015bniaj\u0105, i\u017c art. 15gd specustawy ma charakter przepisu szczeg\u00f3lnego,\nwprowadzonego w zwi\u0105zku z wyst\u0105pieniem stanu epidemii i nie powinien by\u0107 interpretowany\nrozszerzaj\u0105co. Nale\u017cy te\u017c zauwa\u017cy\u0107, i\u017c art. 15gd ust. 1 zawiera zwrot \u201eje\u017celi\nprzepisy przewiduj\u0105 obowi\u0105zek wyp\u0142acenia \u015bwiadczenia\u201d, co sugeruje, i\u017c chodzi o\nprzepisy zawarte w ustawach jako aktach powszechnie obowi\u0105zuj\u0105cych. To tutaj\nmamy bowiem do czynienia z przepisami, w odr\u00f3\u017cnieniu od postanowie\u0144,\nwyst\u0119puj\u0105cych w regulacjach wewn\u0105trzzak\u0142adowych. <\/p>\n\n\n\n<p>Zatem, gdyby art. 15gd mia\u0142\nodnosi\u0107 si\u0119 r\u00f3wnie\u017c do akt\u00f3w wewn\u0105trzzak\u0142adowych, w\u00f3wczas powinien dotyczy\u0107\nobowi\u0105zku wyp\u0142aty wynikaj\u0105cego z prawa pracy, a nie przepis\u00f3w. Przyj\u0119cie bowiem\ninnej wyk\u0142adni, zgodnie z kt\u00f3r\u0105 pod poj\u0119ciem \u201eprzepisy\u201d nale\u017ca\u0142oby r\u00f3wnie\u017c\nrozumie\u0107 postanowienia uk\u0142ad\u00f3w zbiorowych, mog\u0142oby doprowadzi\u0107 do ograniczenia\nwolno\u015bci rokowa\u0144 i niepotrzebnej ingerencji w istniej\u0105ce autonomiczne \u017ar\u00f3d\u0142a\nprawa pracy. Ponadto, istniej\u0105ce ju\u017c obecnie przepisy kodeksu pracy pozwalaj\u0105\npartnerom spo\u0142ecznym na wprowadzenie mechanizm\u00f3w koryguj\u0105cych zobowi\u0105zania\nuk\u0142adowe. <\/p>\n\n\n\n<p>I id\u0105c dalej tym tokiem\nrozumowania, tak\u017ce umowy o prac\u0119 zawieraj\u0105 postanowienia, a nie przepisy.\nReasumuj\u0105c, ustawowe ograniczenie dotyczy tych sytuacji, kt\u00f3re wynikaj\u0105 z\nprzepis\u00f3w, a nie postanowie\u0144.<\/p>\n\n\n\n<p><strong>Czy ustawowe ograniczenie wysoko\u015bci odpraw obejmuje r\u00f3wnie\u017c odszkodowania i \u015bwiadczenia zas\u0105dzone w zwi\u0105zku z bezprawnym lub nieuzasadnionym zwolnieniem z pracy?<\/strong><\/p>\n\n\n\n<p>W tym kontek\u015bcie urz\u0119dnicy\nresortu pracy zauwa\u017caj\u0105, i\u017c ustawodawca nie sprecyzowa\u0142 do jakich odszkodowa\u0144 w\nzwi\u0105zku z rozwi\u0105zaniem stosunku pracy ma mie\u0107 zastosowanie omawiany przepis.\nRegulacja art. 15gd ust. 1 ustawy odnosi si\u0119 mi\u0119dzy innymi do odszkodowania\nwyp\u0142acanego przez pracodawc\u0119 pracownikowi w zwi\u0105zku z rozwi\u0105zaniem umowy o\nprac\u0119, je\u017celi przepisy przewiduj\u0105 obowi\u0105zek wyp\u0142acenia \u015bwiadczenia.<\/p>\n\n\n\n<p>Nale\u017cy te\u017c mie\u0107 na uwadze, i\u017c odszkodowania\nw razie niezgodnego z prawem rozwi\u0105zania umowy o prac\u0119 przez pracodawc\u0119\nprzyznawane s\u0105 na podstawie orzeczenia s\u0105du. Poza tym, podstaw\u0105 ich wyp\u0142aty nie\njest samo rozwi\u0105zanie stosunku pracy, lecz fakt, i\u017c by\u0142o ono nieuzasadnione lub\nnarusza\u0142o przepisy o wypowiedzeniu umowy lub rozwi\u0105zaniu jej bez wypowiedzenia.<\/p>\n\n\n\n<p>Co te\u017c wa\u017cne, to fakt, i\u017c owo\nodszkodowanie stanowi rekompensat\u0119 dla pracownika za niezgodne z prawem\nzwolnienie i sankcj\u0119 dla pracodawcy za takie dzia\u0142ania. Zatem ograniczanie\nwysoko\u015bci takiego odszkodowania by\u0142oby premiowaniem zachowa\u0144 naruszaj\u0105cych\nprawo, st\u0105d te\u017c nie zas\u0142uguj\u0105cym na aprobat\u0119.<\/p>\n\n\n\n<p>Generalnie zatem, ze wzgl\u0119du na\nodmienny charakter tego typu odszkodowa\u0144, jak i wynagrodzenia, nie wydaje si\u0119\nmo\u017cliwym objecie tym ustawowym limitem \u015bwiadcze\u0144 wyp\u0142acanych przez pracodawc\u0119 w\nzwi\u0105zku ze stwierdzonym naruszeniem przepis\u00f3w o rozwi\u0105zywaniu um\u00f3w o prac\u0119.<\/p>\n\n\n\n<p><strong>Czy ustawowy limit obejmuje te\u017c rekompensat\u0119 wyp\u0142acan\u0105 dzia\u0142aczowi zwi\u0105zkowemu zwolnionemu z naruszeniem przepis\u00f3w?<\/strong><\/p>\n\n\n\n<p>Jak zauwa\u017caj\u0105 urz\u0119dnicy resortu\npracy, celem owej rekompensaty nie jest zabezpieczenie interes\u00f3w maj\u0105tkowych\npracownika w zwi\u0105zku z ustaniem stosunku prawnego b\u0119d\u0105cego podstaw\u0105\nzatrudnienia. Za tak\u0105 interpretacj\u0105 przemawia mo\u017cliwo\u015b\u0107 dochodzenia\nodszkodowania lub zado\u015b\u0107uczynienia przenosz\u0105cego wysoko\u015b\u0107 rekompensaty, gdy\u017c\nchodzi o wprowadzenie mechanizmu zabezpieczaj\u0105cego trwa\u0142o\u015b\u0107 stosunku prawnego\ndzia\u0142acza zwi\u0105zkowego obj\u0119tego ochron\u0105.<\/p>\n\n\n\n<p>W tej sytuacji rekompensata,\nb\u0119d\u0105c istotnie odczuwaln\u0105 ekonomicznie dolegliwo\u015bci\u0105 dla pracodawcy, ma go\nskutecznie zniech\u0119ca\u0107 do podejmowania dzia\u0142a\u0144 niezgodnych z prawem. Dlatego te\u017c\nma ona charakter kary umownej, tym samym nie podlegaj\u0105c ograniczeniom\nwprowadzonym przez art. 15gd specustawy.<\/p>\n\n\n\n<p><strong>Czy \u00f3w wprowadzony pod koniec czerwca 2020 roku limit wysoko\u015bci odpraw dotyczy r\u00f3wnie\u017c tych roszcze\u0144 pracowniczych, kt\u00f3re powsta\u0142y przed jego wej\u015bciem w \u017cycie?<\/strong><\/p>\n\n\n\n<p>Jak podaj\u0105 urz\u0119dnicy resortu\npracy, art. 15gd specustawy zosta\u0142 dodany przez art. 77 pkt. 16 ustawy z dnia\n19 czerwca 2020 roku o dop\u0142atach do oprocentowania kredyt\u00f3w bankowych\nudzielanych przedsi\u0119biorcom dotkni\u0119tym skutkami COVID-19 oraz o uproszczonym\npost\u0119powaniu o zatwierdzenie uk\u0142adu w zwi\u0105zku z wyst\u0105pieniem COVID-19 (Dz.U.\npoz. 1086).<\/p>\n\n\n\n<p>Z kolei ustawa ta wesz\u0142a w \u017cycie\n24 czerwca 2020 roku, zatem mo\u017ce mie\u0107 zastosowanie jedynie do wskazanych z w\nowym art.15gd specustawy \u015bwiadcze\u0144, co do kt\u00f3rych pracownik nabywa prawo z tym\ndniem.<\/p>\n\n\n\n<p>Podsumowuj\u0105c, odpowiedzi\nurz\u0119dnik\u00f3w resortu pracy wyja\u015bniaj\u0105 kilka najwa\u017cniejszych w\u0105tpliwo\u015bci, jakie z\nwej\u015bciem w \u017cycie omawianych zmian si\u0119 pojawi\u0142y. Tym niemniej szkoda, i\u017c\nustawodawca precyzyjniej nie okre\u015bli\u0142 norm prawnych ju\u017c w samej ustawie,\nunikaj\u0105c niepotrzebnych w\u0105tpliwo\u015bci, jak i potrzeby ich wyja\u015bniania.<\/p>\n","protected":false},"excerpt":{"rendered":"<p>Tarcza antykryzysowa 4.0 wprowadzi\u0142a du\u017co przer\u00f3\u017cnych rozwi\u0105za\u0144 celem ochrony miejsc pracy i \u0142agodzenia skutk\u00f3w kryzysu wywo\u0142anego epidemi\u0105 koronawirusa. Po\u015br\u00f3d nich<\/p>\n","protected":false},"author":3,"featured_media":3068,"comment_status":"open","ping_status":"open","sticky":false,"template":"","format":"standard","meta":{"footnotes":""},"categories":[8],"tags":[1299],"yoast_head":"<!-- This site is optimized with the Yoast SEO plugin v16.7 - https:\/\/yoast.com\/wordpress\/plugins\/seo\/ -->\n<title>Ograniczenie wysoko\u015bci odpraw z\u0142agodzone - Artyku\u0142y dla Szukaj\u0105cych pracy<\/title>\n<meta name=\"description\" content=\"Nowy artyku\u0142 Ograniczenie wysoko\u015bci odpraw z\u0142agodzone na Blog Szukampracy.pl - Artyku\u0142y o rynku pracy i HR dla pracodawcy . Czytaj wi\u0119cej na blogu Szukampracy.pl!\" \/>\n<meta name=\"robots\" content=\"index, follow, max-snippet:-1, max-image-preview:large, max-video-preview:-1\" \/>\n<link rel=\"canonical\" href=\"https:\/\/szukampracy.pl\/blog\/ograniczenie-wysokosci-odpraw-zlagodzone\/\" \/>\n<meta property=\"og:locale\" content=\"pl_PL\" \/>\n<meta property=\"og:type\" content=\"article\" \/>\n<meta property=\"og:title\" content=\"Ograniczenie wysoko\u015bci odpraw z\u0142agodzone - Artyku\u0142y dla Szukaj\u0105cych pracy\" \/>\n<meta property=\"og:description\" content=\"Nowy artyku\u0142 Ograniczenie wysoko\u015bci odpraw z\u0142agodzone na Blog Szukampracy.pl - Artyku\u0142y o rynku pracy i HR dla pracodawcy . Czytaj wi\u0119cej na blogu Szukampracy.pl!\" \/>\n<meta property=\"og:url\" content=\"https:\/\/szukampracy.pl\/blog\/ograniczenie-wysokosci-odpraw-zlagodzone\/\" \/>\n<meta property=\"og:site_name\" content=\"Blog Szukampracy.pl - Artyku\u0142y o rynku pracy i HR dla pracodawcy\" \/>\n<meta property=\"article:publisher\" content=\"https:\/\/www.facebook.com\/portalszukampracy\/\" \/>\n<meta property=\"article:published_time\" content=\"2020-07-24T08:00:38+00:00\" \/>\n<meta property=\"article:modified_time\" content=\"2020-07-23T21:00:24+00:00\" \/>\n<meta property=\"og:image\" content=\"https:\/\/szukampracy.pl\/blog\/wp-content\/uploads\/2020\/07\/dofinansowanieee.jpg\" \/>\n\t<meta property=\"og:image:width\" content=\"1024\" \/>\n\t<meta property=\"og:image:height\" content=\"722\" \/>\n<meta name=\"twitter:card\" content=\"summary\" \/>\n<meta name=\"twitter:creator\" content=\"@SzukamPracyPl\" \/>\n<meta name=\"twitter:site\" content=\"@SzukamPracyPl\" \/>\n<meta name=\"twitter:label1\" content=\"Written by\" \/>\n\t<meta name=\"twitter:data1\" content=\"Ekspert \u0141ukasz\" \/>\n\t<meta name=\"twitter:label2\" content=\"Est. reading time\" \/>\n\t<meta name=\"twitter:data2\" content=\"5 minut\" \/>\n<script type=\"application\/ld+json\" class=\"yoast-schema-graph\">{\"@context\":\"https:\/\/schema.org\",\"@graph\":[{\"@type\":\"Organization\",\"@id\":\"https:\/\/szukampracy.pl\/blog\/#organization\",\"name\":\"Szukampracy.pl\",\"url\":\"https:\/\/szukampracy.pl\/blog\/\",\"sameAs\":[\"https:\/\/www.facebook.com\/portalszukampracy\/\",\"https:\/\/www.linkedin.com\/company\/szukampracy-pl\",\"https:\/\/www.youtube.com\/channel\/UCmY56pXKURtawvJjwIvU2YQ\",\"https:\/\/twitter.com\/SzukamPracyPl\"],\"logo\":{\"@type\":\"ImageObject\",\"@id\":\"https:\/\/szukampracy.pl\/blog\/#logo\",\"inLanguage\":\"pl-PL\",\"url\":\"https:\/\/szukampracy.pl\/blog\/wp-content\/uploads\/2017\/08\/logo-1.png\",\"contentUrl\":\"https:\/\/szukampracy.pl\/blog\/wp-content\/uploads\/2017\/08\/logo-1.png\",\"width\":240,\"height\":33,\"caption\":\"Szukampracy.pl\"},\"image\":{\"@id\":\"https:\/\/szukampracy.pl\/blog\/#logo\"}},{\"@type\":\"WebSite\",\"@id\":\"https:\/\/szukampracy.pl\/blog\/#website\",\"url\":\"https:\/\/szukampracy.pl\/blog\/\",\"name\":\"Blog Szukampracy.pl - Artyku\\u0142y o rynku pracy i HR dla pracodawcy\",\"description\":\"Nasz blog powsta\\u0142 z my\\u015bl\\u0105 o Pracodawcach, Pracownikach i Kandydatach b\\u0119d\\u0105cych na etapie zapoznawania si\\u0119 z og\\u0142oszeniami o prac\\u0119. Mo\\u017cna u nas znale\\u017a\\u0107 artyku\\u0142y o rynku pracy, z dziedziny HR, zarz\\u0105dzania, ofert pracy za granic\\u0105 oraz inne ciekawostki. Nie wahaj si\\u0119 nas odwiedzi\\u0107\",\"publisher\":{\"@id\":\"https:\/\/szukampracy.pl\/blog\/#organization\"},\"potentialAction\":[{\"@type\":\"SearchAction\",\"target\":{\"@type\":\"EntryPoint\",\"urlTemplate\":\"https:\/\/szukampracy.pl\/blog\/?s={search_term_string}\"},\"query-input\":\"required name=search_term_string\"}],\"inLanguage\":\"pl-PL\"},{\"@type\":\"ImageObject\",\"@id\":\"https:\/\/szukampracy.pl\/blog\/ograniczenie-wysokosci-odpraw-zlagodzone\/#primaryimage\",\"inLanguage\":\"pl-PL\",\"url\":\"https:\/\/szukampracy.pl\/blog\/wp-content\/uploads\/2020\/07\/dofinansowanieee.jpg\",\"contentUrl\":\"https:\/\/szukampracy.pl\/blog\/wp-content\/uploads\/2020\/07\/dofinansowanieee.jpg\",\"width\":1024,\"height\":722},{\"@type\":\"WebPage\",\"@id\":\"https:\/\/szukampracy.pl\/blog\/ograniczenie-wysokosci-odpraw-zlagodzone\/#webpage\",\"url\":\"https:\/\/szukampracy.pl\/blog\/ograniczenie-wysokosci-odpraw-zlagodzone\/\",\"name\":\"Ograniczenie wysoko\\u015bci odpraw z\\u0142agodzone - Artyku\\u0142y dla Szukaj\\u0105cych pracy\",\"isPartOf\":{\"@id\":\"https:\/\/szukampracy.pl\/blog\/#website\"},\"primaryImageOfPage\":{\"@id\":\"https:\/\/szukampracy.pl\/blog\/ograniczenie-wysokosci-odpraw-zlagodzone\/#primaryimage\"},\"datePublished\":\"2020-07-24T08:00:38+00:00\",\"dateModified\":\"2020-07-23T21:00:24+00:00\",\"description\":\"Nowy artyku\\u0142 Ograniczenie wysoko\\u015bci odpraw z\\u0142agodzone na Blog Szukampracy.pl - Artyku\\u0142y o rynku pracy i HR dla pracodawcy . Czytaj wi\\u0119cej na blogu Szukampracy.pl!\",\"breadcrumb\":{\"@id\":\"https:\/\/szukampracy.pl\/blog\/ograniczenie-wysokosci-odpraw-zlagodzone\/#breadcrumb\"},\"inLanguage\":\"pl-PL\",\"potentialAction\":[{\"@type\":\"ReadAction\",\"target\":[\"https:\/\/szukampracy.pl\/blog\/ograniczenie-wysokosci-odpraw-zlagodzone\/\"]}]},{\"@type\":\"BreadcrumbList\",\"@id\":\"https:\/\/szukampracy.pl\/blog\/ograniczenie-wysokosci-odpraw-zlagodzone\/#breadcrumb\",\"itemListElement\":[{\"@type\":\"ListItem\",\"position\":1,\"name\":\"Blog\",\"item\":\"https:\/\/szukampracy.pl\/blog\/\"},{\"@type\":\"ListItem\",\"position\":2,\"name\":\"Z rynku pracy\",\"item\":\"https:\/\/szukampracy.pl\/blog\/z-rynku-pracy\/\"},{\"@type\":\"ListItem\",\"position\":3,\"name\":\"Ograniczenie wysoko\\u015bci odpraw z\\u0142agodzone\"}]},{\"@type\":\"Article\",\"@id\":\"https:\/\/szukampracy.pl\/blog\/ograniczenie-wysokosci-odpraw-zlagodzone\/#article\",\"isPartOf\":{\"@id\":\"https:\/\/szukampracy.pl\/blog\/ograniczenie-wysokosci-odpraw-zlagodzone\/#webpage\"},\"author\":{\"@id\":\"https:\/\/szukampracy.pl\/blog\/#\/schema\/person\/3952d4bf69b606b39399e9e649ef2394\"},\"headline\":\"Ograniczenie wysoko\\u015bci odpraw z\\u0142agodzone\",\"datePublished\":\"2020-07-24T08:00:38+00:00\",\"dateModified\":\"2020-07-23T21:00:24+00:00\",\"mainEntityOfPage\":{\"@id\":\"https:\/\/szukampracy.pl\/blog\/ograniczenie-wysokosci-odpraw-zlagodzone\/#webpage\"},\"wordCount\":1046,\"commentCount\":0,\"publisher\":{\"@id\":\"https:\/\/szukampracy.pl\/blog\/#organization\"},\"image\":{\"@id\":\"https:\/\/szukampracy.pl\/blog\/ograniczenie-wysokosci-odpraw-zlagodzone\/#primaryimage\"},\"thumbnailUrl\":\"https:\/\/szukampracy.pl\/blog\/wp-content\/uploads\/2020\/07\/dofinansowanieee.jpg\",\"keywords\":[\"ochrona miejsc pracy\"],\"articleSection\":[\"Z rynku pracy\"],\"inLanguage\":\"pl-PL\",\"potentialAction\":[{\"@type\":\"CommentAction\",\"name\":\"Comment\",\"target\":[\"https:\/\/szukampracy.pl\/blog\/ograniczenie-wysokosci-odpraw-zlagodzone\/#respond\"]}]},{\"@type\":\"Person\",\"@id\":\"https:\/\/szukampracy.pl\/blog\/#\/schema\/person\/3952d4bf69b606b39399e9e649ef2394\",\"name\":\"Ekspert \\u0141ukasz\",\"image\":{\"@type\":\"ImageObject\",\"@id\":\"https:\/\/szukampracy.pl\/blog\/#personlogo\",\"inLanguage\":\"pl-PL\",\"url\":\"https:\/\/secure.gravatar.com\/avatar\/7733c11b2e55f533f1cae76b6c86129d?s=96&d=mm&r=g\",\"contentUrl\":\"https:\/\/secure.gravatar.com\/avatar\/7733c11b2e55f533f1cae76b6c86129d?s=96&d=mm&r=g\",\"caption\":\"Ekspert \\u0141ukasz\"},\"description\":\"Ekspert \\u0141ukasz swoje wieloletnie do\\u015bwiadczenie na rynku pracy postanowi\\u0142 przekaza\\u0107 tak\\u017ce na naszym blogu. Jego artyku\\u0142y dotycz\\u0105 aktualnych zmian gospodarczych a tak\\u017ce tych na rynku pracy. Z ch\\u0119cia udzieli porad pracodawc\\u0105, kt\\u00f3rzy pr\\u0119\\u017cnie rozwijaj\\u0105 swoje firmy.\"}]}<\/script>\n<!-- \/ Yoast SEO plugin. -->","yoast_head_json":{"title":"Ograniczenie wysoko\u015bci odpraw z\u0142agodzone - Artyku\u0142y dla Szukaj\u0105cych pracy","description":"Nowy artyku\u0142 Ograniczenie wysoko\u015bci odpraw z\u0142agodzone na Blog Szukampracy.pl - Artyku\u0142y o rynku pracy i HR dla pracodawcy . Czytaj wi\u0119cej na blogu Szukampracy.pl!","robots":{"index":"index","follow":"follow","max-snippet":"max-snippet:-1","max-image-preview":"max-image-preview:large","max-video-preview":"max-video-preview:-1"},"canonical":"https:\/\/szukampracy.pl\/blog\/ograniczenie-wysokosci-odpraw-zlagodzone\/","og_locale":"pl_PL","og_type":"article","og_title":"Ograniczenie wysoko\u015bci odpraw z\u0142agodzone - Artyku\u0142y dla Szukaj\u0105cych pracy","og_description":"Nowy artyku\u0142 Ograniczenie wysoko\u015bci odpraw z\u0142agodzone na Blog Szukampracy.pl - Artyku\u0142y o rynku pracy i HR dla pracodawcy . Czytaj wi\u0119cej na blogu Szukampracy.pl!","og_url":"https:\/\/szukampracy.pl\/blog\/ograniczenie-wysokosci-odpraw-zlagodzone\/","og_site_name":"Blog Szukampracy.pl - Artyku\u0142y o rynku pracy i HR dla pracodawcy","article_publisher":"https:\/\/www.facebook.com\/portalszukampracy\/","article_published_time":"2020-07-24T08:00:38+00:00","article_modified_time":"2020-07-23T21:00:24+00:00","og_image":[{"width":1024,"height":722,"url":"https:\/\/szukampracy.pl\/blog\/wp-content\/uploads\/2020\/07\/dofinansowanieee.jpg","path":"\/home\/szukamprac\/domains\/szukampracy.pl\/public_html\/blog\/wp-content\/uploads\/2020\/07\/dofinansowanieee.jpg","size":"full","id":3068,"alt":"","pixels":739328,"type":"image\/jpeg"}],"twitter_card":"summary","twitter_creator":"@SzukamPracyPl","twitter_site":"@SzukamPracyPl","twitter_misc":{"Written by":"Ekspert \u0141ukasz","Est. reading time":"5 minut"},"schema":{"@context":"https:\/\/schema.org","@graph":[{"@type":"Organization","@id":"https:\/\/szukampracy.pl\/blog\/#organization","name":"Szukampracy.pl","url":"https:\/\/szukampracy.pl\/blog\/","sameAs":["https:\/\/www.facebook.com\/portalszukampracy\/","https:\/\/www.linkedin.com\/company\/szukampracy-pl","https:\/\/www.youtube.com\/channel\/UCmY56pXKURtawvJjwIvU2YQ","https:\/\/twitter.com\/SzukamPracyPl"],"logo":{"@type":"ImageObject","@id":"https:\/\/szukampracy.pl\/blog\/#logo","inLanguage":"pl-PL","url":"https:\/\/szukampracy.pl\/blog\/wp-content\/uploads\/2017\/08\/logo-1.png","contentUrl":"https:\/\/szukampracy.pl\/blog\/wp-content\/uploads\/2017\/08\/logo-1.png","width":240,"height":33,"caption":"Szukampracy.pl"},"image":{"@id":"https:\/\/szukampracy.pl\/blog\/#logo"}},{"@type":"WebSite","@id":"https:\/\/szukampracy.pl\/blog\/#website","url":"https:\/\/szukampracy.pl\/blog\/","name":"Blog Szukampracy.pl - Artyku\u0142y o rynku pracy i HR dla pracodawcy","description":"Nasz blog powsta\u0142 z my\u015bl\u0105 o Pracodawcach, Pracownikach i Kandydatach b\u0119d\u0105cych na etapie zapoznawania si\u0119 z og\u0142oszeniami o prac\u0119. Mo\u017cna u nas znale\u017a\u0107 artyku\u0142y o rynku pracy, z dziedziny HR, zarz\u0105dzania, ofert pracy za granic\u0105 oraz inne ciekawostki. Nie wahaj si\u0119 nas odwiedzi\u0107","publisher":{"@id":"https:\/\/szukampracy.pl\/blog\/#organization"},"potentialAction":[{"@type":"SearchAction","target":{"@type":"EntryPoint","urlTemplate":"https:\/\/szukampracy.pl\/blog\/?s={search_term_string}"},"query-input":"required name=search_term_string"}],"inLanguage":"pl-PL"},{"@type":"ImageObject","@id":"https:\/\/szukampracy.pl\/blog\/ograniczenie-wysokosci-odpraw-zlagodzone\/#primaryimage","inLanguage":"pl-PL","url":"https:\/\/szukampracy.pl\/blog\/wp-content\/uploads\/2020\/07\/dofinansowanieee.jpg","contentUrl":"https:\/\/szukampracy.pl\/blog\/wp-content\/uploads\/2020\/07\/dofinansowanieee.jpg","width":1024,"height":722},{"@type":"WebPage","@id":"https:\/\/szukampracy.pl\/blog\/ograniczenie-wysokosci-odpraw-zlagodzone\/#webpage","url":"https:\/\/szukampracy.pl\/blog\/ograniczenie-wysokosci-odpraw-zlagodzone\/","name":"Ograniczenie wysoko\u015bci odpraw z\u0142agodzone - Artyku\u0142y dla Szukaj\u0105cych pracy","isPartOf":{"@id":"https:\/\/szukampracy.pl\/blog\/#website"},"primaryImageOfPage":{"@id":"https:\/\/szukampracy.pl\/blog\/ograniczenie-wysokosci-odpraw-zlagodzone\/#primaryimage"},"datePublished":"2020-07-24T08:00:38+00:00","dateModified":"2020-07-23T21:00:24+00:00","description":"Nowy artyku\u0142 Ograniczenie wysoko\u015bci odpraw z\u0142agodzone na Blog Szukampracy.pl - Artyku\u0142y o rynku pracy i HR dla pracodawcy . Czytaj wi\u0119cej na blogu Szukampracy.pl!","breadcrumb":{"@id":"https:\/\/szukampracy.pl\/blog\/ograniczenie-wysokosci-odpraw-zlagodzone\/#breadcrumb"},"inLanguage":"pl-PL","potentialAction":[{"@type":"ReadAction","target":["https:\/\/szukampracy.pl\/blog\/ograniczenie-wysokosci-odpraw-zlagodzone\/"]}]},{"@type":"BreadcrumbList","@id":"https:\/\/szukampracy.pl\/blog\/ograniczenie-wysokosci-odpraw-zlagodzone\/#breadcrumb","itemListElement":[{"@type":"ListItem","position":1,"name":"Blog","item":"https:\/\/szukampracy.pl\/blog\/"},{"@type":"ListItem","position":2,"name":"Z rynku pracy","item":"https:\/\/szukampracy.pl\/blog\/z-rynku-pracy\/"},{"@type":"ListItem","position":3,"name":"Ograniczenie wysoko\u015bci odpraw z\u0142agodzone"}]},{"@type":"Article","@id":"https:\/\/szukampracy.pl\/blog\/ograniczenie-wysokosci-odpraw-zlagodzone\/#article","isPartOf":{"@id":"https:\/\/szukampracy.pl\/blog\/ograniczenie-wysokosci-odpraw-zlagodzone\/#webpage"},"author":{"@id":"https:\/\/szukampracy.pl\/blog\/#\/schema\/person\/3952d4bf69b606b39399e9e649ef2394"},"headline":"Ograniczenie wysoko\u015bci odpraw z\u0142agodzone","datePublished":"2020-07-24T08:00:38+00:00","dateModified":"2020-07-23T21:00:24+00:00","mainEntityOfPage":{"@id":"https:\/\/szukampracy.pl\/blog\/ograniczenie-wysokosci-odpraw-zlagodzone\/#webpage"},"wordCount":1046,"commentCount":0,"publisher":{"@id":"https:\/\/szukampracy.pl\/blog\/#organization"},"image":{"@id":"https:\/\/szukampracy.pl\/blog\/ograniczenie-wysokosci-odpraw-zlagodzone\/#primaryimage"},"thumbnailUrl":"https:\/\/szukampracy.pl\/blog\/wp-content\/uploads\/2020\/07\/dofinansowanieee.jpg","keywords":["ochrona miejsc pracy"],"articleSection":["Z rynku pracy"],"inLanguage":"pl-PL","potentialAction":[{"@type":"CommentAction","name":"Comment","target":["https:\/\/szukampracy.pl\/blog\/ograniczenie-wysokosci-odpraw-zlagodzone\/#respond"]}]},{"@type":"Person","@id":"https:\/\/szukampracy.pl\/blog\/#\/schema\/person\/3952d4bf69b606b39399e9e649ef2394","name":"Ekspert \u0141ukasz","image":{"@type":"ImageObject","@id":"https:\/\/szukampracy.pl\/blog\/#personlogo","inLanguage":"pl-PL","url":"https:\/\/secure.gravatar.com\/avatar\/7733c11b2e55f533f1cae76b6c86129d?s=96&d=mm&r=g","contentUrl":"https:\/\/secure.gravatar.com\/avatar\/7733c11b2e55f533f1cae76b6c86129d?s=96&d=mm&r=g","caption":"Ekspert \u0141ukasz"},"description":"Ekspert \u0141ukasz swoje wieloletnie do\u015bwiadczenie na rynku pracy postanowi\u0142 przekaza\u0107 tak\u017ce na naszym blogu. Jego artyku\u0142y dotycz\u0105 aktualnych zmian gospodarczych a tak\u017ce tych na rynku pracy. Z ch\u0119cia udzieli porad pracodawc\u0105, kt\u00f3rzy pr\u0119\u017cnie rozwijaj\u0105 swoje firmy."}]}},"fimg_url":"https:\/\/szukampracy.pl\/blog\/wp-content\/uploads\/2020\/07\/dofinansowanieee.jpg","amp_enabled":true,"_links":{"self":[{"href":"https:\/\/szukampracy.pl\/blog\/wp-json\/wp\/v2\/posts\/3067"}],"collection":[{"href":"https:\/\/szukampracy.pl\/blog\/wp-json\/wp\/v2\/posts"}],"about":[{"href":"https:\/\/szukampracy.pl\/blog\/wp-json\/wp\/v2\/types\/post"}],"author":[{"embeddable":true,"href":"https:\/\/szukampracy.pl\/blog\/wp-json\/wp\/v2\/users\/3"}],"replies":[{"embeddable":true,"href":"https:\/\/szukampracy.pl\/blog\/wp-json\/wp\/v2\/comments?post=3067"}],"version-history":[{"count":0,"href":"https:\/\/szukampracy.pl\/blog\/wp-json\/wp\/v2\/posts\/3067\/revisions"}],"wp:featuredmedia":[{"embeddable":true,"href":"https:\/\/szukampracy.pl\/blog\/wp-json\/wp\/v2\/media\/3068"}],"wp:attachment":[{"href":"https:\/\/szukampracy.pl\/blog\/wp-json\/wp\/v2\/media?parent=3067"}],"wp:term":[{"taxonomy":"category","embeddable":true,"href":"https:\/\/szukampracy.pl\/blog\/wp-json\/wp\/v2\/categories?post=3067"},{"taxonomy":"post_tag","embeddable":true,"href":"https:\/\/szukampracy.pl\/blog\/wp-json\/wp\/v2\/tags?post=3067"}],"curies":[{"name":"wp","href":"https:\/\/api.w.org\/{rel}","templated":true}]}}