{"id":2995,"date":"2020-06-29T07:57:32","date_gmt":"2020-06-29T07:57:32","guid":{"rendered":"https:\/\/szukampracy.pl\/blog\/?p=2995"},"modified":"2020-06-26T19:57:47","modified_gmt":"2020-06-26T19:57:47","slug":"wzrostowa-skutecznosc-dzialania-urzedow-pracy","status":"publish","type":"post","link":"https:\/\/szukampracy.pl\/blog\/wzrostowa-skutecznosc-dzialania-urzedow-pracy\/","title":{"rendered":"Wzrostowa skuteczno\u015b\u0107 dzia\u0142ania urz\u0119d\u00f3w pracy"},"content":{"rendered":"\n<p>W roku 2019 wska\u017anik efektywno\u015bci\nzatrudnieniowej, b\u0119d\u0105cy miernikiem skuteczno\u015bci dzia\u0142ania urz\u0119d\u00f3w pracy, wzr\u00f3s\u0142\ndo poziomu 85,5%. Jednak\u017ce obecny kryzys i wywo\u0142ana koronawirusem epidemia\npowoduje, i\u017c w tym roku wynik taki trudno b\u0119dzie powt\u00f3rzy\u0107. <\/p>\n\n\n\n<h3 class=\"wp-block-heading\"><strong>Jakie s\u0105 zatem wyniki urz\u0119d\u00f3w\npracy w kontek\u015bcie skuteczno\u015bci ich dzia\u0142ania?<\/strong><\/h3>\n\n\n\n<p>W roku 2019 powiatowe urz\u0119dy\npracy (PUP) osi\u0105gn\u0119\u0142y lepsze efekty w aktywizowaniu os\u00f3b bezrobotnych, ani\u017celi\nw roku poprzednim. Zreszt\u0105, taka tendencja zwi\u0105zana z rokrocznym poprawianiem\nwska\u017anika efektywno\u015bci zatrudnieniowej obserwowana jest ju\u017c od kilku lat.<\/p>\n\n\n\n<p>Poni\u017csza tabela prezentuje poziom\nnajwa\u017cniejszych wska\u017anik\u00f3w zwi\u0105zanych z dzia\u0142alno\u015bci\u0105 PUP na przestrzeni\nostatnich kilku lat:<\/p>\n\n\n\n<table class=\"wp-block-table\"><tbody><tr><td>\n  <strong>Rok<\/strong>\n  <\/td><td>\n  <strong>Wska\u017anik efektywno\u015bci\n  zatrudnieniowej<\/strong>\n  <\/td><td>\n  <strong>Wska\u017anik efektywno\u015bci\n  kosztowej<\/strong>\n  <\/td><td>\n  <strong>Wydatki PUP na podstawowe\n  instrumenty aktywizacji zawodowej<\/strong>\n  <\/td><\/tr><tr><td>\n  2015\n  <\/td><td>\n  75,26%\n  <\/td><td>\n  13.091 z\u0142\n  <\/td><td>\n  3,976 mld z\u0142\n  <\/td><\/tr><tr><td>\n  2016\n  <\/td><td>\n  78,74%\n  <\/td><td>\n  11.291 z\u0142\n  <\/td><td>\n  3,282 mld z\u0142\n  <\/td><\/tr><tr><td>\n  2017\n  <\/td><td>\n  81,98%\n  <\/td><td>\n  11.520 z\u0142\n  <\/td><td>\n  3,096 mld z\u0142\n  <\/td><\/tr><tr><td>\n  2018\n  <\/td><td>\n  84,96%\n  <\/td><td>\n  10.286 z\u0142\n  <\/td><td>\n  2,535 mld z\u0142\n  <\/td><\/tr><tr><td>\n  2019\n  <\/td><td>\n  85,52%\n  <\/td><td>\n  10.154 z\u0142\n  <\/td><td>\n  2,040 mld z\u0142\n  <\/td><\/tr><\/tbody><\/table>\n\n\n\n<p>Urz\u0119dom pracy w corocznym\npoprawianiu wska\u017anik\u00f3w efektywno\u015bci na pewno pomaga\u0142a dobra sytuacja na rynku\npracy. Wszystko jednak wskazuje na to, i\u017c w roku 2020 trudno b\u0119dzie takie\nwyniki powt\u00f3rzy\u0107, a tym bardziej poprawi\u0107. Epidemia spowodowa\u0142a bowiem, i\u017c\naktywizacja bezrobotnych praktycznie zamar\u0142a i dopiero teraz powoli si\u0119\nodradza.<\/p>\n\n\n\n<h3 class=\"wp-block-heading\"><strong>Jak ustalane s\u0105 wska\u017aniki,\nkt\u00f3rymi pos\u0142uguj\u0105 si\u0119 urz\u0119dnicy resortu rodziny dokonuj\u0105c oceny dzia\u0142ania PUP?<\/strong><\/h3>\n\n\n\n<p>Ot\u00f3\u017c wska\u017aniki efektywno\u015bci ustalane\ns\u0105 na podstawie 6 podstawowych form aktywizacji zawodowej stosowanych przez\nPUP, mianowicie:<\/p>\n\n\n\n<ul><li>sta\u017ce<\/li><li>szkolenia<\/li><li>prace interwencyjne<\/li><li>roboty publiczne<\/li><li>dotacje na za\u0142o\u017cenie dzia\u0142alno\u015bci gospodarczej <\/li><li>refundacja koszt\u00f3w doposa\u017cenia lub wyposa\u017cenia\nstanowiska pracy<\/li><\/ul>\n\n\n\n<p>Sam wska\u017anik efektywno\u015bci\nzatrudnieniowej oznacza procentowy udzia\u0142 os\u00f3b, kt\u00f3re w wyniku zastosowanych\ninstrument\u00f3w wsparcia, znalaz\u0142y zatrudnienie, do og\u00f3lnej liczby os\u00f3b\nbezrobotnych, kt\u00f3rzy z tych instrument\u00f3w skorzystali. <\/p>\n\n\n\n<p>Natomiast efektywno\u015b\u0107 kosztowa\njest obliczana przez podzielenie kwoty przeznaczonej przez PUP na realizacj\u0119\npodstawowych form aktywizacji zawodowej w danym roku przez liczb\u0119 os\u00f3b, kt\u00f3re\ndzi\u0119ki ich zastosowaniu znalaz\u0142y prac\u0119. <\/p>\n\n\n\n<p>\u015arednio wska\u017anik efektywno\u015bci\nzatrudnieniowej wyni\u00f3s\u0142 w ubieg\u0142ym roku ponad 85% i taki lub wy\u017cszy odsetek\nzanotowa\u0142o 211 na 340 PUP. Rekordzistami by\u0142y urz\u0119dy w K\u0119pnie, Strzelcach\nOpolskich i Kolbuszowej, odnotowuj\u0105c ten wska\u017anik na poziomie, odpowiednio\n98,29%, 97,58% i 97,16%.<\/p>\n\n\n\n<p>Z kolei efektywno\u015b\u0107 kosztowa\nnieznacznie przekroczy\u0142a poziom 10.000 z\u0142. Taki lub ni\u017cszy wska\u017anik odnotowa\u0142o\n192 spo\u015br\u00f3d 340 PUP, a najlepiej pod tym wzgl\u0119dem radzi\u0142 sobie PUP w Gdyni,\nKo\u015bcianie i K\u0119pnie, odnotowuj\u0105c wyniki 6.000 z\u0142, 6.200 z\u0142 i 6.700 z\u0142.<\/p>\n\n\n\n<p>Samo uzyskanie przez PUP jak\nnajlepszych wska\u017anik\u00f3w ma znaczenie o tyle, i\u017c od tego uzale\u017cniona jest p\u00f3\u017aniej\nmo\u017cliwo\u015b\u0107 otrzymania dodatkowych pieni\u0119dzy z Funduszu Pracy na nagrody dla\npracownik\u00f3w. By to by\u0142o mo\u017cliwe, dany PUP musi mie\u0107 obydwa wska\u017aniki na\npoziomie lepszym od \u015bredniej rocznej dla ca\u0142ego kraju. W roku ubieg\u0142ym uda\u0142o\nsi\u0119 134 z 340 PUP.<\/p>\n\n\n\n<h3 class=\"wp-block-heading\"><strong>A jakie s\u0105 przewidywania\nodno\u015bnie dzia\u0142alno\u015bci PUP w roku obecnym?<\/strong><\/h3>\n\n\n\n<p>Jeszcze z pocz\u0105tkiem roku\nwydawa\u0142o si\u0119, i\u017c rok 2020 b\u0119dzie kolejnym, gdy wska\u017aniki b\u0119dzie mo\u017cna\npoprawia\u0107, jednak\u017ce wybuch epidemii spowodowa\u0142, i\u017c sytuacja urz\u0119d\u00f3w uleg\u0142a\ndiametralnej zmianie. Zdaniem Agnieszki Mackiewicz, dyrektora PUP w Sztumie,\npraktycznie w marcu, kwietniu i maju aktywizacja os\u00f3b bezrobotnych zosta\u0142a\nzawieszona, a pracownicy urz\u0119d\u00f3w skupili si\u0119 na udzielaniu wsparcia\nprzedsi\u0119biorcom w ramach dzia\u0142a\u0144 zwi\u0105zanych z tarcz\u0105 antykryzysow\u0105. <\/p>\n\n\n\n<p>Jak z kolei dodaje \u0141ukasz Cury\u0142o,\ndyrektor PUP w Jaworznie, nie oznacza to jednak\u017ce, i\u017c \u017cadne instrumenty nie\nby\u0142y stosowane, bo w sytuacji, gdy pracodawcy zg\u0142aszali ch\u0119\u0107 zatrudnienia osoby\nw ramach sta\u017cu, to bezrobotni byli tam kierowani, Tyle tylko, \u017ce skala tego\nzjawiska by\u0142a zdecydowanie mniejsza.<\/p>\n\n\n\n<p>Zdaniem Otylii\nTu\u0142acz-Kostrzyckiej, zast\u0119pcy dyrektora PUP w Legnicy, zawsze du\u017c\u0105 popularno\u015bci\u0105\ncieszy\u0142y si\u0119 dotacje na uruchomienie dzia\u0142alno\u015bci gospodarczej. Jednak\u017ce\nsk\u0142ada\u0142y je najcz\u0119\u015bciej osoby wykonuj\u0105ce zaw\u00f3d fryzjera, kosmetyczki czy\nfizjoterapeutki, a wi\u0119c takie, kt\u00f3re ze wzgl\u0119du na panuj\u0105cy stan epidemii wstrzyma\u0142y\nsi\u0119 z wnioskowaniem o pomoc. <\/p>\n\n\n\n<p>Ponadto pracodawcy decydowali si\u0119\nte\u017c na zawieszenie um\u00f3w dotycz\u0105cych prowadzonych sta\u017cy dla os\u00f3b bezrobotnych,\nnie mog\u0105c si\u0119 z nich wywi\u0105za\u0107 z uwagi na panuj\u0105ce warunki. <\/p>\n\n\n\n<p>Jednak\u017ce wraz z odmra\u017caniem\ngospodarki sytuacja zacz\u0119\u0142a si\u0119 poprawia\u0107. Jak zauwa\u017ca Otylia\nTu\u0142acz-Kostrzycka, ju\u017c w maju odnotowano wzrost ilo\u015bci nowych miejsc pracy,\ncho\u0107 g\u0142\u00f3wnie dotycz\u0105 one zatrudnienia cudzoziemc\u00f3w i pracownik\u00f3w sezonowych.\nPonadto dominuj\u0105 takie oferty, kt\u00f3re nie s\u0105 zwi\u0105zane z instrumentami\naktywizacji. Pracodawcy, widz\u0105c przed sob\u0105 niepewn\u0105 przysz\u0142o\u015b\u0107, staraj\u0105 si\u0119\nunika\u0107 podejmowania zobowi\u0105za\u0144, b\u0119d\u0105cych elementem skorzystania ze sta\u017cu czy\nte\u017c refundacji koszt\u00f3w wyposa\u017cenia stanowiska pracy.<\/p>\n\n\n\n<p>Tak naprawd\u0119, zdaniem Agnieszki\nMackiewicz, efektywno\u015b\u0107 dzia\u0142ania PUP w tym roku zale\u017ce\u0107 b\u0119dzie w g\u0142\u00f3wnej\nmierze od tego, jaka b\u0119dzie sytuacja gospodarcza naszego kraju w drugim\np\u00f3\u0142roczu 2020 roku i czy rynkowi pracy przyjdzie zmierzy\u0107 si\u0119 z drug\u0105 fal\u0105\nepidemii. <\/p>\n\n\n\n<p>W tym kontek\u015bcie osi\u0105gni\u0119cie\nwynik\u00f3w zesz\u0142orocznych wydaje si\u0119 niemo\u017cliwe, a sami pracownicy PUP uwa\u017caj\u0105, i\u017c\nwska\u017anik efektywno\u015bci zatrudnieniowej na poziomie 50% b\u0119dzie dobrym wynikiem. Tym\nniemniej ni\u017csze poziomy wska\u017anik\u00f3w nie b\u0119d\u0105 zale\u017ca\u0142y od s\u0142abszego zaanga\u017cowania\npracownik\u00f3w, lecz od wyst\u0105pienia zjawisk nadzwyczajnych i nieprzewidywalnych.<\/p>\n\n\n\n<p>Podsumowuj\u0105c, ostatnie lata\noznacza\u0142y dla PUP mo\u017cliwo\u015b\u0107 corocznego podnoszenia wska\u017anik\u00f3w mierz\u0105cych\nefektywno\u015b\u0107 ich pracy. Niew\u0105tpliwie wp\u0142yw na to mia\u0142a sytuacja na rynku pracy,\njak i fakt, \u017ce stopa bezrobocia by\u0142a na coraz ni\u017cszym poziomie. Obecny rok\njednak daje si\u0119 we znaki wszystkim, nie omijaj\u0105c r\u00f3wnie\u017c rynku pracy. Doprawdy\ntrudno dzi\u015b jednoznacznie ocenia\u0107 jak ten rok si\u0119 zako\u0144czy, tym niemniej na\npewno wyniki osi\u0105gni\u0119te przez PUP w walce z bezrobociem b\u0119d\u0105 gorsze. <\/p>\n","protected":false},"excerpt":{"rendered":"<p>W roku 2019 wska\u017anik efektywno\u015bci zatrudnieniowej, b\u0119d\u0105cy miernikiem skuteczno\u015bci dzia\u0142ania urz\u0119d\u00f3w pracy, wzr\u00f3s\u0142 do poziomu 85,5%. Jednak\u017ce obecny kryzys i<\/p>\n","protected":false},"author":3,"featured_media":2996,"comment_status":"open","ping_status":"open","sticky":false,"template":"","format":"standard","meta":{"footnotes":""},"categories":[8],"tags":[1069,786,862],"yoast_head":"<!-- This site is optimized with the Yoast SEO plugin v16.7 - https:\/\/yoast.com\/wordpress\/plugins\/seo\/ -->\n<title>Wzrostowa skuteczno\u015b\u0107 dzia\u0142ania urz\u0119d\u00f3w pracy - Artyku\u0142y dla Szukaj\u0105cych pracy<\/title>\n<meta name=\"description\" content=\"Nowy artyku\u0142 Wzrostowa skuteczno\u015b\u0107 dzia\u0142ania urz\u0119d\u00f3w pracy na Blog Szukampracy.pl - Artyku\u0142y o rynku pracy i HR dla pracodawcy . Czytaj wi\u0119cej na blogu Szukampracy.pl!\" \/>\n<meta name=\"robots\" content=\"index, follow, max-snippet:-1, max-image-preview:large, max-video-preview:-1\" \/>\n<link rel=\"canonical\" href=\"https:\/\/szukampracy.pl\/blog\/wzrostowa-skutecznosc-dzialania-urzedow-pracy\/\" \/>\n<meta property=\"og:locale\" content=\"pl_PL\" \/>\n<meta property=\"og:type\" content=\"article\" \/>\n<meta property=\"og:title\" content=\"Wzrostowa skuteczno\u015b\u0107 dzia\u0142ania urz\u0119d\u00f3w pracy - Artyku\u0142y dla Szukaj\u0105cych pracy\" \/>\n<meta property=\"og:description\" content=\"Nowy artyku\u0142 Wzrostowa skuteczno\u015b\u0107 dzia\u0142ania urz\u0119d\u00f3w pracy na Blog Szukampracy.pl - Artyku\u0142y o rynku pracy i HR dla pracodawcy . Czytaj wi\u0119cej na blogu Szukampracy.pl!\" \/>\n<meta property=\"og:url\" content=\"https:\/\/szukampracy.pl\/blog\/wzrostowa-skutecznosc-dzialania-urzedow-pracy\/\" \/>\n<meta property=\"og:site_name\" content=\"Blog Szukampracy.pl - Artyku\u0142y o rynku pracy i HR dla pracodawcy\" \/>\n<meta property=\"article:publisher\" content=\"https:\/\/www.facebook.com\/portalszukampracy\/\" \/>\n<meta property=\"article:published_time\" content=\"2020-06-29T07:57:32+00:00\" \/>\n<meta property=\"article:modified_time\" content=\"2020-06-26T19:57:47+00:00\" \/>\n<meta property=\"og:image\" content=\"https:\/\/szukampracy.pl\/blog\/wp-content\/uploads\/2020\/06\/covid.jpg\" \/>\n\t<meta property=\"og:image:width\" content=\"1024\" \/>\n\t<meta property=\"og:image:height\" content=\"696\" \/>\n<meta name=\"twitter:card\" content=\"summary\" \/>\n<meta name=\"twitter:creator\" content=\"@SzukamPracyPl\" \/>\n<meta name=\"twitter:site\" content=\"@SzukamPracyPl\" \/>\n<meta name=\"twitter:label1\" content=\"Written by\" \/>\n\t<meta name=\"twitter:data1\" content=\"Ekspert \u0141ukasz\" \/>\n\t<meta name=\"twitter:label2\" content=\"Est. reading time\" \/>\n\t<meta name=\"twitter:data2\" content=\"5 minut\" \/>\n<script type=\"application\/ld+json\" class=\"yoast-schema-graph\">{\"@context\":\"https:\/\/schema.org\",\"@graph\":[{\"@type\":\"Organization\",\"@id\":\"https:\/\/szukampracy.pl\/blog\/#organization\",\"name\":\"Szukampracy.pl\",\"url\":\"https:\/\/szukampracy.pl\/blog\/\",\"sameAs\":[\"https:\/\/www.facebook.com\/portalszukampracy\/\",\"https:\/\/www.linkedin.com\/company\/szukampracy-pl\",\"https:\/\/www.youtube.com\/channel\/UCmY56pXKURtawvJjwIvU2YQ\",\"https:\/\/twitter.com\/SzukamPracyPl\"],\"logo\":{\"@type\":\"ImageObject\",\"@id\":\"https:\/\/szukampracy.pl\/blog\/#logo\",\"inLanguage\":\"pl-PL\",\"url\":\"https:\/\/szukampracy.pl\/blog\/wp-content\/uploads\/2017\/08\/logo-1.png\",\"contentUrl\":\"https:\/\/szukampracy.pl\/blog\/wp-content\/uploads\/2017\/08\/logo-1.png\",\"width\":240,\"height\":33,\"caption\":\"Szukampracy.pl\"},\"image\":{\"@id\":\"https:\/\/szukampracy.pl\/blog\/#logo\"}},{\"@type\":\"WebSite\",\"@id\":\"https:\/\/szukampracy.pl\/blog\/#website\",\"url\":\"https:\/\/szukampracy.pl\/blog\/\",\"name\":\"Blog Szukampracy.pl - Artyku\\u0142y o rynku pracy i HR dla pracodawcy\",\"description\":\"Nasz blog powsta\\u0142 z my\\u015bl\\u0105 o Pracodawcach, Pracownikach i Kandydatach b\\u0119d\\u0105cych na etapie zapoznawania si\\u0119 z og\\u0142oszeniami o prac\\u0119. Mo\\u017cna u nas znale\\u017a\\u0107 artyku\\u0142y o rynku pracy, z dziedziny HR, zarz\\u0105dzania, ofert pracy za granic\\u0105 oraz inne ciekawostki. Nie wahaj si\\u0119 nas odwiedzi\\u0107\",\"publisher\":{\"@id\":\"https:\/\/szukampracy.pl\/blog\/#organization\"},\"potentialAction\":[{\"@type\":\"SearchAction\",\"target\":{\"@type\":\"EntryPoint\",\"urlTemplate\":\"https:\/\/szukampracy.pl\/blog\/?s={search_term_string}\"},\"query-input\":\"required name=search_term_string\"}],\"inLanguage\":\"pl-PL\"},{\"@type\":\"ImageObject\",\"@id\":\"https:\/\/szukampracy.pl\/blog\/wzrostowa-skutecznosc-dzialania-urzedow-pracy\/#primaryimage\",\"inLanguage\":\"pl-PL\",\"url\":\"https:\/\/szukampracy.pl\/blog\/wp-content\/uploads\/2020\/06\/covid.jpg\",\"contentUrl\":\"https:\/\/szukampracy.pl\/blog\/wp-content\/uploads\/2020\/06\/covid.jpg\",\"width\":1024,\"height\":696},{\"@type\":\"WebPage\",\"@id\":\"https:\/\/szukampracy.pl\/blog\/wzrostowa-skutecznosc-dzialania-urzedow-pracy\/#webpage\",\"url\":\"https:\/\/szukampracy.pl\/blog\/wzrostowa-skutecznosc-dzialania-urzedow-pracy\/\",\"name\":\"Wzrostowa skuteczno\\u015b\\u0107 dzia\\u0142ania urz\\u0119d\\u00f3w pracy - Artyku\\u0142y dla Szukaj\\u0105cych pracy\",\"isPartOf\":{\"@id\":\"https:\/\/szukampracy.pl\/blog\/#website\"},\"primaryImageOfPage\":{\"@id\":\"https:\/\/szukampracy.pl\/blog\/wzrostowa-skutecznosc-dzialania-urzedow-pracy\/#primaryimage\"},\"datePublished\":\"2020-06-29T07:57:32+00:00\",\"dateModified\":\"2020-06-26T19:57:47+00:00\",\"description\":\"Nowy artyku\\u0142 Wzrostowa skuteczno\\u015b\\u0107 dzia\\u0142ania urz\\u0119d\\u00f3w pracy na Blog Szukampracy.pl - Artyku\\u0142y o rynku pracy i HR dla pracodawcy . Czytaj wi\\u0119cej na blogu Szukampracy.pl!\",\"breadcrumb\":{\"@id\":\"https:\/\/szukampracy.pl\/blog\/wzrostowa-skutecznosc-dzialania-urzedow-pracy\/#breadcrumb\"},\"inLanguage\":\"pl-PL\",\"potentialAction\":[{\"@type\":\"ReadAction\",\"target\":[\"https:\/\/szukampracy.pl\/blog\/wzrostowa-skutecznosc-dzialania-urzedow-pracy\/\"]}]},{\"@type\":\"BreadcrumbList\",\"@id\":\"https:\/\/szukampracy.pl\/blog\/wzrostowa-skutecznosc-dzialania-urzedow-pracy\/#breadcrumb\",\"itemListElement\":[{\"@type\":\"ListItem\",\"position\":1,\"name\":\"Blog\",\"item\":\"https:\/\/szukampracy.pl\/blog\/\"},{\"@type\":\"ListItem\",\"position\":2,\"name\":\"Z rynku pracy\",\"item\":\"https:\/\/szukampracy.pl\/blog\/z-rynku-pracy\/\"},{\"@type\":\"ListItem\",\"position\":3,\"name\":\"Wzrostowa skuteczno\\u015b\\u0107 dzia\\u0142ania urz\\u0119d\\u00f3w pracy\"}]},{\"@type\":\"Article\",\"@id\":\"https:\/\/szukampracy.pl\/blog\/wzrostowa-skutecznosc-dzialania-urzedow-pracy\/#article\",\"isPartOf\":{\"@id\":\"https:\/\/szukampracy.pl\/blog\/wzrostowa-skutecznosc-dzialania-urzedow-pracy\/#webpage\"},\"author\":{\"@id\":\"https:\/\/szukampracy.pl\/blog\/#\/schema\/person\/3952d4bf69b606b39399e9e649ef2394\"},\"headline\":\"Wzrostowa skuteczno\\u015b\\u0107 dzia\\u0142ania urz\\u0119d\\u00f3w pracy\",\"datePublished\":\"2020-06-29T07:57:32+00:00\",\"dateModified\":\"2020-06-26T19:57:47+00:00\",\"mainEntityOfPage\":{\"@id\":\"https:\/\/szukampracy.pl\/blog\/wzrostowa-skutecznosc-dzialania-urzedow-pracy\/#webpage\"},\"wordCount\":1016,\"commentCount\":0,\"publisher\":{\"@id\":\"https:\/\/szukampracy.pl\/blog\/#organization\"},\"image\":{\"@id\":\"https:\/\/szukampracy.pl\/blog\/wzrostowa-skutecznosc-dzialania-urzedow-pracy\/#primaryimage\"},\"thumbnailUrl\":\"https:\/\/szukampracy.pl\/blog\/wp-content\/uploads\/2020\/06\/covid.jpg\",\"keywords\":[\"covid\",\"koronawirus\",\"pandemia\"],\"articleSection\":[\"Z rynku pracy\"],\"inLanguage\":\"pl-PL\",\"potentialAction\":[{\"@type\":\"CommentAction\",\"name\":\"Comment\",\"target\":[\"https:\/\/szukampracy.pl\/blog\/wzrostowa-skutecznosc-dzialania-urzedow-pracy\/#respond\"]}]},{\"@type\":\"Person\",\"@id\":\"https:\/\/szukampracy.pl\/blog\/#\/schema\/person\/3952d4bf69b606b39399e9e649ef2394\",\"name\":\"Ekspert \\u0141ukasz\",\"image\":{\"@type\":\"ImageObject\",\"@id\":\"https:\/\/szukampracy.pl\/blog\/#personlogo\",\"inLanguage\":\"pl-PL\",\"url\":\"https:\/\/secure.gravatar.com\/avatar\/7733c11b2e55f533f1cae76b6c86129d?s=96&d=mm&r=g\",\"contentUrl\":\"https:\/\/secure.gravatar.com\/avatar\/7733c11b2e55f533f1cae76b6c86129d?s=96&d=mm&r=g\",\"caption\":\"Ekspert \\u0141ukasz\"},\"description\":\"Ekspert \\u0141ukasz swoje wieloletnie do\\u015bwiadczenie na rynku pracy postanowi\\u0142 przekaza\\u0107 tak\\u017ce na naszym blogu. Jego artyku\\u0142y dotycz\\u0105 aktualnych zmian gospodarczych a tak\\u017ce tych na rynku pracy. Z ch\\u0119cia udzieli porad pracodawc\\u0105, kt\\u00f3rzy pr\\u0119\\u017cnie rozwijaj\\u0105 swoje firmy.\"}]}<\/script>\n<!-- \/ Yoast SEO plugin. -->","yoast_head_json":{"title":"Wzrostowa skuteczno\u015b\u0107 dzia\u0142ania urz\u0119d\u00f3w pracy - Artyku\u0142y dla Szukaj\u0105cych pracy","description":"Nowy artyku\u0142 Wzrostowa skuteczno\u015b\u0107 dzia\u0142ania urz\u0119d\u00f3w pracy na Blog Szukampracy.pl - Artyku\u0142y o rynku pracy i HR dla pracodawcy . Czytaj wi\u0119cej na blogu Szukampracy.pl!","robots":{"index":"index","follow":"follow","max-snippet":"max-snippet:-1","max-image-preview":"max-image-preview:large","max-video-preview":"max-video-preview:-1"},"canonical":"https:\/\/szukampracy.pl\/blog\/wzrostowa-skutecznosc-dzialania-urzedow-pracy\/","og_locale":"pl_PL","og_type":"article","og_title":"Wzrostowa skuteczno\u015b\u0107 dzia\u0142ania urz\u0119d\u00f3w pracy - Artyku\u0142y dla Szukaj\u0105cych pracy","og_description":"Nowy artyku\u0142 Wzrostowa skuteczno\u015b\u0107 dzia\u0142ania urz\u0119d\u00f3w pracy na Blog Szukampracy.pl - Artyku\u0142y o rynku pracy i HR dla pracodawcy . Czytaj wi\u0119cej na blogu Szukampracy.pl!","og_url":"https:\/\/szukampracy.pl\/blog\/wzrostowa-skutecznosc-dzialania-urzedow-pracy\/","og_site_name":"Blog Szukampracy.pl - Artyku\u0142y o rynku pracy i HR dla pracodawcy","article_publisher":"https:\/\/www.facebook.com\/portalszukampracy\/","article_published_time":"2020-06-29T07:57:32+00:00","article_modified_time":"2020-06-26T19:57:47+00:00","og_image":[{"width":1024,"height":696,"url":"https:\/\/szukampracy.pl\/blog\/wp-content\/uploads\/2020\/06\/covid.jpg","path":"\/home\/szukamprac\/domains\/szukampracy.pl\/public_html\/blog\/wp-content\/uploads\/2020\/06\/covid.jpg","size":"full","id":2996,"alt":"","pixels":712704,"type":"image\/jpeg"}],"twitter_card":"summary","twitter_creator":"@SzukamPracyPl","twitter_site":"@SzukamPracyPl","twitter_misc":{"Written by":"Ekspert \u0141ukasz","Est. reading time":"5 minut"},"schema":{"@context":"https:\/\/schema.org","@graph":[{"@type":"Organization","@id":"https:\/\/szukampracy.pl\/blog\/#organization","name":"Szukampracy.pl","url":"https:\/\/szukampracy.pl\/blog\/","sameAs":["https:\/\/www.facebook.com\/portalszukampracy\/","https:\/\/www.linkedin.com\/company\/szukampracy-pl","https:\/\/www.youtube.com\/channel\/UCmY56pXKURtawvJjwIvU2YQ","https:\/\/twitter.com\/SzukamPracyPl"],"logo":{"@type":"ImageObject","@id":"https:\/\/szukampracy.pl\/blog\/#logo","inLanguage":"pl-PL","url":"https:\/\/szukampracy.pl\/blog\/wp-content\/uploads\/2017\/08\/logo-1.png","contentUrl":"https:\/\/szukampracy.pl\/blog\/wp-content\/uploads\/2017\/08\/logo-1.png","width":240,"height":33,"caption":"Szukampracy.pl"},"image":{"@id":"https:\/\/szukampracy.pl\/blog\/#logo"}},{"@type":"WebSite","@id":"https:\/\/szukampracy.pl\/blog\/#website","url":"https:\/\/szukampracy.pl\/blog\/","name":"Blog Szukampracy.pl - Artyku\u0142y o rynku pracy i HR dla pracodawcy","description":"Nasz blog powsta\u0142 z my\u015bl\u0105 o Pracodawcach, Pracownikach i Kandydatach b\u0119d\u0105cych na etapie zapoznawania si\u0119 z og\u0142oszeniami o prac\u0119. Mo\u017cna u nas znale\u017a\u0107 artyku\u0142y o rynku pracy, z dziedziny HR, zarz\u0105dzania, ofert pracy za granic\u0105 oraz inne ciekawostki. Nie wahaj si\u0119 nas odwiedzi\u0107","publisher":{"@id":"https:\/\/szukampracy.pl\/blog\/#organization"},"potentialAction":[{"@type":"SearchAction","target":{"@type":"EntryPoint","urlTemplate":"https:\/\/szukampracy.pl\/blog\/?s={search_term_string}"},"query-input":"required name=search_term_string"}],"inLanguage":"pl-PL"},{"@type":"ImageObject","@id":"https:\/\/szukampracy.pl\/blog\/wzrostowa-skutecznosc-dzialania-urzedow-pracy\/#primaryimage","inLanguage":"pl-PL","url":"https:\/\/szukampracy.pl\/blog\/wp-content\/uploads\/2020\/06\/covid.jpg","contentUrl":"https:\/\/szukampracy.pl\/blog\/wp-content\/uploads\/2020\/06\/covid.jpg","width":1024,"height":696},{"@type":"WebPage","@id":"https:\/\/szukampracy.pl\/blog\/wzrostowa-skutecznosc-dzialania-urzedow-pracy\/#webpage","url":"https:\/\/szukampracy.pl\/blog\/wzrostowa-skutecznosc-dzialania-urzedow-pracy\/","name":"Wzrostowa skuteczno\u015b\u0107 dzia\u0142ania urz\u0119d\u00f3w pracy - Artyku\u0142y dla Szukaj\u0105cych pracy","isPartOf":{"@id":"https:\/\/szukampracy.pl\/blog\/#website"},"primaryImageOfPage":{"@id":"https:\/\/szukampracy.pl\/blog\/wzrostowa-skutecznosc-dzialania-urzedow-pracy\/#primaryimage"},"datePublished":"2020-06-29T07:57:32+00:00","dateModified":"2020-06-26T19:57:47+00:00","description":"Nowy artyku\u0142 Wzrostowa skuteczno\u015b\u0107 dzia\u0142ania urz\u0119d\u00f3w pracy na Blog Szukampracy.pl - Artyku\u0142y o rynku pracy i HR dla pracodawcy . Czytaj wi\u0119cej na blogu Szukampracy.pl!","breadcrumb":{"@id":"https:\/\/szukampracy.pl\/blog\/wzrostowa-skutecznosc-dzialania-urzedow-pracy\/#breadcrumb"},"inLanguage":"pl-PL","potentialAction":[{"@type":"ReadAction","target":["https:\/\/szukampracy.pl\/blog\/wzrostowa-skutecznosc-dzialania-urzedow-pracy\/"]}]},{"@type":"BreadcrumbList","@id":"https:\/\/szukampracy.pl\/blog\/wzrostowa-skutecznosc-dzialania-urzedow-pracy\/#breadcrumb","itemListElement":[{"@type":"ListItem","position":1,"name":"Blog","item":"https:\/\/szukampracy.pl\/blog\/"},{"@type":"ListItem","position":2,"name":"Z rynku pracy","item":"https:\/\/szukampracy.pl\/blog\/z-rynku-pracy\/"},{"@type":"ListItem","position":3,"name":"Wzrostowa skuteczno\u015b\u0107 dzia\u0142ania urz\u0119d\u00f3w pracy"}]},{"@type":"Article","@id":"https:\/\/szukampracy.pl\/blog\/wzrostowa-skutecznosc-dzialania-urzedow-pracy\/#article","isPartOf":{"@id":"https:\/\/szukampracy.pl\/blog\/wzrostowa-skutecznosc-dzialania-urzedow-pracy\/#webpage"},"author":{"@id":"https:\/\/szukampracy.pl\/blog\/#\/schema\/person\/3952d4bf69b606b39399e9e649ef2394"},"headline":"Wzrostowa skuteczno\u015b\u0107 dzia\u0142ania urz\u0119d\u00f3w pracy","datePublished":"2020-06-29T07:57:32+00:00","dateModified":"2020-06-26T19:57:47+00:00","mainEntityOfPage":{"@id":"https:\/\/szukampracy.pl\/blog\/wzrostowa-skutecznosc-dzialania-urzedow-pracy\/#webpage"},"wordCount":1016,"commentCount":0,"publisher":{"@id":"https:\/\/szukampracy.pl\/blog\/#organization"},"image":{"@id":"https:\/\/szukampracy.pl\/blog\/wzrostowa-skutecznosc-dzialania-urzedow-pracy\/#primaryimage"},"thumbnailUrl":"https:\/\/szukampracy.pl\/blog\/wp-content\/uploads\/2020\/06\/covid.jpg","keywords":["covid","koronawirus","pandemia"],"articleSection":["Z rynku pracy"],"inLanguage":"pl-PL","potentialAction":[{"@type":"CommentAction","name":"Comment","target":["https:\/\/szukampracy.pl\/blog\/wzrostowa-skutecznosc-dzialania-urzedow-pracy\/#respond"]}]},{"@type":"Person","@id":"https:\/\/szukampracy.pl\/blog\/#\/schema\/person\/3952d4bf69b606b39399e9e649ef2394","name":"Ekspert \u0141ukasz","image":{"@type":"ImageObject","@id":"https:\/\/szukampracy.pl\/blog\/#personlogo","inLanguage":"pl-PL","url":"https:\/\/secure.gravatar.com\/avatar\/7733c11b2e55f533f1cae76b6c86129d?s=96&d=mm&r=g","contentUrl":"https:\/\/secure.gravatar.com\/avatar\/7733c11b2e55f533f1cae76b6c86129d?s=96&d=mm&r=g","caption":"Ekspert \u0141ukasz"},"description":"Ekspert \u0141ukasz swoje wieloletnie do\u015bwiadczenie na rynku pracy postanowi\u0142 przekaza\u0107 tak\u017ce na naszym blogu. Jego artyku\u0142y dotycz\u0105 aktualnych zmian gospodarczych a tak\u017ce tych na rynku pracy. Z ch\u0119cia udzieli porad pracodawc\u0105, kt\u00f3rzy pr\u0119\u017cnie rozwijaj\u0105 swoje firmy."}]}},"fimg_url":"https:\/\/szukampracy.pl\/blog\/wp-content\/uploads\/2020\/06\/covid.jpg","amp_enabled":true,"_links":{"self":[{"href":"https:\/\/szukampracy.pl\/blog\/wp-json\/wp\/v2\/posts\/2995"}],"collection":[{"href":"https:\/\/szukampracy.pl\/blog\/wp-json\/wp\/v2\/posts"}],"about":[{"href":"https:\/\/szukampracy.pl\/blog\/wp-json\/wp\/v2\/types\/post"}],"author":[{"embeddable":true,"href":"https:\/\/szukampracy.pl\/blog\/wp-json\/wp\/v2\/users\/3"}],"replies":[{"embeddable":true,"href":"https:\/\/szukampracy.pl\/blog\/wp-json\/wp\/v2\/comments?post=2995"}],"version-history":[{"count":0,"href":"https:\/\/szukampracy.pl\/blog\/wp-json\/wp\/v2\/posts\/2995\/revisions"}],"wp:featuredmedia":[{"embeddable":true,"href":"https:\/\/szukampracy.pl\/blog\/wp-json\/wp\/v2\/media\/2996"}],"wp:attachment":[{"href":"https:\/\/szukampracy.pl\/blog\/wp-json\/wp\/v2\/media?parent=2995"}],"wp:term":[{"taxonomy":"category","embeddable":true,"href":"https:\/\/szukampracy.pl\/blog\/wp-json\/wp\/v2\/categories?post=2995"},{"taxonomy":"post_tag","embeddable":true,"href":"https:\/\/szukampracy.pl\/blog\/wp-json\/wp\/v2\/tags?post=2995"}],"curies":[{"name":"wp","href":"https:\/\/api.w.org\/{rel}","templated":true}]}}