{"id":2820,"date":"2020-05-09T11:02:06","date_gmt":"2020-05-09T11:02:06","guid":{"rendered":"https:\/\/szukampracy.pl\/blog\/?p=2820"},"modified":"2020-05-08T15:04:24","modified_gmt":"2020-05-08T15:04:24","slug":"pracownicy-sezonowi-poszukiwani","status":"publish","type":"post","link":"https:\/\/szukampracy.pl\/blog\/pracownicy-sezonowi-poszukiwani\/","title":{"rendered":"Pracownicy sezonowi poszukiwani"},"content":{"rendered":"\n<p>Obecna pora roku to czas, gdy\nzaczyna by\u0107 coraz wi\u0119cej ofert pracy dla pracownik\u00f3w sezonowych. Szczeg\u00f3lnie\njest to widoczne w bran\u017cy rolniczej, gdzie praca sezonowa jest szczeg\u00f3lnie\nistotna. W ostatnich latach sytuacj\u0119 w tym wzgl\u0119dzie ratowali przede wszystkim\ncudzoziemcy, jednak w wyniku panuj\u0105cej epidemii w tym roku b\u0119d\u0105 z tym du\u017ce\nproblemy.<\/p>\n\n\n\n<h3 class=\"wp-block-heading\"><span class=\"ez-toc-section\" id=\"Co_obecnie_jest_najwiekszym_hamulcem_w_zatrudnianiu_pracownikow_sezonowych\"><\/span><strong>Co obecnie jest najwi\u0119kszym\nhamulcem w zatrudnianiu pracownik\u00f3w sezonowych?<\/strong><span class=\"ez-toc-section-end\"><\/span><\/h3>\n\n\n\n<p>Generalnie pandemia koronawirusa\ni obowi\u0105zuj\u0105ce obostrzenia w przemieszczaniu si\u0119 ludzi s\u0105 du\u017cym utrudnieniem\ndla producent\u00f3w rolnych z ca\u0142ej Europy. W Polsce najwi\u0119ksze problemy wyst\u0105pi\u0105 w\nczerwcu, jednak producenci rolni ju\u017c dzi\u015b apeluj\u0105 o rz\u0105dow\u0105 pomoc w tym\nzakresie.<\/p>\n\n\n\n<p>Jednym z powa\u017cniejszych problem\u00f3w\nprzy zatrudnianiu pracownik\u00f3w sezonowych z zagranicy jest obowi\u0105zkowa\nkwarantanna. Co prawda od dnia 4 maja 2020 roku obowi\u0105zuje rozporz\u0105dzenie,\nkt\u00f3re znosi obowi\u0105zek jej odbycia dla pracownik\u00f3w przekraczaj\u0105cych granic\u0119,\njednak dotyczy tyko strefy Schengen, a nie zewn\u0119trznych granic Unii\nEuropejskiej (UE).<\/p>\n\n\n\n<p>Pocz\u0105tkowo projekt rozporz\u0105dzenia\nuwzgl\u0119dnia\u0142 wszystkie granice Polski, co oznacza\u0142oby mo\u017cliwo\u015b\u0107 swobodnego\nprzyjazdu pracownik\u00f3w z Bia\u0142orusi czy te\u017c Ukrainy, jednak zosta\u0142 on zmieniony i\ndotyczy tylko strefy Schengen.<\/p>\n\n\n\n<p>Zdaniem Andrzeja Przepi\u00f3ry z\nWielkopolskiej Izby Rolniczej, obecnie rolnikom najbardziej brakuje wytycznych\no tym co mieliby uczyni\u0107, by zgodnie z przepisami sprowadzi\u0107 pracownik\u00f3w\nsezonowych spoza UE. Nie wiadomo bowiem czy w czasie obowi\u0105zkowej kwarantanny\npracownicy mogliby wychodzi\u0107 na pola i jak im zorganizowa\u0107 miejsce pobytu.\nProducenci rolni obawiaj\u0105 si\u0119 te\u017c, i\u017c dwutygodniowy przest\u00f3j skutecznie\nodstraszy potencjalnych pracownik\u00f3w.<\/p>\n\n\n\n<h3 class=\"wp-block-heading\"><span class=\"ez-toc-section\" id=\"A_jak_inne_kraje_radza_sobie_z_problemem_pracownikow_sezonowych\"><\/span><strong>A jak inne kraje radz\u0105 sobie z\nproblemem pracownik\u00f3w sezonowych?<\/strong><span class=\"ez-toc-section-end\"><\/span><\/h3>\n\n\n\n<p>Na poluzowanie obostrze\u0144 w tym\nzakresie zdecydowali si\u0119 mi\u0119dzy innymi Niemcy. Ciekawym rozwi\u0105zaniem jest tu\npomys\u0142 realizowany w poszczeg\u00f3lnych landach, jak chocia\u017cby\nBadenii-Wirtembergii. Ot\u00f3\u017c tam umo\u017cliwia si\u0119 podj\u0119cie pracy pracownikom\nsezonowym natychmiast po przybyciu, pod warunkiem wszak\u017ce, i\u017c przez pierwsze 14\ndni zar\u00f3wno oni, jak i pracodawcy, przestrzega\u0107 b\u0119d\u0105 szczeg\u00f3lnych \u015brodk\u00f3w\nhigieny oraz ostro\u017cno\u015bci. <\/p>\n\n\n\n<p>Zdaniem mecenas Justyny\nMatuszak-Le\u015bny z Kancelarii esb Adwokaci i Radcowie Prawni to dobre rozwi\u0105zanie.\nW ramach tych szczeg\u00f3lnych wymog\u00f3w ograniczono takim pracownikom mo\u017cliwo\u015b\u0107\nkontaktu z osobami spoza ich grupy roboczej, a prawo przemieszczania si\u0119 dotyczy\nwy\u0142\u0105cznie transportu do miejsca wykonywania pracy.<\/p>\n\n\n\n<h3 class=\"wp-block-heading\"><span class=\"ez-toc-section\" id=\"Co_jeszcze_stanowi_problem_zdaniem_polskich_producentow_rolnych\"><\/span><strong>Co jeszcze stanowi problem,\nzdaniem polskich producent\u00f3w rolnych?<\/strong><span class=\"ez-toc-section-end\"><\/span><\/h3>\n\n\n\n<p>Ot\u00f3\u017c przeszkod\u0105 w zatrudnianiu\ncudzoziemc\u00f3w s\u0105 te\u017c problemy z uzyskaniem dokument\u00f3w w polskich konsulatach na\nUkrainie. O odblokowanie procedur w tym zakresie zwr\u00f3ci\u0142 si\u0119 kilka dni temu\nminister rolnictwa Jan Ardanowski do Ministerstwa Spraw Zagranicznych (MSZ). Z\nkolei zdaniem MSZ problemem nie s\u0105 polskie plac\u00f3wki konsularne, gdy\u017c te\ndzia\u0142aj\u0105 ca\u0142y czas, lecz agencje po\u015brednicz\u0105ce w za\u0142atwianiu dokument\u00f3w, kt\u00f3re\nz powodu obostrze\u0144 na\u0142o\u017conych przez rz\u0105d ukrai\u0144ski maj\u0105 przest\u00f3j w swej dzia\u0142alno\u015bci.\nZdaniem urz\u0119dnik\u00f3w MSZ czynione jest wszystko, by przepustowo\u015b\u0107 by\u0142a jak\nnajwi\u0119ksza, jednak\u017ce przeszkod\u0105 s\u0105 trudno\u015bci wynikaj\u0105ce z ukrai\u0144skiego prawa.<\/p>\n\n\n\n<h3 class=\"wp-block-heading\"><span class=\"ez-toc-section\" id=\"Czego_zatem_oczekiwac_mozna_w_kontekscie_polskich_producentow_i_zbiorow_plodow_rolnych\"><\/span><strong>Czego zatem oczekiwa\u0107 mo\u017cna w\nkontek\u015bcie polskich producent\u00f3w i zbior\u00f3w p\u0142od\u00f3w rolnych?<\/strong><span class=\"ez-toc-section-end\"><\/span><\/h3>\n\n\n\n<p>Ot\u00f3\u017c rozw\u00f3j sytuacji trudno w tym\ntemacie dzi\u015b ocenia\u0107. Z jednej strony bowiem na chwil\u0119 obecn\u0105 pracownik\u00f3w\nsezonowych jeszcze nie brakuje, gdy\u017c wielu Ukrai\u0144c\u00f3w zatrudnionych do tej pory\nprzy prostych pracach w polskich przedsi\u0119biorstwach straci\u0142o prac\u0119 po zamro\u017ceniu\ngospodarki. St\u0105d te\u017c b\u0119d\u0105c ju\u017c w Polsce staj\u0105 si\u0119 baz\u0105 pracownik\u00f3w sezonowych\ndla polskich producent\u00f3w rolnych. <\/p>\n\n\n\n<p>Jednak\u017ce oczekiwa\u0107 te\u017c nale\u017cy, i\u017c\npracy na polach przybywa z ka\u017cdym dniem, wi\u0119c sytuacja mo\u017ce si\u0119 zmieni\u0107 szybko\nna niekorzystn\u0105. Tym bardziej, i\u017c spodziewa\u0107 si\u0119 nale\u017cy ruszania gospodarki\npe\u0142n\u0105 par\u0105 wraz ze zniesieniem obostrze\u0144 gospodarczych, jak i pe\u0142ni sezonu\nzbior\u00f3w na polach.<\/p>\n\n\n\n<p>Generalnie problemy z wizami w\npolskich plac\u00f3wkach na Ukrainie widoczne by\u0142y ju\u017c na pocz\u0105tku roku. Wi\u0105za\u0142o si\u0119\nto z faktem, i\u017c op\u0142ata za pozwolenie na wjazd do UE jest w polskich plac\u00f3wkach\nta\u0144sza ni\u017c w przypadku przedstawicielstw innych kraj\u00f3w unijnych. St\u0105d te\u017c osoby\nplanuj\u0105ce emigracj\u0119 zarobkow\u0105 do UE cz\u0119sto korzysta\u0142y z polskich konsulat\u00f3w,\ncho\u0107 niekoniecznie docelowo pozostawa\u0142y w Polsce. <\/p>\n\n\n\n<h3 class=\"wp-block-heading\"><span class=\"ez-toc-section\" id=\"A_jak_UE_odnosi_sie_do_pracownikow_sezonowych_w_dobie_panujacej_epidemii\"><\/span><strong>A jak UE odnosi si\u0119 do\npracownik\u00f3w sezonowych w dobie panuj\u0105cej epidemii?<\/strong><span class=\"ez-toc-section-end\"><\/span><\/h3>\n\n\n\n<p>Ot\u00f3\u017c Komisja Europejska\nzdecydowanie zaleca wyj\u0105tkowe traktowanie pracownik\u00f3w sezonowych. Zaleci\u0142a ona\nkrajom cz\u0142onkowskim wprowadzenie specjalnych procedur zapewniaj\u0105cych swobodny\nprzep\u0142yw ludzi. <\/p>\n\n\n\n<p>Dla pracownik\u00f3w sezonowych du\u017cym\nproblemem jest obecnie samo dotarcie do miejsca pracy. Przyk\u0142adowo Niemcy\nuruchomili loty czarterowe dla pozyskania rumu\u0144skich pracownik\u00f3w. Jeszcze przed\nWielkanoc\u0105 rz\u0105d Niemiec wys\u0142a\u0142 do Rumunii maszyny Lufthansy, sprowadzaj\u0105c\nblisko 2 tysi\u0105ce pracownik\u00f3w.<\/p>\n\n\n\n<p>Ukrai\u0144cy maj\u0105 z kolei bli\u017cej do\nPolski, jednak nie jest to zbytnim u\u0142atwieniem. Jak twierdzi Andrzej Przepi\u00f3ra,\ngranic\u0119 polsko-ukrai\u0144sk\u0105 przekroczy\u0107 mo\u017cna jedynie samochodem osobowym, a\nwi\u0119kszo\u015b\u0107 ukrai\u0144skich pracownik\u00f3w sezonowych (w tym w g\u0142\u00f3wnej mierze\nnauczyciele i studenci) z tej formy nie korzysta. <\/p>\n\n\n\n<h3 class=\"wp-block-heading\"><span class=\"ez-toc-section\" id=\"Czego_nalezy_zatem_oczekiwac_w_najblizszym_czasie_w_tym_wzgledzie\"><\/span><strong>Czego nale\u017cy zatem oczekiwa\u0107 w\nnajbli\u017cszym czasie w tym wzgl\u0119dzie?<\/strong><span class=\"ez-toc-section-end\"><\/span><\/h3>\n\n\n\n<p>Ot\u00f3\u017c w rekrutowaniu ukrai\u0144skich\npracownik\u00f3w sezonowych chce po\u015bredniczy\u0107 ukrai\u0144ski rz\u0105d, b\u0119d\u0105c gotowym do\nwsp\u00f3\u0142pracy przy organizowaniu lot\u00f3w czarterowych. Wicepremier tego\u017c rz\u0105du Wadym\nPrystajko rozmawia\u0142 ju\u017c na ten temat z rz\u0105dami Austrii, Izraela i Finlandii, a\nrozmowy z polskim rz\u0105dem s\u0105 oczekiwane. <\/p>\n\n\n\n<p>Z kolei Brytyjczycy, z powodu\nbraku obcokrajowc\u00f3w, rozpocz\u0119li poszukiwania pracownik\u00f3w dla tamtejszego\nrolnictwa wewn\u0105trz kraju. Wraz z organizacjami trzeciego sektora (zajmuj\u0105cymi\nsi\u0119 kwesti\u0105 zatrudnienia) rozpocz\u0119li kampani\u0119 Feed The Nation (FTN, czyli \u201eNakarmi\u0107\nNar\u00f3d\u201d). Jest to o tyle istotne, i\u017c z danych na pocz\u0105tek maja, po tygodniu\ntrwania sezonu szparagowego na wyspach wynika, i\u017c brakuje od 70 do 90 tysi\u0119cy\npracownik\u00f3w.<\/p>\n\n\n\n<p>W tym momencie pracodawcy chc\u0105\nzach\u0119ci\u0107 pracownik\u00f3w zamro\u017conych bran\u017c gospodarki do podj\u0119cia pracy w\nrolnictwie. Jednak od razu przestrzegaj\u0105, i\u017c taka praca do naj\u0142atwiejszych nie\nnale\u017cy. Na stronach internetowych kampanii FTN mo\u017cna przeczyta\u0107:<\/p>\n\n\n\n<p>\u201ePraca na farmach mo\u017ce by\u0107 ci\u0119\u017cka\n\u2013 d\u0142ugie godziny pracy, wczesny start, czasami w ci\u0119\u017ckich warunkach pogodowych.\nB\u0119dziesz otrzymywa\u0142 co najmniej minimaln\u0105 p\u0142ac\u0119, a wiele gospodarstw p\u0142aci\nminimaln\u0105 stawk\u0119 godzinow\u0105, a wi\u0119cej mo\u017ce zap\u0142aci\u0107, w zale\u017cno\u015bci od tego, ile\nowoc\u00f3w i warzy zbierzesz i jak\u0105 rol\u0119 pe\u0142nisz w gospodarstwie.\u201d<\/p>\n\n\n\n<p>Podsumowuj\u0105c, stan epidemii\ndotyka nade wszystko gospodark\u0119, zatem tak\u017ce i rynek pracy. Tym samym nie\nominie producent\u00f3w rolnych, kt\u00f3rzy w\u0142a\u015bnie od teraz notuj\u0105 coraz wi\u0119ksze\nzapotrzebowanie na pracownik\u00f3w sezonowych. Nie bez znaczenia jest te\u017c fakt, i\u017c\npolskie rolnictwo ma bardzo du\u017cy potencja\u0142, st\u0105d te\u017c i spore zainteresowanie na\nprac\u0119 sezonow\u0105. Przyda\u0142oby si\u0119 w tym wzgl\u0119dzie wprowadzenie pewnych regulacji i\nsensownych wytycznych postepowania, by pom\u00f3c rolnikom zebra\u0107 plony, a tym samym\nzadba\u0107 o bezpiecze\u0144stwo \u017cywno\u015bciowe Polski. <\/p>\n","protected":false},"excerpt":{"rendered":"<p>Obecna pora roku to czas, gdy zaczyna by\u0107 coraz wi\u0119cej ofert pracy dla pracownik\u00f3w sezonowych. Szczeg\u00f3lnie jest to widoczne w<\/p>\n","protected":false},"author":3,"featured_media":2821,"comment_status":"open","ping_status":"open","sticky":false,"template":"","format":"standard","meta":{"footnotes":""},"categories":[3,8],"tags":[786,1082],"yoast_head":"<!-- This site is optimized with the Yoast SEO plugin v16.7 - https:\/\/yoast.com\/wordpress\/plugins\/seo\/ -->\n<title>Pracownicy sezonowi poszukiwani - Artyku\u0142y dla Szukaj\u0105cych pracy<\/title>\n<meta name=\"description\" content=\"Nowy artyku\u0142 Pracownicy sezonowi poszukiwani na Blog Szukampracy.pl - Artyku\u0142y o rynku pracy i HR dla pracodawcy . Czytaj wi\u0119cej na blogu Szukampracy.pl!\" \/>\n<meta name=\"robots\" content=\"index, follow, max-snippet:-1, max-image-preview:large, max-video-preview:-1\" \/>\n<link rel=\"canonical\" href=\"https:\/\/szukampracy.pl\/blog\/pracownicy-sezonowi-poszukiwani\/\" \/>\n<meta property=\"og:locale\" content=\"pl_PL\" \/>\n<meta property=\"og:type\" content=\"article\" \/>\n<meta property=\"og:title\" content=\"Pracownicy sezonowi poszukiwani - Artyku\u0142y dla Szukaj\u0105cych pracy\" \/>\n<meta property=\"og:description\" content=\"Nowy artyku\u0142 Pracownicy sezonowi poszukiwani na Blog Szukampracy.pl - Artyku\u0142y o rynku pracy i HR dla pracodawcy . Czytaj wi\u0119cej na blogu Szukampracy.pl!\" \/>\n<meta property=\"og:url\" content=\"https:\/\/szukampracy.pl\/blog\/pracownicy-sezonowi-poszukiwani\/\" \/>\n<meta property=\"og:site_name\" content=\"Blog Szukampracy.pl - Artyku\u0142y o rynku pracy i HR dla pracodawcy\" \/>\n<meta property=\"article:publisher\" content=\"https:\/\/www.facebook.com\/portalszukampracy\/\" \/>\n<meta property=\"article:published_time\" content=\"2020-05-09T11:02:06+00:00\" \/>\n<meta property=\"article:modified_time\" content=\"2020-05-08T15:04:24+00:00\" \/>\n<meta property=\"og:image\" content=\"https:\/\/szukampracy.pl\/blog\/wp-content\/uploads\/2020\/05\/praca-sezonowa.jpg\" \/>\n\t<meta property=\"og:image:width\" content=\"1024\" \/>\n\t<meta property=\"og:image:height\" content=\"576\" \/>\n<meta name=\"twitter:card\" content=\"summary\" \/>\n<meta name=\"twitter:creator\" content=\"@SzukamPracyPl\" \/>\n<meta name=\"twitter:site\" content=\"@SzukamPracyPl\" \/>\n<meta name=\"twitter:label1\" content=\"Written by\" \/>\n\t<meta name=\"twitter:data1\" content=\"Ekspert \u0141ukasz\" \/>\n\t<meta name=\"twitter:label2\" content=\"Est. reading time\" \/>\n\t<meta name=\"twitter:data2\" content=\"6 minut\" \/>\n<script type=\"application\/ld+json\" class=\"yoast-schema-graph\">{\"@context\":\"https:\/\/schema.org\",\"@graph\":[{\"@type\":\"Organization\",\"@id\":\"https:\/\/szukampracy.pl\/blog\/#organization\",\"name\":\"Szukampracy.pl\",\"url\":\"https:\/\/szukampracy.pl\/blog\/\",\"sameAs\":[\"https:\/\/www.facebook.com\/portalszukampracy\/\",\"https:\/\/www.linkedin.com\/company\/szukampracy-pl\",\"https:\/\/www.youtube.com\/channel\/UCmY56pXKURtawvJjwIvU2YQ\",\"https:\/\/twitter.com\/SzukamPracyPl\"],\"logo\":{\"@type\":\"ImageObject\",\"@id\":\"https:\/\/szukampracy.pl\/blog\/#logo\",\"inLanguage\":\"pl-PL\",\"url\":\"https:\/\/szukampracy.pl\/blog\/wp-content\/uploads\/2017\/08\/logo-1.png\",\"contentUrl\":\"https:\/\/szukampracy.pl\/blog\/wp-content\/uploads\/2017\/08\/logo-1.png\",\"width\":240,\"height\":33,\"caption\":\"Szukampracy.pl\"},\"image\":{\"@id\":\"https:\/\/szukampracy.pl\/blog\/#logo\"}},{\"@type\":\"WebSite\",\"@id\":\"https:\/\/szukampracy.pl\/blog\/#website\",\"url\":\"https:\/\/szukampracy.pl\/blog\/\",\"name\":\"Blog Szukampracy.pl - Artyku\\u0142y o rynku pracy i HR dla pracodawcy\",\"description\":\"Nasz blog powsta\\u0142 z my\\u015bl\\u0105 o Pracodawcach, Pracownikach i Kandydatach b\\u0119d\\u0105cych na etapie zapoznawania si\\u0119 z og\\u0142oszeniami o prac\\u0119. Mo\\u017cna u nas znale\\u017a\\u0107 artyku\\u0142y o rynku pracy, z dziedziny HR, zarz\\u0105dzania, ofert pracy za granic\\u0105 oraz inne ciekawostki. Nie wahaj si\\u0119 nas odwiedzi\\u0107\",\"publisher\":{\"@id\":\"https:\/\/szukampracy.pl\/blog\/#organization\"},\"potentialAction\":[{\"@type\":\"SearchAction\",\"target\":{\"@type\":\"EntryPoint\",\"urlTemplate\":\"https:\/\/szukampracy.pl\/blog\/?s={search_term_string}\"},\"query-input\":\"required name=search_term_string\"}],\"inLanguage\":\"pl-PL\"},{\"@type\":\"ImageObject\",\"@id\":\"https:\/\/szukampracy.pl\/blog\/pracownicy-sezonowi-poszukiwani\/#primaryimage\",\"inLanguage\":\"pl-PL\",\"url\":\"https:\/\/szukampracy.pl\/blog\/wp-content\/uploads\/2020\/05\/praca-sezonowa.jpg\",\"contentUrl\":\"https:\/\/szukampracy.pl\/blog\/wp-content\/uploads\/2020\/05\/praca-sezonowa.jpg\",\"width\":1024,\"height\":576},{\"@type\":\"WebPage\",\"@id\":\"https:\/\/szukampracy.pl\/blog\/pracownicy-sezonowi-poszukiwani\/#webpage\",\"url\":\"https:\/\/szukampracy.pl\/blog\/pracownicy-sezonowi-poszukiwani\/\",\"name\":\"Pracownicy sezonowi poszukiwani - Artyku\\u0142y dla Szukaj\\u0105cych pracy\",\"isPartOf\":{\"@id\":\"https:\/\/szukampracy.pl\/blog\/#website\"},\"primaryImageOfPage\":{\"@id\":\"https:\/\/szukampracy.pl\/blog\/pracownicy-sezonowi-poszukiwani\/#primaryimage\"},\"datePublished\":\"2020-05-09T11:02:06+00:00\",\"dateModified\":\"2020-05-08T15:04:24+00:00\",\"description\":\"Nowy artyku\\u0142 Pracownicy sezonowi poszukiwani na Blog Szukampracy.pl - Artyku\\u0142y o rynku pracy i HR dla pracodawcy . Czytaj wi\\u0119cej na blogu Szukampracy.pl!\",\"breadcrumb\":{\"@id\":\"https:\/\/szukampracy.pl\/blog\/pracownicy-sezonowi-poszukiwani\/#breadcrumb\"},\"inLanguage\":\"pl-PL\",\"potentialAction\":[{\"@type\":\"ReadAction\",\"target\":[\"https:\/\/szukampracy.pl\/blog\/pracownicy-sezonowi-poszukiwani\/\"]}]},{\"@type\":\"BreadcrumbList\",\"@id\":\"https:\/\/szukampracy.pl\/blog\/pracownicy-sezonowi-poszukiwani\/#breadcrumb\",\"itemListElement\":[{\"@type\":\"ListItem\",\"position\":1,\"name\":\"Blog\",\"item\":\"https:\/\/szukampracy.pl\/blog\/\"},{\"@type\":\"ListItem\",\"position\":2,\"name\":\"Najnowsze Artyku\\u0142y\",\"item\":\"https:\/\/szukampracy.pl\/blog\/najnowsze\/\"},{\"@type\":\"ListItem\",\"position\":3,\"name\":\"Pracownicy sezonowi poszukiwani\"}]},{\"@type\":\"Article\",\"@id\":\"https:\/\/szukampracy.pl\/blog\/pracownicy-sezonowi-poszukiwani\/#article\",\"isPartOf\":{\"@id\":\"https:\/\/szukampracy.pl\/blog\/pracownicy-sezonowi-poszukiwani\/#webpage\"},\"author\":{\"@id\":\"https:\/\/szukampracy.pl\/blog\/#\/schema\/person\/3952d4bf69b606b39399e9e649ef2394\"},\"headline\":\"Pracownicy sezonowi poszukiwani\",\"datePublished\":\"2020-05-09T11:02:06+00:00\",\"dateModified\":\"2020-05-08T15:04:24+00:00\",\"mainEntityOfPage\":{\"@id\":\"https:\/\/szukampracy.pl\/blog\/pracownicy-sezonowi-poszukiwani\/#webpage\"},\"wordCount\":1190,\"commentCount\":1,\"publisher\":{\"@id\":\"https:\/\/szukampracy.pl\/blog\/#organization\"},\"image\":{\"@id\":\"https:\/\/szukampracy.pl\/blog\/pracownicy-sezonowi-poszukiwani\/#primaryimage\"},\"thumbnailUrl\":\"https:\/\/szukampracy.pl\/blog\/wp-content\/uploads\/2020\/05\/praca-sezonowa.jpg\",\"keywords\":[\"koronawirus\",\"praca sezonowa\"],\"articleSection\":[\"Najnowsze Artyku\\u0142y\",\"Z rynku pracy\"],\"inLanguage\":\"pl-PL\",\"potentialAction\":[{\"@type\":\"CommentAction\",\"name\":\"Comment\",\"target\":[\"https:\/\/szukampracy.pl\/blog\/pracownicy-sezonowi-poszukiwani\/#respond\"]}]},{\"@type\":\"Person\",\"@id\":\"https:\/\/szukampracy.pl\/blog\/#\/schema\/person\/3952d4bf69b606b39399e9e649ef2394\",\"name\":\"Ekspert \\u0141ukasz\",\"image\":{\"@type\":\"ImageObject\",\"@id\":\"https:\/\/szukampracy.pl\/blog\/#personlogo\",\"inLanguage\":\"pl-PL\",\"url\":\"https:\/\/secure.gravatar.com\/avatar\/7733c11b2e55f533f1cae76b6c86129d?s=96&d=mm&r=g\",\"contentUrl\":\"https:\/\/secure.gravatar.com\/avatar\/7733c11b2e55f533f1cae76b6c86129d?s=96&d=mm&r=g\",\"caption\":\"Ekspert \\u0141ukasz\"},\"description\":\"Ekspert \\u0141ukasz swoje wieloletnie do\\u015bwiadczenie na rynku pracy postanowi\\u0142 przekaza\\u0107 tak\\u017ce na naszym blogu. Jego artyku\\u0142y dotycz\\u0105 aktualnych zmian gospodarczych a tak\\u017ce tych na rynku pracy. Z ch\\u0119cia udzieli porad pracodawc\\u0105, kt\\u00f3rzy pr\\u0119\\u017cnie rozwijaj\\u0105 swoje firmy.\"}]}<\/script>\n<!-- \/ Yoast SEO plugin. -->","yoast_head_json":{"title":"Pracownicy sezonowi poszukiwani - Artyku\u0142y dla Szukaj\u0105cych pracy","description":"Nowy artyku\u0142 Pracownicy sezonowi poszukiwani na Blog Szukampracy.pl - Artyku\u0142y o rynku pracy i HR dla pracodawcy . Czytaj wi\u0119cej na blogu Szukampracy.pl!","robots":{"index":"index","follow":"follow","max-snippet":"max-snippet:-1","max-image-preview":"max-image-preview:large","max-video-preview":"max-video-preview:-1"},"canonical":"https:\/\/szukampracy.pl\/blog\/pracownicy-sezonowi-poszukiwani\/","og_locale":"pl_PL","og_type":"article","og_title":"Pracownicy sezonowi poszukiwani - Artyku\u0142y dla Szukaj\u0105cych pracy","og_description":"Nowy artyku\u0142 Pracownicy sezonowi poszukiwani na Blog Szukampracy.pl - Artyku\u0142y o rynku pracy i HR dla pracodawcy . Czytaj wi\u0119cej na blogu Szukampracy.pl!","og_url":"https:\/\/szukampracy.pl\/blog\/pracownicy-sezonowi-poszukiwani\/","og_site_name":"Blog Szukampracy.pl - Artyku\u0142y o rynku pracy i HR dla pracodawcy","article_publisher":"https:\/\/www.facebook.com\/portalszukampracy\/","article_published_time":"2020-05-09T11:02:06+00:00","article_modified_time":"2020-05-08T15:04:24+00:00","og_image":[{"width":1024,"height":576,"url":"https:\/\/szukampracy.pl\/blog\/wp-content\/uploads\/2020\/05\/praca-sezonowa.jpg","path":"\/home\/szukamprac\/domains\/szukampracy.pl\/public_html\/blog\/wp-content\/uploads\/2020\/05\/praca-sezonowa.jpg","size":"full","id":2821,"alt":"","pixels":589824,"type":"image\/jpeg"}],"twitter_card":"summary","twitter_creator":"@SzukamPracyPl","twitter_site":"@SzukamPracyPl","twitter_misc":{"Written by":"Ekspert \u0141ukasz","Est. reading time":"6 minut"},"schema":{"@context":"https:\/\/schema.org","@graph":[{"@type":"Organization","@id":"https:\/\/szukampracy.pl\/blog\/#organization","name":"Szukampracy.pl","url":"https:\/\/szukampracy.pl\/blog\/","sameAs":["https:\/\/www.facebook.com\/portalszukampracy\/","https:\/\/www.linkedin.com\/company\/szukampracy-pl","https:\/\/www.youtube.com\/channel\/UCmY56pXKURtawvJjwIvU2YQ","https:\/\/twitter.com\/SzukamPracyPl"],"logo":{"@type":"ImageObject","@id":"https:\/\/szukampracy.pl\/blog\/#logo","inLanguage":"pl-PL","url":"https:\/\/szukampracy.pl\/blog\/wp-content\/uploads\/2017\/08\/logo-1.png","contentUrl":"https:\/\/szukampracy.pl\/blog\/wp-content\/uploads\/2017\/08\/logo-1.png","width":240,"height":33,"caption":"Szukampracy.pl"},"image":{"@id":"https:\/\/szukampracy.pl\/blog\/#logo"}},{"@type":"WebSite","@id":"https:\/\/szukampracy.pl\/blog\/#website","url":"https:\/\/szukampracy.pl\/blog\/","name":"Blog Szukampracy.pl - Artyku\u0142y o rynku pracy i HR dla pracodawcy","description":"Nasz blog powsta\u0142 z my\u015bl\u0105 o Pracodawcach, Pracownikach i Kandydatach b\u0119d\u0105cych na etapie zapoznawania si\u0119 z og\u0142oszeniami o prac\u0119. Mo\u017cna u nas znale\u017a\u0107 artyku\u0142y o rynku pracy, z dziedziny HR, zarz\u0105dzania, ofert pracy za granic\u0105 oraz inne ciekawostki. Nie wahaj si\u0119 nas odwiedzi\u0107","publisher":{"@id":"https:\/\/szukampracy.pl\/blog\/#organization"},"potentialAction":[{"@type":"SearchAction","target":{"@type":"EntryPoint","urlTemplate":"https:\/\/szukampracy.pl\/blog\/?s={search_term_string}"},"query-input":"required name=search_term_string"}],"inLanguage":"pl-PL"},{"@type":"ImageObject","@id":"https:\/\/szukampracy.pl\/blog\/pracownicy-sezonowi-poszukiwani\/#primaryimage","inLanguage":"pl-PL","url":"https:\/\/szukampracy.pl\/blog\/wp-content\/uploads\/2020\/05\/praca-sezonowa.jpg","contentUrl":"https:\/\/szukampracy.pl\/blog\/wp-content\/uploads\/2020\/05\/praca-sezonowa.jpg","width":1024,"height":576},{"@type":"WebPage","@id":"https:\/\/szukampracy.pl\/blog\/pracownicy-sezonowi-poszukiwani\/#webpage","url":"https:\/\/szukampracy.pl\/blog\/pracownicy-sezonowi-poszukiwani\/","name":"Pracownicy sezonowi poszukiwani - Artyku\u0142y dla Szukaj\u0105cych pracy","isPartOf":{"@id":"https:\/\/szukampracy.pl\/blog\/#website"},"primaryImageOfPage":{"@id":"https:\/\/szukampracy.pl\/blog\/pracownicy-sezonowi-poszukiwani\/#primaryimage"},"datePublished":"2020-05-09T11:02:06+00:00","dateModified":"2020-05-08T15:04:24+00:00","description":"Nowy artyku\u0142 Pracownicy sezonowi poszukiwani na Blog Szukampracy.pl - Artyku\u0142y o rynku pracy i HR dla pracodawcy . Czytaj wi\u0119cej na blogu Szukampracy.pl!","breadcrumb":{"@id":"https:\/\/szukampracy.pl\/blog\/pracownicy-sezonowi-poszukiwani\/#breadcrumb"},"inLanguage":"pl-PL","potentialAction":[{"@type":"ReadAction","target":["https:\/\/szukampracy.pl\/blog\/pracownicy-sezonowi-poszukiwani\/"]}]},{"@type":"BreadcrumbList","@id":"https:\/\/szukampracy.pl\/blog\/pracownicy-sezonowi-poszukiwani\/#breadcrumb","itemListElement":[{"@type":"ListItem","position":1,"name":"Blog","item":"https:\/\/szukampracy.pl\/blog\/"},{"@type":"ListItem","position":2,"name":"Najnowsze Artyku\u0142y","item":"https:\/\/szukampracy.pl\/blog\/najnowsze\/"},{"@type":"ListItem","position":3,"name":"Pracownicy sezonowi poszukiwani"}]},{"@type":"Article","@id":"https:\/\/szukampracy.pl\/blog\/pracownicy-sezonowi-poszukiwani\/#article","isPartOf":{"@id":"https:\/\/szukampracy.pl\/blog\/pracownicy-sezonowi-poszukiwani\/#webpage"},"author":{"@id":"https:\/\/szukampracy.pl\/blog\/#\/schema\/person\/3952d4bf69b606b39399e9e649ef2394"},"headline":"Pracownicy sezonowi poszukiwani","datePublished":"2020-05-09T11:02:06+00:00","dateModified":"2020-05-08T15:04:24+00:00","mainEntityOfPage":{"@id":"https:\/\/szukampracy.pl\/blog\/pracownicy-sezonowi-poszukiwani\/#webpage"},"wordCount":1190,"commentCount":1,"publisher":{"@id":"https:\/\/szukampracy.pl\/blog\/#organization"},"image":{"@id":"https:\/\/szukampracy.pl\/blog\/pracownicy-sezonowi-poszukiwani\/#primaryimage"},"thumbnailUrl":"https:\/\/szukampracy.pl\/blog\/wp-content\/uploads\/2020\/05\/praca-sezonowa.jpg","keywords":["koronawirus","praca sezonowa"],"articleSection":["Najnowsze Artyku\u0142y","Z rynku pracy"],"inLanguage":"pl-PL","potentialAction":[{"@type":"CommentAction","name":"Comment","target":["https:\/\/szukampracy.pl\/blog\/pracownicy-sezonowi-poszukiwani\/#respond"]}]},{"@type":"Person","@id":"https:\/\/szukampracy.pl\/blog\/#\/schema\/person\/3952d4bf69b606b39399e9e649ef2394","name":"Ekspert \u0141ukasz","image":{"@type":"ImageObject","@id":"https:\/\/szukampracy.pl\/blog\/#personlogo","inLanguage":"pl-PL","url":"https:\/\/secure.gravatar.com\/avatar\/7733c11b2e55f533f1cae76b6c86129d?s=96&d=mm&r=g","contentUrl":"https:\/\/secure.gravatar.com\/avatar\/7733c11b2e55f533f1cae76b6c86129d?s=96&d=mm&r=g","caption":"Ekspert \u0141ukasz"},"description":"Ekspert \u0141ukasz swoje wieloletnie do\u015bwiadczenie na rynku pracy postanowi\u0142 przekaza\u0107 tak\u017ce na naszym blogu. Jego artyku\u0142y dotycz\u0105 aktualnych zmian gospodarczych a tak\u017ce tych na rynku pracy. Z ch\u0119cia udzieli porad pracodawc\u0105, kt\u00f3rzy pr\u0119\u017cnie rozwijaj\u0105 swoje firmy."}]}},"fimg_url":"https:\/\/szukampracy.pl\/blog\/wp-content\/uploads\/2020\/05\/praca-sezonowa.jpg","amp_enabled":true,"_links":{"self":[{"href":"https:\/\/szukampracy.pl\/blog\/wp-json\/wp\/v2\/posts\/2820"}],"collection":[{"href":"https:\/\/szukampracy.pl\/blog\/wp-json\/wp\/v2\/posts"}],"about":[{"href":"https:\/\/szukampracy.pl\/blog\/wp-json\/wp\/v2\/types\/post"}],"author":[{"embeddable":true,"href":"https:\/\/szukampracy.pl\/blog\/wp-json\/wp\/v2\/users\/3"}],"replies":[{"embeddable":true,"href":"https:\/\/szukampracy.pl\/blog\/wp-json\/wp\/v2\/comments?post=2820"}],"version-history":[{"count":0,"href":"https:\/\/szukampracy.pl\/blog\/wp-json\/wp\/v2\/posts\/2820\/revisions"}],"wp:featuredmedia":[{"embeddable":true,"href":"https:\/\/szukampracy.pl\/blog\/wp-json\/wp\/v2\/media\/2821"}],"wp:attachment":[{"href":"https:\/\/szukampracy.pl\/blog\/wp-json\/wp\/v2\/media?parent=2820"}],"wp:term":[{"taxonomy":"category","embeddable":true,"href":"https:\/\/szukampracy.pl\/blog\/wp-json\/wp\/v2\/categories?post=2820"},{"taxonomy":"post_tag","embeddable":true,"href":"https:\/\/szukampracy.pl\/blog\/wp-json\/wp\/v2\/tags?post=2820"}],"curies":[{"name":"wp","href":"https:\/\/api.w.org\/{rel}","templated":true}]}}