{"id":2728,"date":"2020-03-30T13:05:32","date_gmt":"2020-03-30T13:05:32","guid":{"rendered":"https:\/\/szukampracy.pl\/blog\/?p=2728"},"modified":"2020-12-10T08:34:18","modified_gmt":"2020-12-10T08:34:18","slug":"upl-1-czyli-pelnomocnictwa-w-podatkach","status":"publish","type":"post","link":"https:\/\/szukampracy.pl\/blog\/upl-1-czyli-pelnomocnictwa-w-podatkach\/","title":{"rendered":"UPL-1 czyli pe\u0142nomocnictwa w podatkach"},"content":{"rendered":"\n<h1 class=\"wp-block-heading\"><span class=\"ez-toc-section\" id=\"UPL-1_czyli_pelnomocnictwa_w_podatkach\"><\/span>UPL-1\nczyli pe\u0142nomocnictwa w podatkach<span class=\"ez-toc-section-end\"><\/span><\/h1>\n\n\n\n<p>Jedn\u0105 z mo\u017cliwo\u015bci nowoczesnej e-administracji, jest opcja przygotowania oraz z\u0142o\u017cenia PIT w formie elektronicznej PIT online. Szczeg\u00f3lnie w ostatnim czasie, podatnicy doceniaj\u0105 mo\u017cliwo\u015b\u0107 pracy zdalnej. Nic wi\u0119c dziwnego, ze pojawiaj\u0105 si\u0119 r\u00f3wnie\u017c pytania \u2013 co w przypadku standardowego korzystania z pe\u0142nomocnika do podpisywania deklaracji (na przyk\u0142ad g\u0142\u00f3wnego ksi\u0119gowego lub biura rachunkowego). W tej kwestii r\u00f3wnie\u017c e-administracja ma swoj\u0105 odpowied\u017a, kt\u00f3ra mo\u017cliwe \u017ce w 2020 roku stanie si\u0119 jeszcze bardziej popularna \u2013 chodzi dok\u0142adnie o dokument UPL1 \u2013 czyli pe\u0142nomocnictwo do podpisywania deklaracji, sk\u0142adanej za pomoc\u0105 \u015brodk\u00f3w komunikacji elektronicznej. <\/p>\n\n\n\n<figure class=\"wp-block-image\"><img loading=\"lazy\" decoding=\"async\" width=\"850\" height=\"565\" src=\"https:\/\/szukampracy.pl\/blog\/wp-content\/uploads\/2020\/03\/obraz_1-1.jpg\" alt=\"upl-1\" class=\"wp-image-2730\" srcset=\"https:\/\/szukampracy.pl\/blog\/wp-content\/uploads\/2020\/03\/obraz_1-1.jpg 850w, https:\/\/szukampracy.pl\/blog\/wp-content\/uploads\/2020\/03\/obraz_1-1-300x199.jpg 300w, https:\/\/szukampracy.pl\/blog\/wp-content\/uploads\/2020\/03\/obraz_1-1-768x510.jpg 768w\" sizes=\"(max-width: 850px) 100vw, 850px\" \/><\/figure>\n\n\n\n<h2 class=\"wp-block-heading\"><span class=\"ez-toc-section\" id=\"Podstawy_prawne_i_zasady_glowne_funkcjonowania\"><\/span>Podstawy\nprawne i zasady g\u0142\u00f3wne funkcjonowania <span class=\"ez-toc-section-end\"><\/span><\/h2>\n\n\n\n<p><a href=\"https:\/\/upl-1.pl\/\">UPL-1<\/a> czyli dokument w formie formularza, sk\u0142adany\njest na podstawie uprawnienia okre\u015blonego w&nbsp;\nprzepisach ustawy z dnia 29 sierpnia 1997 roku Ordynacja podatkowa (Dz.\nU. z 2017 r. poz. 201), a dok\u0142adniej art. 80a, kt\u00f3ry daje prawo do podpisania\ndeklaracji przez pe\u0142nomocnika podatnika, r\u00f3wnie\u017c w przypadku wykorzystywania\ndeklaracji w formie elektronicznej (sk\u0142adanej za pomoc\u0105 \u015brodk\u00f3w komunikacji\nelektronicznej). <\/p>\n\n\n\n<p><a><em>Wyci\u0105g z\nprzepis\u00f3w:<\/em><\/a><\/p>\n\n\n\n<p><em>Ordynacja podatkowa:<\/em><\/p>\n\n\n\n<p><em>Art.&nbsp;\n80a.&nbsp; [Podpisanie deklaracji podatkowej\nprzez pe\u0142nomocnika]<\/em><\/p>\n\n\n\n<p><em>\u00a7&nbsp;\n1.&nbsp; Je\u017celi odr\u0119bne ustawy nie\nstanowi\u0105 inaczej, deklaracja, w tym deklaracja sk\u0142adana za pomoc\u0105 \u015brodk\u00f3w\nkomunikacji elektronicznej, mo\u017ce by\u0107 podpisana tak\u017ce przez pe\u0142nomocnika\npodatnika, p\u0142atnika lub inkasenta.<\/em><\/p>\n\n\n\n<p>Zasady og\u00f3lne\nstwierdzaj\u0105, \u017ce pe\u0142nomocnictwo nale\u017cy z\u0142o\u017cy\u0107 organowi w\u0142a\u015bciwemu do spraw\npodatku, kt\u00f3rego dotyczy dana deklaracja. Tak samo zawiadomienie o odwo\u0142aniu\npe\u0142nomocnictwa, nale\u017cy odpowiednio z\u0142o\u017cy\u0107 do organu w\u0142a\u015bciwego do spraw tego\npodatku. W przypadku pe\u0142nomocnictwa do podpisywania deklaracji elektronicznej,\npodatnik powinien skierowa\u0107 jednak do naczelnika skarbowego w\u0142a\u015bciwego w\nsprawach ewidencji podatnik\u00f3w i p\u0142atnik\u00f3w. Mo\u017ce ono by\u0107 z\u0142o\u017cone w formie\ndokumentu elektronicznego. W takim wypadku, pe\u0142nomocnictwo do podpisywania\ndeklaracji w formie dokumentu elektronicznego, podatnik sk\u0142ada do Szefa\nKrajowej Administracji Skarbowej. <\/p>\n\n\n\n<h2 class=\"wp-block-heading\"><span class=\"ez-toc-section\" id=\"Budowa_formularza_od_%E2%80%9EA_do_%E2%80%9EE\"><\/span>Budowa\nformularza od \u201eA\u201d do \u201eE\u201d<span class=\"ez-toc-section-end\"><\/span><\/h2>\n\n\n\n<p>UPL1 to do\u015b\u0107\nprosty, 2 stronnicowy formularz, sk\u0142adaj\u0105cy si\u0119 z pi\u0119ciu cz\u0119\u015bci oznaczonych\nliterami od &#8222;A&#8221; do &#8222;E&#8221;, gdzie:<\/p>\n\n\n\n<ol><li>&#8211; cz\u0119\u015b\u0107 wymagaj\u0105ca wyboru organu podatkowego, do\nkt\u00f3rego kierowane jest pe\u0142nomocnictwo;<\/li><li>\u2013 cz\u0119\u015b\u0107, w kt\u00f3rej nale\u017cy poda\u0107 dane podatnika,\np\u0142atnika, inkasenta lub podmiotu zagranicznego, kt\u00f3ry ustanawia pe\u0142nomocnika;<\/li><li>&#8211; cz\u0119\u015b\u0107 na wype\u0142nienie danych pe\u0142nomocnika,\nupowa\u017cnionego do podpisywania deklaracji za pomoc\u0105 \u015brodk\u00f3w komunikacji\nelektronicznej;<\/li><li>&#8211; okres obowi\u0105zywania pe\u0142nomocnictwa;<\/li><li>&#8211; o\u015bwiadczenie podatnika (p\u0142atnika, inkasenta\nlub podmiotu zagranicznego).&nbsp; <\/li><\/ol>\n\n\n\n<h2 class=\"wp-block-heading\"><span class=\"ez-toc-section\" id=\"Pelnomocnictwo_dla_podmiotow_reprezentowanych_wieloosobowo\"><\/span>Pe\u0142nomocnictwo\ndla podmiot\u00f3w reprezentowanych wieloosobowo<span class=\"ez-toc-section-end\"><\/span><\/h2>\n\n\n\n<p>Je\u017celi\nzeznanie podatkowe mo\u017ce by\u0107 przygotowane w formie elektronicznej PIT online i\npodatnik zdecyduje, \u017ce chcia\u0142by aby deklaracj\u0119 aby podpisa\u0142 za niego\npe\u0142nomocnik, powinien pami\u0119ta\u0107 o prawid\u0142owym i pe\u0142nym wype\u0142nieniu i podpisaniu\ndokumentu pe\u0142nomocnictwa. Chodzi g\u0142\u00f3wnie o pe\u0142nomocnictwa sk\u0142adane przez\nsp\u00f3\u0142ki, cz\u0119sto b\u0119d\u0105cymi podmiotami, kt\u00f3rych deklaracj\u0119 podatkow\u0105 powinna\npodpisa\u0107 wi\u0119cej ni\u017c jedna osoba (np. dw\u00f3ch cz\u0142onk\u00f3w zarz\u0105du). W takim wypadku\npe\u0142nomocnictwo r\u00f3wnie\u017c powinno zosta\u0107 udzielone przez wszystkie te osoby. <\/p>\n","protected":false},"excerpt":{"rendered":"<p>UPL-1 czyli pe\u0142nomocnictwa w podatkach Jedn\u0105 z mo\u017cliwo\u015bci nowoczesnej e-administracji, jest opcja przygotowania oraz z\u0142o\u017cenia PIT w formie elektronicznej PIT<\/p>\n","protected":false},"author":1,"featured_media":2729,"comment_status":"open","ping_status":"open","sticky":false,"template":"","format":"standard","meta":{"footnotes":""},"categories":[8],"tags":[1690,1691,1689],"yoast_head":"<!-- This site is optimized with the Yoast SEO plugin v16.7 - https:\/\/yoast.com\/wordpress\/plugins\/seo\/ -->\n<title>UPL-1 czyli pe\u0142nomocnictwa w podatkach - Artyku\u0142y dla Szukaj\u0105cych pracy<\/title>\n<meta name=\"description\" content=\"Nowy artyku\u0142 UPL-1 czyli pe\u0142nomocnictwa w podatkach na Blog Szukampracy.pl - Artyku\u0142y o rynku pracy i HR dla pracodawcy . Czytaj wi\u0119cej na blogu Szukampracy.pl!\" \/>\n<meta name=\"robots\" content=\"index, follow, max-snippet:-1, max-image-preview:large, max-video-preview:-1\" \/>\n<link rel=\"canonical\" href=\"https:\/\/szukampracy.pl\/blog\/upl-1-czyli-pelnomocnictwa-w-podatkach\/\" \/>\n<meta property=\"og:locale\" content=\"pl_PL\" \/>\n<meta property=\"og:type\" content=\"article\" \/>\n<meta property=\"og:title\" content=\"UPL-1 czyli pe\u0142nomocnictwa w podatkach - Artyku\u0142y dla Szukaj\u0105cych pracy\" \/>\n<meta property=\"og:description\" content=\"Nowy artyku\u0142 UPL-1 czyli pe\u0142nomocnictwa w podatkach na Blog Szukampracy.pl - Artyku\u0142y o rynku pracy i HR dla pracodawcy . Czytaj wi\u0119cej na blogu Szukampracy.pl!\" \/>\n<meta property=\"og:url\" content=\"https:\/\/szukampracy.pl\/blog\/upl-1-czyli-pelnomocnictwa-w-podatkach\/\" \/>\n<meta property=\"og:site_name\" content=\"Blog Szukampracy.pl - Artyku\u0142y o rynku pracy i HR dla pracodawcy\" \/>\n<meta property=\"article:publisher\" content=\"https:\/\/www.facebook.com\/portalszukampracy\/\" \/>\n<meta property=\"article:published_time\" content=\"2020-03-30T13:05:32+00:00\" \/>\n<meta property=\"article:modified_time\" content=\"2020-12-10T08:34:18+00:00\" \/>\n<meta property=\"og:image\" content=\"https:\/\/szukampracy.pl\/blog\/wp-content\/uploads\/2020\/03\/g\u0142\u00f3wne_13-1.jpg\" \/>\n\t<meta property=\"og:image:width\" content=\"850\" \/>\n\t<meta property=\"og:image:height\" content=\"565\" \/>\n<meta name=\"twitter:card\" content=\"summary\" \/>\n<meta name=\"twitter:creator\" content=\"@SzukamPracyPl\" \/>\n<meta name=\"twitter:site\" content=\"@SzukamPracyPl\" \/>\n<meta name=\"twitter:label1\" content=\"Written by\" \/>\n\t<meta name=\"twitter:data1\" content=\"Szukampracy.pl Ekspert\" \/>\n\t<meta name=\"twitter:label2\" content=\"Est. reading time\" \/>\n\t<meta name=\"twitter:data2\" content=\"3 minuty\" \/>\n<script type=\"application\/ld+json\" class=\"yoast-schema-graph\">{\"@context\":\"https:\/\/schema.org\",\"@graph\":[{\"@type\":\"Organization\",\"@id\":\"https:\/\/szukampracy.pl\/blog\/#organization\",\"name\":\"Szukampracy.pl\",\"url\":\"https:\/\/szukampracy.pl\/blog\/\",\"sameAs\":[\"https:\/\/www.facebook.com\/portalszukampracy\/\",\"https:\/\/www.linkedin.com\/company\/szukampracy-pl\",\"https:\/\/www.youtube.com\/channel\/UCmY56pXKURtawvJjwIvU2YQ\",\"https:\/\/twitter.com\/SzukamPracyPl\"],\"logo\":{\"@type\":\"ImageObject\",\"@id\":\"https:\/\/szukampracy.pl\/blog\/#logo\",\"inLanguage\":\"pl-PL\",\"url\":\"https:\/\/szukampracy.pl\/blog\/wp-content\/uploads\/2017\/08\/logo-1.png\",\"contentUrl\":\"https:\/\/szukampracy.pl\/blog\/wp-content\/uploads\/2017\/08\/logo-1.png\",\"width\":240,\"height\":33,\"caption\":\"Szukampracy.pl\"},\"image\":{\"@id\":\"https:\/\/szukampracy.pl\/blog\/#logo\"}},{\"@type\":\"WebSite\",\"@id\":\"https:\/\/szukampracy.pl\/blog\/#website\",\"url\":\"https:\/\/szukampracy.pl\/blog\/\",\"name\":\"Blog Szukampracy.pl - Artyku\\u0142y o rynku pracy i HR dla pracodawcy\",\"description\":\"Nasz blog powsta\\u0142 z my\\u015bl\\u0105 o Pracodawcach, Pracownikach i Kandydatach b\\u0119d\\u0105cych na etapie zapoznawania si\\u0119 z og\\u0142oszeniami o prac\\u0119. Mo\\u017cna u nas znale\\u017a\\u0107 artyku\\u0142y o rynku pracy, z dziedziny HR, zarz\\u0105dzania, ofert pracy za granic\\u0105 oraz inne ciekawostki. Nie wahaj si\\u0119 nas odwiedzi\\u0107\",\"publisher\":{\"@id\":\"https:\/\/szukampracy.pl\/blog\/#organization\"},\"potentialAction\":[{\"@type\":\"SearchAction\",\"target\":{\"@type\":\"EntryPoint\",\"urlTemplate\":\"https:\/\/szukampracy.pl\/blog\/?s={search_term_string}\"},\"query-input\":\"required name=search_term_string\"}],\"inLanguage\":\"pl-PL\"},{\"@type\":\"ImageObject\",\"@id\":\"https:\/\/szukampracy.pl\/blog\/upl-1-czyli-pelnomocnictwa-w-podatkach\/#primaryimage\",\"inLanguage\":\"pl-PL\",\"url\":\"https:\/\/szukampracy.pl\/blog\/wp-content\/uploads\/2020\/03\/g\\u0142\\u00f3wne_13-1.jpg\",\"contentUrl\":\"https:\/\/szukampracy.pl\/blog\/wp-content\/uploads\/2020\/03\/g\\u0142\\u00f3wne_13-1.jpg\",\"width\":850,\"height\":565},{\"@type\":\"WebPage\",\"@id\":\"https:\/\/szukampracy.pl\/blog\/upl-1-czyli-pelnomocnictwa-w-podatkach\/#webpage\",\"url\":\"https:\/\/szukampracy.pl\/blog\/upl-1-czyli-pelnomocnictwa-w-podatkach\/\",\"name\":\"UPL-1 czyli pe\\u0142nomocnictwa w podatkach - Artyku\\u0142y dla Szukaj\\u0105cych pracy\",\"isPartOf\":{\"@id\":\"https:\/\/szukampracy.pl\/blog\/#website\"},\"primaryImageOfPage\":{\"@id\":\"https:\/\/szukampracy.pl\/blog\/upl-1-czyli-pelnomocnictwa-w-podatkach\/#primaryimage\"},\"datePublished\":\"2020-03-30T13:05:32+00:00\",\"dateModified\":\"2020-12-10T08:34:18+00:00\",\"description\":\"Nowy artyku\\u0142 UPL-1 czyli pe\\u0142nomocnictwa w podatkach na Blog Szukampracy.pl - Artyku\\u0142y o rynku pracy i HR dla pracodawcy . Czytaj wi\\u0119cej na blogu Szukampracy.pl!\",\"breadcrumb\":{\"@id\":\"https:\/\/szukampracy.pl\/blog\/upl-1-czyli-pelnomocnictwa-w-podatkach\/#breadcrumb\"},\"inLanguage\":\"pl-PL\",\"potentialAction\":[{\"@type\":\"ReadAction\",\"target\":[\"https:\/\/szukampracy.pl\/blog\/upl-1-czyli-pelnomocnictwa-w-podatkach\/\"]}]},{\"@type\":\"BreadcrumbList\",\"@id\":\"https:\/\/szukampracy.pl\/blog\/upl-1-czyli-pelnomocnictwa-w-podatkach\/#breadcrumb\",\"itemListElement\":[{\"@type\":\"ListItem\",\"position\":1,\"name\":\"Blog\",\"item\":\"https:\/\/szukampracy.pl\/blog\/\"},{\"@type\":\"ListItem\",\"position\":2,\"name\":\"Z rynku pracy\",\"item\":\"https:\/\/szukampracy.pl\/blog\/z-rynku-pracy\/\"},{\"@type\":\"ListItem\",\"position\":3,\"name\":\"UPL-1 czyli pe\\u0142nomocnictwa w podatkach\"}]},{\"@type\":\"Article\",\"@id\":\"https:\/\/szukampracy.pl\/blog\/upl-1-czyli-pelnomocnictwa-w-podatkach\/#article\",\"isPartOf\":{\"@id\":\"https:\/\/szukampracy.pl\/blog\/upl-1-czyli-pelnomocnictwa-w-podatkach\/#webpage\"},\"author\":{\"@id\":\"https:\/\/szukampracy.pl\/blog\/#\/schema\/person\/57cdc8fe01df0a785820416f51a31c7c\"},\"headline\":\"UPL-1 czyli pe\\u0142nomocnictwa w podatkach\",\"datePublished\":\"2020-03-30T13:05:32+00:00\",\"dateModified\":\"2020-12-10T08:34:18+00:00\",\"mainEntityOfPage\":{\"@id\":\"https:\/\/szukampracy.pl\/blog\/upl-1-czyli-pelnomocnictwa-w-podatkach\/#webpage\"},\"wordCount\":540,\"commentCount\":0,\"publisher\":{\"@id\":\"https:\/\/szukampracy.pl\/blog\/#organization\"},\"image\":{\"@id\":\"https:\/\/szukampracy.pl\/blog\/upl-1-czyli-pelnomocnictwa-w-podatkach\/#primaryimage\"},\"thumbnailUrl\":\"https:\/\/szukampracy.pl\/blog\/wp-content\/uploads\/2020\/03\/g\\u0142\\u00f3wne_13-1.jpg\",\"keywords\":[\"deklaracja upl-1\",\"e-deklaracje upl-1\",\"upl-1 jak wype\\u0142ni\\u0107\"],\"articleSection\":[\"Z rynku pracy\"],\"inLanguage\":\"pl-PL\",\"potentialAction\":[{\"@type\":\"CommentAction\",\"name\":\"Comment\",\"target\":[\"https:\/\/szukampracy.pl\/blog\/upl-1-czyli-pelnomocnictwa-w-podatkach\/#respond\"]}]},{\"@type\":\"Person\",\"@id\":\"https:\/\/szukampracy.pl\/blog\/#\/schema\/person\/57cdc8fe01df0a785820416f51a31c7c\",\"name\":\"Szukampracy.pl Ekspert\",\"image\":{\"@type\":\"ImageObject\",\"@id\":\"https:\/\/szukampracy.pl\/blog\/#personlogo\",\"inLanguage\":\"pl-PL\",\"url\":\"https:\/\/secure.gravatar.com\/avatar\/2af4d91def5bf00243347eafbe25c6be?s=96&d=mm&r=g\",\"contentUrl\":\"https:\/\/secure.gravatar.com\/avatar\/2af4d91def5bf00243347eafbe25c6be?s=96&d=mm&r=g\",\"caption\":\"Szukampracy.pl Ekspert\"},\"description\":\"Ekspert w dziedzinie HR oraz rynku pracy z wieloletnim do\\u015bwiadczeniem. Praca w bran\\u017cy HR pozwoli\\u0142a na poznanie wielu ciekawych technik rekrutacyjnych. Na blogu udziela porad a tak\\u017ce opisuje procesy zwi\\u0105zane z prowadzeniem rekrutacji b\\u0105d\\u017a te\\u017c firmy.\"}]}<\/script>\n<!-- \/ Yoast SEO plugin. -->","yoast_head_json":{"title":"UPL-1 czyli pe\u0142nomocnictwa w podatkach - Artyku\u0142y dla Szukaj\u0105cych pracy","description":"Nowy artyku\u0142 UPL-1 czyli pe\u0142nomocnictwa w podatkach na Blog Szukampracy.pl - Artyku\u0142y o rynku pracy i HR dla pracodawcy . Czytaj wi\u0119cej na blogu Szukampracy.pl!","robots":{"index":"index","follow":"follow","max-snippet":"max-snippet:-1","max-image-preview":"max-image-preview:large","max-video-preview":"max-video-preview:-1"},"canonical":"https:\/\/szukampracy.pl\/blog\/upl-1-czyli-pelnomocnictwa-w-podatkach\/","og_locale":"pl_PL","og_type":"article","og_title":"UPL-1 czyli pe\u0142nomocnictwa w podatkach - Artyku\u0142y dla Szukaj\u0105cych pracy","og_description":"Nowy artyku\u0142 UPL-1 czyli pe\u0142nomocnictwa w podatkach na Blog Szukampracy.pl - Artyku\u0142y o rynku pracy i HR dla pracodawcy . Czytaj wi\u0119cej na blogu Szukampracy.pl!","og_url":"https:\/\/szukampracy.pl\/blog\/upl-1-czyli-pelnomocnictwa-w-podatkach\/","og_site_name":"Blog Szukampracy.pl - Artyku\u0142y o rynku pracy i HR dla pracodawcy","article_publisher":"https:\/\/www.facebook.com\/portalszukampracy\/","article_published_time":"2020-03-30T13:05:32+00:00","article_modified_time":"2020-12-10T08:34:18+00:00","og_image":[{"width":850,"height":565,"url":"https:\/\/szukampracy.pl\/blog\/wp-content\/uploads\/2020\/03\/g\u0142\u00f3wne_13-1.jpg","path":"\/home\/szukamprac\/domains\/szukampracy.pl\/public_html\/blog\/wp-content\/uploads\/2020\/03\/g\u0142\u00f3wne_13-1.jpg","size":"full","id":2729,"alt":"","pixels":480250,"type":"image\/jpeg"}],"twitter_card":"summary","twitter_creator":"@SzukamPracyPl","twitter_site":"@SzukamPracyPl","twitter_misc":{"Written by":"Szukampracy.pl Ekspert","Est. reading time":"3 minuty"},"schema":{"@context":"https:\/\/schema.org","@graph":[{"@type":"Organization","@id":"https:\/\/szukampracy.pl\/blog\/#organization","name":"Szukampracy.pl","url":"https:\/\/szukampracy.pl\/blog\/","sameAs":["https:\/\/www.facebook.com\/portalszukampracy\/","https:\/\/www.linkedin.com\/company\/szukampracy-pl","https:\/\/www.youtube.com\/channel\/UCmY56pXKURtawvJjwIvU2YQ","https:\/\/twitter.com\/SzukamPracyPl"],"logo":{"@type":"ImageObject","@id":"https:\/\/szukampracy.pl\/blog\/#logo","inLanguage":"pl-PL","url":"https:\/\/szukampracy.pl\/blog\/wp-content\/uploads\/2017\/08\/logo-1.png","contentUrl":"https:\/\/szukampracy.pl\/blog\/wp-content\/uploads\/2017\/08\/logo-1.png","width":240,"height":33,"caption":"Szukampracy.pl"},"image":{"@id":"https:\/\/szukampracy.pl\/blog\/#logo"}},{"@type":"WebSite","@id":"https:\/\/szukampracy.pl\/blog\/#website","url":"https:\/\/szukampracy.pl\/blog\/","name":"Blog Szukampracy.pl - Artyku\u0142y o rynku pracy i HR dla pracodawcy","description":"Nasz blog powsta\u0142 z my\u015bl\u0105 o Pracodawcach, Pracownikach i Kandydatach b\u0119d\u0105cych na etapie zapoznawania si\u0119 z og\u0142oszeniami o prac\u0119. Mo\u017cna u nas znale\u017a\u0107 artyku\u0142y o rynku pracy, z dziedziny HR, zarz\u0105dzania, ofert pracy za granic\u0105 oraz inne ciekawostki. Nie wahaj si\u0119 nas odwiedzi\u0107","publisher":{"@id":"https:\/\/szukampracy.pl\/blog\/#organization"},"potentialAction":[{"@type":"SearchAction","target":{"@type":"EntryPoint","urlTemplate":"https:\/\/szukampracy.pl\/blog\/?s={search_term_string}"},"query-input":"required name=search_term_string"}],"inLanguage":"pl-PL"},{"@type":"ImageObject","@id":"https:\/\/szukampracy.pl\/blog\/upl-1-czyli-pelnomocnictwa-w-podatkach\/#primaryimage","inLanguage":"pl-PL","url":"https:\/\/szukampracy.pl\/blog\/wp-content\/uploads\/2020\/03\/g\u0142\u00f3wne_13-1.jpg","contentUrl":"https:\/\/szukampracy.pl\/blog\/wp-content\/uploads\/2020\/03\/g\u0142\u00f3wne_13-1.jpg","width":850,"height":565},{"@type":"WebPage","@id":"https:\/\/szukampracy.pl\/blog\/upl-1-czyli-pelnomocnictwa-w-podatkach\/#webpage","url":"https:\/\/szukampracy.pl\/blog\/upl-1-czyli-pelnomocnictwa-w-podatkach\/","name":"UPL-1 czyli pe\u0142nomocnictwa w podatkach - Artyku\u0142y dla Szukaj\u0105cych pracy","isPartOf":{"@id":"https:\/\/szukampracy.pl\/blog\/#website"},"primaryImageOfPage":{"@id":"https:\/\/szukampracy.pl\/blog\/upl-1-czyli-pelnomocnictwa-w-podatkach\/#primaryimage"},"datePublished":"2020-03-30T13:05:32+00:00","dateModified":"2020-12-10T08:34:18+00:00","description":"Nowy artyku\u0142 UPL-1 czyli pe\u0142nomocnictwa w podatkach na Blog Szukampracy.pl - Artyku\u0142y o rynku pracy i HR dla pracodawcy . Czytaj wi\u0119cej na blogu Szukampracy.pl!","breadcrumb":{"@id":"https:\/\/szukampracy.pl\/blog\/upl-1-czyli-pelnomocnictwa-w-podatkach\/#breadcrumb"},"inLanguage":"pl-PL","potentialAction":[{"@type":"ReadAction","target":["https:\/\/szukampracy.pl\/blog\/upl-1-czyli-pelnomocnictwa-w-podatkach\/"]}]},{"@type":"BreadcrumbList","@id":"https:\/\/szukampracy.pl\/blog\/upl-1-czyli-pelnomocnictwa-w-podatkach\/#breadcrumb","itemListElement":[{"@type":"ListItem","position":1,"name":"Blog","item":"https:\/\/szukampracy.pl\/blog\/"},{"@type":"ListItem","position":2,"name":"Z rynku pracy","item":"https:\/\/szukampracy.pl\/blog\/z-rynku-pracy\/"},{"@type":"ListItem","position":3,"name":"UPL-1 czyli pe\u0142nomocnictwa w podatkach"}]},{"@type":"Article","@id":"https:\/\/szukampracy.pl\/blog\/upl-1-czyli-pelnomocnictwa-w-podatkach\/#article","isPartOf":{"@id":"https:\/\/szukampracy.pl\/blog\/upl-1-czyli-pelnomocnictwa-w-podatkach\/#webpage"},"author":{"@id":"https:\/\/szukampracy.pl\/blog\/#\/schema\/person\/57cdc8fe01df0a785820416f51a31c7c"},"headline":"UPL-1 czyli pe\u0142nomocnictwa w podatkach","datePublished":"2020-03-30T13:05:32+00:00","dateModified":"2020-12-10T08:34:18+00:00","mainEntityOfPage":{"@id":"https:\/\/szukampracy.pl\/blog\/upl-1-czyli-pelnomocnictwa-w-podatkach\/#webpage"},"wordCount":540,"commentCount":0,"publisher":{"@id":"https:\/\/szukampracy.pl\/blog\/#organization"},"image":{"@id":"https:\/\/szukampracy.pl\/blog\/upl-1-czyli-pelnomocnictwa-w-podatkach\/#primaryimage"},"thumbnailUrl":"https:\/\/szukampracy.pl\/blog\/wp-content\/uploads\/2020\/03\/g\u0142\u00f3wne_13-1.jpg","keywords":["deklaracja upl-1","e-deklaracje upl-1","upl-1 jak wype\u0142ni\u0107"],"articleSection":["Z rynku pracy"],"inLanguage":"pl-PL","potentialAction":[{"@type":"CommentAction","name":"Comment","target":["https:\/\/szukampracy.pl\/blog\/upl-1-czyli-pelnomocnictwa-w-podatkach\/#respond"]}]},{"@type":"Person","@id":"https:\/\/szukampracy.pl\/blog\/#\/schema\/person\/57cdc8fe01df0a785820416f51a31c7c","name":"Szukampracy.pl Ekspert","image":{"@type":"ImageObject","@id":"https:\/\/szukampracy.pl\/blog\/#personlogo","inLanguage":"pl-PL","url":"https:\/\/secure.gravatar.com\/avatar\/2af4d91def5bf00243347eafbe25c6be?s=96&d=mm&r=g","contentUrl":"https:\/\/secure.gravatar.com\/avatar\/2af4d91def5bf00243347eafbe25c6be?s=96&d=mm&r=g","caption":"Szukampracy.pl Ekspert"},"description":"Ekspert w dziedzinie HR oraz rynku pracy z wieloletnim do\u015bwiadczeniem. Praca w bran\u017cy HR pozwoli\u0142a na poznanie wielu ciekawych technik rekrutacyjnych. Na blogu udziela porad a tak\u017ce opisuje procesy zwi\u0105zane z prowadzeniem rekrutacji b\u0105d\u017a te\u017c firmy."}]}},"fimg_url":"https:\/\/szukampracy.pl\/blog\/wp-content\/uploads\/2020\/03\/g\u0142\u00f3wne_13-1.jpg","amp_enabled":true,"_links":{"self":[{"href":"https:\/\/szukampracy.pl\/blog\/wp-json\/wp\/v2\/posts\/2728"}],"collection":[{"href":"https:\/\/szukampracy.pl\/blog\/wp-json\/wp\/v2\/posts"}],"about":[{"href":"https:\/\/szukampracy.pl\/blog\/wp-json\/wp\/v2\/types\/post"}],"author":[{"embeddable":true,"href":"https:\/\/szukampracy.pl\/blog\/wp-json\/wp\/v2\/users\/1"}],"replies":[{"embeddable":true,"href":"https:\/\/szukampracy.pl\/blog\/wp-json\/wp\/v2\/comments?post=2728"}],"version-history":[{"count":0,"href":"https:\/\/szukampracy.pl\/blog\/wp-json\/wp\/v2\/posts\/2728\/revisions"}],"wp:featuredmedia":[{"embeddable":true,"href":"https:\/\/szukampracy.pl\/blog\/wp-json\/wp\/v2\/media\/2729"}],"wp:attachment":[{"href":"https:\/\/szukampracy.pl\/blog\/wp-json\/wp\/v2\/media?parent=2728"}],"wp:term":[{"taxonomy":"category","embeddable":true,"href":"https:\/\/szukampracy.pl\/blog\/wp-json\/wp\/v2\/categories?post=2728"},{"taxonomy":"post_tag","embeddable":true,"href":"https:\/\/szukampracy.pl\/blog\/wp-json\/wp\/v2\/tags?post=2728"}],"curies":[{"name":"wp","href":"https:\/\/api.w.org\/{rel}","templated":true}]}}