{"id":2725,"date":"2020-03-28T14:10:10","date_gmt":"2020-03-28T14:10:10","guid":{"rendered":"https:\/\/szukampracy.pl\/blog\/?p=2725"},"modified":"2020-03-27T15:02:48","modified_gmt":"2020-03-27T15:02:48","slug":"dofinansowanie-do-kosztow-zatrudnienia","status":"publish","type":"post","link":"https:\/\/szukampracy.pl\/blog\/dofinansowanie-do-kosztow-zatrudnienia\/","title":{"rendered":"Dofinansowanie do koszt\u00f3w zatrudnienia"},"content":{"rendered":"\n<p>W ramach procedowanej obecnie\nustawy (tak zwanej tarczy antykryzysowej) s\u0142u\u017c\u0105cej zwalczaniu kryzysu\ngospodarczego wywo\u0142anego przez epidemi\u0119 koronawirusa, przewiduje si\u0119\nbezpo\u015brednie wsparcie dla pracodawc\u00f3w w zakresie koszt\u00f3w zatrudnienia. Jednak z\nostatnich projekt\u00f3w wynika, i\u017c owo dofinansowanie koszt\u00f3w zatrudnienia dotyczy\u0107\nb\u0119dzie 3 miesi\u0119cy, a nie 6, jak pocz\u0105tkowo zak\u0142adano.<\/p>\n\n\n\n<h3 class=\"wp-block-heading\"><span class=\"ez-toc-section\" id=\"Na_jakie_rozwiazania_mozna_rzeczywiscie_liczyc_w_tej_kwestii\"><\/span><strong>Na jakie rozwi\u0105zania mo\u017cna\nrzeczywi\u015bcie liczy\u0107 w tej kwestii?<\/strong><span class=\"ez-toc-section-end\"><\/span><\/h3>\n\n\n\n<p>Generalnie tarcza antykryzysowa\njest na razie projektem dzia\u0142a\u0144 rz\u0105du, maj\u0105cym przeciwdzia\u0142a\u0107 zapa\u015bci\ngospodarczej, kt\u00f3r\u0105 mo\u017ce wywo\u0142a\u0107 epidemia koronawirusa COVID-19. Ostateczny\nkszta\u0142t przepis\u00f3w znany b\u0119dzie lada dzie\u0144, jednak\u017ce mo\u017ce on ulec jeszcze pewnym\npoprawkom podczas prac obu izb parlamentu.<\/p>\n\n\n\n<p>Tym niemniej nale\u017cy oczekiwa\u0107, i\u017c\nnowe przepisy zaczn\u0105 obowi\u0105zywa\u0107 od 1 kwietnia 2020 roku. Z ostatnich ustale\u0144\nwynika, i\u017c zostanie skr\u00f3cony czas udzielania dofinansowania do wynagrodze\u0144 i\nsk\u0142adek pracownik\u00f3w pracodawc\u00f3w zatrudniaj\u0105cych do 49 os\u00f3b z pocz\u0105tkowych 6 do\n3 miesi\u0119cy. Ponadto, samozatrudnieni i pracownicy na umowach cywilnoprawnych b\u0119d\u0105\nmogli wnioskowa\u0107 o wyp\u0142at\u0119 postojowego do ZUS tylko raz (b\u0119dzie to jednorazowa\nzapomoga). <\/p>\n\n\n\n<p>Trudnym punktem do negocjacji\nmo\u017ce by\u0107 konieczno\u015b\u0107 negocjowania porozumie\u0144 ze zwi\u0105zkami zawodowymi w zakresie\ndop\u0142at do pensji w przypadku wprowadzenia przestoju lub skr\u00f3cenia czasu pracy.<\/p>\n\n\n\n<h3 class=\"wp-block-heading\"><span class=\"ez-toc-section\" id=\"Co_zatem_przewiduje_najnowszy_projekt_tarczy_antykryzysowej_w_zakresie_dofinasowania_w_tych_trudnych_czasach\"><\/span><strong>Co zatem przewiduje najnowszy\nprojekt tarczy antykryzysowej w zakresie dofinasowania w tych trudnych czasach?<\/strong><span class=\"ez-toc-section-end\"><\/span><\/h3>\n\n\n\n<p>Zgodnie z ostatnimi ustaleniami\nwyp\u0142aty dofinansowania dla mikroprzedsi\u0119biorstw (zatrudniaj\u0105cych do 9\npracownik\u00f3w), ma\u0142ych przedsi\u0119biorstw (zatrudniaj\u0105cych do 49 pracownik\u00f3w) oraz\n\u015brednich przedsi\u0119biorstw (zatrudniaj\u0105cych do 249 pracownik\u00f3w) maj\u0105 by\u0107\nprowadzone przez Powiatowe Urz\u0119dy Pracy (POP). <\/p>\n\n\n\n<p>I w obecnym projekcie przewiduje\nsi\u0119, i\u017c zar\u00f3wno mikroprzedsi\u0119biorstwa, jak i ma\u0142e przedsi\u0119biorstwa, b\u0119d\u0105 mog\u0142y\nkorzysta\u0107 z dofinansowania przez okres 3 miesi\u0119cy, podobnie jak\nprzedsi\u0119biorstwa \u015brednie. To zmiana, gdy\u017c w pierwotnych rozwi\u0105zaniach\nprzewidywano, i\u017c pomoc w tym wzgl\u0119dzie dla mikroprzedsi\u0119biorstw oraz ma\u0142ych\nprzedsi\u0119biorstw mia\u0142a trwa\u0107 6 miesi\u0119cy.<\/p>\n\n\n\n<p>Zatem w praktyce mo\u017cna tutaj\nm\u00f3wi\u0107 o ograniczeniu skali pomocy. Profesor Jacek M\u0119cina, doradca zarz\u0105du\nKonfederacji Lewiatan, ma jednak nadziej\u0119, i\u017c po 3 miesi\u0105cach b\u0119dzie mo\u017cliwa\nwyp\u0142ata dofinansowania przez kolejne 3 miesi\u0105ce. Takie rozwi\u0105zanie mia\u0142oby\nbowiem t\u0119 zalet\u0119, i\u017c wydatkowanie \u015brodk\u00f3w by\u0142oby bardziej racjonalne. Nie\ntrzeba by\u0142oby by ich zagospodarowywa\u0107 od razu na d\u0142u\u017cszy, p\u00f3\u0142roczny okres.<\/p>\n\n\n\n<p>Pozytywnie oceniany jest za to\npomys\u0142 zaanga\u017cowania w wyp\u0142aty PUP. Maj\u0105 one bowiem t\u0119 przewag\u0119, i\u017c doskonale\nznaj\u0105 miejscowy rynek pracy, dzi\u0119ki czemu mog\u0105 szybko i sprawnie oceni\u0107\nzapotrzebowanie na pomoc, przekazuj\u0105c te informacje do resortu pracy. Pan\nprofesor Jacek M\u0119cina ocenia, i\u017c na ten cel powinny by\u0107 zagwarantowane od 1 do\n2 mld z\u0142.<\/p>\n\n\n\n<h3 class=\"wp-block-heading\"><span class=\"ez-toc-section\" id=\"Co_jeszcze_ulega_zmianie_zgodnie_z_najnowsza_propozycja_rzadu_odnosnie_tarczy_antykryzysowej\"><\/span><strong>Co jeszcze ulega zmianie,\nzgodnie z najnowsz\u0105 propozycj\u0105 rz\u0105du odno\u015bnie tarczy antykryzysowej?<\/strong><span class=\"ez-toc-section-end\"><\/span><\/h3>\n\n\n\n<p>Ot\u00f3\u017c wed\u0142ug ostatnich ustale\u0144,\nzmieni\u0105 si\u0119 zasady ustalania wysoko\u015bci dofinansowania. Pierwotnie bowiem\nmaksymalny poziom pomocy dla ka\u017cdego pracownika mia\u0142 wynie\u015b\u0107 50, 70 lub 90%\nminimalnego wynagrodzenia (w zale\u017cno\u015bci od poziomu odnotowanego przez\nprzedsi\u0119biorstwo spadku obrot\u00f3w). Obecnie za\u015b projekt m\u00f3wi o tym, i\u017c dodatkowo\n\u0142\u0105czna kwota dofinansowania dla przedsi\u0119biorstwa (po zsumowaniu dop\u0142at dla\nka\u017cdego pracownika), nie mo\u017ce przekroczy\u0107 50,70 lub 90% ich zwyk\u0142ych pensji.<\/p>\n\n\n\n<p>Zdaniem profesora Jacka M\u0119ciny\nby\u0107 mo\u017ce rz\u0105dz\u0105cym chodzi o to, by poziom dofinansowania by\u0142 bardziej\nsprawiedliwy, czyli nie r\u00f3\u017cni\u0142 si\u0119 znacz\u0105co dla kierownik\u00f3w i szeregowych\npracownik\u00f3w.<\/p>\n\n\n\n<p>Zaproponowany system ustalania\nwysoko\u015bci dop\u0142at uwzgl\u0119dni te\u017c wymiar pracy zatrudnionych, by wynagrodzenia os\u00f3b\npracuj\u0105cych na cz\u0119\u015b\u0107 etatu nie zawy\u017ca\u0142y poziomu dofinansowania. Ponadto, co\nniezwykle istotne dla zatrudniaj\u0105cych, wyd\u0142u\u017ceniu ulega okres, w kt\u00f3rym po\nskorzystaniu z dofinansowania musz\u0105 utrzyma\u0107 miejsca pracy. <\/p>\n\n\n\n<p>Je\u015bli bowiem pracodawca otrzyma\ndofinansowanie do wynagrodzenia pracownika na okres 3 miesi\u0119cy, to musi\nutrzyma\u0107 dane stanowisko pracy przez okres 6 miesi\u0119cy. Niedotrzymanie tego\nwarunku skutkowa\u0107 b\u0119dzie konieczno\u015bci\u0105 dokonania zwrotu otrzymanego dofinansowania.\n<\/p>\n\n\n\n<h3 class=\"wp-block-heading\"><span class=\"ez-toc-section\" id=\"A_co_z_tak_zwanym_%E2%80%9Epostojowym_dla_samozatrudnionych_i_osob_bedacych_na_umowach_cywilnoprawnych\"><\/span><strong>A co z tak zwanym \u201epostojowym\u201d\ndla samozatrudnionych i os\u00f3b b\u0119d\u0105cych na umowach cywilnoprawnych?<\/strong><span class=\"ez-toc-section-end\"><\/span><\/h3>\n\n\n\n<p>Generalnie przewiduje si\u0119, i\u017c\nmo\u017cliwo\u015b\u0107 uzyskania \u201epostojowego\u201d dla os\u00f3b samozatrudnionych czy te\u017c na umowach\ncywilnoprawnych b\u0119dzie tylko jednokrotna. Ta forma pomocy b\u0119dzie wynosi\u0142a 2,08\ntysi\u0105ca z\u0142otych lub te\u017c 1,3 tysi\u0105ca z\u0142otych dla os\u00f3b b\u0119d\u0105cych na karcie\npodatkowej lub rycza\u0142cie ewidencjonowanym, zwolnionym z VAT.<\/p>\n\n\n\n<p>Co do zasady ta wersja projektu\nzak\u0142ada, i\u017c wyp\u0142ata owej zapomogi b\u0119dzie jednorazowa. W pierwotnej wersji\nprzewidywano, i\u017c prezes ZUS b\u0119dzie m\u00f3g\u0142 przyzna\u0107 zapomog\u0119 po raz kolejny, gdyby\nsytuacja danej osoby nie uleg\u0142a zmianie. Ostateczna wersja projektu tego ju\u017c\nnie przewiduje.<\/p>\n\n\n\n<p>Z kolei pozytywem, w naj\u015bwie\u017cszym\nprojekcie, jest z\u0142agodzenie wymog\u00f3w uzyskania takiego wsparcia. Dzi\u015b\nsamozatrudniony lub te\u017c zleceniobiorca b\u0119dzie m\u00f3g\u0142 si\u0119 o nie ubiega\u0107 w razie\nwyst\u0105pienia przestoju w prowadzeniu dzia\u0142alno\u015bci gospodarczej. Wcze\u015bniejszy\nprojekt zak\u0142ada\u0142, i\u017c wniosek o udzielenie pomocy m\u00f3g\u0142by zosta\u0107 z\u0142o\u017cony dopiero\npo up\u0142ywie 30 dni przestoju. Z kolei pieni\u0105dze maj\u0105 by\u0107 wyp\u0142acane niezw\u0142ocznie\npo wyja\u015bnieniu ostatniej okoliczno\u015bci niezb\u0119dnej do ich przyznania (a nie w\nci\u0105gu 30 dni od tego\u017c wyja\u015bnienia, jak pierwotnie zak\u0142adano). Co nie zmienia\njednak faktu, i\u017c zainteresowani musz\u0105 si\u0119 liczy\u0107 z oczekiwaniem na decyzj\u0119 ZUS.<\/p>\n\n\n\n<h3 class=\"wp-block-heading\"><span class=\"ez-toc-section\" id=\"Co_jeszcze_wynika_z_ostatnich_zalozen_tarczy_antykryzysowej_budzac_obawy_o_jej_skutecznosc\"><\/span><strong>Co jeszcze wynika z ostatnich\nza\u0142o\u017ce\u0144 tarczy antykryzysowej, budz\u0105c obawy o jej skuteczno\u015b\u0107?<\/strong><span class=\"ez-toc-section-end\"><\/span><\/h3>\n\n\n\n<p>Generalnie pracodawcy liczyli na\nbardziej radykalne zmiany, kt\u00f3re u\u0142atwia\u0142yby funkcjonowanie w czasie kryzysu.\nNa pewno cieszy wyd\u0142u\u017cenie wa\u017cno\u015bci dokument\u00f3w potwierdzaj\u0105cych nie tylko pobyt\ncudzoziemc\u00f3w, ale te\u017c i prawa do podejmowania przez nich pracy. <\/p>\n\n\n\n<p>Niew\u0105tpliwie szkoda, i\u017c\nostateczna wersja nie zak\u0142ada znacz\u0105cych zmian w zakresie zawierania porozumie\u0144\nze zwi\u0105zkami zawodowymi dotycz\u0105cych przestoju lub skracania czasu pracy. Ot\u00f3\u017c\nprzewiduje si\u0119, i\u017c negocjacje mog\u0105 trwa\u0107 maksymalnie 2 dni, a je\u015bli nie uda si\u0119\nwypracowa\u0107 porozumienia, pracodawca b\u0119dzie m\u00f3g\u0142 samodzielnie te warunki\nokre\u015bli\u0107. Nowo\u015bci\u0105 jest te\u017c obowi\u0105zek przekazania porozumienia (je\u015bli do niego\ndojdzie) do Pa\u0144stwowej Inspekcji Pracy (PIP). <\/p>\n\n\n\n<p>W takim wariancie zadowoleni\npowinni by\u0107 pracodawcy, natomiast zdecydowanie mniej zwi\u0105zkowcy. Ju\u017c bowiem po\npierwotnej wersji tarczy domagali si\u0119 oni zmian w tym zakresie. Sugerowali oni\nbowiem, i\u017c w takim przypadku zawieranie porozumie\u0144 b\u0119dzie fikcj\u0105, gdy\u017c\npracodawcy sami zaczn\u0105 ustala\u0107 zasady postojowego lub skracania czasu pracy. Te\nuwagi jednak nie zosta\u0142y uwzgl\u0119dnione.<\/p>\n\n\n\n<p>Podsumowuj\u0105c, obecna sytuacja gospodarcza jest trudna i codziennie ulega pogorszeniu. Najwa\u017cniejszym zatem zadaniem rz\u0105dz\u0105cych powinno by\u0107 bardzo szybkie uchwalenie pomocy dla pracodawc\u00f3w i pracownik\u00f3w, pomijaj\u0105c ju\u017c czasem pewne szczeg\u00f3\u0142y. Generalnie chodzi o to, by dzia\u0142ania pomocowe wprowadzi\u0107 jak najszybciej w \u017cycie. Tylko bowiem w ten spos\u00f3b istnieje szansa na powstrzymanie szeregu niekorzystnych zjawisk gospodarczych.<\/p>\n","protected":false},"excerpt":{"rendered":"<p>W ramach procedowanej obecnie ustawy (tak zwanej tarczy antykryzysowej) s\u0142u\u017c\u0105cej zwalczaniu kryzysu gospodarczego wywo\u0142anego przez epidemi\u0119 koronawirusa, przewiduje si\u0119 bezpo\u015brednie<\/p>\n","protected":false},"author":3,"featured_media":2726,"comment_status":"open","ping_status":"open","sticky":false,"template":"","format":"standard","meta":{"footnotes":""},"categories":[3,8],"tags":[369,861],"yoast_head":"<!-- This site is optimized with the Yoast SEO plugin v16.7 - https:\/\/yoast.com\/wordpress\/plugins\/seo\/ -->\n<title>Dofinansowanie do koszt\u00f3w zatrudnienia - Artyku\u0142y dla Szukaj\u0105cych pracy<\/title>\n<meta name=\"description\" content=\"Nowy artyku\u0142 Dofinansowanie do koszt\u00f3w zatrudnienia na Blog Szukampracy.pl - Artyku\u0142y o rynku pracy i HR dla pracodawcy . Czytaj wi\u0119cej na blogu Szukampracy.pl!\" \/>\n<meta name=\"robots\" content=\"index, follow, max-snippet:-1, max-image-preview:large, max-video-preview:-1\" \/>\n<link rel=\"canonical\" href=\"https:\/\/szukampracy.pl\/blog\/dofinansowanie-do-kosztow-zatrudnienia\/\" \/>\n<meta property=\"og:locale\" content=\"pl_PL\" \/>\n<meta property=\"og:type\" content=\"article\" \/>\n<meta property=\"og:title\" content=\"Dofinansowanie do koszt\u00f3w zatrudnienia - Artyku\u0142y dla Szukaj\u0105cych pracy\" \/>\n<meta property=\"og:description\" content=\"Nowy artyku\u0142 Dofinansowanie do koszt\u00f3w zatrudnienia na Blog Szukampracy.pl - Artyku\u0142y o rynku pracy i HR dla pracodawcy . Czytaj wi\u0119cej na blogu Szukampracy.pl!\" \/>\n<meta property=\"og:url\" content=\"https:\/\/szukampracy.pl\/blog\/dofinansowanie-do-kosztow-zatrudnienia\/\" \/>\n<meta property=\"og:site_name\" content=\"Blog Szukampracy.pl - Artyku\u0142y o rynku pracy i HR dla pracodawcy\" \/>\n<meta property=\"article:publisher\" content=\"https:\/\/www.facebook.com\/portalszukampracy\/\" \/>\n<meta property=\"article:published_time\" content=\"2020-03-28T14:10:10+00:00\" \/>\n<meta property=\"article:modified_time\" content=\"2020-03-27T15:02:48+00:00\" \/>\n<meta property=\"og:image\" content=\"https:\/\/szukampracy.pl\/blog\/wp-content\/uploads\/2020\/03\/dop\u0142ata.jpg\" \/>\n\t<meta property=\"og:image:width\" content=\"1200\" \/>\n\t<meta property=\"og:image:height\" content=\"740\" \/>\n<meta name=\"twitter:card\" content=\"summary\" \/>\n<meta name=\"twitter:creator\" content=\"@SzukamPracyPl\" \/>\n<meta name=\"twitter:site\" content=\"@SzukamPracyPl\" \/>\n<meta name=\"twitter:label1\" content=\"Written by\" \/>\n\t<meta name=\"twitter:data1\" content=\"Ekspert \u0141ukasz\" \/>\n\t<meta name=\"twitter:label2\" content=\"Est. reading time\" \/>\n\t<meta name=\"twitter:data2\" content=\"6 minut\" \/>\n<script type=\"application\/ld+json\" class=\"yoast-schema-graph\">{\"@context\":\"https:\/\/schema.org\",\"@graph\":[{\"@type\":\"Organization\",\"@id\":\"https:\/\/szukampracy.pl\/blog\/#organization\",\"name\":\"Szukampracy.pl\",\"url\":\"https:\/\/szukampracy.pl\/blog\/\",\"sameAs\":[\"https:\/\/www.facebook.com\/portalszukampracy\/\",\"https:\/\/www.linkedin.com\/company\/szukampracy-pl\",\"https:\/\/www.youtube.com\/channel\/UCmY56pXKURtawvJjwIvU2YQ\",\"https:\/\/twitter.com\/SzukamPracyPl\"],\"logo\":{\"@type\":\"ImageObject\",\"@id\":\"https:\/\/szukampracy.pl\/blog\/#logo\",\"inLanguage\":\"pl-PL\",\"url\":\"https:\/\/szukampracy.pl\/blog\/wp-content\/uploads\/2017\/08\/logo-1.png\",\"contentUrl\":\"https:\/\/szukampracy.pl\/blog\/wp-content\/uploads\/2017\/08\/logo-1.png\",\"width\":240,\"height\":33,\"caption\":\"Szukampracy.pl\"},\"image\":{\"@id\":\"https:\/\/szukampracy.pl\/blog\/#logo\"}},{\"@type\":\"WebSite\",\"@id\":\"https:\/\/szukampracy.pl\/blog\/#website\",\"url\":\"https:\/\/szukampracy.pl\/blog\/\",\"name\":\"Blog Szukampracy.pl - Artyku\\u0142y o rynku pracy i HR dla pracodawcy\",\"description\":\"Nasz blog powsta\\u0142 z my\\u015bl\\u0105 o Pracodawcach, Pracownikach i Kandydatach b\\u0119d\\u0105cych na etapie zapoznawania si\\u0119 z og\\u0142oszeniami o prac\\u0119. Mo\\u017cna u nas znale\\u017a\\u0107 artyku\\u0142y o rynku pracy, z dziedziny HR, zarz\\u0105dzania, ofert pracy za granic\\u0105 oraz inne ciekawostki. Nie wahaj si\\u0119 nas odwiedzi\\u0107\",\"publisher\":{\"@id\":\"https:\/\/szukampracy.pl\/blog\/#organization\"},\"potentialAction\":[{\"@type\":\"SearchAction\",\"target\":{\"@type\":\"EntryPoint\",\"urlTemplate\":\"https:\/\/szukampracy.pl\/blog\/?s={search_term_string}\"},\"query-input\":\"required name=search_term_string\"}],\"inLanguage\":\"pl-PL\"},{\"@type\":\"ImageObject\",\"@id\":\"https:\/\/szukampracy.pl\/blog\/dofinansowanie-do-kosztow-zatrudnienia\/#primaryimage\",\"inLanguage\":\"pl-PL\",\"url\":\"https:\/\/szukampracy.pl\/blog\/wp-content\/uploads\/2020\/03\/dop\\u0142ata.jpg\",\"contentUrl\":\"https:\/\/szukampracy.pl\/blog\/wp-content\/uploads\/2020\/03\/dop\\u0142ata.jpg\",\"width\":1200,\"height\":740},{\"@type\":\"WebPage\",\"@id\":\"https:\/\/szukampracy.pl\/blog\/dofinansowanie-do-kosztow-zatrudnienia\/#webpage\",\"url\":\"https:\/\/szukampracy.pl\/blog\/dofinansowanie-do-kosztow-zatrudnienia\/\",\"name\":\"Dofinansowanie do koszt\\u00f3w zatrudnienia - Artyku\\u0142y dla Szukaj\\u0105cych pracy\",\"isPartOf\":{\"@id\":\"https:\/\/szukampracy.pl\/blog\/#website\"},\"primaryImageOfPage\":{\"@id\":\"https:\/\/szukampracy.pl\/blog\/dofinansowanie-do-kosztow-zatrudnienia\/#primaryimage\"},\"datePublished\":\"2020-03-28T14:10:10+00:00\",\"dateModified\":\"2020-03-27T15:02:48+00:00\",\"description\":\"Nowy artyku\\u0142 Dofinansowanie do koszt\\u00f3w zatrudnienia na Blog Szukampracy.pl - Artyku\\u0142y o rynku pracy i HR dla pracodawcy . Czytaj wi\\u0119cej na blogu Szukampracy.pl!\",\"breadcrumb\":{\"@id\":\"https:\/\/szukampracy.pl\/blog\/dofinansowanie-do-kosztow-zatrudnienia\/#breadcrumb\"},\"inLanguage\":\"pl-PL\",\"potentialAction\":[{\"@type\":\"ReadAction\",\"target\":[\"https:\/\/szukampracy.pl\/blog\/dofinansowanie-do-kosztow-zatrudnienia\/\"]}]},{\"@type\":\"BreadcrumbList\",\"@id\":\"https:\/\/szukampracy.pl\/blog\/dofinansowanie-do-kosztow-zatrudnienia\/#breadcrumb\",\"itemListElement\":[{\"@type\":\"ListItem\",\"position\":1,\"name\":\"Blog\",\"item\":\"https:\/\/szukampracy.pl\/blog\/\"},{\"@type\":\"ListItem\",\"position\":2,\"name\":\"Najnowsze Artyku\\u0142y\",\"item\":\"https:\/\/szukampracy.pl\/blog\/najnowsze\/\"},{\"@type\":\"ListItem\",\"position\":3,\"name\":\"Dofinansowanie do koszt\\u00f3w zatrudnienia\"}]},{\"@type\":\"Article\",\"@id\":\"https:\/\/szukampracy.pl\/blog\/dofinansowanie-do-kosztow-zatrudnienia\/#article\",\"isPartOf\":{\"@id\":\"https:\/\/szukampracy.pl\/blog\/dofinansowanie-do-kosztow-zatrudnienia\/#webpage\"},\"author\":{\"@id\":\"https:\/\/szukampracy.pl\/blog\/#\/schema\/person\/3952d4bf69b606b39399e9e649ef2394\"},\"headline\":\"Dofinansowanie do koszt\\u00f3w zatrudnienia\",\"datePublished\":\"2020-03-28T14:10:10+00:00\",\"dateModified\":\"2020-03-27T15:02:48+00:00\",\"mainEntityOfPage\":{\"@id\":\"https:\/\/szukampracy.pl\/blog\/dofinansowanie-do-kosztow-zatrudnienia\/#webpage\"},\"wordCount\":1156,\"commentCount\":0,\"publisher\":{\"@id\":\"https:\/\/szukampracy.pl\/blog\/#organization\"},\"image\":{\"@id\":\"https:\/\/szukampracy.pl\/blog\/dofinansowanie-do-kosztow-zatrudnienia\/#primaryimage\"},\"thumbnailUrl\":\"https:\/\/szukampracy.pl\/blog\/wp-content\/uploads\/2020\/03\/dop\\u0142ata.jpg\",\"keywords\":[\"koszty po stronie pracodawcy\",\"projekt dofinansowania\"],\"articleSection\":[\"Najnowsze Artyku\\u0142y\",\"Z rynku pracy\"],\"inLanguage\":\"pl-PL\",\"potentialAction\":[{\"@type\":\"CommentAction\",\"name\":\"Comment\",\"target\":[\"https:\/\/szukampracy.pl\/blog\/dofinansowanie-do-kosztow-zatrudnienia\/#respond\"]}]},{\"@type\":\"Person\",\"@id\":\"https:\/\/szukampracy.pl\/blog\/#\/schema\/person\/3952d4bf69b606b39399e9e649ef2394\",\"name\":\"Ekspert \\u0141ukasz\",\"image\":{\"@type\":\"ImageObject\",\"@id\":\"https:\/\/szukampracy.pl\/blog\/#personlogo\",\"inLanguage\":\"pl-PL\",\"url\":\"https:\/\/secure.gravatar.com\/avatar\/7733c11b2e55f533f1cae76b6c86129d?s=96&d=mm&r=g\",\"contentUrl\":\"https:\/\/secure.gravatar.com\/avatar\/7733c11b2e55f533f1cae76b6c86129d?s=96&d=mm&r=g\",\"caption\":\"Ekspert \\u0141ukasz\"},\"description\":\"Ekspert \\u0141ukasz swoje wieloletnie do\\u015bwiadczenie na rynku pracy postanowi\\u0142 przekaza\\u0107 tak\\u017ce na naszym blogu. Jego artyku\\u0142y dotycz\\u0105 aktualnych zmian gospodarczych a tak\\u017ce tych na rynku pracy. Z ch\\u0119cia udzieli porad pracodawc\\u0105, kt\\u00f3rzy pr\\u0119\\u017cnie rozwijaj\\u0105 swoje firmy.\"}]}<\/script>\n<!-- \/ Yoast SEO plugin. -->","yoast_head_json":{"title":"Dofinansowanie do koszt\u00f3w zatrudnienia - Artyku\u0142y dla Szukaj\u0105cych pracy","description":"Nowy artyku\u0142 Dofinansowanie do koszt\u00f3w zatrudnienia na Blog Szukampracy.pl - Artyku\u0142y o rynku pracy i HR dla pracodawcy . Czytaj wi\u0119cej na blogu Szukampracy.pl!","robots":{"index":"index","follow":"follow","max-snippet":"max-snippet:-1","max-image-preview":"max-image-preview:large","max-video-preview":"max-video-preview:-1"},"canonical":"https:\/\/szukampracy.pl\/blog\/dofinansowanie-do-kosztow-zatrudnienia\/","og_locale":"pl_PL","og_type":"article","og_title":"Dofinansowanie do koszt\u00f3w zatrudnienia - Artyku\u0142y dla Szukaj\u0105cych pracy","og_description":"Nowy artyku\u0142 Dofinansowanie do koszt\u00f3w zatrudnienia na Blog Szukampracy.pl - Artyku\u0142y o rynku pracy i HR dla pracodawcy . Czytaj wi\u0119cej na blogu Szukampracy.pl!","og_url":"https:\/\/szukampracy.pl\/blog\/dofinansowanie-do-kosztow-zatrudnienia\/","og_site_name":"Blog Szukampracy.pl - Artyku\u0142y o rynku pracy i HR dla pracodawcy","article_publisher":"https:\/\/www.facebook.com\/portalszukampracy\/","article_published_time":"2020-03-28T14:10:10+00:00","article_modified_time":"2020-03-27T15:02:48+00:00","og_image":[{"width":1200,"height":740,"url":"https:\/\/szukampracy.pl\/blog\/wp-content\/uploads\/2020\/03\/dop\u0142ata.jpg","path":"\/home\/szukamprac\/domains\/szukampracy.pl\/public_html\/blog\/wp-content\/uploads\/2020\/03\/dop\u0142ata.jpg","size":"full","id":2726,"alt":"","pixels":888000,"type":"image\/jpeg"}],"twitter_card":"summary","twitter_creator":"@SzukamPracyPl","twitter_site":"@SzukamPracyPl","twitter_misc":{"Written by":"Ekspert \u0141ukasz","Est. reading time":"6 minut"},"schema":{"@context":"https:\/\/schema.org","@graph":[{"@type":"Organization","@id":"https:\/\/szukampracy.pl\/blog\/#organization","name":"Szukampracy.pl","url":"https:\/\/szukampracy.pl\/blog\/","sameAs":["https:\/\/www.facebook.com\/portalszukampracy\/","https:\/\/www.linkedin.com\/company\/szukampracy-pl","https:\/\/www.youtube.com\/channel\/UCmY56pXKURtawvJjwIvU2YQ","https:\/\/twitter.com\/SzukamPracyPl"],"logo":{"@type":"ImageObject","@id":"https:\/\/szukampracy.pl\/blog\/#logo","inLanguage":"pl-PL","url":"https:\/\/szukampracy.pl\/blog\/wp-content\/uploads\/2017\/08\/logo-1.png","contentUrl":"https:\/\/szukampracy.pl\/blog\/wp-content\/uploads\/2017\/08\/logo-1.png","width":240,"height":33,"caption":"Szukampracy.pl"},"image":{"@id":"https:\/\/szukampracy.pl\/blog\/#logo"}},{"@type":"WebSite","@id":"https:\/\/szukampracy.pl\/blog\/#website","url":"https:\/\/szukampracy.pl\/blog\/","name":"Blog Szukampracy.pl - Artyku\u0142y o rynku pracy i HR dla pracodawcy","description":"Nasz blog powsta\u0142 z my\u015bl\u0105 o Pracodawcach, Pracownikach i Kandydatach b\u0119d\u0105cych na etapie zapoznawania si\u0119 z og\u0142oszeniami o prac\u0119. Mo\u017cna u nas znale\u017a\u0107 artyku\u0142y o rynku pracy, z dziedziny HR, zarz\u0105dzania, ofert pracy za granic\u0105 oraz inne ciekawostki. Nie wahaj si\u0119 nas odwiedzi\u0107","publisher":{"@id":"https:\/\/szukampracy.pl\/blog\/#organization"},"potentialAction":[{"@type":"SearchAction","target":{"@type":"EntryPoint","urlTemplate":"https:\/\/szukampracy.pl\/blog\/?s={search_term_string}"},"query-input":"required name=search_term_string"}],"inLanguage":"pl-PL"},{"@type":"ImageObject","@id":"https:\/\/szukampracy.pl\/blog\/dofinansowanie-do-kosztow-zatrudnienia\/#primaryimage","inLanguage":"pl-PL","url":"https:\/\/szukampracy.pl\/blog\/wp-content\/uploads\/2020\/03\/dop\u0142ata.jpg","contentUrl":"https:\/\/szukampracy.pl\/blog\/wp-content\/uploads\/2020\/03\/dop\u0142ata.jpg","width":1200,"height":740},{"@type":"WebPage","@id":"https:\/\/szukampracy.pl\/blog\/dofinansowanie-do-kosztow-zatrudnienia\/#webpage","url":"https:\/\/szukampracy.pl\/blog\/dofinansowanie-do-kosztow-zatrudnienia\/","name":"Dofinansowanie do koszt\u00f3w zatrudnienia - Artyku\u0142y dla Szukaj\u0105cych pracy","isPartOf":{"@id":"https:\/\/szukampracy.pl\/blog\/#website"},"primaryImageOfPage":{"@id":"https:\/\/szukampracy.pl\/blog\/dofinansowanie-do-kosztow-zatrudnienia\/#primaryimage"},"datePublished":"2020-03-28T14:10:10+00:00","dateModified":"2020-03-27T15:02:48+00:00","description":"Nowy artyku\u0142 Dofinansowanie do koszt\u00f3w zatrudnienia na Blog Szukampracy.pl - Artyku\u0142y o rynku pracy i HR dla pracodawcy . Czytaj wi\u0119cej na blogu Szukampracy.pl!","breadcrumb":{"@id":"https:\/\/szukampracy.pl\/blog\/dofinansowanie-do-kosztow-zatrudnienia\/#breadcrumb"},"inLanguage":"pl-PL","potentialAction":[{"@type":"ReadAction","target":["https:\/\/szukampracy.pl\/blog\/dofinansowanie-do-kosztow-zatrudnienia\/"]}]},{"@type":"BreadcrumbList","@id":"https:\/\/szukampracy.pl\/blog\/dofinansowanie-do-kosztow-zatrudnienia\/#breadcrumb","itemListElement":[{"@type":"ListItem","position":1,"name":"Blog","item":"https:\/\/szukampracy.pl\/blog\/"},{"@type":"ListItem","position":2,"name":"Najnowsze Artyku\u0142y","item":"https:\/\/szukampracy.pl\/blog\/najnowsze\/"},{"@type":"ListItem","position":3,"name":"Dofinansowanie do koszt\u00f3w zatrudnienia"}]},{"@type":"Article","@id":"https:\/\/szukampracy.pl\/blog\/dofinansowanie-do-kosztow-zatrudnienia\/#article","isPartOf":{"@id":"https:\/\/szukampracy.pl\/blog\/dofinansowanie-do-kosztow-zatrudnienia\/#webpage"},"author":{"@id":"https:\/\/szukampracy.pl\/blog\/#\/schema\/person\/3952d4bf69b606b39399e9e649ef2394"},"headline":"Dofinansowanie do koszt\u00f3w zatrudnienia","datePublished":"2020-03-28T14:10:10+00:00","dateModified":"2020-03-27T15:02:48+00:00","mainEntityOfPage":{"@id":"https:\/\/szukampracy.pl\/blog\/dofinansowanie-do-kosztow-zatrudnienia\/#webpage"},"wordCount":1156,"commentCount":0,"publisher":{"@id":"https:\/\/szukampracy.pl\/blog\/#organization"},"image":{"@id":"https:\/\/szukampracy.pl\/blog\/dofinansowanie-do-kosztow-zatrudnienia\/#primaryimage"},"thumbnailUrl":"https:\/\/szukampracy.pl\/blog\/wp-content\/uploads\/2020\/03\/dop\u0142ata.jpg","keywords":["koszty po stronie pracodawcy","projekt dofinansowania"],"articleSection":["Najnowsze Artyku\u0142y","Z rynku pracy"],"inLanguage":"pl-PL","potentialAction":[{"@type":"CommentAction","name":"Comment","target":["https:\/\/szukampracy.pl\/blog\/dofinansowanie-do-kosztow-zatrudnienia\/#respond"]}]},{"@type":"Person","@id":"https:\/\/szukampracy.pl\/blog\/#\/schema\/person\/3952d4bf69b606b39399e9e649ef2394","name":"Ekspert \u0141ukasz","image":{"@type":"ImageObject","@id":"https:\/\/szukampracy.pl\/blog\/#personlogo","inLanguage":"pl-PL","url":"https:\/\/secure.gravatar.com\/avatar\/7733c11b2e55f533f1cae76b6c86129d?s=96&d=mm&r=g","contentUrl":"https:\/\/secure.gravatar.com\/avatar\/7733c11b2e55f533f1cae76b6c86129d?s=96&d=mm&r=g","caption":"Ekspert \u0141ukasz"},"description":"Ekspert \u0141ukasz swoje wieloletnie do\u015bwiadczenie na rynku pracy postanowi\u0142 przekaza\u0107 tak\u017ce na naszym blogu. Jego artyku\u0142y dotycz\u0105 aktualnych zmian gospodarczych a tak\u017ce tych na rynku pracy. Z ch\u0119cia udzieli porad pracodawc\u0105, kt\u00f3rzy pr\u0119\u017cnie rozwijaj\u0105 swoje firmy."}]}},"fimg_url":"https:\/\/szukampracy.pl\/blog\/wp-content\/uploads\/2020\/03\/dop\u0142ata.jpg","amp_enabled":true,"_links":{"self":[{"href":"https:\/\/szukampracy.pl\/blog\/wp-json\/wp\/v2\/posts\/2725"}],"collection":[{"href":"https:\/\/szukampracy.pl\/blog\/wp-json\/wp\/v2\/posts"}],"about":[{"href":"https:\/\/szukampracy.pl\/blog\/wp-json\/wp\/v2\/types\/post"}],"author":[{"embeddable":true,"href":"https:\/\/szukampracy.pl\/blog\/wp-json\/wp\/v2\/users\/3"}],"replies":[{"embeddable":true,"href":"https:\/\/szukampracy.pl\/blog\/wp-json\/wp\/v2\/comments?post=2725"}],"version-history":[{"count":0,"href":"https:\/\/szukampracy.pl\/blog\/wp-json\/wp\/v2\/posts\/2725\/revisions"}],"wp:featuredmedia":[{"embeddable":true,"href":"https:\/\/szukampracy.pl\/blog\/wp-json\/wp\/v2\/media\/2726"}],"wp:attachment":[{"href":"https:\/\/szukampracy.pl\/blog\/wp-json\/wp\/v2\/media?parent=2725"}],"wp:term":[{"taxonomy":"category","embeddable":true,"href":"https:\/\/szukampracy.pl\/blog\/wp-json\/wp\/v2\/categories?post=2725"},{"taxonomy":"post_tag","embeddable":true,"href":"https:\/\/szukampracy.pl\/blog\/wp-json\/wp\/v2\/tags?post=2725"}],"curies":[{"name":"wp","href":"https:\/\/api.w.org\/{rel}","templated":true}]}}