{"id":2679,"date":"2020-03-16T17:01:26","date_gmt":"2020-03-16T17:01:26","guid":{"rendered":"https:\/\/szukampracy.pl\/blog\/?p=2679"},"modified":"2020-12-10T08:35:22","modified_gmt":"2020-12-10T08:35:22","slug":"zasady-przygotowania-przedsiebiorstwa-na-sytuacje-awaryjna","status":"publish","type":"post","link":"https:\/\/szukampracy.pl\/blog\/zasady-przygotowania-przedsiebiorstwa-na-sytuacje-awaryjna\/","title":{"rendered":"Zasady przygotowania przedsi\u0119biorstwa na sytuacj\u0119 awaryjn\u0105"},"content":{"rendered":"\n<p>Rozwijaj\u0105ca si\u0119 epidemia\nkoronawirusa powoduje wiele dynamicznych zmian, r\u00f3wnie\u017c na rynku pracy. Przed\ndu\u017cymi dylematami i wyzwaniami staj\u0105 obecnie pracodawcy, dostosowuj\u0105c si\u0119 do\nnowych warunk\u00f3w funkcjonowania, kt\u00f3re zmieniaj\u0105 si\u0119 z dnia na dzie\u0144. Warto w\ntym miejscu zastanowi\u0107 si\u0119 nad r\u00f3\u017cnymi aspektami funkcjonowania tak\nprzedsi\u0119biorstwa, jak i pracownik\u00f3w, w nowych warunkach zwi\u0105zanych z epidemi\u0105\nkoronawirusa.<\/p>\n\n\n\n<h3 class=\"wp-block-heading\"><span class=\"ez-toc-section\" id=\"Czy_i_jakie_wdrozyc_procedury_zapobiegania_i_przeciwdzialania_zakazeniom_w_miejscu_pracy\"><\/span><strong>Czy i jakie wdro\u017cy\u0107 procedury\nzapobiegania i przeciwdzia\u0142ania zaka\u017ceniom w miejscu pracy?<\/strong><span class=\"ez-toc-section-end\"><\/span><\/h3>\n\n\n\n<p>W chwili obecnej wielu\npracodawc\u00f3w decyduje si\u0119 na wdra\u017canie wewn\u0119trznych procedur post\u0119powania w\nsytuacji zagro\u017cenia epidemiologicznego. I tego typu dzia\u0142ania nale\u017cy ocenia\u0107\njak najbardziej pozytywnie. By jednak przynios\u0142y one w\u0142a\u015bciwy skutek, powinny\none by\u0107 oparte o zalecenia zwi\u0105zane z koronawirusem wydane przez \u015awiatow\u0105\nOrganizacj\u0119 Zdrowia (WHO), G\u0142\u00f3wny Inspektorat Sanitarny (GIS) czy te\u017c inne\nuprawnione organy. Tego typu zalecenia, pomimo niewi\u0105\u017c\u0105cego charakteru,\nzawieraj\u0105 jednak wiele cennych wskaz\u00f3wek, jak pracodawca mo\u017ce obecnie zapewni\u0107\nbezpieczne i higieniczne warunki pracy.<\/p>\n\n\n\n<p>Odpowiednia procedura wewn\u0119trzna\nzak\u0142adu pracy powinna przewidywa\u0107 mi\u0119dzy innymi nast\u0119puj\u0105ce kwestie:<\/p>\n\n\n\n<ul><li>spos\u00f3b organizacji pracy w przypadku brak\u00f3w\nkadrowych<\/li><li>metoda powiadamiania partner\u00f3w biznesowych o\newentualnych op\u00f3\u017anieniach w zleceniach<\/li><li>w przypadku korporacji mi\u0119dzynarodowych,\nmo\u017cliwo\u015b\u0107 przekazania cz\u0119\u015bci pracy do biur po\u0142o\u017conych w pa\u0144stwach\nniedotkni\u0119tych epidemi\u0105<\/li><\/ul>\n\n\n\n<p>R\u00f3wnie istotne jest te\u017c\nwprowadzenie do takich procedur mechanizm\u00f3w prewencyjnych, kt\u00f3rych zadaniem\nb\u0119dzie zapobieganie ewentualnym brakom kadrowym. Mowa tutaj chocia\u017cby o takich\nelementach, jak:<\/p>\n\n\n\n<ul><li>formy wsparcia dla pracownik\u00f3w w zakresie\nzapewnienia opieki nad dzie\u0107mi<\/li><li>\u015brodki prewencyjne dla pracownik\u00f3w, kt\u00f3rzy\nostatnio podr\u00f3\u017cowali do pa\u0144stw z licznymi przypadkami zachorowa\u0144<\/li><li>rekomendowanie pracownikom ograniczenia\naktywno\u015bci poza godzinami pracy (uczestnictwo w spotkaniach towarzyskich, odwiedziny\nw galeriach handlowych itp.)<\/li><li>prowadzenie proces\u00f3w rekrutacyjnych wy\u0142\u0105cznie\ndrog\u0105 mailow\u0105<\/li><li>korzystanie z mo\u017cliwo\u015bci kierowania pracownik\u00f3w\ndo pracy zdalnej (GIS wskaza\u0142, i\u017c obecnie praca zdalna powinna by\u0107 zalecana\nwsz\u0119dzie tam, gdzie jest mo\u017cliwa)<\/li><\/ul>\n\n\n\n<p>Co istotne, raz wprowadzona\nprocedura (okazuj\u0105c si\u0119 skuteczn\u0105), mo\u017ce by\u0107 wykorzystywana przez pracodawc\u0119 w\nprzysz\u0142o\u015bci, b\u0119d\u0105c pomocn\u0105 nie tylko w sytuacji zagro\u017cenia epidemiologicznego.\nNiska frekwencja mo\u017ce bowiem by\u0107 spowodowana r\u00f3wnie\u017c innymi czynnikami.<\/p>\n\n\n\n<h3 class=\"wp-block-heading\"><span class=\"ez-toc-section\" id=\"Kiedy_moze_byc_konieczna_weryfikacja_oceny_ryzyka_zawodowego\"><\/span><strong>Kiedy mo\u017ce by\u0107 konieczna\nweryfikacja oceny ryzyka zawodowego?<\/strong><span class=\"ez-toc-section-end\"><\/span><\/h3>\n\n\n\n<p>Rozprzestrzenianie si\u0119 wirusa\nmo\u017ce spowodowa\u0107 konieczno\u015b\u0107 weryfikacji oceny ryzyka zawodowego. Mo\u017ce si\u0119\nbowiem zdarzy\u0107, i\u017c ryzyko na niekt\u00f3rych stanowiskach (os\u00f3b cz\u0119sto\npodr\u00f3\u017cuj\u0105cych, pracownik\u00f3w sklep\u00f3w, przedstawicieli przedsi\u0119biorstw\nfarmaceutycznych) ulegnie znacz\u0105cej zmianie i powinno by\u0107 na nowo oszacowane. I\npomimo trudno\u015bci oraz czasoch\u0142onno\u015bci, mo\u017ce okaza\u0107 si\u0119 konieczne z punktu\nwidzenia oceny ewentualnej odpowiedzialno\u015bci pracodawcy.<\/p>\n\n\n\n<p>By z kolei tak\u0105 ponown\u0105 ocen\u0119\nryzyka zawodowego wykona\u0107, nale\u017cy powo\u0142a\u0107 specjalny zesp\u00f3\u0142, w sk\u0142ad kt\u00f3rego\nwejd\u0105 osoby z odpowiednim przeszkoleniem oraz przedstawiciel pracownik\u00f3w,\nzatrudniony na stanowisku, kt\u00f3rego ocena dotyczy. Poza zidentyfikowaniem\nzagro\u017ce\u0144, niezb\u0119dnym jest te\u017c nowe oszacowanie ryzyka.<\/p>\n\n\n\n<h3 class=\"wp-block-heading\"><span class=\"ez-toc-section\" id=\"Jakie_ulatwienia_dla_pracownikow_w_kontekscie_zmian_w_zakresie_czasu_pracy_sa_godne_rozwazenia\"><\/span><strong>Jakie u\u0142atwienia dla\npracownik\u00f3w w kontek\u015bcie zmian w zakresie czasu pracy s\u0105 godne rozwa\u017cenia?<\/strong><span class=\"ez-toc-section-end\"><\/span><\/h3>\n\n\n\n<p>Na pewno pracodawcy mog\u0105 wzi\u0105\u0107\npod uwag\u0119 zmiany w zakresie czasu pracy i skorzysta\u0107 z wszelkich mo\u017cliwo\u015bci\npozwalaj\u0105cych na zapewnienie pracownikom wi\u0119kszej elastyczno\u015bci. Dobrym\nrozwi\u0105zaniem mo\u017ce okaza\u0107 si\u0119 wprowadzenie ruchomego czasu pracy, szczeg\u00f3lnie w\nprzypadku konieczno\u015bci zapewnienia opieki dzieciom.<\/p>\n\n\n\n<p>W przypadku os\u00f3b, kt\u00f3rym\npowierzono zdalne wykonywanie pracy, godnym zastanowienia jest wprowadzenie\nzadaniowego czasu pracy, kt\u00f3ry wykluczy po stronie pracodawcy konieczno\u015b\u0107\newidencjonowania czasu pracy. <\/p>\n\n\n\n<p>Pracodawcy mog\u0105 te\u017c przyzna\u0107\npracownikom dodatkowe dni urlopu, jak i zwolni\u0107 ich z obowi\u0105zku wykonywania\npracy, z zachowaniem prawa do wynagrodzenia. <\/p>\n\n\n\n<h3 class=\"wp-block-heading\"><span class=\"ez-toc-section\" id=\"Czy_pracodawca_winien_zmienic_zasady_premiowania\"><\/span><strong>Czy pracodawca winien zmieni\u0107\nzasady premiowania?<\/strong><span class=\"ez-toc-section-end\"><\/span><\/h3>\n\n\n\n<p>Niew\u0105tpliwie sytuacja z epidemi\u0105\nmo\u017ce spowodowa\u0107, i\u017c znacz\u0105co pogorsz\u0105 si\u0119 wyniki finansowe wi\u0119kszo\u015bci\nprzedsi\u0119biorstw. Zatem mo\u017ce te\u017c by\u0107 tak, i\u017c w danym przedsi\u0119biorstwie, wskutek\nbrak\u00f3w kadrowych, premie produkcyjne czy za wyniki nie b\u0119d\u0105 przys\u0142ugiwa\u0107\nnikomu.<\/p>\n\n\n\n<p>Pracodawcy oczywi\u015bcie mog\u0105\nzmieni\u0107 zapisy zasad premiowania, tym niemniej nie jest to ich obowi\u0105zek, a\nnadto nale\u017cy pami\u0119ta\u0107 te\u017c i o tym, i\u017c sami pracodawcy b\u0119d\u0105 mieli trudniejsz\u0105\nsytuacj\u0119 finansow\u0105. St\u0105d te\u017c trudno oczekiwa\u0107, by pracodawcy dokonywali zmian\nna tym polu.<\/p>\n\n\n\n<h3 class=\"wp-block-heading\"><span class=\"ez-toc-section\" id=\"Czy_mozna_odizolowac_pracownika_ktory_ma_podejrzenie_zakazenia_koronawirusem\"><\/span><strong>Czy mo\u017cna odizolowa\u0107\npracownika, kt\u00f3ry ma podejrzenie zaka\u017cenia koronawirusem?<\/strong><span class=\"ez-toc-section-end\"><\/span><\/h3>\n\n\n\n<p>Pracodawca nie mo\u017ce w spos\u00f3b\nsta\u0142y izolowa\u0107 pracownika z podejrzeniem choroby. Mo\u017ce odm\u00f3wi\u0107 dopuszczenie do\npracy i skierowa\u0107 na badania lekarskie. Wszelkie inne formy izolowania mog\u0105 by\u0107\npostrzegane jako szykanowanie i dyskryminacja. <\/p>\n\n\n\n<p>Jedyn\u0105 sytuacj\u0105, gdy mo\u017cliwym\nby\u0142oby izolowanie pracownika, jest taka, gdyby przyszed\u0142 on do pracy z\nwyra\u017anymi objawami zara\u017cenia koronawirusem, a samo izolowanie mia\u0142oby charakter\ntymczasowy, przyk\u0142adowo do przyjazdu odpowiednich s\u0142u\u017cb. Bowiem w takim przypadku\nmamy do czynienia z dzia\u0142aniem pracodawcy nastawionym na przeciwdzia\u0142anie\nrozprzestrzenianiu si\u0119 koronawirusa, a nie z sytuacj\u0105 sta\u0142ego odizolowania\npracownika. <\/p>\n\n\n\n<h3 class=\"wp-block-heading\"><span class=\"ez-toc-section\" id=\"Co_jest_wazniejsze_dla_pracodawcy_prawo_pracownika_do_opieki_czy_tez_przykladowo_zapewnienie_ciaglosci_produkcji_lekow\"><\/span><strong>Co jest wa\u017cniejsze dla\npracodawcy, prawo pracownika do opieki czy te\u017c przyk\u0142adowo zapewnienie\nci\u0105g\u0142o\u015bci produkcji lek\u00f3w?<\/strong><span class=\"ez-toc-section-end\"><\/span><\/h3>\n\n\n\n<p>Nowa ustawa dotycz\u0105ca specjalnych\ndzia\u0142a\u0144 w zwi\u0105zku z szerzeniem si\u0119 epidemii koronawirusa wprowadza dodatkowy\nzasi\u0142ek opieku\u0144czy, kt\u00f3ry przys\u0142uguje pracownikowi w przypadku zamkni\u0119cia\n\u017c\u0142obka, przedszkola czy te\u017c szko\u0142y (co obecnie nast\u0105pi\u0142o na okres 2 tygodni). <\/p>\n\n\n\n<p>Jednak\u017ce problemem dla pracodawcy\nmo\u017ce by\u0107 nieobecno\u015b\u0107 w pracy kluczowych, niezb\u0119dnych dla funkcjonowania\nprzedsi\u0119biorstwa pracownik\u00f3w, kt\u00f3rzy z takiej opieki chcieliby skorzysta\u0107. I\nten problem dotyczy g\u0142\u00f3wnie przedsi\u0119biorstw o szczeg\u00f3lnym znaczeniu\ngospodarczo-obronnym dla kraju. Mowa tutaj zatem o przedsi\u0119biorstwach z sektora\nfarmaceutycznego, transportowego czy te\u017c energetycznego.<\/p>\n\n\n\n<p>Zdaniem ekspert\u00f3w pracodawca mo\u017ce\nw takiej sytuacji odm\u00f3wi\u0107 pracownikom prawa do skorzystania z zasi\u0142ku\nopieku\u0144czego i zwi\u0105zanego z tym zwolnienia z uwagi na wyj\u0105tkowe okoliczno\u015bci,\njak i charakter dzia\u0142alno\u015bci. W tej sytuacji bowiem przyk\u0142adowe zapewnienie\nci\u0105g\u0142o\u015bci produkcji lek\u00f3w jest warto\u015bci\u0105 nadrz\u0119dn\u0105 nad prawem pracownika do zasi\u0142ku\nopieku\u0144czego. <\/p>\n\n\n\n<p>Jednocze\u015bnie pracodawca mo\u017ce\nz\u0142agodzi\u0107 skutki swej decyzji, udzielaj\u0105c pomocy w sferze znalezienia opieki\nnad dzieckiem czy te\u017c przyznanie na ten cel specjalnego dodatku finansowego. <\/p>\n\n\n\n<h3 class=\"wp-block-heading\"><span class=\"ez-toc-section\" id=\"Czy_pracodawca_moze_zastosowac_jakies_szczegolne_srodki_prewencyjne_wobec_cudzoziemcow\"><\/span><strong>Czy pracodawca mo\u017ce zastosowa\u0107\njakie\u015b szczeg\u00f3lne \u015brodki prewencyjne wobec cudzoziemc\u00f3w?<\/strong><span class=\"ez-toc-section-end\"><\/span><\/h3>\n\n\n\n<p>Podj\u0119cie jakichkolwiek dzia\u0142a\u0144\nprewencyjnych wobec grupy pracownik\u00f3w wy\u0142onionych na podstawie kryterium\nnarodowo\u015bciowego jest niedopuszczalne i bezcelowe, gdy\u017c nie ma nic wsp\u00f3lnego z\nochron\u0105 przed epidemi\u0105. <\/p>\n\n\n\n<p>Jakiekolwiek szczeg\u00f3lne \u015brodki\nzapobiegawcze mog\u0105 by\u0107 wprowadzone jedynie w oparciu o obiektywne kryteria, w\nprzeciwnym bowiem razie mog\u0105 zosta\u0107 uznane za naruszenie d\u00f3br osobistych. <\/p>\n\n\n\n<h3 class=\"wp-block-heading\"><span class=\"ez-toc-section\" id=\"Czy_organy_administracji_rzadowej_moga_nalozyc_na_pracodawce_dodatkowe_obowiazki\"><\/span><strong>Czy organy administracji\nrz\u0105dowej mog\u0105 na\u0142o\u017cy\u0107 na pracodawc\u0119 dodatkowe obowi\u0105zki?<\/strong><span class=\"ez-toc-section-end\"><\/span><\/h3>\n\n\n\n<p>Zgodnie z now\u0105 ustaw\u0105 w sprawie\nprzeciwdzia\u0142ania epidemii koronawirusa, GIS lub podleg\u0142e mu inspektoraty\nwojew\u00f3dzkie mog\u0105 na\u0142o\u017cy\u0107 na pracodawc\u00f3w obowi\u0105zek podj\u0119cia okre\u015blonych\nczynno\u015bci zapobiegawczych lub kontrolnych. Co istotne, decyzje wydane przez te\norgany podlegaj\u0105 natychmiastowemu wykonaniu i nie musz\u0105 by\u0107 w \u017caden spos\u00f3b\nuzasadniane. <\/p>\n\n\n\n<p>Pracodawcy nie mog\u0105 si\u0119 od nich\nodwo\u0142ywa\u0107 ani ich uchyla\u0107. Mog\u0105 one te\u017c uprawnia\u0107 pracodawc\u0119 do podejmowania\ndzia\u0142a\u0144, kt\u00f3re w normalnych warunkach by\u0142yby niedopuszczalne. W tej sytuacji\ninteres pracownik\u00f3w b\u0119dzie musia\u0142 ust\u0105pi\u0107 miejsca interesowi publicznemu. <\/p>\n\n\n\n<h3 class=\"wp-block-heading\"><span class=\"ez-toc-section\" id=\"Czy_pracodawca_bedzie_ponosil_odpowiedzialnosc_za_dopuszczenie_do_pracy_osoby_zakazonej_koronawirusem\"><\/span><strong>Czy pracodawca b\u0119dzie ponosi\u0142\nodpowiedzialno\u015b\u0107 za dopuszczenie do pracy osoby zaka\u017conej koronawirusem?<\/strong><span class=\"ez-toc-section-end\"><\/span><\/h3>\n\n\n\n<p>Co do zasady pracodawca nie\nponiesie odpowiedzialno\u015bci w takim przypadku. Jednak\u017ce wyj\u0105tkiem mog\u0105 by\u0107\nsytuacje, gdy stan zdrowia pracownika ewidentnie wskazywa\u0142 na wyst\u0119powanie\nzaka\u017cenia, a pracodawca pomimo to nie zdecydowa\u0142 si\u0119 na wys\u0142anie go na badania\nkontrolne. Dlatego te\u017c w przypadku uzasadnionych obaw co do stanu zdrowia,\npracodawca winien natychmiast skierowa\u0107 takiego pracownika na stosowne badania.<\/p>\n\n\n\n<p>Odpowiedzialno\u015b\u0107 pracodawcy mo\u017ce\npowsta\u0107 jeszcze w dw\u00f3ch przypadkach:<\/p>\n\n\n\n<ul><li>gdy zaniecha dokonania rzetelnej oceny ryzyka na\nstanowisku pracy (je\u017celi w og\u00f3le nie zosta\u0142a przeprowadzona lub nie obejmuje\nzagro\u017cenia zwi\u0105zanego z koronawirusem)<\/li><li>gdy nie zaopatrzy pracownika w wymagane \u015brodki\nochronne<\/li><\/ul>\n\n\n\n<h3 class=\"wp-block-heading\"><span class=\"ez-toc-section\" id=\"Czy_takie_same_regulacje_dotycza_osob_pracujacych_na_umowach_cywilno-prawnych\"><\/span><strong>Czy takie same regulacje\ndotycz\u0105 os\u00f3b pracuj\u0105cych na umowach cywilno-prawnych?<\/strong><span class=\"ez-toc-section-end\"><\/span><\/h3>\n\n\n\n<p>Wprowadzone specjalne przepisy\ndotycz\u0105 wprost os\u00f3b zatrudnionych na umowach o prac\u0119. Jednak\u017ce zdaniem\nekspert\u00f3w stosowanie tych przepis\u00f3w i zalece\u0144 r\u00f3wnie\u017c wobec os\u00f3b zatrudnionych\nna umowach zlecenia czy te\u017c o dzie\u0142o jest nie tylko mo\u017cliwe, ale wr\u0119cz\nkonieczne i uzasadnione. Stosowanie bowiem podwy\u017cszonych standard\u00f3w\nbezpiecze\u0144stwa i higieny pracy jedynie wobec cz\u0119\u015bci os\u00f3b \u015bwiadcz\u0105cych prac\u0119 w\ndanym przedsi\u0119biorstwie by\u0142oby bezcelowe. <\/p>\n\n\n\n<p>Podsumowuj\u0105c, przed pracodawcami\ntrudny okres. Z jednej strony musz\u0105 zmierzy\u0107 si\u0119 z trudniejsz\u0105 sytuacj\u0105 finansow\u0105,\nabsencjami pracownik\u00f3w i spadkiem sprzeda\u017cy, a z drugiej mog\u0105 otrzyma\u0107\npolecenie podj\u0119cia dodatkowych, kosztownych dzia\u0142a\u0144. Jednak\u017ce wszystko to jest\nspowodowane konieczno\u015bci\u0105 powstrzymania rozprzestrzeniania si\u0119 epidemii\nkoronawirusa. Stanowi to te\u017c pewne do\u015bwiadczenie na przysz\u0142o\u015b\u0107, jak radzi\u0107\nsobie w sytuacji zagro\u017cenia, niekoniecznie epidemiologicznego.<\/p>\n","protected":false},"excerpt":{"rendered":"<p>Rozwijaj\u0105ca si\u0119 epidemia koronawirusa powoduje wiele dynamicznych zmian, r\u00f3wnie\u017c na rynku pracy. Przed du\u017cymi dylematami i wyzwaniami staj\u0105 obecnie pracodawcy,<\/p>\n","protected":false},"author":3,"featured_media":2680,"comment_status":"open","ping_status":"open","sticky":false,"template":"","format":"standard","meta":{"footnotes":""},"categories":[3,8],"tags":[786,1696],"yoast_head":"<!-- This site is optimized with the Yoast SEO plugin v16.7 - https:\/\/yoast.com\/wordpress\/plugins\/seo\/ -->\n<title>Zasady przygotowania przedsi\u0119biorstwa na sytuacj\u0119 awaryjn\u0105 - Artyku\u0142y dla Szukaj\u0105cych pracy<\/title>\n<meta name=\"description\" content=\"Nowy artyku\u0142 Zasady przygotowania przedsi\u0119biorstwa na sytuacj\u0119 awaryjn\u0105 na Blog Szukampracy.pl - Artyku\u0142y o rynku pracy i HR dla pracodawcy . Czytaj wi\u0119cej na blogu Szukampracy.pl!\" \/>\n<meta name=\"robots\" content=\"index, follow, max-snippet:-1, max-image-preview:large, max-video-preview:-1\" \/>\n<link rel=\"canonical\" href=\"https:\/\/szukampracy.pl\/blog\/zasady-przygotowania-przedsiebiorstwa-na-sytuacje-awaryjna\/\" \/>\n<meta property=\"og:locale\" content=\"pl_PL\" \/>\n<meta property=\"og:type\" content=\"article\" \/>\n<meta property=\"og:title\" content=\"Zasady przygotowania przedsi\u0119biorstwa na sytuacj\u0119 awaryjn\u0105 - Artyku\u0142y dla Szukaj\u0105cych pracy\" \/>\n<meta property=\"og:description\" content=\"Nowy artyku\u0142 Zasady przygotowania przedsi\u0119biorstwa na sytuacj\u0119 awaryjn\u0105 na Blog Szukampracy.pl - Artyku\u0142y o rynku pracy i HR dla pracodawcy . Czytaj wi\u0119cej na blogu Szukampracy.pl!\" \/>\n<meta property=\"og:url\" content=\"https:\/\/szukampracy.pl\/blog\/zasady-przygotowania-przedsiebiorstwa-na-sytuacje-awaryjna\/\" \/>\n<meta property=\"og:site_name\" content=\"Blog Szukampracy.pl - Artyku\u0142y o rynku pracy i HR dla pracodawcy\" \/>\n<meta property=\"article:publisher\" content=\"https:\/\/www.facebook.com\/portalszukampracy\/\" \/>\n<meta property=\"article:published_time\" content=\"2020-03-16T17:01:26+00:00\" \/>\n<meta property=\"article:modified_time\" content=\"2020-12-10T08:35:22+00:00\" \/>\n<meta property=\"og:image\" content=\"https:\/\/szukampracy.pl\/blog\/wp-content\/uploads\/2020\/03\/przedsi\u0119biorstwo.jpg\" \/>\n\t<meta property=\"og:image:width\" content=\"1024\" \/>\n\t<meta property=\"og:image:height\" content=\"577\" \/>\n<meta name=\"twitter:card\" content=\"summary\" \/>\n<meta name=\"twitter:creator\" content=\"@SzukamPracyPl\" \/>\n<meta name=\"twitter:site\" content=\"@SzukamPracyPl\" \/>\n<meta name=\"twitter:label1\" content=\"Written by\" \/>\n\t<meta name=\"twitter:data1\" content=\"Ekspert \u0141ukasz\" \/>\n\t<meta name=\"twitter:label2\" content=\"Est. reading time\" \/>\n\t<meta name=\"twitter:data2\" content=\"7 minut\" \/>\n<script type=\"application\/ld+json\" class=\"yoast-schema-graph\">{\"@context\":\"https:\/\/schema.org\",\"@graph\":[{\"@type\":\"Organization\",\"@id\":\"https:\/\/szukampracy.pl\/blog\/#organization\",\"name\":\"Szukampracy.pl\",\"url\":\"https:\/\/szukampracy.pl\/blog\/\",\"sameAs\":[\"https:\/\/www.facebook.com\/portalszukampracy\/\",\"https:\/\/www.linkedin.com\/company\/szukampracy-pl\",\"https:\/\/www.youtube.com\/channel\/UCmY56pXKURtawvJjwIvU2YQ\",\"https:\/\/twitter.com\/SzukamPracyPl\"],\"logo\":{\"@type\":\"ImageObject\",\"@id\":\"https:\/\/szukampracy.pl\/blog\/#logo\",\"inLanguage\":\"pl-PL\",\"url\":\"https:\/\/szukampracy.pl\/blog\/wp-content\/uploads\/2017\/08\/logo-1.png\",\"contentUrl\":\"https:\/\/szukampracy.pl\/blog\/wp-content\/uploads\/2017\/08\/logo-1.png\",\"width\":240,\"height\":33,\"caption\":\"Szukampracy.pl\"},\"image\":{\"@id\":\"https:\/\/szukampracy.pl\/blog\/#logo\"}},{\"@type\":\"WebSite\",\"@id\":\"https:\/\/szukampracy.pl\/blog\/#website\",\"url\":\"https:\/\/szukampracy.pl\/blog\/\",\"name\":\"Blog Szukampracy.pl - Artyku\\u0142y o rynku pracy i HR dla pracodawcy\",\"description\":\"Nasz blog powsta\\u0142 z my\\u015bl\\u0105 o Pracodawcach, Pracownikach i Kandydatach b\\u0119d\\u0105cych na etapie zapoznawania si\\u0119 z og\\u0142oszeniami o prac\\u0119. Mo\\u017cna u nas znale\\u017a\\u0107 artyku\\u0142y o rynku pracy, z dziedziny HR, zarz\\u0105dzania, ofert pracy za granic\\u0105 oraz inne ciekawostki. Nie wahaj si\\u0119 nas odwiedzi\\u0107\",\"publisher\":{\"@id\":\"https:\/\/szukampracy.pl\/blog\/#organization\"},\"potentialAction\":[{\"@type\":\"SearchAction\",\"target\":{\"@type\":\"EntryPoint\",\"urlTemplate\":\"https:\/\/szukampracy.pl\/blog\/?s={search_term_string}\"},\"query-input\":\"required name=search_term_string\"}],\"inLanguage\":\"pl-PL\"},{\"@type\":\"ImageObject\",\"@id\":\"https:\/\/szukampracy.pl\/blog\/zasady-przygotowania-przedsiebiorstwa-na-sytuacje-awaryjna\/#primaryimage\",\"inLanguage\":\"pl-PL\",\"url\":\"https:\/\/szukampracy.pl\/blog\/wp-content\/uploads\/2020\/03\/przedsi\\u0119biorstwo.jpg\",\"contentUrl\":\"https:\/\/szukampracy.pl\/blog\/wp-content\/uploads\/2020\/03\/przedsi\\u0119biorstwo.jpg\",\"width\":1024,\"height\":577,\"caption\":\"szukampracy.pl serwis z og\\u0142oszeniami o prac\\u0119\"},{\"@type\":\"WebPage\",\"@id\":\"https:\/\/szukampracy.pl\/blog\/zasady-przygotowania-przedsiebiorstwa-na-sytuacje-awaryjna\/#webpage\",\"url\":\"https:\/\/szukampracy.pl\/blog\/zasady-przygotowania-przedsiebiorstwa-na-sytuacje-awaryjna\/\",\"name\":\"Zasady przygotowania przedsi\\u0119biorstwa na sytuacj\\u0119 awaryjn\\u0105 - Artyku\\u0142y dla Szukaj\\u0105cych pracy\",\"isPartOf\":{\"@id\":\"https:\/\/szukampracy.pl\/blog\/#website\"},\"primaryImageOfPage\":{\"@id\":\"https:\/\/szukampracy.pl\/blog\/zasady-przygotowania-przedsiebiorstwa-na-sytuacje-awaryjna\/#primaryimage\"},\"datePublished\":\"2020-03-16T17:01:26+00:00\",\"dateModified\":\"2020-12-10T08:35:22+00:00\",\"description\":\"Nowy artyku\\u0142 Zasady przygotowania przedsi\\u0119biorstwa na sytuacj\\u0119 awaryjn\\u0105 na Blog Szukampracy.pl - Artyku\\u0142y o rynku pracy i HR dla pracodawcy . Czytaj wi\\u0119cej na blogu Szukampracy.pl!\",\"breadcrumb\":{\"@id\":\"https:\/\/szukampracy.pl\/blog\/zasady-przygotowania-przedsiebiorstwa-na-sytuacje-awaryjna\/#breadcrumb\"},\"inLanguage\":\"pl-PL\",\"potentialAction\":[{\"@type\":\"ReadAction\",\"target\":[\"https:\/\/szukampracy.pl\/blog\/zasady-przygotowania-przedsiebiorstwa-na-sytuacje-awaryjna\/\"]}]},{\"@type\":\"BreadcrumbList\",\"@id\":\"https:\/\/szukampracy.pl\/blog\/zasady-przygotowania-przedsiebiorstwa-na-sytuacje-awaryjna\/#breadcrumb\",\"itemListElement\":[{\"@type\":\"ListItem\",\"position\":1,\"name\":\"Blog\",\"item\":\"https:\/\/szukampracy.pl\/blog\/\"},{\"@type\":\"ListItem\",\"position\":2,\"name\":\"Najnowsze Artyku\\u0142y\",\"item\":\"https:\/\/szukampracy.pl\/blog\/najnowsze\/\"},{\"@type\":\"ListItem\",\"position\":3,\"name\":\"Zasady przygotowania przedsi\\u0119biorstwa na sytuacj\\u0119 awaryjn\\u0105\"}]},{\"@type\":\"Article\",\"@id\":\"https:\/\/szukampracy.pl\/blog\/zasady-przygotowania-przedsiebiorstwa-na-sytuacje-awaryjna\/#article\",\"isPartOf\":{\"@id\":\"https:\/\/szukampracy.pl\/blog\/zasady-przygotowania-przedsiebiorstwa-na-sytuacje-awaryjna\/#webpage\"},\"author\":{\"@id\":\"https:\/\/szukampracy.pl\/blog\/#\/schema\/person\/3952d4bf69b606b39399e9e649ef2394\"},\"headline\":\"Zasady przygotowania przedsi\\u0119biorstwa na sytuacj\\u0119 awaryjn\\u0105\",\"datePublished\":\"2020-03-16T17:01:26+00:00\",\"dateModified\":\"2020-12-10T08:35:22+00:00\",\"mainEntityOfPage\":{\"@id\":\"https:\/\/szukampracy.pl\/blog\/zasady-przygotowania-przedsiebiorstwa-na-sytuacje-awaryjna\/#webpage\"},\"wordCount\":1506,\"commentCount\":1,\"publisher\":{\"@id\":\"https:\/\/szukampracy.pl\/blog\/#organization\"},\"image\":{\"@id\":\"https:\/\/szukampracy.pl\/blog\/zasady-przygotowania-przedsiebiorstwa-na-sytuacje-awaryjna\/#primaryimage\"},\"thumbnailUrl\":\"https:\/\/szukampracy.pl\/blog\/wp-content\/uploads\/2020\/03\/przedsi\\u0119biorstwo.jpg\",\"keywords\":[\"koronawirus\",\"procedura oceny ryzyka zawodowego\"],\"articleSection\":[\"Najnowsze Artyku\\u0142y\",\"Z rynku pracy\"],\"inLanguage\":\"pl-PL\",\"potentialAction\":[{\"@type\":\"CommentAction\",\"name\":\"Comment\",\"target\":[\"https:\/\/szukampracy.pl\/blog\/zasady-przygotowania-przedsiebiorstwa-na-sytuacje-awaryjna\/#respond\"]}]},{\"@type\":\"Person\",\"@id\":\"https:\/\/szukampracy.pl\/blog\/#\/schema\/person\/3952d4bf69b606b39399e9e649ef2394\",\"name\":\"Ekspert \\u0141ukasz\",\"image\":{\"@type\":\"ImageObject\",\"@id\":\"https:\/\/szukampracy.pl\/blog\/#personlogo\",\"inLanguage\":\"pl-PL\",\"url\":\"https:\/\/secure.gravatar.com\/avatar\/7733c11b2e55f533f1cae76b6c86129d?s=96&d=mm&r=g\",\"contentUrl\":\"https:\/\/secure.gravatar.com\/avatar\/7733c11b2e55f533f1cae76b6c86129d?s=96&d=mm&r=g\",\"caption\":\"Ekspert \\u0141ukasz\"},\"description\":\"Ekspert \\u0141ukasz swoje wieloletnie do\\u015bwiadczenie na rynku pracy postanowi\\u0142 przekaza\\u0107 tak\\u017ce na naszym blogu. Jego artyku\\u0142y dotycz\\u0105 aktualnych zmian gospodarczych a tak\\u017ce tych na rynku pracy. Z ch\\u0119cia udzieli porad pracodawc\\u0105, kt\\u00f3rzy pr\\u0119\\u017cnie rozwijaj\\u0105 swoje firmy.\"}]}<\/script>\n<!-- \/ Yoast SEO plugin. -->","yoast_head_json":{"title":"Zasady przygotowania przedsi\u0119biorstwa na sytuacj\u0119 awaryjn\u0105 - Artyku\u0142y dla Szukaj\u0105cych pracy","description":"Nowy artyku\u0142 Zasady przygotowania przedsi\u0119biorstwa na sytuacj\u0119 awaryjn\u0105 na Blog Szukampracy.pl - Artyku\u0142y o rynku pracy i HR dla pracodawcy . Czytaj wi\u0119cej na blogu Szukampracy.pl!","robots":{"index":"index","follow":"follow","max-snippet":"max-snippet:-1","max-image-preview":"max-image-preview:large","max-video-preview":"max-video-preview:-1"},"canonical":"https:\/\/szukampracy.pl\/blog\/zasady-przygotowania-przedsiebiorstwa-na-sytuacje-awaryjna\/","og_locale":"pl_PL","og_type":"article","og_title":"Zasady przygotowania przedsi\u0119biorstwa na sytuacj\u0119 awaryjn\u0105 - Artyku\u0142y dla Szukaj\u0105cych pracy","og_description":"Nowy artyku\u0142 Zasady przygotowania przedsi\u0119biorstwa na sytuacj\u0119 awaryjn\u0105 na Blog Szukampracy.pl - Artyku\u0142y o rynku pracy i HR dla pracodawcy . Czytaj wi\u0119cej na blogu Szukampracy.pl!","og_url":"https:\/\/szukampracy.pl\/blog\/zasady-przygotowania-przedsiebiorstwa-na-sytuacje-awaryjna\/","og_site_name":"Blog Szukampracy.pl - Artyku\u0142y o rynku pracy i HR dla pracodawcy","article_publisher":"https:\/\/www.facebook.com\/portalszukampracy\/","article_published_time":"2020-03-16T17:01:26+00:00","article_modified_time":"2020-12-10T08:35:22+00:00","og_image":[{"width":1024,"height":577,"url":"https:\/\/szukampracy.pl\/blog\/wp-content\/uploads\/2020\/03\/przedsi\u0119biorstwo.jpg","path":"\/home\/szukamprac\/domains\/szukampracy.pl\/public_html\/blog\/wp-content\/uploads\/2020\/03\/przedsi\u0119biorstwo.jpg","size":"full","id":2680,"alt":"szukampracy.pl","pixels":590848,"type":"image\/jpeg"}],"twitter_card":"summary","twitter_creator":"@SzukamPracyPl","twitter_site":"@SzukamPracyPl","twitter_misc":{"Written by":"Ekspert \u0141ukasz","Est. reading time":"7 minut"},"schema":{"@context":"https:\/\/schema.org","@graph":[{"@type":"Organization","@id":"https:\/\/szukampracy.pl\/blog\/#organization","name":"Szukampracy.pl","url":"https:\/\/szukampracy.pl\/blog\/","sameAs":["https:\/\/www.facebook.com\/portalszukampracy\/","https:\/\/www.linkedin.com\/company\/szukampracy-pl","https:\/\/www.youtube.com\/channel\/UCmY56pXKURtawvJjwIvU2YQ","https:\/\/twitter.com\/SzukamPracyPl"],"logo":{"@type":"ImageObject","@id":"https:\/\/szukampracy.pl\/blog\/#logo","inLanguage":"pl-PL","url":"https:\/\/szukampracy.pl\/blog\/wp-content\/uploads\/2017\/08\/logo-1.png","contentUrl":"https:\/\/szukampracy.pl\/blog\/wp-content\/uploads\/2017\/08\/logo-1.png","width":240,"height":33,"caption":"Szukampracy.pl"},"image":{"@id":"https:\/\/szukampracy.pl\/blog\/#logo"}},{"@type":"WebSite","@id":"https:\/\/szukampracy.pl\/blog\/#website","url":"https:\/\/szukampracy.pl\/blog\/","name":"Blog Szukampracy.pl - Artyku\u0142y o rynku pracy i HR dla pracodawcy","description":"Nasz blog powsta\u0142 z my\u015bl\u0105 o Pracodawcach, Pracownikach i Kandydatach b\u0119d\u0105cych na etapie zapoznawania si\u0119 z og\u0142oszeniami o prac\u0119. Mo\u017cna u nas znale\u017a\u0107 artyku\u0142y o rynku pracy, z dziedziny HR, zarz\u0105dzania, ofert pracy za granic\u0105 oraz inne ciekawostki. Nie wahaj si\u0119 nas odwiedzi\u0107","publisher":{"@id":"https:\/\/szukampracy.pl\/blog\/#organization"},"potentialAction":[{"@type":"SearchAction","target":{"@type":"EntryPoint","urlTemplate":"https:\/\/szukampracy.pl\/blog\/?s={search_term_string}"},"query-input":"required name=search_term_string"}],"inLanguage":"pl-PL"},{"@type":"ImageObject","@id":"https:\/\/szukampracy.pl\/blog\/zasady-przygotowania-przedsiebiorstwa-na-sytuacje-awaryjna\/#primaryimage","inLanguage":"pl-PL","url":"https:\/\/szukampracy.pl\/blog\/wp-content\/uploads\/2020\/03\/przedsi\u0119biorstwo.jpg","contentUrl":"https:\/\/szukampracy.pl\/blog\/wp-content\/uploads\/2020\/03\/przedsi\u0119biorstwo.jpg","width":1024,"height":577,"caption":"szukampracy.pl serwis z og\u0142oszeniami o prac\u0119"},{"@type":"WebPage","@id":"https:\/\/szukampracy.pl\/blog\/zasady-przygotowania-przedsiebiorstwa-na-sytuacje-awaryjna\/#webpage","url":"https:\/\/szukampracy.pl\/blog\/zasady-przygotowania-przedsiebiorstwa-na-sytuacje-awaryjna\/","name":"Zasady przygotowania przedsi\u0119biorstwa na sytuacj\u0119 awaryjn\u0105 - Artyku\u0142y dla Szukaj\u0105cych pracy","isPartOf":{"@id":"https:\/\/szukampracy.pl\/blog\/#website"},"primaryImageOfPage":{"@id":"https:\/\/szukampracy.pl\/blog\/zasady-przygotowania-przedsiebiorstwa-na-sytuacje-awaryjna\/#primaryimage"},"datePublished":"2020-03-16T17:01:26+00:00","dateModified":"2020-12-10T08:35:22+00:00","description":"Nowy artyku\u0142 Zasady przygotowania przedsi\u0119biorstwa na sytuacj\u0119 awaryjn\u0105 na Blog Szukampracy.pl - Artyku\u0142y o rynku pracy i HR dla pracodawcy . Czytaj wi\u0119cej na blogu Szukampracy.pl!","breadcrumb":{"@id":"https:\/\/szukampracy.pl\/blog\/zasady-przygotowania-przedsiebiorstwa-na-sytuacje-awaryjna\/#breadcrumb"},"inLanguage":"pl-PL","potentialAction":[{"@type":"ReadAction","target":["https:\/\/szukampracy.pl\/blog\/zasady-przygotowania-przedsiebiorstwa-na-sytuacje-awaryjna\/"]}]},{"@type":"BreadcrumbList","@id":"https:\/\/szukampracy.pl\/blog\/zasady-przygotowania-przedsiebiorstwa-na-sytuacje-awaryjna\/#breadcrumb","itemListElement":[{"@type":"ListItem","position":1,"name":"Blog","item":"https:\/\/szukampracy.pl\/blog\/"},{"@type":"ListItem","position":2,"name":"Najnowsze Artyku\u0142y","item":"https:\/\/szukampracy.pl\/blog\/najnowsze\/"},{"@type":"ListItem","position":3,"name":"Zasady przygotowania przedsi\u0119biorstwa na sytuacj\u0119 awaryjn\u0105"}]},{"@type":"Article","@id":"https:\/\/szukampracy.pl\/blog\/zasady-przygotowania-przedsiebiorstwa-na-sytuacje-awaryjna\/#article","isPartOf":{"@id":"https:\/\/szukampracy.pl\/blog\/zasady-przygotowania-przedsiebiorstwa-na-sytuacje-awaryjna\/#webpage"},"author":{"@id":"https:\/\/szukampracy.pl\/blog\/#\/schema\/person\/3952d4bf69b606b39399e9e649ef2394"},"headline":"Zasady przygotowania przedsi\u0119biorstwa na sytuacj\u0119 awaryjn\u0105","datePublished":"2020-03-16T17:01:26+00:00","dateModified":"2020-12-10T08:35:22+00:00","mainEntityOfPage":{"@id":"https:\/\/szukampracy.pl\/blog\/zasady-przygotowania-przedsiebiorstwa-na-sytuacje-awaryjna\/#webpage"},"wordCount":1506,"commentCount":1,"publisher":{"@id":"https:\/\/szukampracy.pl\/blog\/#organization"},"image":{"@id":"https:\/\/szukampracy.pl\/blog\/zasady-przygotowania-przedsiebiorstwa-na-sytuacje-awaryjna\/#primaryimage"},"thumbnailUrl":"https:\/\/szukampracy.pl\/blog\/wp-content\/uploads\/2020\/03\/przedsi\u0119biorstwo.jpg","keywords":["koronawirus","procedura oceny ryzyka zawodowego"],"articleSection":["Najnowsze Artyku\u0142y","Z rynku pracy"],"inLanguage":"pl-PL","potentialAction":[{"@type":"CommentAction","name":"Comment","target":["https:\/\/szukampracy.pl\/blog\/zasady-przygotowania-przedsiebiorstwa-na-sytuacje-awaryjna\/#respond"]}]},{"@type":"Person","@id":"https:\/\/szukampracy.pl\/blog\/#\/schema\/person\/3952d4bf69b606b39399e9e649ef2394","name":"Ekspert \u0141ukasz","image":{"@type":"ImageObject","@id":"https:\/\/szukampracy.pl\/blog\/#personlogo","inLanguage":"pl-PL","url":"https:\/\/secure.gravatar.com\/avatar\/7733c11b2e55f533f1cae76b6c86129d?s=96&d=mm&r=g","contentUrl":"https:\/\/secure.gravatar.com\/avatar\/7733c11b2e55f533f1cae76b6c86129d?s=96&d=mm&r=g","caption":"Ekspert \u0141ukasz"},"description":"Ekspert \u0141ukasz swoje wieloletnie do\u015bwiadczenie na rynku pracy postanowi\u0142 przekaza\u0107 tak\u017ce na naszym blogu. Jego artyku\u0142y dotycz\u0105 aktualnych zmian gospodarczych a tak\u017ce tych na rynku pracy. Z ch\u0119cia udzieli porad pracodawc\u0105, kt\u00f3rzy pr\u0119\u017cnie rozwijaj\u0105 swoje firmy."}]}},"fimg_url":"https:\/\/szukampracy.pl\/blog\/wp-content\/uploads\/2020\/03\/przedsi\u0119biorstwo.jpg","amp_enabled":true,"_links":{"self":[{"href":"https:\/\/szukampracy.pl\/blog\/wp-json\/wp\/v2\/posts\/2679"}],"collection":[{"href":"https:\/\/szukampracy.pl\/blog\/wp-json\/wp\/v2\/posts"}],"about":[{"href":"https:\/\/szukampracy.pl\/blog\/wp-json\/wp\/v2\/types\/post"}],"author":[{"embeddable":true,"href":"https:\/\/szukampracy.pl\/blog\/wp-json\/wp\/v2\/users\/3"}],"replies":[{"embeddable":true,"href":"https:\/\/szukampracy.pl\/blog\/wp-json\/wp\/v2\/comments?post=2679"}],"version-history":[{"count":0,"href":"https:\/\/szukampracy.pl\/blog\/wp-json\/wp\/v2\/posts\/2679\/revisions"}],"wp:featuredmedia":[{"embeddable":true,"href":"https:\/\/szukampracy.pl\/blog\/wp-json\/wp\/v2\/media\/2680"}],"wp:attachment":[{"href":"https:\/\/szukampracy.pl\/blog\/wp-json\/wp\/v2\/media?parent=2679"}],"wp:term":[{"taxonomy":"category","embeddable":true,"href":"https:\/\/szukampracy.pl\/blog\/wp-json\/wp\/v2\/categories?post=2679"},{"taxonomy":"post_tag","embeddable":true,"href":"https:\/\/szukampracy.pl\/blog\/wp-json\/wp\/v2\/tags?post=2679"}],"curies":[{"name":"wp","href":"https:\/\/api.w.org\/{rel}","templated":true}]}}