{"id":2659,"date":"2020-03-08T11:15:25","date_gmt":"2020-03-08T11:15:25","guid":{"rendered":"https:\/\/szukampracy.pl\/blog\/?p=2659"},"modified":"2020-03-08T11:15:25","modified_gmt":"2020-03-08T11:15:25","slug":"ulatwienia-w-zatrudnieniu-dla-fachowcow-w-niemczech","status":"publish","type":"post","link":"https:\/\/szukampracy.pl\/blog\/ulatwienia-w-zatrudnieniu-dla-fachowcow-w-niemczech\/","title":{"rendered":"U\u0142atwienia w zatrudnieniu dla fachowc\u00f3w w Niemczech"},"content":{"rendered":"\n<p>Z dniem 1 marca 2020 roku wesz\u0142a\nw \u017cycie w Niemczech, d\u0142ugo wyczekiwana ustawa Fachkratfeinwanderungsgesetz z\ndnia 15 sierpnia 2019 roku (BGBl.cz\u0119\u015b\u0107 I, s.1307 nr 31), kt\u00f3ra mia\u0142a otworzy\u0107\nniemiecki rynek pracy dla cudzoziemc\u00f3w spoza Unii Europejskiej (UE). Okazuje\nsi\u0119 jednak, i\u017c to otwarcie ma miejsce tylko wobec nielicznych cudzoziemc\u00f3w.\nSkorzystaj\u0105 bowiem na nim g\u0142\u00f3wnie pracownicy wykwalifikowani.<\/p>\n\n\n\n<h3 class=\"wp-block-heading\"><strong>Co faktycznie wprowadza w\n\u017cycie owa powo\u0142ana wy\u017cej ustawa?<\/strong><\/h3>\n\n\n\n<p>Dzi\u015b tak naprawd\u0119 nie wiadomo jak\nb\u0119dzie ona realizowana w praktyce, jednak\u017ce pewnym jest, i\u017c u\u0142atwiony dost\u0119p do\nniemieckiego rynku pracy maj\u0105 uzyska\u0107 tylko pracownicy wykwalifikowani\n(Fachkrafte). Zgodnie z niemieckim ustawodawstwem, pracownik wykwalifikowany to\nosoba, kt\u00f3ra:<\/p>\n\n\n\n<ul><li>posiada wykszta\u0142cenie zdobyte w Niemczech lub\nkwalifikacje zawodowe uzyskane za granic\u0105, kt\u00f3re s\u0105 r\u00f3wnoznaczne z\nkwalifikacjami zawodowymi zdobytymi w Niemczech<\/li><li>posiada niemiecki dyplom uko\u0144czenia szko\u0142y lub\nte\u017c por\u00f3wnywalny z nim uznany dyplom uko\u0144czenia zagranicznej szko\u0142y wy\u017cszej<\/li><\/ul>\n\n\n\n<p>Co warte podkre\u015blenia, to fakt,\ni\u017c niemiecka ustawa nie wymienia \u017cadnych konkretnych zawod\u00f3w, tym samym dopiero\npraktyka poka\u017ce, kt\u00f3rzy pracownicy b\u0119d\u0105 uznawani za wykwalifikowanych. Celem\nnadrz\u0119dnym ustawy jest pozyskanie fachowc\u00f3w spoza pa\u0144stw UE, zgodnie z\nzapotrzebowaniem niemieckiej gospodarki, a nie otwarcie rynku pracy dla\nwszystkich zainteresowanych prac\u0105 u naszych zachodnich s\u0105siad\u00f3w. <\/p>\n\n\n\n<p>Jednocze\u015bnie konsekwencj\u0105 wej\u015bcia\nw \u017cycie tej ustawy by\u0142y zmiany w niemieckiej ustawie o prawie pobytu, kt\u00f3ra\nobecnie okre\u015bla nowe zasady uzyskiwania przez obcokrajowc\u00f3w z pa\u0144stw trzecich\npozwole\u0144:<\/p>\n\n\n\n<ul><li>na prac\u0119<\/li><li>w celu poszukiwania pracy<\/li><li>w celu uznania kwalifikacji zawodowych<\/li><\/ul>\n\n\n\n<h3 class=\"wp-block-heading\"><strong>Kogo konkretnie dotyczy owa\nniemiecka ustawa?<\/strong><\/h3>\n\n\n\n<p>Nowe przepisy dotycz\u0105\nzatrudniania obywateli pa\u0144stw trzecich. Natomiast nic si\u0119 nie zmienia w kwestii\ndotychczasowych procedur delegowania pracownik\u00f3w pa\u0144stw trzecich w ramach UE, tak\u017ce\nz konieczno\u015bci\u0105 uzyskiwania wiz Vander Elst dla pracownik\u00f3w chocia\u017cby z\nUkrainy. <\/p>\n\n\n\n<p>Z nowych procedur mog\u0105 zatem\nskorzysta\u0107 pracownicy zatrudnieni na terytorium Niemiec, nie za\u015b delegowani do\ntego kraju z Polski w ramach swobody \u015bwiadczenia us\u0142ug na terenie UE.<\/p>\n\n\n\n<p>U\u0142atwienia w dost\u0119pie do\nniemieckiego rynku pracy otrzymaj\u0105 pracownicy, kt\u00f3rych kwalifikacje zawodowe\nzostan\u0105 uznane w odr\u0119bnym post\u0119powaniu, prowadzonym przez niemieckie urz\u0119dy\n(tzw. Anerkennungsverfahren). Zgodnie z niemieckim pomys\u0142em, to w\u0142a\u015bnie skutecznie\nprowadzone przez administracj\u0119 post\u0119powania w sprawie uznania kwalifikacji\nzawodowych maj\u0105 by\u0107 kluczem do sukcesu we wdra\u017caniu owej ustawy i otwarciu\nrynku pracy na pracownik\u00f3w z pa\u0144stw trzecich.<\/p>\n\n\n\n<p>Ustawodawca przewiduje, i\u017c wraz z\npopraw\u0105 efektywno\u015bci prowadzenia postepowa\u0144 administracyjnych nast\u0105pi\nzwi\u0119kszenie skuteczno\u015bci pracy urz\u0119d\u00f3w zajmuj\u0105cych si\u0119 rozpatrywaniem wniosk\u00f3w\nwizowych oraz rozbudowanie programu nauki j\u0119zyka niemieckiego dla\nobcokrajowc\u00f3w. <\/p>\n\n\n\n<p>Wyj\u0105tek od wspomnianego obowi\u0105zku\nuznania kwalifikacji b\u0119dzie dla specjalist\u00f3w z bran\u017cy IT, posiadaj\u0105cych\npraktyczne umiej\u0119tno\u015bci zawodowe. To jest dla tej grupy fachowc\u00f3w spore\nu\u0142atwienie. Otrzymaj\u0105 oni jednak wiz\u0119, pod warunkiem wszak\u017ce, i\u017c wyka\u017c\u0105\nwieloletnie do\u015bwiadczenie w bran\u017cy IT.<\/p>\n\n\n\n<h3 class=\"wp-block-heading\"><strong>Jakie ograniczenie przewiduje\nnowa ustawa?<\/strong><\/h3>\n\n\n\n<p>Zgodnie z brzmieniem nowych\nprzepis\u00f3w pracownik wykwalifikowany z wykszta\u0142ceniem zawodowym mo\u017ce otrzyma\u0107\nzezwolenie na pobyt w Niemczech w celu wykonywania tej pracy, kt\u00f3r\u0105 umo\u017cliwiaj\u0105\nmu posiadane kwalifikacje zawodowe. I chodzi tutaj o zaw\u00f3d, wymagaj\u0105cy\nwykszta\u0142cenia zdobytego w pa\u0144stwie trzecim w spos\u00f3b podobny, jaki przewiduje w\ntym zakresie prawo niemieckie. Mowa tu o czasie trwania wykszta\u0142cenia, czyli\nprzynajmniej dwuletnim czasie kszta\u0142cenia zawodowego. Tym samym operator w\u00f3zka\nwid\u0142owego po uko\u0144czonym kursie czy te\u017c szkoleniu, nie b\u0119dzie pracownikiem\nwykwalifikowanym wed\u0142ug norm niemieckich. <\/p>\n\n\n\n<p>Samo przeprowadzenie procedury\nuznania kwalifikacji mo\u017ce zosta\u0107 zainicjowane przez pracodawc\u0119, kt\u00f3ry w tym\ncelu zawiera specjalne porozumienie z w\u0142a\u015bciw\u0105 instytucj\u0105 w Niemczech.\nNast\u0119pnie urz\u0105d wszczyna post\u0119powanie, kt\u00f3re nie powinno trwa\u0107 d\u0142u\u017cej, ani\u017celi\ndwa miesi\u0105ce. Wsparciem dla pracy urz\u0119d\u00f3w ma by\u0107 niedawno stworzony Centralny\nUrz\u0105d ds. Uznawania Kwalifikacji Zawodowych z siedzib\u0105 w Bonn. Przepisy\nprzewiduj\u0105 r\u00f3wnie\u017c skr\u00f3cenie czasu potrzebnego do uzyskania wizy dla\nobcokrajowca, zainteresowanego prac\u0105 u naszych zachodnich s\u0105siad\u00f3w.<\/p>\n\n\n\n<p>Samo zatrudnienie obcokrajowca\nnie b\u0119dzie ju\u017c wymaga\u0142o przeprowadzenia procedury zwi\u0105zanej z badaniem rynku\npracy. Zatem pracownik spoza UE b\u0119dzie m\u00f3g\u0142 uzyska\u0107 dost\u0119p do niemieckiego\nrynku pracy, je\u017celi wyka\u017ce, \u017ce ma ju\u017c konkretn\u0105 ofert\u0119 pracy, a jego\nkwalifikacje zawodowe zosta\u0142y uznane przez w\u0142a\u015bciwy urz\u0105d.<\/p>\n\n\n\n<p>Podsumowuj\u0105c, tak naprawd\u0119 dopiero\nnajbli\u017csze miesi\u0105ce poka\u017c\u0105 jak rzeczywi\u015bcie b\u0119dzie wygl\u0105da\u0142o zatrudnianie\ncudzoziemc\u00f3w spoza UE po nowemu w Niemczech. P\u00f3ki co trudno dywagowa\u0107, jak\nzmieni si\u0119 niemiecki rynek pracy i jak b\u0119d\u0105 wygl\u0105da\u0107 procedury uznawania\nkwalifikacji zawodowych. Nie wiadomo te\u017c, kt\u00f3re zawody (poza specjalistami z\nbran\u017cy IT), b\u0119d\u0105 uznawane za kluczowe dla niemieckiej gospodarki. Jednakowo\u017c\nkszta\u0142t niemieckich regulacji ka\u017ce przypuszcza\u0107, i\u017c tak naprawd\u0119 rynek pracy\nnaszych zachodnich s\u0105siad\u00f3w otwiera si\u0119 tylko dla nielicznych pracownik\u00f3w spoza\nUE, posiadaj\u0105cych okre\u015blone kwalifikacje zawodowe.<\/p>\n","protected":false},"excerpt":{"rendered":"<p>Z dniem 1 marca 2020 roku wesz\u0142a w \u017cycie w Niemczech, d\u0142ugo wyczekiwana ustawa Fachkratfeinwanderungsgesetz z dnia 15 sierpnia 2019<\/p>\n","protected":false},"author":3,"featured_media":2660,"comment_status":"open","ping_status":"open","sticky":false,"template":"","format":"standard","meta":{"footnotes":""},"categories":[3,5],"tags":[792,256,29],"yoast_head":"<!-- This site is optimized with the Yoast SEO plugin v16.7 - https:\/\/yoast.com\/wordpress\/plugins\/seo\/ -->\n<title>U\u0142atwienia w zatrudnieniu dla fachowc\u00f3w w Niemczech - Artyku\u0142y dla Szukaj\u0105cych pracy<\/title>\n<meta name=\"description\" content=\"Nowy artyku\u0142 U\u0142atwienia w zatrudnieniu dla fachowc\u00f3w w Niemczech na Blog Szukampracy.pl - Artyku\u0142y o rynku pracy i HR dla pracodawcy . Czytaj wi\u0119cej na blogu Szukampracy.pl!\" \/>\n<meta name=\"robots\" content=\"index, follow, max-snippet:-1, max-image-preview:large, max-video-preview:-1\" \/>\n<link rel=\"canonical\" href=\"https:\/\/szukampracy.pl\/blog\/ulatwienia-w-zatrudnieniu-dla-fachowcow-w-niemczech\/\" \/>\n<meta property=\"og:locale\" content=\"pl_PL\" \/>\n<meta property=\"og:type\" content=\"article\" \/>\n<meta property=\"og:title\" content=\"U\u0142atwienia w zatrudnieniu dla fachowc\u00f3w w Niemczech - Artyku\u0142y dla Szukaj\u0105cych pracy\" \/>\n<meta property=\"og:description\" content=\"Nowy artyku\u0142 U\u0142atwienia w zatrudnieniu dla fachowc\u00f3w w Niemczech na Blog Szukampracy.pl - Artyku\u0142y o rynku pracy i HR dla pracodawcy . Czytaj wi\u0119cej na blogu Szukampracy.pl!\" \/>\n<meta property=\"og:url\" content=\"https:\/\/szukampracy.pl\/blog\/ulatwienia-w-zatrudnieniu-dla-fachowcow-w-niemczech\/\" \/>\n<meta property=\"og:site_name\" content=\"Blog Szukampracy.pl - Artyku\u0142y o rynku pracy i HR dla pracodawcy\" \/>\n<meta property=\"article:publisher\" content=\"https:\/\/www.facebook.com\/portalszukampracy\/\" \/>\n<meta property=\"article:published_time\" content=\"2020-03-08T11:15:25+00:00\" \/>\n<meta property=\"og:image\" content=\"https:\/\/szukampracy.pl\/blog\/wp-content\/uploads\/2020\/03\/prca-niemcy.jpg\" \/>\n\t<meta property=\"og:image:width\" content=\"1000\" \/>\n\t<meta property=\"og:image:height\" content=\"662\" \/>\n<meta name=\"twitter:card\" content=\"summary\" \/>\n<meta name=\"twitter:creator\" content=\"@SzukamPracyPl\" \/>\n<meta name=\"twitter:site\" content=\"@SzukamPracyPl\" \/>\n<meta name=\"twitter:label1\" content=\"Written by\" \/>\n\t<meta name=\"twitter:data1\" content=\"Ekspert \u0141ukasz\" \/>\n\t<meta name=\"twitter:label2\" content=\"Est. reading time\" \/>\n\t<meta name=\"twitter:data2\" content=\"4 minuty\" \/>\n<script type=\"application\/ld+json\" class=\"yoast-schema-graph\">{\"@context\":\"https:\/\/schema.org\",\"@graph\":[{\"@type\":\"Organization\",\"@id\":\"https:\/\/szukampracy.pl\/blog\/#organization\",\"name\":\"Szukampracy.pl\",\"url\":\"https:\/\/szukampracy.pl\/blog\/\",\"sameAs\":[\"https:\/\/www.facebook.com\/portalszukampracy\/\",\"https:\/\/www.linkedin.com\/company\/szukampracy-pl\",\"https:\/\/www.youtube.com\/channel\/UCmY56pXKURtawvJjwIvU2YQ\",\"https:\/\/twitter.com\/SzukamPracyPl\"],\"logo\":{\"@type\":\"ImageObject\",\"@id\":\"https:\/\/szukampracy.pl\/blog\/#logo\",\"inLanguage\":\"pl-PL\",\"url\":\"https:\/\/szukampracy.pl\/blog\/wp-content\/uploads\/2017\/08\/logo-1.png\",\"contentUrl\":\"https:\/\/szukampracy.pl\/blog\/wp-content\/uploads\/2017\/08\/logo-1.png\",\"width\":240,\"height\":33,\"caption\":\"Szukampracy.pl\"},\"image\":{\"@id\":\"https:\/\/szukampracy.pl\/blog\/#logo\"}},{\"@type\":\"WebSite\",\"@id\":\"https:\/\/szukampracy.pl\/blog\/#website\",\"url\":\"https:\/\/szukampracy.pl\/blog\/\",\"name\":\"Blog Szukampracy.pl - Artyku\\u0142y o rynku pracy i HR dla pracodawcy\",\"description\":\"Nasz blog powsta\\u0142 z my\\u015bl\\u0105 o Pracodawcach, Pracownikach i Kandydatach b\\u0119d\\u0105cych na etapie zapoznawania si\\u0119 z og\\u0142oszeniami o prac\\u0119. Mo\\u017cna u nas znale\\u017a\\u0107 artyku\\u0142y o rynku pracy, z dziedziny HR, zarz\\u0105dzania, ofert pracy za granic\\u0105 oraz inne ciekawostki. Nie wahaj si\\u0119 nas odwiedzi\\u0107\",\"publisher\":{\"@id\":\"https:\/\/szukampracy.pl\/blog\/#organization\"},\"potentialAction\":[{\"@type\":\"SearchAction\",\"target\":{\"@type\":\"EntryPoint\",\"urlTemplate\":\"https:\/\/szukampracy.pl\/blog\/?s={search_term_string}\"},\"query-input\":\"required name=search_term_string\"}],\"inLanguage\":\"pl-PL\"},{\"@type\":\"ImageObject\",\"@id\":\"https:\/\/szukampracy.pl\/blog\/ulatwienia-w-zatrudnieniu-dla-fachowcow-w-niemczech\/#primaryimage\",\"inLanguage\":\"pl-PL\",\"url\":\"https:\/\/szukampracy.pl\/blog\/wp-content\/uploads\/2020\/03\/prca-niemcy.jpg\",\"contentUrl\":\"https:\/\/szukampracy.pl\/blog\/wp-content\/uploads\/2020\/03\/prca-niemcy.jpg\",\"width\":1000,\"height\":662,\"caption\":\"szukampracy.pl\"},{\"@type\":\"WebPage\",\"@id\":\"https:\/\/szukampracy.pl\/blog\/ulatwienia-w-zatrudnieniu-dla-fachowcow-w-niemczech\/#webpage\",\"url\":\"https:\/\/szukampracy.pl\/blog\/ulatwienia-w-zatrudnieniu-dla-fachowcow-w-niemczech\/\",\"name\":\"U\\u0142atwienia w zatrudnieniu dla fachowc\\u00f3w w Niemczech - Artyku\\u0142y dla Szukaj\\u0105cych pracy\",\"isPartOf\":{\"@id\":\"https:\/\/szukampracy.pl\/blog\/#website\"},\"primaryImageOfPage\":{\"@id\":\"https:\/\/szukampracy.pl\/blog\/ulatwienia-w-zatrudnieniu-dla-fachowcow-w-niemczech\/#primaryimage\"},\"datePublished\":\"2020-03-08T11:15:25+00:00\",\"dateModified\":\"2020-03-08T11:15:25+00:00\",\"description\":\"Nowy artyku\\u0142 U\\u0142atwienia w zatrudnieniu dla fachowc\\u00f3w w Niemczech na Blog Szukampracy.pl - Artyku\\u0142y o rynku pracy i HR dla pracodawcy . Czytaj wi\\u0119cej na blogu Szukampracy.pl!\",\"breadcrumb\":{\"@id\":\"https:\/\/szukampracy.pl\/blog\/ulatwienia-w-zatrudnieniu-dla-fachowcow-w-niemczech\/#breadcrumb\"},\"inLanguage\":\"pl-PL\",\"potentialAction\":[{\"@type\":\"ReadAction\",\"target\":[\"https:\/\/szukampracy.pl\/blog\/ulatwienia-w-zatrudnieniu-dla-fachowcow-w-niemczech\/\"]}]},{\"@type\":\"BreadcrumbList\",\"@id\":\"https:\/\/szukampracy.pl\/blog\/ulatwienia-w-zatrudnieniu-dla-fachowcow-w-niemczech\/#breadcrumb\",\"itemListElement\":[{\"@type\":\"ListItem\",\"position\":1,\"name\":\"Blog\",\"item\":\"https:\/\/szukampracy.pl\/blog\/\"},{\"@type\":\"ListItem\",\"position\":2,\"name\":\"Najnowsze Artyku\\u0142y\",\"item\":\"https:\/\/szukampracy.pl\/blog\/najnowsze\/\"},{\"@type\":\"ListItem\",\"position\":3,\"name\":\"U\\u0142atwienia w zatrudnieniu dla fachowc\\u00f3w w Niemczech\"}]},{\"@type\":\"Article\",\"@id\":\"https:\/\/szukampracy.pl\/blog\/ulatwienia-w-zatrudnieniu-dla-fachowcow-w-niemczech\/#article\",\"isPartOf\":{\"@id\":\"https:\/\/szukampracy.pl\/blog\/ulatwienia-w-zatrudnieniu-dla-fachowcow-w-niemczech\/#webpage\"},\"author\":{\"@id\":\"https:\/\/szukampracy.pl\/blog\/#\/schema\/person\/3952d4bf69b606b39399e9e649ef2394\"},\"headline\":\"U\\u0142atwienia w zatrudnieniu dla fachowc\\u00f3w w Niemczech\",\"datePublished\":\"2020-03-08T11:15:25+00:00\",\"dateModified\":\"2020-03-08T11:15:25+00:00\",\"mainEntityOfPage\":{\"@id\":\"https:\/\/szukampracy.pl\/blog\/ulatwienia-w-zatrudnieniu-dla-fachowcow-w-niemczech\/#webpage\"},\"wordCount\":850,\"commentCount\":0,\"publisher\":{\"@id\":\"https:\/\/szukampracy.pl\/blog\/#organization\"},\"image\":{\"@id\":\"https:\/\/szukampracy.pl\/blog\/ulatwienia-w-zatrudnieniu-dla-fachowcow-w-niemczech\/#primaryimage\"},\"thumbnailUrl\":\"https:\/\/szukampracy.pl\/blog\/wp-content\/uploads\/2020\/03\/prca-niemcy.jpg\",\"keywords\":[\"Niemcy\",\"Praca w Niemczech\",\"Praca za granic\\u0105\"],\"articleSection\":[\"Najnowsze Artyku\\u0142y\",\"Praca za granic\\u0105\"],\"inLanguage\":\"pl-PL\",\"potentialAction\":[{\"@type\":\"CommentAction\",\"name\":\"Comment\",\"target\":[\"https:\/\/szukampracy.pl\/blog\/ulatwienia-w-zatrudnieniu-dla-fachowcow-w-niemczech\/#respond\"]}]},{\"@type\":\"Person\",\"@id\":\"https:\/\/szukampracy.pl\/blog\/#\/schema\/person\/3952d4bf69b606b39399e9e649ef2394\",\"name\":\"Ekspert \\u0141ukasz\",\"image\":{\"@type\":\"ImageObject\",\"@id\":\"https:\/\/szukampracy.pl\/blog\/#personlogo\",\"inLanguage\":\"pl-PL\",\"url\":\"https:\/\/secure.gravatar.com\/avatar\/7733c11b2e55f533f1cae76b6c86129d?s=96&d=mm&r=g\",\"contentUrl\":\"https:\/\/secure.gravatar.com\/avatar\/7733c11b2e55f533f1cae76b6c86129d?s=96&d=mm&r=g\",\"caption\":\"Ekspert \\u0141ukasz\"},\"description\":\"Ekspert \\u0141ukasz swoje wieloletnie do\\u015bwiadczenie na rynku pracy postanowi\\u0142 przekaza\\u0107 tak\\u017ce na naszym blogu. Jego artyku\\u0142y dotycz\\u0105 aktualnych zmian gospodarczych a tak\\u017ce tych na rynku pracy. Z ch\\u0119cia udzieli porad pracodawc\\u0105, kt\\u00f3rzy pr\\u0119\\u017cnie rozwijaj\\u0105 swoje firmy.\"}]}<\/script>\n<!-- \/ Yoast SEO plugin. -->","yoast_head_json":{"title":"U\u0142atwienia w zatrudnieniu dla fachowc\u00f3w w Niemczech - Artyku\u0142y dla Szukaj\u0105cych pracy","description":"Nowy artyku\u0142 U\u0142atwienia w zatrudnieniu dla fachowc\u00f3w w Niemczech na Blog Szukampracy.pl - Artyku\u0142y o rynku pracy i HR dla pracodawcy . Czytaj wi\u0119cej na blogu Szukampracy.pl!","robots":{"index":"index","follow":"follow","max-snippet":"max-snippet:-1","max-image-preview":"max-image-preview:large","max-video-preview":"max-video-preview:-1"},"canonical":"https:\/\/szukampracy.pl\/blog\/ulatwienia-w-zatrudnieniu-dla-fachowcow-w-niemczech\/","og_locale":"pl_PL","og_type":"article","og_title":"U\u0142atwienia w zatrudnieniu dla fachowc\u00f3w w Niemczech - Artyku\u0142y dla Szukaj\u0105cych pracy","og_description":"Nowy artyku\u0142 U\u0142atwienia w zatrudnieniu dla fachowc\u00f3w w Niemczech na Blog Szukampracy.pl - Artyku\u0142y o rynku pracy i HR dla pracodawcy . Czytaj wi\u0119cej na blogu Szukampracy.pl!","og_url":"https:\/\/szukampracy.pl\/blog\/ulatwienia-w-zatrudnieniu-dla-fachowcow-w-niemczech\/","og_site_name":"Blog Szukampracy.pl - Artyku\u0142y o rynku pracy i HR dla pracodawcy","article_publisher":"https:\/\/www.facebook.com\/portalszukampracy\/","article_published_time":"2020-03-08T11:15:25+00:00","og_image":[{"width":1000,"height":662,"url":"https:\/\/szukampracy.pl\/blog\/wp-content\/uploads\/2020\/03\/prca-niemcy.jpg","path":"\/home\/szukamprac\/domains\/szukampracy.pl\/public_html\/blog\/wp-content\/uploads\/2020\/03\/prca-niemcy.jpg","size":"full","id":2660,"alt":"","pixels":662000,"type":"image\/jpeg"}],"twitter_card":"summary","twitter_creator":"@SzukamPracyPl","twitter_site":"@SzukamPracyPl","twitter_misc":{"Written by":"Ekspert \u0141ukasz","Est. reading time":"4 minuty"},"schema":{"@context":"https:\/\/schema.org","@graph":[{"@type":"Organization","@id":"https:\/\/szukampracy.pl\/blog\/#organization","name":"Szukampracy.pl","url":"https:\/\/szukampracy.pl\/blog\/","sameAs":["https:\/\/www.facebook.com\/portalszukampracy\/","https:\/\/www.linkedin.com\/company\/szukampracy-pl","https:\/\/www.youtube.com\/channel\/UCmY56pXKURtawvJjwIvU2YQ","https:\/\/twitter.com\/SzukamPracyPl"],"logo":{"@type":"ImageObject","@id":"https:\/\/szukampracy.pl\/blog\/#logo","inLanguage":"pl-PL","url":"https:\/\/szukampracy.pl\/blog\/wp-content\/uploads\/2017\/08\/logo-1.png","contentUrl":"https:\/\/szukampracy.pl\/blog\/wp-content\/uploads\/2017\/08\/logo-1.png","width":240,"height":33,"caption":"Szukampracy.pl"},"image":{"@id":"https:\/\/szukampracy.pl\/blog\/#logo"}},{"@type":"WebSite","@id":"https:\/\/szukampracy.pl\/blog\/#website","url":"https:\/\/szukampracy.pl\/blog\/","name":"Blog Szukampracy.pl - Artyku\u0142y o rynku pracy i HR dla pracodawcy","description":"Nasz blog powsta\u0142 z my\u015bl\u0105 o Pracodawcach, Pracownikach i Kandydatach b\u0119d\u0105cych na etapie zapoznawania si\u0119 z og\u0142oszeniami o prac\u0119. Mo\u017cna u nas znale\u017a\u0107 artyku\u0142y o rynku pracy, z dziedziny HR, zarz\u0105dzania, ofert pracy za granic\u0105 oraz inne ciekawostki. Nie wahaj si\u0119 nas odwiedzi\u0107","publisher":{"@id":"https:\/\/szukampracy.pl\/blog\/#organization"},"potentialAction":[{"@type":"SearchAction","target":{"@type":"EntryPoint","urlTemplate":"https:\/\/szukampracy.pl\/blog\/?s={search_term_string}"},"query-input":"required name=search_term_string"}],"inLanguage":"pl-PL"},{"@type":"ImageObject","@id":"https:\/\/szukampracy.pl\/blog\/ulatwienia-w-zatrudnieniu-dla-fachowcow-w-niemczech\/#primaryimage","inLanguage":"pl-PL","url":"https:\/\/szukampracy.pl\/blog\/wp-content\/uploads\/2020\/03\/prca-niemcy.jpg","contentUrl":"https:\/\/szukampracy.pl\/blog\/wp-content\/uploads\/2020\/03\/prca-niemcy.jpg","width":1000,"height":662,"caption":"szukampracy.pl"},{"@type":"WebPage","@id":"https:\/\/szukampracy.pl\/blog\/ulatwienia-w-zatrudnieniu-dla-fachowcow-w-niemczech\/#webpage","url":"https:\/\/szukampracy.pl\/blog\/ulatwienia-w-zatrudnieniu-dla-fachowcow-w-niemczech\/","name":"U\u0142atwienia w zatrudnieniu dla fachowc\u00f3w w Niemczech - Artyku\u0142y dla Szukaj\u0105cych pracy","isPartOf":{"@id":"https:\/\/szukampracy.pl\/blog\/#website"},"primaryImageOfPage":{"@id":"https:\/\/szukampracy.pl\/blog\/ulatwienia-w-zatrudnieniu-dla-fachowcow-w-niemczech\/#primaryimage"},"datePublished":"2020-03-08T11:15:25+00:00","dateModified":"2020-03-08T11:15:25+00:00","description":"Nowy artyku\u0142 U\u0142atwienia w zatrudnieniu dla fachowc\u00f3w w Niemczech na Blog Szukampracy.pl - Artyku\u0142y o rynku pracy i HR dla pracodawcy . Czytaj wi\u0119cej na blogu Szukampracy.pl!","breadcrumb":{"@id":"https:\/\/szukampracy.pl\/blog\/ulatwienia-w-zatrudnieniu-dla-fachowcow-w-niemczech\/#breadcrumb"},"inLanguage":"pl-PL","potentialAction":[{"@type":"ReadAction","target":["https:\/\/szukampracy.pl\/blog\/ulatwienia-w-zatrudnieniu-dla-fachowcow-w-niemczech\/"]}]},{"@type":"BreadcrumbList","@id":"https:\/\/szukampracy.pl\/blog\/ulatwienia-w-zatrudnieniu-dla-fachowcow-w-niemczech\/#breadcrumb","itemListElement":[{"@type":"ListItem","position":1,"name":"Blog","item":"https:\/\/szukampracy.pl\/blog\/"},{"@type":"ListItem","position":2,"name":"Najnowsze Artyku\u0142y","item":"https:\/\/szukampracy.pl\/blog\/najnowsze\/"},{"@type":"ListItem","position":3,"name":"U\u0142atwienia w zatrudnieniu dla fachowc\u00f3w w Niemczech"}]},{"@type":"Article","@id":"https:\/\/szukampracy.pl\/blog\/ulatwienia-w-zatrudnieniu-dla-fachowcow-w-niemczech\/#article","isPartOf":{"@id":"https:\/\/szukampracy.pl\/blog\/ulatwienia-w-zatrudnieniu-dla-fachowcow-w-niemczech\/#webpage"},"author":{"@id":"https:\/\/szukampracy.pl\/blog\/#\/schema\/person\/3952d4bf69b606b39399e9e649ef2394"},"headline":"U\u0142atwienia w zatrudnieniu dla fachowc\u00f3w w Niemczech","datePublished":"2020-03-08T11:15:25+00:00","dateModified":"2020-03-08T11:15:25+00:00","mainEntityOfPage":{"@id":"https:\/\/szukampracy.pl\/blog\/ulatwienia-w-zatrudnieniu-dla-fachowcow-w-niemczech\/#webpage"},"wordCount":850,"commentCount":0,"publisher":{"@id":"https:\/\/szukampracy.pl\/blog\/#organization"},"image":{"@id":"https:\/\/szukampracy.pl\/blog\/ulatwienia-w-zatrudnieniu-dla-fachowcow-w-niemczech\/#primaryimage"},"thumbnailUrl":"https:\/\/szukampracy.pl\/blog\/wp-content\/uploads\/2020\/03\/prca-niemcy.jpg","keywords":["Niemcy","Praca w Niemczech","Praca za granic\u0105"],"articleSection":["Najnowsze Artyku\u0142y","Praca za granic\u0105"],"inLanguage":"pl-PL","potentialAction":[{"@type":"CommentAction","name":"Comment","target":["https:\/\/szukampracy.pl\/blog\/ulatwienia-w-zatrudnieniu-dla-fachowcow-w-niemczech\/#respond"]}]},{"@type":"Person","@id":"https:\/\/szukampracy.pl\/blog\/#\/schema\/person\/3952d4bf69b606b39399e9e649ef2394","name":"Ekspert \u0141ukasz","image":{"@type":"ImageObject","@id":"https:\/\/szukampracy.pl\/blog\/#personlogo","inLanguage":"pl-PL","url":"https:\/\/secure.gravatar.com\/avatar\/7733c11b2e55f533f1cae76b6c86129d?s=96&d=mm&r=g","contentUrl":"https:\/\/secure.gravatar.com\/avatar\/7733c11b2e55f533f1cae76b6c86129d?s=96&d=mm&r=g","caption":"Ekspert \u0141ukasz"},"description":"Ekspert \u0141ukasz swoje wieloletnie do\u015bwiadczenie na rynku pracy postanowi\u0142 przekaza\u0107 tak\u017ce na naszym blogu. Jego artyku\u0142y dotycz\u0105 aktualnych zmian gospodarczych a tak\u017ce tych na rynku pracy. Z ch\u0119cia udzieli porad pracodawc\u0105, kt\u00f3rzy pr\u0119\u017cnie rozwijaj\u0105 swoje firmy."}]}},"fimg_url":"https:\/\/szukampracy.pl\/blog\/wp-content\/uploads\/2020\/03\/prca-niemcy.jpg","amp_enabled":true,"_links":{"self":[{"href":"https:\/\/szukampracy.pl\/blog\/wp-json\/wp\/v2\/posts\/2659"}],"collection":[{"href":"https:\/\/szukampracy.pl\/blog\/wp-json\/wp\/v2\/posts"}],"about":[{"href":"https:\/\/szukampracy.pl\/blog\/wp-json\/wp\/v2\/types\/post"}],"author":[{"embeddable":true,"href":"https:\/\/szukampracy.pl\/blog\/wp-json\/wp\/v2\/users\/3"}],"replies":[{"embeddable":true,"href":"https:\/\/szukampracy.pl\/blog\/wp-json\/wp\/v2\/comments?post=2659"}],"version-history":[{"count":0,"href":"https:\/\/szukampracy.pl\/blog\/wp-json\/wp\/v2\/posts\/2659\/revisions"}],"wp:featuredmedia":[{"embeddable":true,"href":"https:\/\/szukampracy.pl\/blog\/wp-json\/wp\/v2\/media\/2660"}],"wp:attachment":[{"href":"https:\/\/szukampracy.pl\/blog\/wp-json\/wp\/v2\/media?parent=2659"}],"wp:term":[{"taxonomy":"category","embeddable":true,"href":"https:\/\/szukampracy.pl\/blog\/wp-json\/wp\/v2\/categories?post=2659"},{"taxonomy":"post_tag","embeddable":true,"href":"https:\/\/szukampracy.pl\/blog\/wp-json\/wp\/v2\/tags?post=2659"}],"curies":[{"name":"wp","href":"https:\/\/api.w.org\/{rel}","templated":true}]}}