{"id":2529,"date":"2020-02-05T13:00:02","date_gmt":"2020-02-05T13:00:02","guid":{"rendered":"https:\/\/szukampracy.pl\/blog\/?p=2529"},"modified":"2021-01-13T08:18:16","modified_gmt":"2021-01-13T08:18:16","slug":"rewolucja-placowa-w-ochronie-zdrowia","status":"publish","type":"post","link":"https:\/\/szukampracy.pl\/blog\/rewolucja-placowa-w-ochronie-zdrowia\/","title":{"rendered":"Rewolucja p\u0142acowa w ochronie zdrowia"},"content":{"rendered":"\n<p>Zgodnie z wypowiedziami ministra\nzdrowia, przewidywane s\u0105 zmiany w zakresie zasad wynagradzania w s\u0142u\u017cbie\nzdrowia. Podlega\u0107 to b\u0119dzie zapewne wielu negocjacjom i osi\u0105gni\u0119cie\nporozumienia \u0142atwe nie b\u0119dzie, tym niemniej wydaje si\u0119 to konieczne. Zapewne\nte\u017c jedni na zmianach zyskaj\u0105, a drudzy strac\u0105.<\/p>\n\n\n\n<h3 class=\"wp-block-heading\"><span class=\"ez-toc-section\" id=\"Na_jakiej_podstawie_obecnie_ksztaltowane_sa_wysokosci_plac_w_sluzbie_zdrowia\"><\/span><strong>Na jakiej podstawie obecnie\nkszta\u0142towane s\u0105 wysoko\u015bci p\u0142ac w s\u0142u\u017cbie zdrowia?<\/strong><span class=\"ez-toc-section-end\"><\/span><\/h3>\n\n\n\n<p>W chwili obecnej wysoko\u015b\u0107 p\u0142ac w\nsektorze zdrowotnym reguluje ustawa z dnia 8 czerwca 2017 roku o sposobie\nustalania najni\u017cszego wynagrodzenia zasadniczego niekt\u00f3rych pracownik\u00f3w\nzatrudnionych w podmiotach leczniczych (Dz.U. z 2019 r, poz. 1471 ze zm.). <\/p>\n\n\n\n<p>Zgodnie z zapisami tej ustawy,\nminimalne p\u0142ace stanowi\u0105 iloczyn wska\u017anika przypisanego danym grupom zawodowym\ni kwoty bazowej. Do poziomu okre\u015blonego w ustawie minimum dochodzi si\u0119\nstopniowo, co roku 1 lipca podwy\u017cszaj\u0105c pensje b\u0119d\u0105ce poni\u017cej tej kwoty. <\/p>\n\n\n\n<p>Docelowa warto\u015b\u0107 ma zosta\u0107\nosi\u0105gni\u0119ta w roku 2022. W roku ubieg\u0142ym kwota bazowa zosta\u0142a podniesiona z\npoziomu 3.900 z\u0142 do 4.200 z\u0142. Tymczasem w tym roku jej wzrost ma by\u0107 wi\u0119kszy i\nwynosi\u0107 oko\u0142o 800 z\u0142, gdy\u017c kwota bazowa zostanie zr\u00f3wnana ze \u015brednim krajowym\nwynagrodzeniem w gospodarce narodowej z roku ubieg\u0142ego. <\/p>\n\n\n\n<h3 class=\"wp-block-heading\"><span class=\"ez-toc-section\" id=\"Jakie_sa_obecnie_orientacyjne_stawki_minimalnych_wynagrodzen_w_sluzbie_zdrowia_dla_poszczegolnych_grup_zawodowych\"><\/span><strong>Jakie s\u0105 obecnie orientacyjne\nstawki minimalnych wynagrodze\u0144 w s\u0142u\u017cbie zdrowia dla poszczeg\u00f3lnych grup\nzawodowych?<\/strong><span class=\"ez-toc-section-end\"><\/span><\/h3>\n\n\n\n<p>Poni\u017csza tabela prezentuje\norientacyjne stawki brutto dla poszczeg\u00f3lnych grup zawod\u00f3w w s\u0142u\u017cbie zdrowia,\nwyliczone w oparciu o kwot\u0119 bazow\u0105:<\/p>\n\n\n\n<figure class=\"wp-block-table\"><table class=\"has-fixed-layout\"><tbody><tr><td>\n  <strong>Grupa zawodowa w s\u0142u\u017cbie\n  zdrowia<\/strong>\n  <\/td><td>\n  <strong>Minimalne wynagrodzenie brutto<\/strong>\n  <\/td><\/tr><tr><td>Pracownik dzia\u0142alno\u015bci podstawowej   <\/td><td>2.900 z\u0142   <\/td><\/tr><tr><td>Fizjoterapeuta albo inny pracownik wykonuj\u0105cy zaw\u00f3d medyczny wymagaj\u0105cy \u015bredniego wykszta\u0142cenia   <\/td><td>3.200 z\u0142   <\/td><\/tr><tr><td>Lekarz sta\u017cysta albo lekarz dentysta sta\u017cysta   <\/td><td>3.650 z\u0142   <\/td><\/tr><tr><td>Piel\u0119gniarka albo po\u0142o\u017cna z tytu\u0142em magistra, kt\u00f3ra uzyska\u0142a tytu\u0142 specjalisty   <\/td><td>5.250 z\u0142   <\/td><\/tr><tr><td>Farmaceuta, fizjoterapeuta, diagnosta laboratoryjny albo inny pracownik wykonuj\u0105cy zaw\u00f3d medyczny wymagaj\u0105cy wy\u017cszego wykszta\u0142cenia i specjalizacji   <\/td><td>5.250 z\u0142   <\/td><\/tr><tr><td>Lekarz albo lekarz dentysta, kt\u00f3ry uzyska\u0142 specjalizacj\u0119 drugiego stopnia lub tytu\u0142 specjalisty w   okre\u015blonej dziedzinie medycyny   <\/td><td>6.350 z\u0142   <\/td><\/tr><\/tbody><\/table><\/figure>\n\n\n\n<h3 class=\"wp-block-heading\"><span class=\"ez-toc-section\" id=\"Z_czego_wynika_potrzeba_zmian_w_tym_zakresie\"><\/span><strong>Z czego wynika potrzeba zmian\nw tym zakresie?<\/strong><span class=\"ez-toc-section-end\"><\/span><\/h3>\n\n\n\n<p>Zdaniem wielu uregulowanie\nkwestii wynagrodze\u0144 w jednej ustawie to dobre rozwi\u0105zanie. Problem jednak\u017ce na\ndzi\u015b jest taki, i\u017c w tym temacie istnieje wiele odr\u0119bnych porozumie\u0144 p\u0142acowych,\nzawartych przez resort zdrowia z r\u00f3\u017cnymi grupami zawodowymi, kt\u00f3re nijak maj\u0105\nsi\u0119 do przepis\u00f3w ustawy. Efektem takich dzia\u0142a\u0144 by\u0142o z jednej strony\nuspokojenie nastroj\u00f3w w jednej grupie spo\u0142ecznej, jak cho\u0107by lekarze czy\npiel\u0119gniarki, a wywo\u0142anie frustracji w\u015br\u00f3d innej, jak fizjoterapeuci i\ndiagno\u015bci. I pomimo zapewnie\u0144 ze strony resortu zdrowia o takiej samej wa\u017cno\u015bci\nwszystkich uczestnik\u00f3w procesu leczenia, okazywa\u0142o si\u0119, i\u017c lekarze i\npiel\u0119gniarki maj\u0105 wi\u0119ksz\u0105 si\u0142\u0119 przebicia.<\/p>\n\n\n\n<p>I w\u0142a\u015bnie dlatego pada obecnie\npropozycja ministerstwa zdrowia, by do tematu podej\u015b\u0107 kompleksowo. Ju\u017c\nchocia\u017cby podczas styczniowego spotkania rezydent\u00f3w w sprawie realizacji\nporozumienia zawartego z nimi przed dwoma laty pad\u0142y sugestie, i\u017c nowelizacja\nustawy o wynagrodzeniach poruszy te kwestie. Tego typu zapewnienia, o nowych\nunormowaniach wska\u017anik\u00f3w odpowiadaj\u0105cych za poziom wynagrodzenia, us\u0142yszeli\nr\u00f3wnie\u017c fizjoterapeuci, diagno\u015bci, piel\u0119gniarki i ratownicy.<\/p>\n\n\n\n<p>Obecnie NFZ rozpocz\u0105\u0142 proces zbierania\ndanych na temat wynagrodze\u0144, szczeg\u00f3lnie w odniesieniu do nowej stawki p\u0142acy\nminimalnej i wp\u0142ywu na pensje w sektorze ochrony zdrowia. Do 10 lutego te dane\nwinny znale\u017a\u0107 si\u0119 w resorcie zdrowia, a na 24 lutego planowane jest spotkanie z\nprzedstawicielami zwi\u0105zk\u00f3w zawodowych, by rozpocz\u0105\u0107 dyskusj\u0119 na temat zmian.<\/p>\n\n\n\n<p>Jednocze\u015bnie te\u017c na posiedzeniu\nSejmu RP w dniu 12 lutego b\u0119dzie mia\u0142o miejsce pierwsze czytanie obywatelskiego\nprojektu ustawy w sprawie warunk\u00f3w zatrudnienia w ochronie zdrowia. Zosta\u0142 on\nz\u0142o\u017cony w maju 2017 roku jeszcze za poprzedniej kadencji Parlamentu RP, a\nobecnie zosta\u0142 \u201eodmro\u017cony\u201d. Projekt ten r\u00f3wnie\u017c przewiduje ustalenie\nminimalnego wynagrodzenia jako iloczynu stawki bazowej i wska\u017anik\u00f3w, tyle, \u017ce\ns\u0105 one znacz\u0105co wy\u017csze, ani\u017celi w obecnie obowi\u0105zuj\u0105cej ustawie, kszta\u0142tuj\u0105c\nsi\u0119 pomi\u0119dzy 1,0 a 3,0, w por\u00f3wnaniu z ustawowymi 0,58 \u2013 1,27. Nale\u017cy jednak\nmie\u0107 na wzgl\u0119dzie, i\u017c szanse na jego uchwalenie s\u0105 niewielkie, jednak\u017ce\nspowoduje on o\u017cywienie dyskusji na temat wysoko\u015bci wynagrodze\u0144 w s\u0142u\u017cbie\nzdrowia i pozwoli resortowi zdrowia na wyj\u015bcie z w\u0142asn\u0105, kompromisow\u0105\npropozycj\u0105.<\/p>\n\n\n\n<h3 class=\"wp-block-heading\"><span class=\"ez-toc-section\" id=\"Jakie_zatem_zmiany_moga_zaistniec_w_nowych_unormowaniach\"><\/span><strong>Jakie zatem zmiany mog\u0105\nzaistnie\u0107 w nowych unormowaniach?<\/strong><span class=\"ez-toc-section-end\"><\/span><\/h3>\n\n\n\n<p>Minister zdrowia sam przyznaje,\ni\u017c obecnie obowi\u0105zuj\u0105ce wska\u017aniki wymagaj\u0105 co najmniej korekty, chocia\u017cby z\npowodu, i\u017c ten najni\u017cszy oscyluje wok\u00f3\u0142 p\u0142acy minimalnej, po jej podwy\u017cszeniu\nod 1 stycznia 2020 roku i wy\u0142\u0105czeniu z niej dodatku sta\u017cowego.<\/p>\n\n\n\n<p>To spowodowa\u0142o, i\u017c w chwili\nobecnej salowa praktycznie zarabia tyle samo co dyplomowana piel\u0119gniarka.\nJednocze\u015bnie ka\u017cda z grup zawodowych ma w\u0142asne oczekiwania, co mo\u017ce powodowa\u0107\ntrudno\u015bci w osi\u0105gni\u0119ciu porozumienia. A nale\u017cy mie\u0107 jeszcze na uwadze fakt, i\u017c przeciwko\nzmianom wyst\u0105pi\u0105 pracodawcy, kt\u00f3rzy fizycznie zmuszeni b\u0119d\u0105 ponosi\u0107 wy\u017csze\nkoszty. Waldemar Malinowski, prezes Og\u00f3lnopolskiego Zwi\u0105zku Pracodawc\u00f3w\nSzpitali Powiatowych jednocze\u015bnie przypomina, i\u017c ju\u017c dzi\u015b prowadzi on\nnegocjacje z resortem zdrowia odno\u015bnie rekompensaty za konieczno\u015b\u0107 podniesienia\np\u0142ac w zwi\u0105zku z podwy\u017ck\u0105 p\u0142acy minimalnej. <\/p>\n\n\n\n<p>Pracodawcy plac\u00f3wek s\u0142u\u017cby\nzdrowia nie chc\u0105 tym samym rozmawia\u0107 na temat kolejnych podwy\u017cek, tym bardziej,\ni\u017c w roku obecnym i tak wzrasta kwota bazowa z poziomu 4.200 z\u0142 do 5.000 z\u0142. <\/p>\n\n\n\n<h3 class=\"wp-block-heading\"><span class=\"ez-toc-section\" id=\"A_jak_na_ten_temat_spogladaja_zwiazkowcy\"><\/span><strong>A jak na ten temat spogl\u0105daj\u0105\nzwi\u0105zkowcy?<\/strong><span class=\"ez-toc-section-end\"><\/span><\/h3>\n\n\n\n<p>Zdaniem Marii Ochmann, szefowej\nsekcji zdrowia w NSZZ \u201eSolidarno\u015b\u0107\u201d, termin na rozpocz\u0119cie dyskusji na temat\nwynagrodze\u0144 w s\u0142u\u017cbie zdrowia nie jest przypadkowy, gdy\u017c 31 marca 2020 roku\nko\u0144czy si\u0119 tak zwane OWU \u2013 rozporz\u0105dzenie w sprawie og\u00f3lnych warunk\u00f3w um\u00f3w o\nudzielanie \u015bwiadcze\u0144 opieki zdrowotnej, na mocy kt\u00f3rego przekazywane s\u0105\nodr\u0119bnym strumieniem \u015brodki finansowe na podwy\u017cki dla okre\u015blonych grup. I\nw\u0142a\u015bnie te uregulowania te\u017c dobrze by\u0142oby wpi\u0105\u0107 w jedn\u0105, znowelizowan\u0105 ustaw\u0119,\nporz\u0105dkuj\u0105c system finansowania s\u0142u\u017cby zdrowia. <\/p>\n\n\n\n<p>Jednak\u017ce zwi\u0105zkowcy maj\u0105 tu wiele\nw\u0105tpliwo\u015bci, bowiem ich zdaniem \u015brodki przeznaczone na wzrost wynagrodze\u0144 musz\u0105\nby\u0107 w jaki\u015b spos\u00f3b oznaczone. Praca jest zawarta w koszcie \u015bwiadczenia\nmedycznego, b\u0119d\u0105c jego najwi\u0119ksz\u0105 sk\u0142adow\u0105. Je\u017celi jednak w \u017caden spos\u00f3b si\u0119\njej nie oznaczy, to mo\u017ce doj\u015b\u0107 do sytuacji, i\u017c dyrektorzy plac\u00f3wek medycznych\nzaczn\u0105 i tak zawsze za kr\u00f3tk\u0105 \u201eko\u0142dr\u0119 finansow\u0105\u201d przesuwa\u0107 w kierunku innych\ngrup zawodowych lub innych potrzeb. Zwi\u0105zkowcy z jednej strony nie chc\u0105\npozbawia\u0107 dyrektor\u00f3w plac\u00f3wek medycznych samodzielno\u015bci w zarz\u0105dzaniu\npersonelem, jednak\u017ce z drugiej strony nie chc\u0105 im pozostawi\u0107 pe\u0142nej uznaniowo\u015bci\nw tym wzgl\u0119dzie. Ich zdaniem bowiem w ochronie zdrowia s\u0105 pracownicy, kt\u00f3rzy\nprzez dziesi\u0119ciolecia nie dostawali podwy\u017cek, ale i s\u0105 te\u017c tacy, kt\u00f3rzy\nzarabiaj\u0105 ogromne pieni\u0105dze. <\/p>\n\n\n\n<h3 class=\"wp-block-heading\"><span class=\"ez-toc-section\" id=\"Jakie_zatem_rozwiazanie_ma_w_tych_kwestiach_resort_zdrowia\"><\/span><strong>Jakie zatem rozwi\u0105zanie ma w\ntych kwestiach resort zdrowia?<\/strong><span class=\"ez-toc-section-end\"><\/span><\/h3>\n\n\n\n<p>Zdaniem urz\u0119dnik\u00f3w rozwi\u0105zaniem\nby\u0142oby wprowadzenie ponadzak\u0142adowego uk\u0142adu zbiorowego, kt\u00f3ry okre\u015bli\u0142by mi\u0119dzy\ninnymi ilo\u015b\u0107 pieni\u0119dzy, jak\u0105 NFZ przeznacza\u0107 b\u0119dzie na finansowanie p\u0142ac. W\nchwili obecnej mamy bowiem uregulowane poziomy minimum, okre\u015blone s\u0105 warunki\npracy, a brak jest przepis\u00f3w dotycz\u0105cych stawek maksymalnych. <\/p>\n\n\n\n<p>W sytuacji, gdy pracownik\u00f3w jest\nza ma\u0142o, a przepisy narzucaj\u0105 dyrektorom plac\u00f3wek medycznych ich okre\u015blon\u0105\nliczebno\u015b\u0107, mog\u0105 oni \u017c\u0105da\u0107 naprawd\u0119 wysokich p\u0142ac (szczeg\u00f3lnie dotyczy to lekarzy).\nPodczas rozm\u00f3w na ten temat padaj\u0105 te\u017c sugestie, i\u017c mo\u017cna by\u0107 mo\u017ce powr\u00f3ci\u0107 do\nodwiecznego postulatu samorz\u0105du lekarskiego, by p\u0142aca lekarza na poszczeg\u00f3lnym\nstopniu wyspecjalizowania okre\u015blona by\u0142a jako wielokrotno\u015b\u0107 \u015bredniej krajowej. <\/p>\n\n\n\n<p>Jednocze\u015bnie zawarcie takiego\nponadzak\u0142adowego uk\u0142adu zbiorowego by\u0142oby trudne, gdy\u017c mamy tutaj do czynienia\nz plac\u00f3wkami medycznymi, kt\u00f3rych organami za\u0142o\u017cycielskimi nie jest ministerstwo\nzdrowia. Tym samym minister zdrowia nie ma uprawnie\u0144, by takie porozumienie, w\nimieniu os\u00f3b zarz\u0105dzaj\u0105cych szpitalami, zawiera\u0107. <\/p>\n\n\n\n<p>Podsumowuj\u0105c, system ochrony\nzdrowia w zakresie finansowania jest rzeczywi\u015bcie trudny i mocno zaba\u0142aganiony.\nRzeczywi\u015bcie dobrze by by\u0142o, gdyby uda\u0142o si\u0119 go w ko\u0144cu uporz\u0105dkowa\u0107. Czy\njednak tym razem wystarczy dobrej woli wszystkich stron, by teraz takie\nporozumienie ponad podzia\u0142ami wypracowa\u0107, trudno dzi\u015b jednoznacznie ocenia\u0107.<\/p>\n","protected":false},"excerpt":{"rendered":"<p>Zgodnie z wypowiedziami ministra zdrowia, przewidywane s\u0105 zmiany w zakresie zasad wynagradzania w s\u0142u\u017cbie zdrowia. Podlega\u0107 to b\u0119dzie zapewne wielu<\/p>\n","protected":false},"author":3,"featured_media":2533,"comment_status":"open","ping_status":"open","sticky":false,"template":"","format":"standard","meta":{"footnotes":""},"categories":[8],"tags":[1850,1849,1851,1845,1844,1848,1852,665,1847,1846,1843,667],"yoast_head":"<!-- This site is optimized with the Yoast SEO plugin v16.7 - https:\/\/yoast.com\/wordpress\/plugins\/seo\/ -->\n<title>Rewolucja p\u0142acowa w ochronie zdrowia - Artyku\u0142y dla Szukaj\u0105cych pracy<\/title>\n<meta name=\"description\" content=\"Nowy artyku\u0142 Rewolucja p\u0142acowa w ochronie zdrowia na Blog Szukampracy.pl - Artyku\u0142y o rynku pracy i HR dla pracodawcy . Czytaj wi\u0119cej na blogu Szukampracy.pl!\" \/>\n<meta name=\"robots\" content=\"index, follow, max-snippet:-1, max-image-preview:large, max-video-preview:-1\" \/>\n<link rel=\"canonical\" href=\"https:\/\/szukampracy.pl\/blog\/rewolucja-placowa-w-ochronie-zdrowia\/\" \/>\n<meta property=\"og:locale\" content=\"pl_PL\" \/>\n<meta property=\"og:type\" content=\"article\" \/>\n<meta property=\"og:title\" content=\"Rewolucja p\u0142acowa w ochronie zdrowia - Artyku\u0142y dla Szukaj\u0105cych pracy\" \/>\n<meta property=\"og:description\" content=\"Nowy artyku\u0142 Rewolucja p\u0142acowa w ochronie zdrowia na Blog Szukampracy.pl - Artyku\u0142y o rynku pracy i HR dla pracodawcy . Czytaj wi\u0119cej na blogu Szukampracy.pl!\" \/>\n<meta property=\"og:url\" content=\"https:\/\/szukampracy.pl\/blog\/rewolucja-placowa-w-ochronie-zdrowia\/\" \/>\n<meta property=\"og:site_name\" content=\"Blog Szukampracy.pl - Artyku\u0142y o rynku pracy i HR dla pracodawcy\" \/>\n<meta property=\"article:publisher\" content=\"https:\/\/www.facebook.com\/portalszukampracy\/\" \/>\n<meta property=\"article:published_time\" content=\"2020-02-05T13:00:02+00:00\" \/>\n<meta property=\"article:modified_time\" content=\"2021-01-13T08:18:16+00:00\" \/>\n<meta property=\"og:image\" content=\"https:\/\/szukampracy.pl\/blog\/wp-content\/uploads\/2020\/02\/s\u0142u\u017cba-zdrowia.jpg\" \/>\n\t<meta property=\"og:image:width\" content=\"1000\" \/>\n\t<meta property=\"og:image:height\" content=\"667\" \/>\n<meta name=\"twitter:card\" content=\"summary\" \/>\n<meta name=\"twitter:creator\" content=\"@SzukamPracyPl\" \/>\n<meta name=\"twitter:site\" content=\"@SzukamPracyPl\" \/>\n<meta name=\"twitter:label1\" content=\"Written by\" \/>\n\t<meta name=\"twitter:data1\" content=\"Ekspert \u0141ukasz\" \/>\n\t<meta name=\"twitter:label2\" content=\"Est. reading time\" \/>\n\t<meta name=\"twitter:data2\" content=\"7 minut\" \/>\n<script type=\"application\/ld+json\" class=\"yoast-schema-graph\">{\"@context\":\"https:\/\/schema.org\",\"@graph\":[{\"@type\":\"Organization\",\"@id\":\"https:\/\/szukampracy.pl\/blog\/#organization\",\"name\":\"Szukampracy.pl\",\"url\":\"https:\/\/szukampracy.pl\/blog\/\",\"sameAs\":[\"https:\/\/www.facebook.com\/portalszukampracy\/\",\"https:\/\/www.linkedin.com\/company\/szukampracy-pl\",\"https:\/\/www.youtube.com\/channel\/UCmY56pXKURtawvJjwIvU2YQ\",\"https:\/\/twitter.com\/SzukamPracyPl\"],\"logo\":{\"@type\":\"ImageObject\",\"@id\":\"https:\/\/szukampracy.pl\/blog\/#logo\",\"inLanguage\":\"pl-PL\",\"url\":\"https:\/\/szukampracy.pl\/blog\/wp-content\/uploads\/2017\/08\/logo-1.png\",\"contentUrl\":\"https:\/\/szukampracy.pl\/blog\/wp-content\/uploads\/2017\/08\/logo-1.png\",\"width\":240,\"height\":33,\"caption\":\"Szukampracy.pl\"},\"image\":{\"@id\":\"https:\/\/szukampracy.pl\/blog\/#logo\"}},{\"@type\":\"WebSite\",\"@id\":\"https:\/\/szukampracy.pl\/blog\/#website\",\"url\":\"https:\/\/szukampracy.pl\/blog\/\",\"name\":\"Blog Szukampracy.pl - Artyku\\u0142y o rynku pracy i HR dla pracodawcy\",\"description\":\"Nasz blog powsta\\u0142 z my\\u015bl\\u0105 o Pracodawcach, Pracownikach i Kandydatach b\\u0119d\\u0105cych na etapie zapoznawania si\\u0119 z og\\u0142oszeniami o prac\\u0119. Mo\\u017cna u nas znale\\u017a\\u0107 artyku\\u0142y o rynku pracy, z dziedziny HR, zarz\\u0105dzania, ofert pracy za granic\\u0105 oraz inne ciekawostki. Nie wahaj si\\u0119 nas odwiedzi\\u0107\",\"publisher\":{\"@id\":\"https:\/\/szukampracy.pl\/blog\/#organization\"},\"potentialAction\":[{\"@type\":\"SearchAction\",\"target\":{\"@type\":\"EntryPoint\",\"urlTemplate\":\"https:\/\/szukampracy.pl\/blog\/?s={search_term_string}\"},\"query-input\":\"required name=search_term_string\"}],\"inLanguage\":\"pl-PL\"},{\"@type\":\"ImageObject\",\"@id\":\"https:\/\/szukampracy.pl\/blog\/rewolucja-placowa-w-ochronie-zdrowia\/#primaryimage\",\"inLanguage\":\"pl-PL\",\"url\":\"https:\/\/szukampracy.pl\/blog\/wp-content\/uploads\/2020\/02\/s\\u0142u\\u017cba-zdrowia.jpg\",\"contentUrl\":\"https:\/\/szukampracy.pl\/blog\/wp-content\/uploads\/2020\/02\/s\\u0142u\\u017cba-zdrowia.jpg\",\"width\":1000,\"height\":667},{\"@type\":\"WebPage\",\"@id\":\"https:\/\/szukampracy.pl\/blog\/rewolucja-placowa-w-ochronie-zdrowia\/#webpage\",\"url\":\"https:\/\/szukampracy.pl\/blog\/rewolucja-placowa-w-ochronie-zdrowia\/\",\"name\":\"Rewolucja p\\u0142acowa w ochronie zdrowia - Artyku\\u0142y dla Szukaj\\u0105cych pracy\",\"isPartOf\":{\"@id\":\"https:\/\/szukampracy.pl\/blog\/#website\"},\"primaryImageOfPage\":{\"@id\":\"https:\/\/szukampracy.pl\/blog\/rewolucja-placowa-w-ochronie-zdrowia\/#primaryimage\"},\"datePublished\":\"2020-02-05T13:00:02+00:00\",\"dateModified\":\"2021-01-13T08:18:16+00:00\",\"description\":\"Nowy artyku\\u0142 Rewolucja p\\u0142acowa w ochronie zdrowia na Blog Szukampracy.pl - Artyku\\u0142y o rynku pracy i HR dla pracodawcy . Czytaj wi\\u0119cej na blogu Szukampracy.pl!\",\"breadcrumb\":{\"@id\":\"https:\/\/szukampracy.pl\/blog\/rewolucja-placowa-w-ochronie-zdrowia\/#breadcrumb\"},\"inLanguage\":\"pl-PL\",\"potentialAction\":[{\"@type\":\"ReadAction\",\"target\":[\"https:\/\/szukampracy.pl\/blog\/rewolucja-placowa-w-ochronie-zdrowia\/\"]}]},{\"@type\":\"BreadcrumbList\",\"@id\":\"https:\/\/szukampracy.pl\/blog\/rewolucja-placowa-w-ochronie-zdrowia\/#breadcrumb\",\"itemListElement\":[{\"@type\":\"ListItem\",\"position\":1,\"name\":\"Blog\",\"item\":\"https:\/\/szukampracy.pl\/blog\/\"},{\"@type\":\"ListItem\",\"position\":2,\"name\":\"Z rynku pracy\",\"item\":\"https:\/\/szukampracy.pl\/blog\/z-rynku-pracy\/\"},{\"@type\":\"ListItem\",\"position\":3,\"name\":\"Rewolucja p\\u0142acowa w ochronie zdrowia\"}]},{\"@type\":\"Article\",\"@id\":\"https:\/\/szukampracy.pl\/blog\/rewolucja-placowa-w-ochronie-zdrowia\/#article\",\"isPartOf\":{\"@id\":\"https:\/\/szukampracy.pl\/blog\/rewolucja-placowa-w-ochronie-zdrowia\/#webpage\"},\"author\":{\"@id\":\"https:\/\/szukampracy.pl\/blog\/#\/schema\/person\/3952d4bf69b606b39399e9e649ef2394\"},\"headline\":\"Rewolucja p\\u0142acowa w ochronie zdrowia\",\"datePublished\":\"2020-02-05T13:00:02+00:00\",\"dateModified\":\"2021-01-13T08:18:16+00:00\",\"mainEntityOfPage\":{\"@id\":\"https:\/\/szukampracy.pl\/blog\/rewolucja-placowa-w-ochronie-zdrowia\/#webpage\"},\"wordCount\":1398,\"commentCount\":0,\"publisher\":{\"@id\":\"https:\/\/szukampracy.pl\/blog\/#organization\"},\"image\":{\"@id\":\"https:\/\/szukampracy.pl\/blog\/rewolucja-placowa-w-ochronie-zdrowia\/#primaryimage\"},\"thumbnailUrl\":\"https:\/\/szukampracy.pl\/blog\/wp-content\/uploads\/2020\/02\/s\\u0142u\\u017cba-zdrowia.jpg\",\"keywords\":[\"kwota bazowa w s\\u0142u\\u017cbie zdrowia 2021\",\"minimalne wynagrodzenie piel\\u0119gniarek 2021\",\"minimalne wynagrodzenie w s\\u0142u\\u017cbie zdrowia 2021\",\"minimalne wynagrodzenie w s\\u0142u\\u017cbie zdrowia tabela 2020\",\"minimalne wynagrodzenie w s\\u0142u\\u017cbie zdrowia tabela 2021\",\"podwy\\u017cki w s\\u0142u\\u017cbie zdrowia\",\"podwy\\u017cki w s\\u0142u\\u017cbie zdrowia 2021\",\"p\\u0142aca w s\\u0142u\\u017cbie zdrowia\",\"siatka p\\u0142ac s\\u0142u\\u017cba zdrowia 2020\",\"siatka p\\u0142ac s\\u0142u\\u017cba zdrowia 2021\",\"tabela podwy\\u017cek w s\\u0142u\\u017cbie zdrowia\",\"zarobki s\\u0142u\\u017cba zdrowia\"],\"articleSection\":[\"Z rynku pracy\"],\"inLanguage\":\"pl-PL\",\"potentialAction\":[{\"@type\":\"CommentAction\",\"name\":\"Comment\",\"target\":[\"https:\/\/szukampracy.pl\/blog\/rewolucja-placowa-w-ochronie-zdrowia\/#respond\"]}]},{\"@type\":\"Person\",\"@id\":\"https:\/\/szukampracy.pl\/blog\/#\/schema\/person\/3952d4bf69b606b39399e9e649ef2394\",\"name\":\"Ekspert \\u0141ukasz\",\"image\":{\"@type\":\"ImageObject\",\"@id\":\"https:\/\/szukampracy.pl\/blog\/#personlogo\",\"inLanguage\":\"pl-PL\",\"url\":\"https:\/\/secure.gravatar.com\/avatar\/7733c11b2e55f533f1cae76b6c86129d?s=96&d=mm&r=g\",\"contentUrl\":\"https:\/\/secure.gravatar.com\/avatar\/7733c11b2e55f533f1cae76b6c86129d?s=96&d=mm&r=g\",\"caption\":\"Ekspert \\u0141ukasz\"},\"description\":\"Ekspert \\u0141ukasz swoje wieloletnie do\\u015bwiadczenie na rynku pracy postanowi\\u0142 przekaza\\u0107 tak\\u017ce na naszym blogu. Jego artyku\\u0142y dotycz\\u0105 aktualnych zmian gospodarczych a tak\\u017ce tych na rynku pracy. Z ch\\u0119cia udzieli porad pracodawc\\u0105, kt\\u00f3rzy pr\\u0119\\u017cnie rozwijaj\\u0105 swoje firmy.\"}]}<\/script>\n<!-- \/ Yoast SEO plugin. -->","yoast_head_json":{"title":"Rewolucja p\u0142acowa w ochronie zdrowia - Artyku\u0142y dla Szukaj\u0105cych pracy","description":"Nowy artyku\u0142 Rewolucja p\u0142acowa w ochronie zdrowia na Blog Szukampracy.pl - Artyku\u0142y o rynku pracy i HR dla pracodawcy . Czytaj wi\u0119cej na blogu Szukampracy.pl!","robots":{"index":"index","follow":"follow","max-snippet":"max-snippet:-1","max-image-preview":"max-image-preview:large","max-video-preview":"max-video-preview:-1"},"canonical":"https:\/\/szukampracy.pl\/blog\/rewolucja-placowa-w-ochronie-zdrowia\/","og_locale":"pl_PL","og_type":"article","og_title":"Rewolucja p\u0142acowa w ochronie zdrowia - Artyku\u0142y dla Szukaj\u0105cych pracy","og_description":"Nowy artyku\u0142 Rewolucja p\u0142acowa w ochronie zdrowia na Blog Szukampracy.pl - Artyku\u0142y o rynku pracy i HR dla pracodawcy . Czytaj wi\u0119cej na blogu Szukampracy.pl!","og_url":"https:\/\/szukampracy.pl\/blog\/rewolucja-placowa-w-ochronie-zdrowia\/","og_site_name":"Blog Szukampracy.pl - Artyku\u0142y o rynku pracy i HR dla pracodawcy","article_publisher":"https:\/\/www.facebook.com\/portalszukampracy\/","article_published_time":"2020-02-05T13:00:02+00:00","article_modified_time":"2021-01-13T08:18:16+00:00","og_image":[{"width":1000,"height":667,"url":"https:\/\/szukampracy.pl\/blog\/wp-content\/uploads\/2020\/02\/s\u0142u\u017cba-zdrowia.jpg","path":"\/home\/szukamprac\/domains\/szukampracy.pl\/public_html\/blog\/wp-content\/uploads\/2020\/02\/s\u0142u\u017cba-zdrowia.jpg","size":"full","id":2533,"alt":"","pixels":667000,"type":"image\/jpeg"}],"twitter_card":"summary","twitter_creator":"@SzukamPracyPl","twitter_site":"@SzukamPracyPl","twitter_misc":{"Written by":"Ekspert \u0141ukasz","Est. reading time":"7 minut"},"schema":{"@context":"https:\/\/schema.org","@graph":[{"@type":"Organization","@id":"https:\/\/szukampracy.pl\/blog\/#organization","name":"Szukampracy.pl","url":"https:\/\/szukampracy.pl\/blog\/","sameAs":["https:\/\/www.facebook.com\/portalszukampracy\/","https:\/\/www.linkedin.com\/company\/szukampracy-pl","https:\/\/www.youtube.com\/channel\/UCmY56pXKURtawvJjwIvU2YQ","https:\/\/twitter.com\/SzukamPracyPl"],"logo":{"@type":"ImageObject","@id":"https:\/\/szukampracy.pl\/blog\/#logo","inLanguage":"pl-PL","url":"https:\/\/szukampracy.pl\/blog\/wp-content\/uploads\/2017\/08\/logo-1.png","contentUrl":"https:\/\/szukampracy.pl\/blog\/wp-content\/uploads\/2017\/08\/logo-1.png","width":240,"height":33,"caption":"Szukampracy.pl"},"image":{"@id":"https:\/\/szukampracy.pl\/blog\/#logo"}},{"@type":"WebSite","@id":"https:\/\/szukampracy.pl\/blog\/#website","url":"https:\/\/szukampracy.pl\/blog\/","name":"Blog Szukampracy.pl - Artyku\u0142y o rynku pracy i HR dla pracodawcy","description":"Nasz blog powsta\u0142 z my\u015bl\u0105 o Pracodawcach, Pracownikach i Kandydatach b\u0119d\u0105cych na etapie zapoznawania si\u0119 z og\u0142oszeniami o prac\u0119. Mo\u017cna u nas znale\u017a\u0107 artyku\u0142y o rynku pracy, z dziedziny HR, zarz\u0105dzania, ofert pracy za granic\u0105 oraz inne ciekawostki. Nie wahaj si\u0119 nas odwiedzi\u0107","publisher":{"@id":"https:\/\/szukampracy.pl\/blog\/#organization"},"potentialAction":[{"@type":"SearchAction","target":{"@type":"EntryPoint","urlTemplate":"https:\/\/szukampracy.pl\/blog\/?s={search_term_string}"},"query-input":"required name=search_term_string"}],"inLanguage":"pl-PL"},{"@type":"ImageObject","@id":"https:\/\/szukampracy.pl\/blog\/rewolucja-placowa-w-ochronie-zdrowia\/#primaryimage","inLanguage":"pl-PL","url":"https:\/\/szukampracy.pl\/blog\/wp-content\/uploads\/2020\/02\/s\u0142u\u017cba-zdrowia.jpg","contentUrl":"https:\/\/szukampracy.pl\/blog\/wp-content\/uploads\/2020\/02\/s\u0142u\u017cba-zdrowia.jpg","width":1000,"height":667},{"@type":"WebPage","@id":"https:\/\/szukampracy.pl\/blog\/rewolucja-placowa-w-ochronie-zdrowia\/#webpage","url":"https:\/\/szukampracy.pl\/blog\/rewolucja-placowa-w-ochronie-zdrowia\/","name":"Rewolucja p\u0142acowa w ochronie zdrowia - Artyku\u0142y dla Szukaj\u0105cych pracy","isPartOf":{"@id":"https:\/\/szukampracy.pl\/blog\/#website"},"primaryImageOfPage":{"@id":"https:\/\/szukampracy.pl\/blog\/rewolucja-placowa-w-ochronie-zdrowia\/#primaryimage"},"datePublished":"2020-02-05T13:00:02+00:00","dateModified":"2021-01-13T08:18:16+00:00","description":"Nowy artyku\u0142 Rewolucja p\u0142acowa w ochronie zdrowia na Blog Szukampracy.pl - Artyku\u0142y o rynku pracy i HR dla pracodawcy . Czytaj wi\u0119cej na blogu Szukampracy.pl!","breadcrumb":{"@id":"https:\/\/szukampracy.pl\/blog\/rewolucja-placowa-w-ochronie-zdrowia\/#breadcrumb"},"inLanguage":"pl-PL","potentialAction":[{"@type":"ReadAction","target":["https:\/\/szukampracy.pl\/blog\/rewolucja-placowa-w-ochronie-zdrowia\/"]}]},{"@type":"BreadcrumbList","@id":"https:\/\/szukampracy.pl\/blog\/rewolucja-placowa-w-ochronie-zdrowia\/#breadcrumb","itemListElement":[{"@type":"ListItem","position":1,"name":"Blog","item":"https:\/\/szukampracy.pl\/blog\/"},{"@type":"ListItem","position":2,"name":"Z rynku pracy","item":"https:\/\/szukampracy.pl\/blog\/z-rynku-pracy\/"},{"@type":"ListItem","position":3,"name":"Rewolucja p\u0142acowa w ochronie zdrowia"}]},{"@type":"Article","@id":"https:\/\/szukampracy.pl\/blog\/rewolucja-placowa-w-ochronie-zdrowia\/#article","isPartOf":{"@id":"https:\/\/szukampracy.pl\/blog\/rewolucja-placowa-w-ochronie-zdrowia\/#webpage"},"author":{"@id":"https:\/\/szukampracy.pl\/blog\/#\/schema\/person\/3952d4bf69b606b39399e9e649ef2394"},"headline":"Rewolucja p\u0142acowa w ochronie zdrowia","datePublished":"2020-02-05T13:00:02+00:00","dateModified":"2021-01-13T08:18:16+00:00","mainEntityOfPage":{"@id":"https:\/\/szukampracy.pl\/blog\/rewolucja-placowa-w-ochronie-zdrowia\/#webpage"},"wordCount":1398,"commentCount":0,"publisher":{"@id":"https:\/\/szukampracy.pl\/blog\/#organization"},"image":{"@id":"https:\/\/szukampracy.pl\/blog\/rewolucja-placowa-w-ochronie-zdrowia\/#primaryimage"},"thumbnailUrl":"https:\/\/szukampracy.pl\/blog\/wp-content\/uploads\/2020\/02\/s\u0142u\u017cba-zdrowia.jpg","keywords":["kwota bazowa w s\u0142u\u017cbie zdrowia 2021","minimalne wynagrodzenie piel\u0119gniarek 2021","minimalne wynagrodzenie w s\u0142u\u017cbie zdrowia 2021","minimalne wynagrodzenie w s\u0142u\u017cbie zdrowia tabela 2020","minimalne wynagrodzenie w s\u0142u\u017cbie zdrowia tabela 2021","podwy\u017cki w s\u0142u\u017cbie zdrowia","podwy\u017cki w s\u0142u\u017cbie zdrowia 2021","p\u0142aca w s\u0142u\u017cbie zdrowia","siatka p\u0142ac s\u0142u\u017cba zdrowia 2020","siatka p\u0142ac s\u0142u\u017cba zdrowia 2021","tabela podwy\u017cek w s\u0142u\u017cbie zdrowia","zarobki s\u0142u\u017cba zdrowia"],"articleSection":["Z rynku pracy"],"inLanguage":"pl-PL","potentialAction":[{"@type":"CommentAction","name":"Comment","target":["https:\/\/szukampracy.pl\/blog\/rewolucja-placowa-w-ochronie-zdrowia\/#respond"]}]},{"@type":"Person","@id":"https:\/\/szukampracy.pl\/blog\/#\/schema\/person\/3952d4bf69b606b39399e9e649ef2394","name":"Ekspert \u0141ukasz","image":{"@type":"ImageObject","@id":"https:\/\/szukampracy.pl\/blog\/#personlogo","inLanguage":"pl-PL","url":"https:\/\/secure.gravatar.com\/avatar\/7733c11b2e55f533f1cae76b6c86129d?s=96&d=mm&r=g","contentUrl":"https:\/\/secure.gravatar.com\/avatar\/7733c11b2e55f533f1cae76b6c86129d?s=96&d=mm&r=g","caption":"Ekspert \u0141ukasz"},"description":"Ekspert \u0141ukasz swoje wieloletnie do\u015bwiadczenie na rynku pracy postanowi\u0142 przekaza\u0107 tak\u017ce na naszym blogu. Jego artyku\u0142y dotycz\u0105 aktualnych zmian gospodarczych a tak\u017ce tych na rynku pracy. Z ch\u0119cia udzieli porad pracodawc\u0105, kt\u00f3rzy pr\u0119\u017cnie rozwijaj\u0105 swoje firmy."}]}},"fimg_url":"https:\/\/szukampracy.pl\/blog\/wp-content\/uploads\/2020\/02\/s\u0142u\u017cba-zdrowia.jpg","amp_enabled":true,"_links":{"self":[{"href":"https:\/\/szukampracy.pl\/blog\/wp-json\/wp\/v2\/posts\/2529"}],"collection":[{"href":"https:\/\/szukampracy.pl\/blog\/wp-json\/wp\/v2\/posts"}],"about":[{"href":"https:\/\/szukampracy.pl\/blog\/wp-json\/wp\/v2\/types\/post"}],"author":[{"embeddable":true,"href":"https:\/\/szukampracy.pl\/blog\/wp-json\/wp\/v2\/users\/3"}],"replies":[{"embeddable":true,"href":"https:\/\/szukampracy.pl\/blog\/wp-json\/wp\/v2\/comments?post=2529"}],"version-history":[{"count":0,"href":"https:\/\/szukampracy.pl\/blog\/wp-json\/wp\/v2\/posts\/2529\/revisions"}],"wp:featuredmedia":[{"embeddable":true,"href":"https:\/\/szukampracy.pl\/blog\/wp-json\/wp\/v2\/media\/2533"}],"wp:attachment":[{"href":"https:\/\/szukampracy.pl\/blog\/wp-json\/wp\/v2\/media?parent=2529"}],"wp:term":[{"taxonomy":"category","embeddable":true,"href":"https:\/\/szukampracy.pl\/blog\/wp-json\/wp\/v2\/categories?post=2529"},{"taxonomy":"post_tag","embeddable":true,"href":"https:\/\/szukampracy.pl\/blog\/wp-json\/wp\/v2\/tags?post=2529"}],"curies":[{"name":"wp","href":"https:\/\/api.w.org\/{rel}","templated":true}]}}