{"id":2282,"date":"2019-12-02T07:49:58","date_gmt":"2019-12-02T07:49:58","guid":{"rendered":"https:\/\/szukampracy.pl\/blog\/?p=2282"},"modified":"2019-12-03T12:32:17","modified_gmt":"2019-12-03T12:32:17","slug":"gdzie-szukac-rozwiazania-i-ujednolicenia-przepisow-o-jakosci-powietrza","status":"publish","type":"post","link":"https:\/\/szukampracy.pl\/blog\/gdzie-szukac-rozwiazania-i-ujednolicenia-przepisow-o-jakosci-powietrza\/","title":{"rendered":"Gdzie szuka\u0107 rozwi\u0105zania i ujednolicenia przepis\u00f3w o jako\u015bci powietrza?"},"content":{"rendered":"\n<p>Okazuje si\u0119, i\u017c by\u0107 mo\u017ce z\npomoc\u0105 przyjd\u0105 w tym zakresie s\u0142u\u017cby mundurowe. To w\u0142a\u015bnie policjanci,\nstra\u017cnicy miejscy i gminni oraz inni funkcjonariusze przebywaj\u0105cy przez wi\u0119ksz\u0105\ncz\u0119\u015b\u0107 czasu na zewn\u0105trz jako pierwsi podnie\u015bli alarm z powodu ich ci\u0105g\u0142ej ekspozycji\nna szkodliwe substancje w powietrzu, kt\u00f3rych st\u0119\u017cenia, szczeg\u00f3lnie w\npo\u0142udniowych rejonach Polski, notorycznie przekraczaj\u0105 dopuszczalne normy. <\/p>\n\n\n\n<p>W Polsce z powodu\nzanieczyszcze\u0144 powietrza umiera blisko 45 tysi\u0119cy os\u00f3b rocznie. Py\u0142y w\npowietrzu s\u0105 drugim po paleniu tytoniu czynnikiem, kt\u00f3ry powoduje wyst\u0119powanie\nchor\u00f3b uk\u0142adu oddechowego. Tymczasem bardzo du\u017ca grupa os\u00f3b mundurowych jest\nnara\u017cona codziennie na szkodliwe dzia\u0142ania smogu, co w przysz\u0142o\u015bci mo\u017ce\nzaowocowa\u0107 powa\u017cnymi schorzeniami lub wr\u0119cz \u015bmierci\u0105. Tymczasem policjanci nie\nposiadali nawet masek ochronnych, co jest ju\u017c standardem w innych krajach. Zdecydowany\nup\u00f3r policjant\u00f3w ze \u015al\u0105ska sprawi\u0142 jednak, i\u017c w tym roku na ich wyposa\u017ceniu\nznalaz\u0142o si\u0119 ponad 2000 masek przeciw smogowych.<\/p>\n\n\n\n<p>Z kolei inaczej by\u0107 mo\u017ce\npotoczy si\u0119 sprawa policjant\u00f3w z Rybnika (miasta o jednej z najgorszych jako\u015bci\npowietrza w Polsce). Ot\u00f3\u017c domagaj\u0105 si\u0119 oni przyznania dodatkowych urlop\u00f3w ze\nwzgl\u0119du na prac\u0119 w szkodliwych warunkach (czyli w smogu). Zar\u00f3wno w przypadku\nmasek przeciw smogowych, jak i dodatkowego urlopu, policjanci powo\u0142ywali si\u0119 na\nustaw\u0119 o Policji i zapewnienia bezpiecze\u0144stwa funkcjonariuszom.<\/p>\n\n\n\n<h2 class=\"wp-block-heading\"><strong><em>Jakie zatem obowi\u0105zki\nma dzi\u015b pracodawca wzgl\u0119dem pracownika, pod k\u0105tem jako\u015bci powietrza i czy maska\nprzeciw smogowa w nich si\u0119 znajduje?<\/em><\/strong><\/h2>\n\n\n\n<p>Zgodnie z art. 207 par. 2\nkodeksu pracy pracodawca ma chroni\u0107 zdrowie i \u017cycie pracownik\u00f3w przez\nzapewnienie bezpiecznych i higienicznych warunk\u00f3w pracy. Tym samym powinien\nwi\u0119c wzi\u0105\u0107 pod uwag\u0119 wszystkie zagro\u017cenia, jakie mog\u0105 wyst\u0105pi\u0107 na danym\nstanowisku pracy, w tym mo\u017cliwo\u015b\u0107 wyst\u0105pienia zjawiska smogu. Nie ma jednak\nkonkretnych przepis\u00f3w, kt\u00f3re regulowa\u0142yby rodzaj tych dzia\u0142a\u0144, by\nzminimalizowa\u0107 zagro\u017cenia smogiem. <\/p>\n\n\n\n<p>Z kolei w zgodzie z art. 45,\nust.4 rozporz\u0105dzenia bhp, stanowiska pracy znajduj\u0105ce si\u0119 na zewn\u0105trz\npomieszcze\u0144 powinny by\u0107 tak usytuowane i zorganizowane, by pracownicy byli\nchronieni przed zagro\u017ceniami zwi\u0105zanymi w szczeg\u00f3lno\u015bci: <\/p>\n\n\n\n<ul><li>z warunkami\natmosferycznymi, w tym opadami, nisk\u0105 lub wysok\u0105 temperatur\u0105, silnym wiatrem i\nspadaj\u0105cymi przedmiotami<\/li><li>ze szkodliwym dla\nzdrowia ha\u0142asem, jak r\u00f3wnie\u017c szkodliwymi gazami, parami lub py\u0142ami.<\/li><\/ul>\n\n\n\n<p>Ponadto, zgodnie z og\u00f3ln\u0105\nregu\u0142\u0105 wyra\u017con\u0105 w par. 39 tego\u017c rozporz\u0105dzenia, pracodawca powinien zapewni\u0107\npracownikom bezpiecze\u0144stwo i higien\u0119 pracy w szczeg\u00f3lno\u015bci przez zapobieganie\nzagro\u017ceniom zwi\u0105zanym z wykonywan\u0105 prac\u0105, w\u0142a\u015bciw\u0105 jej organizacj\u0119, stosowanie\nkoniecznych \u015brodk\u00f3w profilaktycznych oraz informowanie i szkolenie pracownik\u00f3w.<\/p>\n\n\n\n<p>Z takich zapis\u00f3w mo\u017cna zatem\nwywnioskowa\u0107, i\u017c istnieje og\u00f3lny obowi\u0105zek zapewnienia takiemu pracownikowi\n\u015brodk\u00f3w profilaktycznych, w tym maski przeciw smogowej. Tyle, \u017ce nie ka\u017cda\npraca na zewn\u0105trz takich \u015brodk\u00f3w wymaga, gdy\u017c du\u017co zale\u017cy od czasu jej trwania,\nnat\u0119\u017cenia i poziomu wysi\u0142ku fizycznego. Brakuje tutaj jednoznaczno\u015bci\nprzepis\u00f3w.<\/p>\n\n\n\n<h2 class=\"wp-block-heading\"><strong><em>Maski przeciw smogowe &#8211; jakie?<\/em><\/strong><\/h2>\n\n\n\n<p>Ot\u00f3\u017c oczywi\u015bcie nie ka\u017cda\nmaska filtruj\u0105ca py\u0142y i zanieczyszczenia zapewni nale\u017cyt\u0105 ochron\u0119 i zabezpieczy\npracodawc\u0119 przed ewentualnymi roszczeniami. I niestety skuteczno\u015b\u0107 wi\u0119kszo\u015bci\nprodukt\u00f3w oferowanych na rynku nie jest w \u017cadnym stopniu udowodniona, gdy\u017c\nbrakuje jednolitych wytycznych technicznych. Sytuacja jest szczeg\u00f3lnie mocno\nproblematyczna w przypadku masek przeciw smogowych, gdy\u017c mamy tu do czynienia z\nzanieczyszczeniem o relatywnie niskim, ale d\u0142ugotrwale utrzymuj\u0105cym si\u0119\nst\u0119\u017ceniu. <\/p>\n\n\n\n<p>Obecnie ustandaryzowana jest\ntylko maska bhp, kt\u00f3ra jednak jest przystosowana do ochrony przed wysokimi\nst\u0119\u017ceniami, gdy przekroczone s\u0105 normy najwy\u017cszego dopuszczalnego st\u0119\u017cenia.\nNiew\u0105tpliwie jednak, przy ewentualnym wyborze masek dla pracownik\u00f3w, tylko tymi\nnormami dla masek bhp mo\u017cna si\u0119 kierowa\u0107. <\/p>\n\n\n\n<h2 class=\"wp-block-heading\">Nieobecno\u015b\u0107 w pracy przez smog &#8211; <strong><em>Czy w obecnym stanie prawnym mo\u017cliwym jest zg\u0142oszenie pracodawcy absencji z tytu\u0142u alarmu smogowego?<\/em><\/strong><\/h2>\n\n\n\n<p>Nawet je\u015bli warunki pracy ze\nwzgl\u0119du na smog zagra\u017caj\u0105, w ocenie pracownika, jego zdrowiu, nie ma on prawa\ndo samowolnego opuszczenia miejsca pracy czy te\u017c nie stawienia si\u0119 w niej.\nTylko pracodawca ma mo\u017cliwo\u015b\u0107, wskutek uznania racji pracownika, skierowania go\ndo wykonywania pracy w innym miejscu. Tym samym samowolne niestawienie si\u0119 do\npracy z uwagi na alarm smogowy mo\u017ce stanowi\u0107 podstaw\u0119 do dyscyplinarnego zwolnienia\npracownika. <\/p>\n\n\n\n<p>Jednak\u017ce, zdaniem Ryszarda\nSadlika, s\u0119dziego S\u0105du Okr\u0119gowego w Kielcach, w skrajnych przypadkach prac\u0119 w\nsmogu uzna\u0107 mo\u017cna za prac\u0119 w warunkach niebezpiecznych (zgodnie z art. 210\nkodeksu pracy). A w\u00f3wczas w przypadku, gdy warunki pracy s\u0105 niebezpieczne,\npracownik mo\u017ce powstrzyma\u0107 si\u0119 od wykonywania pracy z zachowaniem prawa do\nwynagrodzenia. Mo\u017ce to by\u0107 w sytuacji, gdy warunki pracy nie odpowiadaj\u0105\nprzepisom bhp i stwarzaj\u0105 zagro\u017cenie dla \u017cycia lub zdrowia pracownika. Albo gdy\nwykonywana przez niego praca zagra\u017ca \u017cyciu lub zdrowiu innych os\u00f3b. <\/p>\n\n\n\n<p>Tym niemniej musia\u0142yby to by\u0107\nsytuacje szczeg\u00f3lne, wyj\u0105tkowe, gdy poziom zanieczyszczenia powietrza by\u0142by\nbardzo wysoki i niebezpieczny dla pracownika, a pracodawca nie zapewni\u0142by\nodpowiedniej ochrony (przyk\u0142adowo, nie wyda\u0142 by masek zabezpieczaj\u0105cych).\nDotychczas jednak s\u0105dy nie rozpatrywa\u0142y takich spraw, w kt\u00f3rych pracownik\npowstrzyma\u0142 si\u0119 od pracy z powodu z\u0142ej jako\u015bci powietrza.<\/p>\n\n\n\n<p>Podsumowuj\u0105c, jako\u015b\u0107\npowietrza wok\u00f3\u0142 nas jest w coraz gorszym stanie. Walka ze smogiem potrwa\nzapewne najbli\u017cszych kilkana\u015bcie lat, zatem warto sobie u\u015bwiadomi\u0107, i\u017c ten\nproblem b\u0119dzie dotyka\u0142 ka\u017cdego z nas. Zatem trzeba wypracowa\u0107 w tym wzgl\u0119dzie\ntakie rozwi\u0105zania, by zdrowie i \u017cycie pracownika (ale te\u017c ka\u017cdego cz\u0142onka\nspo\u0142ecze\u0144stwa) podlega\u0142o zdecydowanie lepszej ochronie ni\u017c dotychczas w\nkontek\u015bcie smogu. To nie tylko kwestia podniesienia norm i og\u0142aszania alarm\u00f3w,\nale przede wszystkim dzia\u0142ania ochronne i skuteczna walka z trucicielami\npowietrza.<\/p>\n","protected":false},"excerpt":{"rendered":"<p>Okazuje si\u0119, i\u017c by\u0107 mo\u017ce z pomoc\u0105 przyjd\u0105 w tym zakresie s\u0142u\u017cby mundurowe. To w\u0142a\u015bnie policjanci, stra\u017cnicy miejscy i gminni<\/p>\n","protected":false},"author":1,"featured_media":2283,"comment_status":"open","ping_status":"open","sticky":false,"template":"","format":"standard","meta":{"footnotes":""},"categories":[8],"tags":[53,52,45],"yoast_head":"<!-- This site is optimized with the Yoast SEO plugin v16.7 - https:\/\/yoast.com\/wordpress\/plugins\/seo\/ -->\n<title>Gdzie szuka\u0107 rozwi\u0105zania i ujednolicenia przepis\u00f3w o jako\u015bci powietrza? - Artyku\u0142y dla Szukaj\u0105cych pracy<\/title>\n<meta name=\"description\" content=\"Nowy artyku\u0142 Gdzie szuka\u0107 rozwi\u0105zania i ujednolicenia przepis\u00f3w o jako\u015bci powietrza? na Blog Szukampracy.pl - Artyku\u0142y o rynku pracy i HR dla pracodawcy . Czytaj wi\u0119cej na blogu Szukampracy.pl!\" \/>\n<meta name=\"robots\" content=\"index, follow, max-snippet:-1, max-image-preview:large, max-video-preview:-1\" \/>\n<link rel=\"canonical\" href=\"https:\/\/szukampracy.pl\/blog\/gdzie-szukac-rozwiazania-i-ujednolicenia-przepisow-o-jakosci-powietrza\/\" \/>\n<meta property=\"og:locale\" content=\"pl_PL\" \/>\n<meta property=\"og:type\" content=\"article\" \/>\n<meta property=\"og:title\" content=\"Gdzie szuka\u0107 rozwi\u0105zania i ujednolicenia przepis\u00f3w o jako\u015bci powietrza? - Artyku\u0142y dla Szukaj\u0105cych pracy\" \/>\n<meta property=\"og:description\" content=\"Nowy artyku\u0142 Gdzie szuka\u0107 rozwi\u0105zania i ujednolicenia przepis\u00f3w o jako\u015bci powietrza? na Blog Szukampracy.pl - Artyku\u0142y o rynku pracy i HR dla pracodawcy . Czytaj wi\u0119cej na blogu Szukampracy.pl!\" \/>\n<meta property=\"og:url\" content=\"https:\/\/szukampracy.pl\/blog\/gdzie-szukac-rozwiazania-i-ujednolicenia-przepisow-o-jakosci-powietrza\/\" \/>\n<meta property=\"og:site_name\" content=\"Blog Szukampracy.pl - Artyku\u0142y o rynku pracy i HR dla pracodawcy\" \/>\n<meta property=\"article:publisher\" content=\"https:\/\/www.facebook.com\/portalszukampracy\/\" \/>\n<meta property=\"article:published_time\" content=\"2019-12-02T07:49:58+00:00\" \/>\n<meta property=\"article:modified_time\" content=\"2019-12-03T12:32:17+00:00\" \/>\n<meta property=\"og:image\" content=\"https:\/\/szukampracy.pl\/blog\/wp-content\/uploads\/2019\/12\/industry-1149888_1280.jpg\" \/>\n\t<meta property=\"og:image:width\" content=\"1024\" \/>\n\t<meta property=\"og:image:height\" content=\"682\" \/>\n<meta name=\"twitter:card\" content=\"summary\" \/>\n<meta name=\"twitter:creator\" content=\"@SzukamPracyPl\" \/>\n<meta name=\"twitter:site\" content=\"@SzukamPracyPl\" \/>\n<meta name=\"twitter:label1\" content=\"Written by\" \/>\n\t<meta name=\"twitter:data1\" content=\"Szukampracy.pl Ekspert\" \/>\n\t<meta name=\"twitter:label2\" content=\"Est. reading time\" \/>\n\t<meta name=\"twitter:data2\" content=\"5 minut\" \/>\n<script type=\"application\/ld+json\" class=\"yoast-schema-graph\">{\"@context\":\"https:\/\/schema.org\",\"@graph\":[{\"@type\":\"Organization\",\"@id\":\"https:\/\/szukampracy.pl\/blog\/#organization\",\"name\":\"Szukampracy.pl\",\"url\":\"https:\/\/szukampracy.pl\/blog\/\",\"sameAs\":[\"https:\/\/www.facebook.com\/portalszukampracy\/\",\"https:\/\/www.linkedin.com\/company\/szukampracy-pl\",\"https:\/\/www.youtube.com\/channel\/UCmY56pXKURtawvJjwIvU2YQ\",\"https:\/\/twitter.com\/SzukamPracyPl\"],\"logo\":{\"@type\":\"ImageObject\",\"@id\":\"https:\/\/szukampracy.pl\/blog\/#logo\",\"inLanguage\":\"pl-PL\",\"url\":\"https:\/\/szukampracy.pl\/blog\/wp-content\/uploads\/2017\/08\/logo-1.png\",\"contentUrl\":\"https:\/\/szukampracy.pl\/blog\/wp-content\/uploads\/2017\/08\/logo-1.png\",\"width\":240,\"height\":33,\"caption\":\"Szukampracy.pl\"},\"image\":{\"@id\":\"https:\/\/szukampracy.pl\/blog\/#logo\"}},{\"@type\":\"WebSite\",\"@id\":\"https:\/\/szukampracy.pl\/blog\/#website\",\"url\":\"https:\/\/szukampracy.pl\/blog\/\",\"name\":\"Blog Szukampracy.pl - Artyku\\u0142y o rynku pracy i HR dla pracodawcy\",\"description\":\"Nasz blog powsta\\u0142 z my\\u015bl\\u0105 o Pracodawcach, Pracownikach i Kandydatach b\\u0119d\\u0105cych na etapie zapoznawania si\\u0119 z og\\u0142oszeniami o prac\\u0119. Mo\\u017cna u nas znale\\u017a\\u0107 artyku\\u0142y o rynku pracy, z dziedziny HR, zarz\\u0105dzania, ofert pracy za granic\\u0105 oraz inne ciekawostki. Nie wahaj si\\u0119 nas odwiedzi\\u0107\",\"publisher\":{\"@id\":\"https:\/\/szukampracy.pl\/blog\/#organization\"},\"potentialAction\":[{\"@type\":\"SearchAction\",\"target\":{\"@type\":\"EntryPoint\",\"urlTemplate\":\"https:\/\/szukampracy.pl\/blog\/?s={search_term_string}\"},\"query-input\":\"required name=search_term_string\"}],\"inLanguage\":\"pl-PL\"},{\"@type\":\"ImageObject\",\"@id\":\"https:\/\/szukampracy.pl\/blog\/gdzie-szukac-rozwiazania-i-ujednolicenia-przepisow-o-jakosci-powietrza\/#primaryimage\",\"inLanguage\":\"pl-PL\",\"url\":\"https:\/\/szukampracy.pl\/blog\/wp-content\/uploads\/2019\/12\/industry-1149888_1280.jpg\",\"contentUrl\":\"https:\/\/szukampracy.pl\/blog\/wp-content\/uploads\/2019\/12\/industry-1149888_1280.jpg\",\"width\":1024,\"height\":682},{\"@type\":\"WebPage\",\"@id\":\"https:\/\/szukampracy.pl\/blog\/gdzie-szukac-rozwiazania-i-ujednolicenia-przepisow-o-jakosci-powietrza\/#webpage\",\"url\":\"https:\/\/szukampracy.pl\/blog\/gdzie-szukac-rozwiazania-i-ujednolicenia-przepisow-o-jakosci-powietrza\/\",\"name\":\"Gdzie szuka\\u0107 rozwi\\u0105zania i ujednolicenia przepis\\u00f3w o jako\\u015bci powietrza? - Artyku\\u0142y dla Szukaj\\u0105cych pracy\",\"isPartOf\":{\"@id\":\"https:\/\/szukampracy.pl\/blog\/#website\"},\"primaryImageOfPage\":{\"@id\":\"https:\/\/szukampracy.pl\/blog\/gdzie-szukac-rozwiazania-i-ujednolicenia-przepisow-o-jakosci-powietrza\/#primaryimage\"},\"datePublished\":\"2019-12-02T07:49:58+00:00\",\"dateModified\":\"2019-12-03T12:32:17+00:00\",\"description\":\"Nowy artyku\\u0142 Gdzie szuka\\u0107 rozwi\\u0105zania i ujednolicenia przepis\\u00f3w o jako\\u015bci powietrza? na Blog Szukampracy.pl - Artyku\\u0142y o rynku pracy i HR dla pracodawcy . Czytaj wi\\u0119cej na blogu Szukampracy.pl!\",\"breadcrumb\":{\"@id\":\"https:\/\/szukampracy.pl\/blog\/gdzie-szukac-rozwiazania-i-ujednolicenia-przepisow-o-jakosci-powietrza\/#breadcrumb\"},\"inLanguage\":\"pl-PL\",\"potentialAction\":[{\"@type\":\"ReadAction\",\"target\":[\"https:\/\/szukampracy.pl\/blog\/gdzie-szukac-rozwiazania-i-ujednolicenia-przepisow-o-jakosci-powietrza\/\"]}]},{\"@type\":\"BreadcrumbList\",\"@id\":\"https:\/\/szukampracy.pl\/blog\/gdzie-szukac-rozwiazania-i-ujednolicenia-przepisow-o-jakosci-powietrza\/#breadcrumb\",\"itemListElement\":[{\"@type\":\"ListItem\",\"position\":1,\"name\":\"Blog\",\"item\":\"https:\/\/szukampracy.pl\/blog\/\"},{\"@type\":\"ListItem\",\"position\":2,\"name\":\"Z rynku pracy\",\"item\":\"https:\/\/szukampracy.pl\/blog\/z-rynku-pracy\/\"},{\"@type\":\"ListItem\",\"position\":3,\"name\":\"Gdzie szuka\\u0107 rozwi\\u0105zania i ujednolicenia przepis\\u00f3w o jako\\u015bci powietrza?\"}]},{\"@type\":\"Article\",\"@id\":\"https:\/\/szukampracy.pl\/blog\/gdzie-szukac-rozwiazania-i-ujednolicenia-przepisow-o-jakosci-powietrza\/#article\",\"isPartOf\":{\"@id\":\"https:\/\/szukampracy.pl\/blog\/gdzie-szukac-rozwiazania-i-ujednolicenia-przepisow-o-jakosci-powietrza\/#webpage\"},\"author\":{\"@id\":\"https:\/\/szukampracy.pl\/blog\/#\/schema\/person\/57cdc8fe01df0a785820416f51a31c7c\"},\"headline\":\"Gdzie szuka\\u0107 rozwi\\u0105zania i ujednolicenia przepis\\u00f3w o jako\\u015bci powietrza?\",\"datePublished\":\"2019-12-02T07:49:58+00:00\",\"dateModified\":\"2019-12-03T12:32:17+00:00\",\"mainEntityOfPage\":{\"@id\":\"https:\/\/szukampracy.pl\/blog\/gdzie-szukac-rozwiazania-i-ujednolicenia-przepisow-o-jakosci-powietrza\/#webpage\"},\"wordCount\":990,\"commentCount\":0,\"publisher\":{\"@id\":\"https:\/\/szukampracy.pl\/blog\/#organization\"},\"image\":{\"@id\":\"https:\/\/szukampracy.pl\/blog\/gdzie-szukac-rozwiazania-i-ujednolicenia-przepisow-o-jakosci-powietrza\/#primaryimage\"},\"thumbnailUrl\":\"https:\/\/szukampracy.pl\/blog\/wp-content\/uploads\/2019\/12\/industry-1149888_1280.jpg\",\"keywords\":[\"Maski przeciw smogowe\",\"Obowi\\u0105zki pracodawcy\",\"Prawo pracy\"],\"articleSection\":[\"Z rynku pracy\"],\"inLanguage\":\"pl-PL\",\"potentialAction\":[{\"@type\":\"CommentAction\",\"name\":\"Comment\",\"target\":[\"https:\/\/szukampracy.pl\/blog\/gdzie-szukac-rozwiazania-i-ujednolicenia-przepisow-o-jakosci-powietrza\/#respond\"]}]},{\"@type\":\"Person\",\"@id\":\"https:\/\/szukampracy.pl\/blog\/#\/schema\/person\/57cdc8fe01df0a785820416f51a31c7c\",\"name\":\"Szukampracy.pl Ekspert\",\"image\":{\"@type\":\"ImageObject\",\"@id\":\"https:\/\/szukampracy.pl\/blog\/#personlogo\",\"inLanguage\":\"pl-PL\",\"url\":\"https:\/\/secure.gravatar.com\/avatar\/2af4d91def5bf00243347eafbe25c6be?s=96&d=mm&r=g\",\"contentUrl\":\"https:\/\/secure.gravatar.com\/avatar\/2af4d91def5bf00243347eafbe25c6be?s=96&d=mm&r=g\",\"caption\":\"Szukampracy.pl Ekspert\"},\"description\":\"Ekspert w dziedzinie HR oraz rynku pracy z wieloletnim do\\u015bwiadczeniem. Praca w bran\\u017cy HR pozwoli\\u0142a na poznanie wielu ciekawych technik rekrutacyjnych. Na blogu udziela porad a tak\\u017ce opisuje procesy zwi\\u0105zane z prowadzeniem rekrutacji b\\u0105d\\u017a te\\u017c firmy.\"}]}<\/script>\n<!-- \/ Yoast SEO plugin. -->","yoast_head_json":{"title":"Gdzie szuka\u0107 rozwi\u0105zania i ujednolicenia przepis\u00f3w o jako\u015bci powietrza? - Artyku\u0142y dla Szukaj\u0105cych pracy","description":"Nowy artyku\u0142 Gdzie szuka\u0107 rozwi\u0105zania i ujednolicenia przepis\u00f3w o jako\u015bci powietrza? na Blog Szukampracy.pl - Artyku\u0142y o rynku pracy i HR dla pracodawcy . Czytaj wi\u0119cej na blogu Szukampracy.pl!","robots":{"index":"index","follow":"follow","max-snippet":"max-snippet:-1","max-image-preview":"max-image-preview:large","max-video-preview":"max-video-preview:-1"},"canonical":"https:\/\/szukampracy.pl\/blog\/gdzie-szukac-rozwiazania-i-ujednolicenia-przepisow-o-jakosci-powietrza\/","og_locale":"pl_PL","og_type":"article","og_title":"Gdzie szuka\u0107 rozwi\u0105zania i ujednolicenia przepis\u00f3w o jako\u015bci powietrza? - Artyku\u0142y dla Szukaj\u0105cych pracy","og_description":"Nowy artyku\u0142 Gdzie szuka\u0107 rozwi\u0105zania i ujednolicenia przepis\u00f3w o jako\u015bci powietrza? na Blog Szukampracy.pl - Artyku\u0142y o rynku pracy i HR dla pracodawcy . Czytaj wi\u0119cej na blogu Szukampracy.pl!","og_url":"https:\/\/szukampracy.pl\/blog\/gdzie-szukac-rozwiazania-i-ujednolicenia-przepisow-o-jakosci-powietrza\/","og_site_name":"Blog Szukampracy.pl - Artyku\u0142y o rynku pracy i HR dla pracodawcy","article_publisher":"https:\/\/www.facebook.com\/portalszukampracy\/","article_published_time":"2019-12-02T07:49:58+00:00","article_modified_time":"2019-12-03T12:32:17+00:00","og_image":[{"width":1024,"height":682,"url":"https:\/\/szukampracy.pl\/blog\/wp-content\/uploads\/2019\/12\/industry-1149888_1280.jpg","path":"\/home\/szukamprac\/domains\/szukampracy.pl\/public_html\/blog\/wp-content\/uploads\/2019\/12\/industry-1149888_1280.jpg","size":"full","id":2283,"alt":"","pixels":698368,"type":"image\/jpeg"}],"twitter_card":"summary","twitter_creator":"@SzukamPracyPl","twitter_site":"@SzukamPracyPl","twitter_misc":{"Written by":"Szukampracy.pl Ekspert","Est. reading time":"5 minut"},"schema":{"@context":"https:\/\/schema.org","@graph":[{"@type":"Organization","@id":"https:\/\/szukampracy.pl\/blog\/#organization","name":"Szukampracy.pl","url":"https:\/\/szukampracy.pl\/blog\/","sameAs":["https:\/\/www.facebook.com\/portalszukampracy\/","https:\/\/www.linkedin.com\/company\/szukampracy-pl","https:\/\/www.youtube.com\/channel\/UCmY56pXKURtawvJjwIvU2YQ","https:\/\/twitter.com\/SzukamPracyPl"],"logo":{"@type":"ImageObject","@id":"https:\/\/szukampracy.pl\/blog\/#logo","inLanguage":"pl-PL","url":"https:\/\/szukampracy.pl\/blog\/wp-content\/uploads\/2017\/08\/logo-1.png","contentUrl":"https:\/\/szukampracy.pl\/blog\/wp-content\/uploads\/2017\/08\/logo-1.png","width":240,"height":33,"caption":"Szukampracy.pl"},"image":{"@id":"https:\/\/szukampracy.pl\/blog\/#logo"}},{"@type":"WebSite","@id":"https:\/\/szukampracy.pl\/blog\/#website","url":"https:\/\/szukampracy.pl\/blog\/","name":"Blog Szukampracy.pl - Artyku\u0142y o rynku pracy i HR dla pracodawcy","description":"Nasz blog powsta\u0142 z my\u015bl\u0105 o Pracodawcach, Pracownikach i Kandydatach b\u0119d\u0105cych na etapie zapoznawania si\u0119 z og\u0142oszeniami o prac\u0119. Mo\u017cna u nas znale\u017a\u0107 artyku\u0142y o rynku pracy, z dziedziny HR, zarz\u0105dzania, ofert pracy za granic\u0105 oraz inne ciekawostki. Nie wahaj si\u0119 nas odwiedzi\u0107","publisher":{"@id":"https:\/\/szukampracy.pl\/blog\/#organization"},"potentialAction":[{"@type":"SearchAction","target":{"@type":"EntryPoint","urlTemplate":"https:\/\/szukampracy.pl\/blog\/?s={search_term_string}"},"query-input":"required name=search_term_string"}],"inLanguage":"pl-PL"},{"@type":"ImageObject","@id":"https:\/\/szukampracy.pl\/blog\/gdzie-szukac-rozwiazania-i-ujednolicenia-przepisow-o-jakosci-powietrza\/#primaryimage","inLanguage":"pl-PL","url":"https:\/\/szukampracy.pl\/blog\/wp-content\/uploads\/2019\/12\/industry-1149888_1280.jpg","contentUrl":"https:\/\/szukampracy.pl\/blog\/wp-content\/uploads\/2019\/12\/industry-1149888_1280.jpg","width":1024,"height":682},{"@type":"WebPage","@id":"https:\/\/szukampracy.pl\/blog\/gdzie-szukac-rozwiazania-i-ujednolicenia-przepisow-o-jakosci-powietrza\/#webpage","url":"https:\/\/szukampracy.pl\/blog\/gdzie-szukac-rozwiazania-i-ujednolicenia-przepisow-o-jakosci-powietrza\/","name":"Gdzie szuka\u0107 rozwi\u0105zania i ujednolicenia przepis\u00f3w o jako\u015bci powietrza? - Artyku\u0142y dla Szukaj\u0105cych pracy","isPartOf":{"@id":"https:\/\/szukampracy.pl\/blog\/#website"},"primaryImageOfPage":{"@id":"https:\/\/szukampracy.pl\/blog\/gdzie-szukac-rozwiazania-i-ujednolicenia-przepisow-o-jakosci-powietrza\/#primaryimage"},"datePublished":"2019-12-02T07:49:58+00:00","dateModified":"2019-12-03T12:32:17+00:00","description":"Nowy artyku\u0142 Gdzie szuka\u0107 rozwi\u0105zania i ujednolicenia przepis\u00f3w o jako\u015bci powietrza? na Blog Szukampracy.pl - Artyku\u0142y o rynku pracy i HR dla pracodawcy . Czytaj wi\u0119cej na blogu Szukampracy.pl!","breadcrumb":{"@id":"https:\/\/szukampracy.pl\/blog\/gdzie-szukac-rozwiazania-i-ujednolicenia-przepisow-o-jakosci-powietrza\/#breadcrumb"},"inLanguage":"pl-PL","potentialAction":[{"@type":"ReadAction","target":["https:\/\/szukampracy.pl\/blog\/gdzie-szukac-rozwiazania-i-ujednolicenia-przepisow-o-jakosci-powietrza\/"]}]},{"@type":"BreadcrumbList","@id":"https:\/\/szukampracy.pl\/blog\/gdzie-szukac-rozwiazania-i-ujednolicenia-przepisow-o-jakosci-powietrza\/#breadcrumb","itemListElement":[{"@type":"ListItem","position":1,"name":"Blog","item":"https:\/\/szukampracy.pl\/blog\/"},{"@type":"ListItem","position":2,"name":"Z rynku pracy","item":"https:\/\/szukampracy.pl\/blog\/z-rynku-pracy\/"},{"@type":"ListItem","position":3,"name":"Gdzie szuka\u0107 rozwi\u0105zania i ujednolicenia przepis\u00f3w o jako\u015bci powietrza?"}]},{"@type":"Article","@id":"https:\/\/szukampracy.pl\/blog\/gdzie-szukac-rozwiazania-i-ujednolicenia-przepisow-o-jakosci-powietrza\/#article","isPartOf":{"@id":"https:\/\/szukampracy.pl\/blog\/gdzie-szukac-rozwiazania-i-ujednolicenia-przepisow-o-jakosci-powietrza\/#webpage"},"author":{"@id":"https:\/\/szukampracy.pl\/blog\/#\/schema\/person\/57cdc8fe01df0a785820416f51a31c7c"},"headline":"Gdzie szuka\u0107 rozwi\u0105zania i ujednolicenia przepis\u00f3w o jako\u015bci powietrza?","datePublished":"2019-12-02T07:49:58+00:00","dateModified":"2019-12-03T12:32:17+00:00","mainEntityOfPage":{"@id":"https:\/\/szukampracy.pl\/blog\/gdzie-szukac-rozwiazania-i-ujednolicenia-przepisow-o-jakosci-powietrza\/#webpage"},"wordCount":990,"commentCount":0,"publisher":{"@id":"https:\/\/szukampracy.pl\/blog\/#organization"},"image":{"@id":"https:\/\/szukampracy.pl\/blog\/gdzie-szukac-rozwiazania-i-ujednolicenia-przepisow-o-jakosci-powietrza\/#primaryimage"},"thumbnailUrl":"https:\/\/szukampracy.pl\/blog\/wp-content\/uploads\/2019\/12\/industry-1149888_1280.jpg","keywords":["Maski przeciw smogowe","Obowi\u0105zki pracodawcy","Prawo pracy"],"articleSection":["Z rynku pracy"],"inLanguage":"pl-PL","potentialAction":[{"@type":"CommentAction","name":"Comment","target":["https:\/\/szukampracy.pl\/blog\/gdzie-szukac-rozwiazania-i-ujednolicenia-przepisow-o-jakosci-powietrza\/#respond"]}]},{"@type":"Person","@id":"https:\/\/szukampracy.pl\/blog\/#\/schema\/person\/57cdc8fe01df0a785820416f51a31c7c","name":"Szukampracy.pl Ekspert","image":{"@type":"ImageObject","@id":"https:\/\/szukampracy.pl\/blog\/#personlogo","inLanguage":"pl-PL","url":"https:\/\/secure.gravatar.com\/avatar\/2af4d91def5bf00243347eafbe25c6be?s=96&d=mm&r=g","contentUrl":"https:\/\/secure.gravatar.com\/avatar\/2af4d91def5bf00243347eafbe25c6be?s=96&d=mm&r=g","caption":"Szukampracy.pl Ekspert"},"description":"Ekspert w dziedzinie HR oraz rynku pracy z wieloletnim do\u015bwiadczeniem. Praca w bran\u017cy HR pozwoli\u0142a na poznanie wielu ciekawych technik rekrutacyjnych. Na blogu udziela porad a tak\u017ce opisuje procesy zwi\u0105zane z prowadzeniem rekrutacji b\u0105d\u017a te\u017c firmy."}]}},"fimg_url":"https:\/\/szukampracy.pl\/blog\/wp-content\/uploads\/2019\/12\/industry-1149888_1280.jpg","amp_enabled":true,"_links":{"self":[{"href":"https:\/\/szukampracy.pl\/blog\/wp-json\/wp\/v2\/posts\/2282"}],"collection":[{"href":"https:\/\/szukampracy.pl\/blog\/wp-json\/wp\/v2\/posts"}],"about":[{"href":"https:\/\/szukampracy.pl\/blog\/wp-json\/wp\/v2\/types\/post"}],"author":[{"embeddable":true,"href":"https:\/\/szukampracy.pl\/blog\/wp-json\/wp\/v2\/users\/1"}],"replies":[{"embeddable":true,"href":"https:\/\/szukampracy.pl\/blog\/wp-json\/wp\/v2\/comments?post=2282"}],"version-history":[{"count":0,"href":"https:\/\/szukampracy.pl\/blog\/wp-json\/wp\/v2\/posts\/2282\/revisions"}],"wp:featuredmedia":[{"embeddable":true,"href":"https:\/\/szukampracy.pl\/blog\/wp-json\/wp\/v2\/media\/2283"}],"wp:attachment":[{"href":"https:\/\/szukampracy.pl\/blog\/wp-json\/wp\/v2\/media?parent=2282"}],"wp:term":[{"taxonomy":"category","embeddable":true,"href":"https:\/\/szukampracy.pl\/blog\/wp-json\/wp\/v2\/categories?post=2282"},{"taxonomy":"post_tag","embeddable":true,"href":"https:\/\/szukampracy.pl\/blog\/wp-json\/wp\/v2\/tags?post=2282"}],"curies":[{"name":"wp","href":"https:\/\/api.w.org\/{rel}","templated":true}]}}