{"id":1417,"date":"2018-08-07T07:42:50","date_gmt":"2018-08-07T07:42:50","guid":{"rendered":"https:\/\/szukampracy.pl\/blog\/?p=1417"},"modified":"2018-09-19T19:34:17","modified_gmt":"2018-09-19T19:34:17","slug":"brakuje-chetnych-do-pracy-w-urzedach","status":"publish","type":"post","link":"https:\/\/szukampracy.pl\/blog\/brakuje-chetnych-do-pracy-w-urzedach\/","title":{"rendered":"Brakuje ch\u0119tnych do pracy w urz\u0119dach"},"content":{"rendered":"<p>Chc\u0105c podj\u0105\u0107 prac\u0119 w administracji rz\u0105dowej, nawet na najni\u017cszym stanowisku, trzeba posiada\u0107 do\u015bwiadczenie zawodowe. Takie s\u0105 wymagania. To niestety uniemo\u017cliwia prac\u0119 wielu absolwentom wy\u017cszych uczelni.<\/p>\n<p>&nbsp;<\/p>\n<p><strong>Liczy si\u0119 nie tylko wykszta\u0142cenie, ale i do\u015bwiadczenie<\/strong><\/p>\n<p>W Internecie mo\u017cna trafi\u0107 na niejedno og\u0142oszenie pracy, gdzie warunkiem jej otrzymania s\u0105 nie tylko studia wy\u017csze, ale r\u00f3wnie\u017c do\u015bwiadczenie w administracji. Mo\u017ce to by\u0107 p\u00f3\u0142 roku, czasem pracodawca oczekuje tylko trzech miesi\u0119cy. Przez to wielu m\u0142odych i w pe\u0142ni zaanga\u017cowanych ludzi nie ma najmniejszych szans nawet na z\u0142o\u017cenie czy przyj\u0119cie CV. Eksperci podkre\u015blaj\u0105, \u017ce chc\u0105c zmniejszy\u0107 bezrobocie w\u015br\u00f3d os\u00f3b w wieku do 25 lat, to przede wszystkim administracja powinna otworzy\u0107 si\u0119 na absolwent\u00f3w szk\u00f3\u0142 wy\u017cszych i umo\u017cliwi\u0107 im rozpocz\u0119cie pracy. Warto by\u0142oby wym\u00f3g posiadania kilkumiesi\u0119cznego do\u015bwiadczenia zamieni\u0107 na znajomo\u015b\u0107 j\u0119zyk\u00f3w obcych czy bieg\u0142\u0105 obs\u0142ug\u0119 okre\u015blonych program\u00f3w komputerowych.<\/p>\n<p>&nbsp;<\/p>\n<p><strong>Co w rzeczywisto\u015bci uniemo\u017cliwia m\u0142odym osobom prac\u0119 w administracji?<\/strong><\/p>\n<p>Z jednej strony na pewno wp\u0142yw na niemo\u017cliwo\u015b\u0107 podj\u0119cia zatrudnienia w administracji, bior\u0105c pod uwag\u0119 m\u0142ode osoby po studiach, ma brak do\u015bwiadczenia. Jednak trzeba te\u017c podkre\u015bli\u0107, \u017ce zatrudniaj\u0105cy poszukuj\u0105cy ludzi do pracy, tych spe\u0142niaj\u0105cych warunki, zwyczajnie w \u015bwiecie nie potrafi\u0105 zach\u0119ci\u0107. Pensja na poziomie 2,4 \u2013 3 tys. brutto nie jest zbyt satysfakcjonuj\u0105ca. Natomiast niekt\u00f3re firmy wiedz\u0105 jak przyci\u0105gn\u0105\u0107 uwag\u0119 m\u0142odych, do\u015bwiadczonych i zarazem wykwalifikowanych kandydat\u00f3w. Poza nisk\u0105 pensj\u0105 oferuj\u0105 te\u017c inne korzy\u015bci \u2013 ruchomy czas pracy, mo\u017cliwo\u015b\u0107 skorzystania z grupowego ubezpieczenia na \u017cycie i zdrowie oraz opieki medycznej, dofinansowanie do wypoczynku, kina, teatru i zaj\u0119\u0107 sportowych czy nawet pok\u00f3j Rodzica z Dzieckiem. Niekt\u00f3rzy wiedz\u0105 jak przyci\u0105gn\u0105\u0107 uwag\u0119 potencjalnych kandydat\u00f3w, ale wielu wci\u0105\u017c ma z tym problem. To jednak nie zmniejsza poziomu bezrobocia w\u015br\u00f3d os\u00f3b, kt\u00f3re s\u0105 tylko po studiach, maj\u0105 wiedz\u0119 i znaj\u0105 j\u0119zyki obce, a nie posiadaj\u0105 do\u015bwiadczenia.<\/p>\n","protected":false},"excerpt":{"rendered":"<p>Chc\u0105c podj\u0105\u0107 prac\u0119 w administracji rz\u0105dowej, nawet na najni\u017cszym stanowisku, trzeba posiada\u0107 do\u015bwiadczenie zawodowe. Takie s\u0105 wymagania. To niestety uniemo\u017cliwia<\/p>\n","protected":false},"author":1,"featured_media":1418,"comment_status":"open","ping_status":"open","sticky":false,"template":"","format":"standard","meta":{"footnotes":""},"categories":[1],"tags":[],"yoast_head":"<!-- This site is optimized with the Yoast SEO plugin v16.7 - https:\/\/yoast.com\/wordpress\/plugins\/seo\/ -->\n<title>Brakuje ch\u0119tnych do pracy w urz\u0119dach - Artyku\u0142y dla Szukaj\u0105cych pracy<\/title>\n<meta name=\"description\" content=\"Niepokoj\u0105ce doniesienia p\u0142yn\u0105 z urz\u0119d\u00f3w, brakuje r\u0105k do pracy. Czym spodowane s\u0105 braki personalne? Jakie wymagania stawiane s\u0105 kandydatom?\" \/>\n<meta name=\"robots\" content=\"index, follow, max-snippet:-1, max-image-preview:large, max-video-preview:-1\" \/>\n<link rel=\"canonical\" href=\"https:\/\/szukampracy.pl\/blog\/brakuje-chetnych-do-pracy-w-urzedach\/\" \/>\n<meta property=\"og:locale\" content=\"pl_PL\" \/>\n<meta property=\"og:type\" content=\"article\" \/>\n<meta property=\"og:title\" content=\"Brakuje ch\u0119tnych do pracy w urz\u0119dach - Artyku\u0142y dla Szukaj\u0105cych pracy\" \/>\n<meta property=\"og:description\" content=\"Niepokoj\u0105ce doniesienia p\u0142yn\u0105 z urz\u0119d\u00f3w, brakuje r\u0105k do pracy. Czym spodowane s\u0105 braki personalne? Jakie wymagania stawiane s\u0105 kandydatom?\" \/>\n<meta property=\"og:url\" content=\"https:\/\/szukampracy.pl\/blog\/brakuje-chetnych-do-pracy-w-urzedach\/\" \/>\n<meta property=\"og:site_name\" content=\"Blog Szukampracy.pl - Artyku\u0142y o rynku pracy i HR dla pracodawcy\" \/>\n<meta property=\"article:publisher\" content=\"https:\/\/www.facebook.com\/portalszukampracy\/\" \/>\n<meta property=\"article:published_time\" content=\"2018-08-07T07:42:50+00:00\" \/>\n<meta property=\"article:modified_time\" content=\"2018-09-19T19:34:17+00:00\" \/>\n<meta property=\"og:image\" content=\"https:\/\/szukampracy.pl\/blog\/wp-content\/uploads\/2018\/08\/laptop-3196481_1280.jpg\" \/>\n\t<meta property=\"og:image:width\" content=\"1024\" \/>\n\t<meta property=\"og:image:height\" content=\"682\" \/>\n<meta name=\"twitter:card\" content=\"summary\" \/>\n<meta name=\"twitter:creator\" content=\"@SzukamPracyPl\" \/>\n<meta name=\"twitter:site\" content=\"@SzukamPracyPl\" \/>\n<meta name=\"twitter:label1\" content=\"Written by\" \/>\n\t<meta name=\"twitter:data1\" content=\"Szukampracy.pl Ekspert\" \/>\n\t<meta name=\"twitter:label2\" content=\"Est. reading time\" \/>\n\t<meta name=\"twitter:data2\" content=\"2 minuty\" \/>\n<script type=\"application\/ld+json\" class=\"yoast-schema-graph\">{\"@context\":\"https:\/\/schema.org\",\"@graph\":[{\"@type\":\"Organization\",\"@id\":\"https:\/\/szukampracy.pl\/blog\/#organization\",\"name\":\"Szukampracy.pl\",\"url\":\"https:\/\/szukampracy.pl\/blog\/\",\"sameAs\":[\"https:\/\/www.facebook.com\/portalszukampracy\/\",\"https:\/\/www.linkedin.com\/company\/szukampracy-pl\",\"https:\/\/www.youtube.com\/channel\/UCmY56pXKURtawvJjwIvU2YQ\",\"https:\/\/twitter.com\/SzukamPracyPl\"],\"logo\":{\"@type\":\"ImageObject\",\"@id\":\"https:\/\/szukampracy.pl\/blog\/#logo\",\"inLanguage\":\"pl-PL\",\"url\":\"https:\/\/szukampracy.pl\/blog\/wp-content\/uploads\/2017\/08\/logo-1.png\",\"contentUrl\":\"https:\/\/szukampracy.pl\/blog\/wp-content\/uploads\/2017\/08\/logo-1.png\",\"width\":240,\"height\":33,\"caption\":\"Szukampracy.pl\"},\"image\":{\"@id\":\"https:\/\/szukampracy.pl\/blog\/#logo\"}},{\"@type\":\"WebSite\",\"@id\":\"https:\/\/szukampracy.pl\/blog\/#website\",\"url\":\"https:\/\/szukampracy.pl\/blog\/\",\"name\":\"Blog Szukampracy.pl - Artyku\\u0142y o rynku pracy i HR dla pracodawcy\",\"description\":\"Nasz blog powsta\\u0142 z my\\u015bl\\u0105 o Pracodawcach, Pracownikach i Kandydatach b\\u0119d\\u0105cych na etapie zapoznawania si\\u0119 z og\\u0142oszeniami o prac\\u0119. Mo\\u017cna u nas znale\\u017a\\u0107 artyku\\u0142y o rynku pracy, z dziedziny HR, zarz\\u0105dzania, ofert pracy za granic\\u0105 oraz inne ciekawostki. Nie wahaj si\\u0119 nas odwiedzi\\u0107\",\"publisher\":{\"@id\":\"https:\/\/szukampracy.pl\/blog\/#organization\"},\"potentialAction\":[{\"@type\":\"SearchAction\",\"target\":{\"@type\":\"EntryPoint\",\"urlTemplate\":\"https:\/\/szukampracy.pl\/blog\/?s={search_term_string}\"},\"query-input\":\"required name=search_term_string\"}],\"inLanguage\":\"pl-PL\"},{\"@type\":\"ImageObject\",\"@id\":\"https:\/\/szukampracy.pl\/blog\/brakuje-chetnych-do-pracy-w-urzedach\/#primaryimage\",\"inLanguage\":\"pl-PL\",\"url\":\"https:\/\/szukampracy.pl\/blog\/wp-content\/uploads\/2018\/08\/laptop-3196481_1280.jpg\",\"contentUrl\":\"https:\/\/szukampracy.pl\/blog\/wp-content\/uploads\/2018\/08\/laptop-3196481_1280.jpg\",\"width\":1024,\"height\":682},{\"@type\":\"WebPage\",\"@id\":\"https:\/\/szukampracy.pl\/blog\/brakuje-chetnych-do-pracy-w-urzedach\/#webpage\",\"url\":\"https:\/\/szukampracy.pl\/blog\/brakuje-chetnych-do-pracy-w-urzedach\/\",\"name\":\"Brakuje ch\\u0119tnych do pracy w urz\\u0119dach - Artyku\\u0142y dla Szukaj\\u0105cych pracy\",\"isPartOf\":{\"@id\":\"https:\/\/szukampracy.pl\/blog\/#website\"},\"primaryImageOfPage\":{\"@id\":\"https:\/\/szukampracy.pl\/blog\/brakuje-chetnych-do-pracy-w-urzedach\/#primaryimage\"},\"datePublished\":\"2018-08-07T07:42:50+00:00\",\"dateModified\":\"2018-09-19T19:34:17+00:00\",\"description\":\"Niepokoj\\u0105ce doniesienia p\\u0142yn\\u0105 z urz\\u0119d\\u00f3w, brakuje r\\u0105k do pracy. Czym spodowane s\\u0105 braki personalne? Jakie wymagania stawiane s\\u0105 kandydatom?\",\"breadcrumb\":{\"@id\":\"https:\/\/szukampracy.pl\/blog\/brakuje-chetnych-do-pracy-w-urzedach\/#breadcrumb\"},\"inLanguage\":\"pl-PL\",\"potentialAction\":[{\"@type\":\"ReadAction\",\"target\":[\"https:\/\/szukampracy.pl\/blog\/brakuje-chetnych-do-pracy-w-urzedach\/\"]}]},{\"@type\":\"BreadcrumbList\",\"@id\":\"https:\/\/szukampracy.pl\/blog\/brakuje-chetnych-do-pracy-w-urzedach\/#breadcrumb\",\"itemListElement\":[{\"@type\":\"ListItem\",\"position\":1,\"name\":\"Blog\",\"item\":\"https:\/\/szukampracy.pl\/blog\/\"},{\"@type\":\"ListItem\",\"position\":2,\"name\":\"Kariera i rozw\\u00f3j\",\"item\":\"https:\/\/szukampracy.pl\/blog\/kariera\/\"},{\"@type\":\"ListItem\",\"position\":3,\"name\":\"Brakuje ch\\u0119tnych do pracy w urz\\u0119dach\"}]},{\"@type\":\"Article\",\"@id\":\"https:\/\/szukampracy.pl\/blog\/brakuje-chetnych-do-pracy-w-urzedach\/#article\",\"isPartOf\":{\"@id\":\"https:\/\/szukampracy.pl\/blog\/brakuje-chetnych-do-pracy-w-urzedach\/#webpage\"},\"author\":{\"@id\":\"https:\/\/szukampracy.pl\/blog\/#\/schema\/person\/57cdc8fe01df0a785820416f51a31c7c\"},\"headline\":\"Brakuje ch\\u0119tnych do pracy w urz\\u0119dach\",\"datePublished\":\"2018-08-07T07:42:50+00:00\",\"dateModified\":\"2018-09-19T19:34:17+00:00\",\"mainEntityOfPage\":{\"@id\":\"https:\/\/szukampracy.pl\/blog\/brakuje-chetnych-do-pracy-w-urzedach\/#webpage\"},\"wordCount\":357,\"commentCount\":0,\"publisher\":{\"@id\":\"https:\/\/szukampracy.pl\/blog\/#organization\"},\"image\":{\"@id\":\"https:\/\/szukampracy.pl\/blog\/brakuje-chetnych-do-pracy-w-urzedach\/#primaryimage\"},\"thumbnailUrl\":\"https:\/\/szukampracy.pl\/blog\/wp-content\/uploads\/2018\/08\/laptop-3196481_1280.jpg\",\"articleSection\":[\"Kariera i rozw\\u00f3j\"],\"inLanguage\":\"pl-PL\",\"potentialAction\":[{\"@type\":\"CommentAction\",\"name\":\"Comment\",\"target\":[\"https:\/\/szukampracy.pl\/blog\/brakuje-chetnych-do-pracy-w-urzedach\/#respond\"]}]},{\"@type\":\"Person\",\"@id\":\"https:\/\/szukampracy.pl\/blog\/#\/schema\/person\/57cdc8fe01df0a785820416f51a31c7c\",\"name\":\"Szukampracy.pl Ekspert\",\"image\":{\"@type\":\"ImageObject\",\"@id\":\"https:\/\/szukampracy.pl\/blog\/#personlogo\",\"inLanguage\":\"pl-PL\",\"url\":\"https:\/\/secure.gravatar.com\/avatar\/2af4d91def5bf00243347eafbe25c6be?s=96&d=mm&r=g\",\"contentUrl\":\"https:\/\/secure.gravatar.com\/avatar\/2af4d91def5bf00243347eafbe25c6be?s=96&d=mm&r=g\",\"caption\":\"Szukampracy.pl Ekspert\"},\"description\":\"Ekspert w dziedzinie HR oraz rynku pracy z wieloletnim do\\u015bwiadczeniem. Praca w bran\\u017cy HR pozwoli\\u0142a na poznanie wielu ciekawych technik rekrutacyjnych. Na blogu udziela porad a tak\\u017ce opisuje procesy zwi\\u0105zane z prowadzeniem rekrutacji b\\u0105d\\u017a te\\u017c firmy.\"}]}<\/script>\n<!-- \/ Yoast SEO plugin. -->","yoast_head_json":{"title":"Brakuje ch\u0119tnych do pracy w urz\u0119dach - Artyku\u0142y dla Szukaj\u0105cych pracy","description":"Niepokoj\u0105ce doniesienia p\u0142yn\u0105 z urz\u0119d\u00f3w, brakuje r\u0105k do pracy. Czym spodowane s\u0105 braki personalne? Jakie wymagania stawiane s\u0105 kandydatom?","robots":{"index":"index","follow":"follow","max-snippet":"max-snippet:-1","max-image-preview":"max-image-preview:large","max-video-preview":"max-video-preview:-1"},"canonical":"https:\/\/szukampracy.pl\/blog\/brakuje-chetnych-do-pracy-w-urzedach\/","og_locale":"pl_PL","og_type":"article","og_title":"Brakuje ch\u0119tnych do pracy w urz\u0119dach - Artyku\u0142y dla Szukaj\u0105cych pracy","og_description":"Niepokoj\u0105ce doniesienia p\u0142yn\u0105 z urz\u0119d\u00f3w, brakuje r\u0105k do pracy. Czym spodowane s\u0105 braki personalne? Jakie wymagania stawiane s\u0105 kandydatom?","og_url":"https:\/\/szukampracy.pl\/blog\/brakuje-chetnych-do-pracy-w-urzedach\/","og_site_name":"Blog Szukampracy.pl - Artyku\u0142y o rynku pracy i HR dla pracodawcy","article_publisher":"https:\/\/www.facebook.com\/portalszukampracy\/","article_published_time":"2018-08-07T07:42:50+00:00","article_modified_time":"2018-09-19T19:34:17+00:00","og_image":[{"width":1024,"height":682,"url":"https:\/\/szukampracy.pl\/blog\/wp-content\/uploads\/2018\/08\/laptop-3196481_1280.jpg","path":"\/home\/szukamprac\/domains\/szukampracy.pl\/public_html\/blog\/wp-content\/uploads\/2018\/08\/laptop-3196481_1280.jpg","size":"full","id":1418,"alt":"","pixels":698368,"type":"image\/jpeg"}],"twitter_card":"summary","twitter_creator":"@SzukamPracyPl","twitter_site":"@SzukamPracyPl","twitter_misc":{"Written by":"Szukampracy.pl Ekspert","Est. reading time":"2 minuty"},"schema":{"@context":"https:\/\/schema.org","@graph":[{"@type":"Organization","@id":"https:\/\/szukampracy.pl\/blog\/#organization","name":"Szukampracy.pl","url":"https:\/\/szukampracy.pl\/blog\/","sameAs":["https:\/\/www.facebook.com\/portalszukampracy\/","https:\/\/www.linkedin.com\/company\/szukampracy-pl","https:\/\/www.youtube.com\/channel\/UCmY56pXKURtawvJjwIvU2YQ","https:\/\/twitter.com\/SzukamPracyPl"],"logo":{"@type":"ImageObject","@id":"https:\/\/szukampracy.pl\/blog\/#logo","inLanguage":"pl-PL","url":"https:\/\/szukampracy.pl\/blog\/wp-content\/uploads\/2017\/08\/logo-1.png","contentUrl":"https:\/\/szukampracy.pl\/blog\/wp-content\/uploads\/2017\/08\/logo-1.png","width":240,"height":33,"caption":"Szukampracy.pl"},"image":{"@id":"https:\/\/szukampracy.pl\/blog\/#logo"}},{"@type":"WebSite","@id":"https:\/\/szukampracy.pl\/blog\/#website","url":"https:\/\/szukampracy.pl\/blog\/","name":"Blog Szukampracy.pl - Artyku\u0142y o rynku pracy i HR dla pracodawcy","description":"Nasz blog powsta\u0142 z my\u015bl\u0105 o Pracodawcach, Pracownikach i Kandydatach b\u0119d\u0105cych na etapie zapoznawania si\u0119 z og\u0142oszeniami o prac\u0119. Mo\u017cna u nas znale\u017a\u0107 artyku\u0142y o rynku pracy, z dziedziny HR, zarz\u0105dzania, ofert pracy za granic\u0105 oraz inne ciekawostki. Nie wahaj si\u0119 nas odwiedzi\u0107","publisher":{"@id":"https:\/\/szukampracy.pl\/blog\/#organization"},"potentialAction":[{"@type":"SearchAction","target":{"@type":"EntryPoint","urlTemplate":"https:\/\/szukampracy.pl\/blog\/?s={search_term_string}"},"query-input":"required name=search_term_string"}],"inLanguage":"pl-PL"},{"@type":"ImageObject","@id":"https:\/\/szukampracy.pl\/blog\/brakuje-chetnych-do-pracy-w-urzedach\/#primaryimage","inLanguage":"pl-PL","url":"https:\/\/szukampracy.pl\/blog\/wp-content\/uploads\/2018\/08\/laptop-3196481_1280.jpg","contentUrl":"https:\/\/szukampracy.pl\/blog\/wp-content\/uploads\/2018\/08\/laptop-3196481_1280.jpg","width":1024,"height":682},{"@type":"WebPage","@id":"https:\/\/szukampracy.pl\/blog\/brakuje-chetnych-do-pracy-w-urzedach\/#webpage","url":"https:\/\/szukampracy.pl\/blog\/brakuje-chetnych-do-pracy-w-urzedach\/","name":"Brakuje ch\u0119tnych do pracy w urz\u0119dach - Artyku\u0142y dla Szukaj\u0105cych pracy","isPartOf":{"@id":"https:\/\/szukampracy.pl\/blog\/#website"},"primaryImageOfPage":{"@id":"https:\/\/szukampracy.pl\/blog\/brakuje-chetnych-do-pracy-w-urzedach\/#primaryimage"},"datePublished":"2018-08-07T07:42:50+00:00","dateModified":"2018-09-19T19:34:17+00:00","description":"Niepokoj\u0105ce doniesienia p\u0142yn\u0105 z urz\u0119d\u00f3w, brakuje r\u0105k do pracy. Czym spodowane s\u0105 braki personalne? Jakie wymagania stawiane s\u0105 kandydatom?","breadcrumb":{"@id":"https:\/\/szukampracy.pl\/blog\/brakuje-chetnych-do-pracy-w-urzedach\/#breadcrumb"},"inLanguage":"pl-PL","potentialAction":[{"@type":"ReadAction","target":["https:\/\/szukampracy.pl\/blog\/brakuje-chetnych-do-pracy-w-urzedach\/"]}]},{"@type":"BreadcrumbList","@id":"https:\/\/szukampracy.pl\/blog\/brakuje-chetnych-do-pracy-w-urzedach\/#breadcrumb","itemListElement":[{"@type":"ListItem","position":1,"name":"Blog","item":"https:\/\/szukampracy.pl\/blog\/"},{"@type":"ListItem","position":2,"name":"Kariera i rozw\u00f3j","item":"https:\/\/szukampracy.pl\/blog\/kariera\/"},{"@type":"ListItem","position":3,"name":"Brakuje ch\u0119tnych do pracy w urz\u0119dach"}]},{"@type":"Article","@id":"https:\/\/szukampracy.pl\/blog\/brakuje-chetnych-do-pracy-w-urzedach\/#article","isPartOf":{"@id":"https:\/\/szukampracy.pl\/blog\/brakuje-chetnych-do-pracy-w-urzedach\/#webpage"},"author":{"@id":"https:\/\/szukampracy.pl\/blog\/#\/schema\/person\/57cdc8fe01df0a785820416f51a31c7c"},"headline":"Brakuje ch\u0119tnych do pracy w urz\u0119dach","datePublished":"2018-08-07T07:42:50+00:00","dateModified":"2018-09-19T19:34:17+00:00","mainEntityOfPage":{"@id":"https:\/\/szukampracy.pl\/blog\/brakuje-chetnych-do-pracy-w-urzedach\/#webpage"},"wordCount":357,"commentCount":0,"publisher":{"@id":"https:\/\/szukampracy.pl\/blog\/#organization"},"image":{"@id":"https:\/\/szukampracy.pl\/blog\/brakuje-chetnych-do-pracy-w-urzedach\/#primaryimage"},"thumbnailUrl":"https:\/\/szukampracy.pl\/blog\/wp-content\/uploads\/2018\/08\/laptop-3196481_1280.jpg","articleSection":["Kariera i rozw\u00f3j"],"inLanguage":"pl-PL","potentialAction":[{"@type":"CommentAction","name":"Comment","target":["https:\/\/szukampracy.pl\/blog\/brakuje-chetnych-do-pracy-w-urzedach\/#respond"]}]},{"@type":"Person","@id":"https:\/\/szukampracy.pl\/blog\/#\/schema\/person\/57cdc8fe01df0a785820416f51a31c7c","name":"Szukampracy.pl Ekspert","image":{"@type":"ImageObject","@id":"https:\/\/szukampracy.pl\/blog\/#personlogo","inLanguage":"pl-PL","url":"https:\/\/secure.gravatar.com\/avatar\/2af4d91def5bf00243347eafbe25c6be?s=96&d=mm&r=g","contentUrl":"https:\/\/secure.gravatar.com\/avatar\/2af4d91def5bf00243347eafbe25c6be?s=96&d=mm&r=g","caption":"Szukampracy.pl Ekspert"},"description":"Ekspert w dziedzinie HR oraz rynku pracy z wieloletnim do\u015bwiadczeniem. Praca w bran\u017cy HR pozwoli\u0142a na poznanie wielu ciekawych technik rekrutacyjnych. Na blogu udziela porad a tak\u017ce opisuje procesy zwi\u0105zane z prowadzeniem rekrutacji b\u0105d\u017a te\u017c firmy."}]}},"fimg_url":"https:\/\/szukampracy.pl\/blog\/wp-content\/uploads\/2018\/08\/laptop-3196481_1280.jpg","amp_enabled":true,"_links":{"self":[{"href":"https:\/\/szukampracy.pl\/blog\/wp-json\/wp\/v2\/posts\/1417"}],"collection":[{"href":"https:\/\/szukampracy.pl\/blog\/wp-json\/wp\/v2\/posts"}],"about":[{"href":"https:\/\/szukampracy.pl\/blog\/wp-json\/wp\/v2\/types\/post"}],"author":[{"embeddable":true,"href":"https:\/\/szukampracy.pl\/blog\/wp-json\/wp\/v2\/users\/1"}],"replies":[{"embeddable":true,"href":"https:\/\/szukampracy.pl\/blog\/wp-json\/wp\/v2\/comments?post=1417"}],"version-history":[{"count":0,"href":"https:\/\/szukampracy.pl\/blog\/wp-json\/wp\/v2\/posts\/1417\/revisions"}],"wp:featuredmedia":[{"embeddable":true,"href":"https:\/\/szukampracy.pl\/blog\/wp-json\/wp\/v2\/media\/1418"}],"wp:attachment":[{"href":"https:\/\/szukampracy.pl\/blog\/wp-json\/wp\/v2\/media?parent=1417"}],"wp:term":[{"taxonomy":"category","embeddable":true,"href":"https:\/\/szukampracy.pl\/blog\/wp-json\/wp\/v2\/categories?post=1417"},{"taxonomy":"post_tag","embeddable":true,"href":"https:\/\/szukampracy.pl\/blog\/wp-json\/wp\/v2\/tags?post=1417"}],"curies":[{"name":"wp","href":"https:\/\/api.w.org\/{rel}","templated":true}]}}